{"id":858,"date":"2014-12-11T02:29:45","date_gmt":"2014-12-11T02:29:45","guid":{"rendered":"https:\/\/olvidosdegranada.es\/?p=858"},"modified":"2020-12-17T11:36:41","modified_gmt":"2020-12-17T11:36:41","slug":"epilogo","status":"publish","type":"post","link":"https:\/\/olvidosdegranada.es\/index.php\/2014\/12\/11\/epilogo\/","title":{"rendered":"Ep\u00edlogo"},"content":{"rendered":"\n<h3 class=\"wp-block-heading\">Disidencia, resistencia y exilio<\/h3>\n\n\n\n<figure class=\"wp-block-pullquote\"><blockquote><p>El texto se presenta in extrema res<em>. <\/em>Le preceden 280 p\u00e1ginas. Este ep\u00edlogo forma parte de un libro in\u00e9dito que busca ser publicado. El autor se reserva el t\u00edtulo, as\u00ed como su contenido. De esta forma, se pretende crear la intriga que llame a su lectura o a su publicaci\u00f3n por alguna editorial. Si quiere saber m\u00e1s no dude en ponerse en contacto a trav\u00e9s del email: danieljgl@gmail.com<\/p><\/blockquote><\/figure>\n\n\n\n<blockquote class=\"wp-block-quote is-layout-flow wp-block-quote-is-layout-flow\"><p>\u00abNac\u00ed dos veces: fui ni\u00f1a primero, en un incre\u00edble d\u00eda sin niebla t\u00f3xica en Detroit, en enero de 1960; y chico despu\u00e9s, en una sala de urgencias cerca de Petoskey, Michigan, en agosto de 1974\u00bb.<\/p><cite>Jeffrey Eugenides, <em>Middlesex<\/em> (2002)<\/cite><\/blockquote>\n\n\n\n<h3 class=\"wp-block-heading\">1. Disidencia<\/h3>\n\n\n\n<p>\u00abAcci\u00f3n y efecto de disidir\u00bb<\/p>\n\n\n\n<p><em>Di-sedeo<\/em>. Duplicidad que evoca una potencial contrariedad, separaci\u00f3n en dos de una pertenencia, \u00absepararse de la com\u00fan doctrina, creencia o conducta\u00bb<span class=\"footnote_referrer\"><a role=\"button\" tabindex=\"0\" onclick=\"footnote_moveToReference_858_1('footnote_plugin_reference_858_1_1');\" onkeypress=\"footnote_moveToReference_858_1('footnote_plugin_reference_858_1_1');\" ><sup id=\"footnote_plugin_tooltip_858_1_1\" class=\"footnote_plugin_tooltip_text\">[1]<\/sup><\/a><span id=\"footnote_plugin_tooltip_text_858_1_1\" class=\"footnote_tooltip\"><\/span><\/span>, com\u00fan que ha sido siempre un propio, una propiedad, una propiedad parad\u00f3jicamente ajena a lo com\u00fan, ajena al margen, que tambi\u00e9n es com\u00fan, ajena a los suburbios de la raz\u00f3n. Y aqu\u00ed, en los suburbios, la mirada del poeta, del ni\u00f1o, es captada por la c\u00e1mara del otro poeta, el hombre de la triple P.: Pier Paolo Pasolini.<\/p>\n\n\n\n<p>Entre su extensa obra hay un texto, aunque no es el \u00fanico, en el que se mezclan las diversas artes que cultiv\u00f3: narrativa, ensayo, poes\u00eda y cine. <em>Teorema<\/em>, libro y pel\u00edcula realizados al mismo tiempo. A\u00f1o 1968. Quiz\u00e1s sea su obra narrativa m\u00e1s acabada.<\/p>\n\n\n\n<p>Una familia peque\u00f1oburguesa milanesa<span class=\"footnote_referrer\"><a role=\"button\" tabindex=\"0\" onclick=\"footnote_moveToReference_858_1('footnote_plugin_reference_858_1_2');\" onkeypress=\"footnote_moveToReference_858_1('footnote_plugin_reference_858_1_2');\" ><sup id=\"footnote_plugin_tooltip_858_1_2\" class=\"footnote_plugin_tooltip_text\">[2]<\/sup><\/a><span id=\"footnote_plugin_tooltip_text_858_1_2\" class=\"footnote_tooltip\"><\/span><\/span>: el padre de familia (propietario de una f\u00e1brica), la madre (dedicada a la nada), la hija (consagrada al culto familiar) y el hijo (encaminado a los estudios). Junto con la sirvienta y el alegre cartero, el escenario est\u00e1 dise\u00f1ado. De repente, un telegrama: \u00abllego ma\u00f1ana\u00bb. Nada m\u00e1s. Una contundente frase, dos palabras. Y lleg\u00f3.<\/p>\n\n\n\n<p>El nuevo personaje radia una extraordinaria belleza, \u00abtan excepcional que hace casi escandaloso el contraste con todos los presentes\u00bb<span class=\"footnote_referrer\"><a role=\"button\" tabindex=\"0\" onclick=\"footnote_moveToReference_858_1('footnote_plugin_reference_858_1_3');\" onkeypress=\"footnote_moveToReference_858_1('footnote_plugin_reference_858_1_3');\" ><sup id=\"footnote_plugin_tooltip_858_1_3\" class=\"footnote_plugin_tooltip_text\">[3]<\/sup><\/a><span id=\"footnote_plugin_tooltip_text_858_1_3\" class=\"footnote_tooltip\"><\/span><\/span>. Nada se sabe de este ser andr\u00f3gino lector de Rimbaud. Pero su potencia es tal que desde su mera pasividad, desde su mero estar-ah\u00ed, consigue destruir a la familia peque\u00f1oburguesa a trav\u00e9s del erotismo. Todos, absolutamente todos, el padre, la madre, el hijo, la hija y la sirvienta acaban perdidamente enamorados de este ser hasta el punto de terminar con sus vidas de burgueses y de sirvienta.<\/p>\n\n\n\n<p>\u00abTodos los miembros de la familia han sido igualados por su amor secreto, por su pertenencia al hu\u00e9sped: ya no existe diferencia entre uno y otro\u00bb<span class=\"footnote_referrer\"><a role=\"button\" tabindex=\"0\" onclick=\"footnote_moveToReference_858_1('footnote_plugin_reference_858_1_4');\" onkeypress=\"footnote_moveToReference_858_1('footnote_plugin_reference_858_1_4');\" ><sup id=\"footnote_plugin_tooltip_858_1_4\" class=\"footnote_plugin_tooltip_text\">[4]<\/sup><\/a><span id=\"footnote_plugin_tooltip_text_858_1_4\" class=\"footnote_tooltip\"><\/span><\/span>.<\/p>\n\n\n\n<p>Y el hu\u00e9sped anuncia su partida. Abandonan su vida, se abandonan. El padre cede su f\u00e1brica a los trabajadores; el hijo deja los estudios de un ciudadano de bien para dedicarse a la pintura (y esbozar los trazos de la esfinge andr\u00f3gina); la hija enloquece; la sirvienta acaba haci\u00e9ndose santa en su pueblo de origen. Pero es la madre, que sustituye la vida casta de la monogamia por el sexo desenfrenado con j\u00f3venes desconocidos, la que mejor presenta la aniquilaci\u00f3n familiar:<\/p>\n\n\n\n<p>\u00abT\u00fa has colmado de un inter\u00e9s puro, \/ has enardecido una vida privada de todo inter\u00e9s. \/ Y has liberado de su oscura mara\u00f1a \/ todas las ideas erradas de que vive una se\u00f1ora \/ burguesa: \/ las horrendas convenciones, los horrendos \/ humorismos, \/ los horrendos principios, los horrendos deberes, \/ las horrendas gracias, la horrenda democracia, \/ el horrendo \/ anticomunismo, el horrendo fascismo, \/ la horrenda objetividad, la horrenda sonrisa [\u2026] lo que en m\u00ed ha destruido tu amor \/ no es otra cosa que mi reputaci\u00f3n de burguesa \/ casta\u2026 \/ Y sin embargo, mientras me acaricias, \/ comprensivo y despiadado, \/ me pregunto: \u00bfhacia d\u00f3nde quiere \/ arrastrarme?\u00bb<span class=\"footnote_referrer\"><a role=\"button\" tabindex=\"0\" onclick=\"footnote_moveToReference_858_1('footnote_plugin_reference_858_1_5');\" onkeypress=\"footnote_moveToReference_858_1('footnote_plugin_reference_858_1_5');\" ><sup id=\"footnote_plugin_tooltip_858_1_5\" class=\"footnote_plugin_tooltip_text\">[5]<\/sup><\/a><span id=\"footnote_plugin_tooltip_text_858_1_5\" class=\"footnote_tooltip\"><\/span><\/span>.<\/p>\n\n\n\n<p>Quiz\u00e1s el mundo que trastoca el personaje de <em>Teorema<\/em> sea un mundo irreal, como aquel de la <em>Trilog\u00eda de la vida <\/em>(<em>Decamer\u00f3n, Los cuentos de Canterbury <\/em>y <em>Las mil y una noches<\/em>); la inocencia del pueblo, que el mismo Pasolini acab\u00f3 abjurando<span class=\"footnote_referrer\"><a role=\"button\" tabindex=\"0\" onclick=\"footnote_moveToReference_858_1('footnote_plugin_reference_858_1_6');\" onkeypress=\"footnote_moveToReference_858_1('footnote_plugin_reference_858_1_6');\" ><sup id=\"footnote_plugin_tooltip_858_1_6\" class=\"footnote_plugin_tooltip_text\">[6]<\/sup><\/a><span id=\"footnote_plugin_tooltip_text_858_1_6\" class=\"footnote_tooltip\"><\/span><\/span>. El mundo verdadero, la cruel realidad, es el de <em>Sal\u00f2<\/em><span class=\"footnote_referrer\"><a role=\"button\" tabindex=\"0\" onclick=\"footnote_moveToReference_858_1('footnote_plugin_reference_858_1_7');\" onkeypress=\"footnote_moveToReference_858_1('footnote_plugin_reference_858_1_7');\" ><sup id=\"footnote_plugin_tooltip_858_1_7\" class=\"footnote_plugin_tooltip_text\">[7]<\/sup><\/a><span id=\"footnote_plugin_tooltip_text_858_1_7\" class=\"footnote_tooltip\"><\/span><\/span>: el mundo del consumo. La verdad del y en el consumo, en la violencia del detritus: \u00abante m\u00ed \u2013implacable, sin alternativas\u2013 el presente. Y readapto mi compromiso para una mayor inteligibilidad (\u00bf<em>Sal\u00f2<\/em>?)\u00bb<span class=\"footnote_referrer\"><a role=\"button\" tabindex=\"0\" onclick=\"footnote_moveToReference_858_1('footnote_plugin_reference_858_1_8');\" onkeypress=\"footnote_moveToReference_858_1('footnote_plugin_reference_858_1_8');\" ><sup id=\"footnote_plugin_tooltip_858_1_8\" class=\"footnote_plugin_tooltip_text\">[8]<\/sup><\/a><span id=\"footnote_plugin_tooltip_text_858_1_8\" class=\"footnote_tooltip\"><\/span><\/span>.<\/p>\n\n\n\n<p>Volvamos a la lecci\u00f3n del poeta. \u00c9l fue capaz de observar la <em>mutaci\u00f3n antropol\u00f3gica<\/em> y la necesidad de la estrategia corsaria ante un poder que ha decidido que todos somos iguales<span class=\"footnote_referrer\"><a role=\"button\" tabindex=\"0\" onclick=\"footnote_moveToReference_858_1('footnote_plugin_reference_858_1_9');\" onkeypress=\"footnote_moveToReference_858_1('footnote_plugin_reference_858_1_9');\" ><sup id=\"footnote_plugin_tooltip_858_1_9\" class=\"footnote_plugin_tooltip_text\">[9]<\/sup><\/a><span id=\"footnote_plugin_tooltip_text_858_1_9\" class=\"footnote_tooltip\"><\/span><\/span>.Un nuevo compromiso, una nueva resistencia frente al biocapitalismo epid\u00e9mico, por actualizar los t\u00e9rminos en los que escrib\u00eda Pasolini (<em>aburguesamiento<\/em>, <em>fascismo consumista<\/em>), para situarnos precisamente en aquella forma-de-vida cotidiana, en una forma-de-vida corsaria con todo lo que ello pueda implicar.<\/p>\n\n\n\n<figure class=\"wp-block-embed is-type-video is-provider-youtube wp-block-embed-youtube wp-embed-aspect-4-3 wp-has-aspect-ratio\"><div class=\"wp-block-embed__wrapper\">\n<iframe loading=\"lazy\" title=\"Pasolini - Teorema (1968).flv\" width=\"1200\" height=\"900\" src=\"https:\/\/www.youtube.com\/embed\/0mgn3BO7ec8?feature=oembed\" frameborder=\"0\" allow=\"accelerometer; autoplay; clipboard-write; encrypted-media; gyroscope; picture-in-picture\" allowfullscreen><\/iframe>\n<\/div><\/figure>\n\n\n\n<h3 class=\"wp-block-heading\">2. Resistencia<\/h3>\n\n\n\n<p>\u00abAcci\u00f3n y efecto de resistir o resistirse\u00bb<\/p>\n\n\n\n<p>Irina se seccion\u00f3 la lengua con sus propios dientes. Ya no puede decir nada. Ya no posee aquel instrumento que permite expresarse de acuerdo a un c\u00f3digo ling\u00fc\u00edstico, de acuerdo a unas normas establecidas y asumidas por quienes se encuentran m\u00e1s cerca de ella: su propia madre y la se\u00f1ora Garbo.<\/p>\n\n\n\n<p>Esta es la escena, casi final, que da t\u00edtulo a la obra de teatro <em>El homosexual o la dificultad de expresarse<\/em>, de Copi<span class=\"footnote_referrer\"><a role=\"button\" tabindex=\"0\" onclick=\"footnote_moveToReference_858_1('footnote_plugin_reference_858_1_10');\" onkeypress=\"footnote_moveToReference_858_1('footnote_plugin_reference_858_1_10');\" ><sup id=\"footnote_plugin_tooltip_858_1_10\" class=\"footnote_plugin_tooltip_text\">[10]<\/sup><\/a><span id=\"footnote_plugin_tooltip_text_858_1_10\" class=\"footnote_tooltip\"><\/span><\/span>. Autor de origen argentino y afincado en el Par\u00eds de los a\u00f1os 60 y 70, sus personajes portan una identidad trazada a retales fr\u00e1giles y precarios, a retazos invertebrados e inestables. En <em>el mundo de las locas<\/em> la supervivencia es un acto cotidiano de resistencia de aquellos que no encajan en el marco productivo y que, por ello mismo, son arrojados a las escaleras del Sagrado Coraz\u00f3n en la colina del Montmartre, all\u00ed donde cohabitan maricas, travestis, extranjeros, yonkis, camellos, putas, clientes, chulos, transexuales, enfermos, portadores del sida. Se trata de un espacio de paso, de tr\u00e1nsito: se llega all\u00ed pero no se va a ning\u00fan lugar. Incluso se llega desde las v\u00edsceras: \u00abnuestro hijo no tiene sexo, \/ es el hijo de la tierra, \/ la hija misma de la luz. \/ Te dejo, mi madre, a vos \/ que lo sostengas primero\u00bb.<span class=\"footnote_referrer\"><a role=\"button\" tabindex=\"0\" onclick=\"footnote_moveToReference_858_1('footnote_plugin_reference_858_1_11');\" onkeypress=\"footnote_moveToReference_858_1('footnote_plugin_reference_858_1_11');\" ><sup id=\"footnote_plugin_tooltip_858_1_11\" class=\"footnote_plugin_tooltip_text\">[11]<\/sup><\/a><span id=\"footnote_plugin_tooltip_text_858_1_11\" class=\"footnote_tooltip\"><\/span><\/span><\/p>\n\n\n\n<p>Es dif\u00edcil escapar a la norma que impone la heterosexualidad como r\u00e9gimen pol\u00edtico y el binarismo sexual como eje organizador de la sociedad. Por eso el final siempre es tr\u00e1gico, ya sea en unas escaleras o en los desiertos helados del Este europeo. Es precisamente ah\u00ed, en las estepas siberianas, donde son condenados al exilio un grupo de transexuales. Incluso en esta tierra hostil y acechados por lobos, los personajes de Copi logran resistir. \u00bfDe qui\u00e9n es el hijo que lleva en su vientre Irina? No importa. Es de todos, de ninguno, de cualquiera<span class=\"footnote_referrer\"><a role=\"button\" tabindex=\"0\" onclick=\"footnote_moveToReference_858_1('footnote_plugin_reference_858_1_12');\" onkeypress=\"footnote_moveToReference_858_1('footnote_plugin_reference_858_1_12');\" ><sup id=\"footnote_plugin_tooltip_858_1_12\" class=\"footnote_plugin_tooltip_text\">[12]<\/sup><\/a><span id=\"footnote_plugin_tooltip_text_858_1_12\" class=\"footnote_tooltip\"><\/span><\/span>. Las relaciones familiares se trastocan, escapan de la instituci\u00f3n jur\u00eddica. Irina y su madre pactan \u2013pues biol\u00f3gicamente es imposible\u2013 una relaci\u00f3n familiar (sin pasar por la instituci\u00f3n de la adopci\u00f3n) al mismo tiempo que llevan a cabo una relaci\u00f3n sexual. Se rompen las dicotom\u00edas, se subvierten los dispositivos disciplinarios. El cuerpo se hace texto en continua construcci\u00f3n y modificaci\u00f3n.<\/p>\n\n\n\n<p><em>Ya hab\u00eda empezado<\/em><span class=\"footnote_referrer\"><a role=\"button\" tabindex=\"0\" onclick=\"footnote_moveToReference_858_1('footnote_plugin_reference_858_1_13');\" onkeypress=\"footnote_moveToReference_858_1('footnote_plugin_reference_858_1_13');\" ><sup id=\"footnote_plugin_tooltip_858_1_13\" class=\"footnote_plugin_tooltip_text\">[13]<\/sup><\/a><span id=\"footnote_plugin_tooltip_text_858_1_13\" class=\"footnote_tooltip\"><\/span><\/span>, las palabras que utiliza Irina para justificar su cirug\u00eda de cambio de sexo, se asemejan a la potencia de la f\u00f3rmula <em>Preferir\u00eda no hacerlo<\/em> de Bartleby. Ambos rompen sin buscarlo con la supremac\u00eda de la voluntad sobre la potencia; una potencia que no aspira a ser acto, que no se agota en ese tr\u00e1nsito<span class=\"footnote_referrer\"><a role=\"button\" tabindex=\"0\" onclick=\"footnote_moveToReference_858_1('footnote_plugin_reference_858_1_14');\" onkeypress=\"footnote_moveToReference_858_1('footnote_plugin_reference_858_1_14');\" ><sup id=\"footnote_plugin_tooltip_858_1_14\" class=\"footnote_plugin_tooltip_text\">[14]<\/sup><\/a><span id=\"footnote_plugin_tooltip_text_858_1_14\" class=\"footnote_tooltip\"><\/span><\/span>. Una potencia, en cambio, como multitud capaz de retorcer y cuestionar la norma precisamente desde su ubicaci\u00f3n en la infancia. <em>Ya hab\u00eda empezado<\/em> se nos antoja una reflexi\u00f3n puramente infantil. Por eso solo puede arrancarse la lengua: no hay palabras, solo dolor. De esta forma, evita que el orden pueda ser restablecido. El silencio se convierte en un arma para resistir los envites de los dispositivos de normalizaci\u00f3n, que quedan as\u00ed al descubierto: conceptos como sexo, g\u00e9nero, masculinidad, feminidad, heterosexualidad, etc. no son m\u00e1s que ficciones producidas por la repetici\u00f3n reiterada de una serie de actos<span class=\"footnote_referrer\"><a role=\"button\" tabindex=\"0\" onclick=\"footnote_moveToReference_858_1('footnote_plugin_reference_858_1_15');\" onkeypress=\"footnote_moveToReference_858_1('footnote_plugin_reference_858_1_15');\" ><sup id=\"footnote_plugin_tooltip_858_1_15\" class=\"footnote_plugin_tooltip_text\">[15]<\/sup><\/a><span id=\"footnote_plugin_tooltip_text_858_1_15\" class=\"footnote_tooltip\"><\/span><\/span>. No hay original, no hay esencia.<\/p>\n\n\n\n<h3 class=\"wp-block-heading\">3. Exilio<\/h3>\n\n\n\n<p>\u00abSeparaci\u00f3n de una persona de la tierra en que vive\u00bb<\/p>\n\n\n\n<p>El Atl\u00e1ntico como espacio exterior, horizonte en el que los barcos, en otros tiempos, ca\u00edan al vac\u00edo y los monstruos surg\u00edan del abismo. Cruzar el Atl\u00e1ntico, aquel gran charco de vida y de muerte, como fuga del desenga\u00f1o. Carlos Cano naci\u00f3 en Nueva York, provincia de Granada, \u00abuna noche de luna volando en un avi\u00f3n\u00bb<span class=\"footnote_referrer\"><a role=\"button\" tabindex=\"0\" onclick=\"footnote_moveToReference_858_1('footnote_plugin_reference_858_1_16');\" onkeypress=\"footnote_moveToReference_858_1('footnote_plugin_reference_858_1_16');\" ><sup id=\"footnote_plugin_tooltip_858_1_16\" class=\"footnote_plugin_tooltip_text\">[16]<\/sup><\/a><span id=\"footnote_plugin_tooltip_text_858_1_16\" class=\"footnote_tooltip\"><\/span><\/span>. Unas d\u00e9cadas antes, otro granadino de nombre, raro, Federico<span class=\"footnote_referrer\"><a role=\"button\" tabindex=\"0\" onclick=\"footnote_moveToReference_858_1('footnote_plugin_reference_858_1_17');\" onkeypress=\"footnote_moveToReference_858_1('footnote_plugin_reference_858_1_17');\" ><sup id=\"footnote_plugin_tooltip_858_1_17\" class=\"footnote_plugin_tooltip_text\">[17]<\/sup><\/a><span id=\"footnote_plugin_tooltip_text_858_1_17\" class=\"footnote_tooltip\"><\/span><\/span>, naveg\u00f3 a Nueva York en busca de la cura. Mas \u00ablos primeros que salen comprenden con sus huesos \/ que no habr\u00e1 para\u00edso ni amores deshojados\u00bb<span class=\"footnote_referrer\"><a role=\"button\" tabindex=\"0\" onclick=\"footnote_moveToReference_858_1('footnote_plugin_reference_858_1_18');\" onkeypress=\"footnote_moveToReference_858_1('footnote_plugin_reference_858_1_18');\" ><sup id=\"footnote_plugin_tooltip_858_1_18\" class=\"footnote_plugin_tooltip_text\">[18]<\/sup><\/a><span id=\"footnote_plugin_tooltip_text_858_1_18\" class=\"footnote_tooltip\"><\/span><\/span>. Carlos y Federico, dos exiliados del coraz\u00f3n.<\/p>\n\n\n\n<p>Si all\u00ed Carlos escribi\u00f3 su <em>Habanera en Nueva York<\/em>, Federico nos dej\u00f3 varios de los mejores textos que se hayan podido escribir en espa\u00f1ol: <em>As\u00ed que pasen cinco a\u00f1os<\/em>, <em>El p\u00fablico<\/em> y <em>Poeta en Nueva York<\/em>. Pero hay otro texto del joven poeta que casi ha pasado desapercibido. Quiz\u00e1s se deba a su escasa extensi\u00f3n \u2013apenas una decena de p\u00e1ginas\u2013 y a su funci\u00f3n: un gui\u00f3n cinematogr\u00e1fico. <em>Viaje a la luna<\/em>. Un triple exilio: escrito en Nueva York \u2013aquel lugar de los opuestos: rascacielos y suburbios, luz y sombra\u2013 para el cine y como tema de fondo un viaje. Se exceden as\u00ed los confines, se desdibujan las identidades.<\/p>\n\n\n\n<p>Con claras reminiscencias a <em>Voyage dans la Lune<\/em> de los hermanos M\u00e9li\u00e8s \u2013y quiz\u00e1s una contestaci\u00f3n a Bu\u00f1uel y Dal\u00ed\u2013, Lorca no nos adentra en un futurista viaje al sat\u00e9lite que circunda el planeta Tierra. Por el contrario, el viaje es un exilio interior, un viaje intrauterino a sus propios mitos, preexistentes pero que hace suyos, a trav\u00e9s precisamente de la luna: la sangre, las l\u00e1grimas, \u00e9l mismo. La luna y Lorca en su irrenunciable dualidad. Si el sol es s\u00edmbolo de lo masculino y la tierra de lo femenino, la luna\/Lorca s\u00edntesis de los dos. He aqu\u00ed al andr\u00f3gino que necesita del viaje, del exilio, para manifestarse<span class=\"footnote_referrer\"><a role=\"button\" tabindex=\"0\" onclick=\"footnote_moveToReference_858_1('footnote_plugin_reference_858_1_19');\" onkeypress=\"footnote_moveToReference_858_1('footnote_plugin_reference_858_1_19');\" ><sup id=\"footnote_plugin_tooltip_858_1_19\" class=\"footnote_plugin_tooltip_text\">[19]<\/sup><\/a><span id=\"footnote_plugin_tooltip_text_858_1_19\" class=\"footnote_tooltip\"><\/span><\/span>. Y en la luna, y en el cuerpo de Lorca, nadaba un pez<span class=\"footnote_referrer\"><a role=\"button\" tabindex=\"0\" onclick=\"footnote_moveToReference_858_1('footnote_plugin_reference_858_1_20');\" onkeypress=\"footnote_moveToReference_858_1('footnote_plugin_reference_858_1_20');\" ><sup id=\"footnote_plugin_tooltip_858_1_20\" class=\"footnote_plugin_tooltip_text\">[20]<\/sup><\/a><span id=\"footnote_plugin_tooltip_text_858_1_20\" class=\"footnote_tooltip\"><\/span><\/span>, el pez luna<span class=\"footnote_referrer\"><a role=\"button\" tabindex=\"0\" onclick=\"footnote_moveToReference_858_1('footnote_plugin_reference_858_1_21');\" onkeypress=\"footnote_moveToReference_858_1('footnote_plugin_reference_858_1_21');\" ><sup id=\"footnote_plugin_tooltip_858_1_21\" class=\"footnote_plugin_tooltip_text\">[21]<\/sup><\/a><span id=\"footnote_plugin_tooltip_text_858_1_21\" class=\"footnote_tooltip\"><\/span><\/span>, el pez caleidoscopio<span class=\"footnote_referrer\"><a role=\"button\" tabindex=\"0\" onclick=\"footnote_moveToReference_858_1('footnote_plugin_reference_858_1_22');\" onkeypress=\"footnote_moveToReference_858_1('footnote_plugin_reference_858_1_22');\" ><sup id=\"footnote_plugin_tooltip_858_1_22\" class=\"footnote_plugin_tooltip_text\">[22]<\/sup><\/a><span id=\"footnote_plugin_tooltip_text_858_1_22\" class=\"footnote_tooltip\"><\/span><\/span>.<\/p>\n\n\n\n<p>Si el pez luna nos remite a <em>El p\u00fablico<\/em>, en el cuadro segundo de esta obra asistimos a una pelea cargada de erotismo entre Cascabeles y P\u00e1mpanos. Este \u00faltimo se identifica como el hombre m\u00e1s hombre que Ad\u00e1n, pues se refiere a la humanidad en su conjunto \u2013quiz\u00e1s una alusi\u00f3n a la figura de Adam Kandom\u2013 en aquel estadio anterior en el que, como se\u00f1alaba Arist\u00f3fanes en <em>el banquete <\/em>de Plat\u00f3n, exist\u00eda junto a los sexos femenino y masculino aquel otro en el que conflu\u00eda la perfecci\u00f3n de la uni\u00f3n: el andr\u00f3gino<span class=\"footnote_referrer\"><a role=\"button\" tabindex=\"0\" onclick=\"footnote_moveToReference_858_1('footnote_plugin_reference_858_1_23');\" onkeypress=\"footnote_moveToReference_858_1('footnote_plugin_reference_858_1_23');\" ><sup id=\"footnote_plugin_tooltip_858_1_23\" class=\"footnote_plugin_tooltip_text\">[23]<\/sup><\/a><span id=\"footnote_plugin_tooltip_text_858_1_23\" class=\"footnote_tooltip\"><\/span><\/span>. Por eso P\u00e1mpanos acusa a Cascabeles, que porta una flauta\/falo: \u00abpero t\u00fa no eres hombre. Si yo tuviera esta flauta te escapar\u00edas a la luna, a la luna cubierta de pa\u00f1olitos de encaje y gotas de sangre de mujer\u00bb<span class=\"footnote_referrer\"><a role=\"button\" tabindex=\"0\" onclick=\"footnote_moveToReference_858_1('footnote_plugin_reference_858_1_24');\" onkeypress=\"footnote_moveToReference_858_1('footnote_plugin_reference_858_1_24');\" ><sup id=\"footnote_plugin_tooltip_858_1_24\" class=\"footnote_plugin_tooltip_text\">[24]<\/sup><\/a><span id=\"footnote_plugin_tooltip_text_858_1_24\" class=\"footnote_tooltip\"><\/span><\/span>.<\/p>\n\n\n\n<p>Del mismo modo, la luz de <em>As\u00ed que pasen cinco a\u00f1os <\/em>se articula en torno al eclipse lunar del segundo acto: la uni\u00f3n del sol y la luna proyectada sobre la tierra como en una de las <em>Canciones<\/em>, la del Arlequ\u00edn: \u00abTeta roja del sol. \/ Teta azul de la luna. Torso mitad coral, \/ mitad plata y penumbra\u00bb<span class=\"footnote_referrer\"><a role=\"button\" tabindex=\"0\" onclick=\"footnote_moveToReference_858_1('footnote_plugin_reference_858_1_25');\" onkeypress=\"footnote_moveToReference_858_1('footnote_plugin_reference_858_1_25');\" ><sup id=\"footnote_plugin_tooltip_858_1_25\" class=\"footnote_plugin_tooltip_text\">[25]<\/sup><\/a><span id=\"footnote_plugin_tooltip_text_858_1_25\" class=\"footnote_tooltip\"><\/span><\/span>.<\/p>\n\n\n\n<p>Y en la luna tambi\u00e9n el sexo se hace expl\u00edcito con la boca abierta, con el grito animalde <em>El viaje a la luna<\/em><span class=\"footnote_referrer\"><a role=\"button\" tabindex=\"0\" onclick=\"footnote_moveToReference_858_1('footnote_plugin_reference_858_1_26');\" onkeypress=\"footnote_moveToReference_858_1('footnote_plugin_reference_858_1_26');\" ><sup id=\"footnote_plugin_tooltip_858_1_26\" class=\"footnote_plugin_tooltip_text\">[26]<\/sup><\/a><span id=\"footnote_plugin_tooltip_text_858_1_26\" class=\"footnote_tooltip\"><\/span><\/span>. La figura del arlequ\u00edn que besa apasionadamente a la muchacha para luego tratar de violentarla, hundiendo sus pulgares sobre los ojos de ella, y en el grito se convierte en yeso. \u00abY al final con prisa la luna y \u00e1rboles con viento\u00bb<span class=\"footnote_referrer\"><a role=\"button\" tabindex=\"0\" onclick=\"footnote_moveToReference_858_1('footnote_plugin_reference_858_1_27');\" onkeypress=\"footnote_moveToReference_858_1('footnote_plugin_reference_858_1_27');\" ><sup id=\"footnote_plugin_tooltip_858_1_27\" class=\"footnote_plugin_tooltip_text\">[27]<\/sup><\/a><span id=\"footnote_plugin_tooltip_text_858_1_27\" class=\"footnote_tooltip\"><\/span><\/span>, aquel viento que trasporta hacia la luna, hacia la uni\u00f3n final, hacia el anhelo de la unidad andr\u00f3gina, hacia aquel erotismo que es experiencia de muerte.<\/p>\n\n\n\n<p><em>La l\u00e1grima ha sido dicha<a href=\"#_ftn28\"><\/a><\/em><span class=\"footnote_referrer\"><a role=\"button\" tabindex=\"0\" onclick=\"footnote_moveToReference_858_1('footnote_plugin_reference_858_1_28');\" onkeypress=\"footnote_moveToReference_858_1('footnote_plugin_reference_858_1_28');\" ><sup id=\"footnote_plugin_tooltip_858_1_28\" class=\"footnote_plugin_tooltip_text\">[28]<\/sup><\/a><span id=\"footnote_plugin_tooltip_text_858_1_28\" class=\"footnote_tooltip\"><\/span><\/span>.<\/p>\n\n\n\n<figure class=\"wp-block-embed is-type-video is-provider-youtube wp-block-embed-youtube wp-embed-aspect-4-3 wp-has-aspect-ratio\"><div class=\"wp-block-embed__wrapper\">\n<iframe loading=\"lazy\" title=\"Viaje a la luna\" width=\"1200\" height=\"900\" src=\"https:\/\/www.youtube.com\/embed\/5wqPizz1GMA?feature=oembed\" frameborder=\"0\" allow=\"accelerometer; autoplay; clipboard-write; encrypted-media; gyroscope; picture-in-picture\" allowfullscreen><\/iframe>\n<\/div><\/figure>\n\n\n\n<hr class=\"wp-block-separator\"\/>\n<div class=\"speaker-mute footnotes_reference_container\"> <div class=\"footnote_container_prepare\"><p><span role=\"button\" tabindex=\"0\" class=\"footnote_reference_container_label pointer\" onclick=\"footnote_expand_collapse_reference_container_858_1();\">Notas<\/span><span role=\"button\" tabindex=\"0\" class=\"footnote_reference_container_collapse_button\" style=\"display: none;\" onclick=\"footnote_expand_collapse_reference_container_858_1();\">[<a id=\"footnote_reference_container_collapse_button_858_1\">+<\/a>]<\/span><\/p><\/div> <div id=\"footnote_references_container_858_1\" style=\"\"><table class=\"footnotes_table footnote-reference-container\"><caption class=\"accessibility\">Notas<\/caption> <tbody> \r\n\r\n<tr class=\"footnotes_plugin_reference_row\"> <th scope=\"row\" class=\"footnote_plugin_index_combi pointer\"  onclick=\"footnote_moveToAnchor_858_1('footnote_plugin_tooltip_858_1_1');\"><a id=\"footnote_plugin_reference_858_1_1\" class=\"footnote_backlink\"><span class=\"footnote_index_arrow\">&#8593;<\/span>1<\/a><\/th> <td class=\"footnote_plugin_text\">Definici\u00f3n de <em>disidir<\/em> en la RAE.<\/td><\/tr>\r\n\r\n<tr class=\"footnotes_plugin_reference_row\"> <th scope=\"row\" class=\"footnote_plugin_index_combi pointer\"  onclick=\"footnote_moveToAnchor_858_1('footnote_plugin_tooltip_858_1_2');\"><a id=\"footnote_plugin_reference_858_1_2\" class=\"footnote_backlink\"><span class=\"footnote_index_arrow\">&#8593;<\/span>2<\/a><\/th> <td class=\"footnote_plugin_text\">Pasolini matiza: se trata de una familia peque\u00f1oburguesa en un sentido ideol\u00f3gico, no econ\u00f3mico, pues se trata de personas ricas. Pasolini, P.P., <em>Teorema<\/em>, Ed. Edhasa, Barcelona, 2005, p. 11.<\/td><\/tr>\r\n\r\n<tr class=\"footnotes_plugin_reference_row\"> <th scope=\"row\" class=\"footnote_plugin_index_combi pointer\"  onclick=\"footnote_moveToAnchor_858_1('footnote_plugin_tooltip_858_1_3');\"><a id=\"footnote_plugin_reference_858_1_3\" class=\"footnote_backlink\"><span class=\"footnote_index_arrow\">&#8593;<\/span>3<\/a><\/th> <td class=\"footnote_plugin_text\">Pasolini, P.P., <em>Teorema<\/em>, cit., p. 32.<\/td><\/tr>\r\n\r\n<tr class=\"footnotes_plugin_reference_row\"> <th scope=\"row\" class=\"footnote_plugin_index_combi pointer\"  onclick=\"footnote_moveToAnchor_858_1('footnote_plugin_tooltip_858_1_4');\"><a id=\"footnote_plugin_reference_858_1_4\" class=\"footnote_backlink\"><span class=\"footnote_index_arrow\">&#8593;<\/span>4<\/a><\/th> <td class=\"footnote_plugin_text\">Pasolini, P.P., <em>Teorema<\/em>, cit., p. 144.<\/td><\/tr>\r\n\r\n<tr class=\"footnotes_plugin_reference_row\"> <th scope=\"row\" class=\"footnote_plugin_index_combi pointer\"  onclick=\"footnote_moveToAnchor_858_1('footnote_plugin_tooltip_858_1_5');\"><a id=\"footnote_plugin_reference_858_1_5\" class=\"footnote_backlink\"><span class=\"footnote_index_arrow\">&#8593;<\/span>5<\/a><\/th> <td class=\"footnote_plugin_text\">Pasolini, P.P., <em>Teorema<\/em>, cit., pp. 159 y 160. En la pel\u00edcula el poema var\u00eda un poco: \u00abAntes de ahora nunca tuve alg\u00fan inter\u00e9s por nada. No hablo de intereses trascendentales, sino los peque\u00f1os y naturales como los de mi marido con su f\u00e1brica, los de mi hijo por sus estudios, los de mi hija por su familia. Yo, nada. No s\u00e9 c\u00f3mo puedo soportar este vac\u00edo. Si hab\u00eda algo era el instintivo amor por una vida est\u00e9ril como un jard\u00edn por el que nadie pasa. Este vac\u00edo estaba, de hecho, lleno de valores falsos y mezquinos, y de un horrendo c\u00famulo de ideas err\u00f3neas. Ahora lo comprendo. T\u00fa has llenado mi vida de un total y real inter\u00e9s. Tu partida no destruye nada de lo que ya estaba en m\u00ed, excepto una reputaci\u00f3n de impoluta y casta burguesa. \u00bfQu\u00e9 me has dado? Un amor secreto en el vac\u00edo de mi vida. Dej\u00e1ndome, lo destruyes todo\u00bb.<\/td><\/tr>\r\n\r\n<tr class=\"footnotes_plugin_reference_row\"> <th scope=\"row\" class=\"footnote_plugin_index_combi pointer\"  onclick=\"footnote_moveToAnchor_858_1('footnote_plugin_tooltip_858_1_6');\"><a id=\"footnote_plugin_reference_858_1_6\" class=\"footnote_backlink\"><span class=\"footnote_index_arrow\">&#8593;<\/span>6<\/a><\/th> <td class=\"footnote_plugin_text\">Pasolini, P.P., \u00abAbjuraci\u00f3n de la <em>Trilog\u00eda de la vida<\/em>\u00bb, en <em>Cartas luteranas<\/em>, Ed. Trotta, Madrid, 2010, pp. 67-71.<\/td><\/tr>\r\n\r\n<tr class=\"footnotes_plugin_reference_row\"> <th scope=\"row\" class=\"footnote_plugin_index_combi pointer\"  onclick=\"footnote_moveToAnchor_858_1('footnote_plugin_tooltip_858_1_7');\"><a id=\"footnote_plugin_reference_858_1_7\" class=\"footnote_backlink\"><span class=\"footnote_index_arrow\">&#8593;<\/span>7<\/a><\/th> <td class=\"footnote_plugin_text\">Un imprescindible estudio en Maresca, M. y Mendiguch\u00eda, J.I. (Eds.), <em>Sal\u00f2. El infierno seg\u00fan Pasolini<\/em>, Ed. Filmoteca de Andaluc\u00eda, C\u00f3rdoba, 1993.<\/td><\/tr>\r\n\r\n<tr class=\"footnotes_plugin_reference_row\"> <th scope=\"row\" class=\"footnote_plugin_index_combi pointer\"  onclick=\"footnote_moveToAnchor_858_1('footnote_plugin_tooltip_858_1_8');\"><a id=\"footnote_plugin_reference_858_1_8\" class=\"footnote_backlink\"><span class=\"footnote_index_arrow\">&#8593;<\/span>8<\/a><\/th> <td class=\"footnote_plugin_text\">Pasolini, P.P., \u00abAbjuraci\u00f3n de la <em>Trilog\u00eda de la vida<\/em>\u00bb, cit., p. 71.<\/td><\/tr>\r\n\r\n<tr class=\"footnotes_plugin_reference_row\"> <th scope=\"row\" class=\"footnote_plugin_index_combi pointer\"  onclick=\"footnote_moveToAnchor_858_1('footnote_plugin_tooltip_858_1_9');\"><a id=\"footnote_plugin_reference_858_1_9\" class=\"footnote_backlink\"><span class=\"footnote_index_arrow\">&#8593;<\/span>9<\/a><\/th> <td class=\"footnote_plugin_text\">Pasolini, P. P., \u00abStudio sulla rivoluzione antropologica in Italia\u00bb y \u00abAmpliamento del \u201cbozzetto\u201d sulla rivoluzione antropologica in Italia\u00bb, en <em>Scritti corsari<\/em>, Ed. Garzanti, Milano, 2010, pp. 39-44 y 56-64.<\/td><\/tr>\r\n\r\n<tr class=\"footnotes_plugin_reference_row\"> <th scope=\"row\" class=\"footnote_plugin_index_combi pointer\"  onclick=\"footnote_moveToAnchor_858_1('footnote_plugin_tooltip_858_1_10');\"><a id=\"footnote_plugin_reference_858_1_10\" class=\"footnote_backlink\"><span class=\"footnote_index_arrow\">&#8593;<\/span>10<\/a><\/th> <td class=\"footnote_plugin_text\"><em>El homosexual o la dificultad de expresarse<\/em>, Ed. El Milagro, Buenos Aires, 2004. Las siguientes l\u00edneas son una reelaboraci\u00f3n parcial de Garc\u00eda L\u00f3pez, D.J., \u00abLos espacios de la norma y los monstruos de Copi\u00bb, en <em>Studi Ispanici<\/em>, n\u00ba XXXIX, monogr\u00e1fico coordinado por Jos\u00e9 Calvo Gonz\u00e1lez bajo el t\u00edtulo <em>Derecho y Literatura Hisp\u00e1nica<\/em>, 2014, pp. 231-248.<\/td><\/tr>\r\n\r\n<tr class=\"footnotes_plugin_reference_row\"> <th scope=\"row\" class=\"footnote_plugin_index_combi pointer\"  onclick=\"footnote_moveToAnchor_858_1('footnote_plugin_tooltip_858_1_11');\"><a id=\"footnote_plugin_reference_858_1_11\" class=\"footnote_backlink\"><span class=\"footnote_index_arrow\">&#8593;<\/span>11<\/a><\/th> <td class=\"footnote_plugin_text\">Se trata de la obra de Copi <em>Las escaleras del Sacr\u00e9-Coeur<\/em>, en <em>Teatro II<\/em>, Ed. El Cuenco de Plata, Buenos Aires, 2012. La cita (en la p\u00e1gina 164) narra el nacimiento del beb\u00e9 sin sexo de Lou, gracias a la intervenci\u00f3n de Safo y su banda de lesbianas.<\/td><\/tr>\r\n\r\n<tr class=\"footnotes_plugin_reference_row\"> <th scope=\"row\" class=\"footnote_plugin_index_combi pointer\"  onclick=\"footnote_moveToAnchor_858_1('footnote_plugin_tooltip_858_1_12');\"><a id=\"footnote_plugin_reference_858_1_12\" class=\"footnote_backlink\"><span class=\"footnote_index_arrow\">&#8593;<\/span>12<\/a><\/th> <td class=\"footnote_plugin_text\">\u00abMadre: \u00bfEst\u00e1s embarazada? Irina: s\u00ed. Madre: \u00bfEs el peluquero o el oficial? Irina: Con el peluquero lo hice por primera vez la semana pasada, con el oficial hace tres meses, y tengo por lo menos cuatro meses de embarazo. Madre: entonces, \u00bfqui\u00e9n es? Irina: Eres t\u00fa. Madre: \u00a1No cogemos juntas desde hace a\u00f1os! Irina: \u00bfY en el tren? Madre: \u00bfEn cu\u00e1l tren? Irina: Tomamos s\u00f3lo un tren hace cuatro meses, para venir a Siberia. Madre: \u00a1Pero est\u00e1bamos esposadas! Irina: Entonces quiz\u00e1s es el t\u00edo Pierre [\u2026]. Garbo: \u00bfNi siquiera sabes qui\u00e9n es el padre de ese ni\u00f1o? Irina: No estoy segura\u00bb. Copi, <em>El homosexual o la dificultad de expresarse<\/em>, op. cit., pp. 23 y 30.<\/td><\/tr>\r\n\r\n<tr class=\"footnotes_plugin_reference_row\"> <th scope=\"row\" class=\"footnote_plugin_index_combi pointer\"  onclick=\"footnote_moveToAnchor_858_1('footnote_plugin_tooltip_858_1_13');\"><a id=\"footnote_plugin_reference_858_1_13\" class=\"footnote_backlink\"><span class=\"footnote_index_arrow\">&#8593;<\/span>13<\/a><\/th> <td class=\"footnote_plugin_text\">Copi, <em>El homosexual o la dificultad de expresarse<\/em>, op. cit., p. 43.<\/td><\/tr>\r\n\r\n<tr class=\"footnotes_plugin_reference_row\"> <th scope=\"row\" class=\"footnote_plugin_index_combi pointer\"  onclick=\"footnote_moveToAnchor_858_1('footnote_plugin_tooltip_858_1_14');\"><a id=\"footnote_plugin_reference_858_1_14\" class=\"footnote_backlink\"><span class=\"footnote_index_arrow\">&#8593;<\/span>14<\/a><\/th> <td class=\"footnote_plugin_text\">\u00abBartleby cuestiona precisamente esta supremac\u00eda de la voluntad sobre la potencia. Si Dios (cuando menos de <em>potentia ordinata<\/em>) puede verdaderamente s\u00f3lo aquello que quiere, Bartleby puede \u00fanicamente sin querer, puede \u00fanicamente de <em>potentia absoluta<\/em>. Pero no por ello su potencia es inefectiva, no queda desactivada por falta de voluntad: al contrario, excede con mucho la voluntad (tanto la propia como la de los dem\u00e1s). Invirtiendo la sentencia de Karl Valentin \u2013\u201cquiero querer, pero me faltan las fuerzas para poder\u201d\u2013, podr\u00eda decirse que \u00e9l que ha llegado a poder (y a no poder) sin quererlo en absoluto. De ah\u00ed la irreductibilidad de su <em>preferir\u00eda no hacerlo<\/em>. No se trata de que no quiera copiar o de que quiera no abandonar la oficina, simplemente <em>preferir\u00eda no hacerlo<\/em>. La f\u00f3rmula, tan puntillosamente repetida, destruye toda posibilidad de construir una relaci\u00f3n entre el poder y el querer, entre <em>potentia absoluta <\/em>y <em>potentia ordinata<\/em>. Y tal es la f\u00f3rmula de la potencia\u00bb. Agamben, G., \u00abBartleby o de la contingencia\u00bb, en Melville, H., Deleuze, G., Agamben, G. y Pardo, J.L., <em>Preferir\u00eda no hacerlo<\/em>, Ed. Pre-Textos, Valencia, 2011, p. 112.<\/td><\/tr>\r\n\r\n<tr class=\"footnotes_plugin_reference_row\"> <th scope=\"row\" class=\"footnote_plugin_index_combi pointer\"  onclick=\"footnote_moveToAnchor_858_1('footnote_plugin_tooltip_858_1_15');\"><a id=\"footnote_plugin_reference_858_1_15\" class=\"footnote_backlink\"><span class=\"footnote_index_arrow\">&#8593;<\/span>15<\/a><\/th> <td class=\"footnote_plugin_text\">\u00abEl g\u00e9nero no debe considerarse una identidad estable o un sitio donde se funde la capacidad de acci\u00f3n y donde surjan distintos actos, sino m\u00e1s bien como una identidad d\u00e9bilmente formada en el tiempo, instaurada en un espacio exterior mediante una <em>reiteraci\u00f3n estilizada de actos<\/em>. El efecto del g\u00e9nero se crea por medio de la estilizaci\u00f3n del cuerpo y, por consiguiente, debe entenderse como la manera mundana en que los diferentes tipos de gestos, movimientos y estilos corporales crean la ilusi\u00f3n de un yo con g\u00e9nero constante. Este planteamiento aleja la concepci\u00f3n del g\u00e9nero de un modelo sustancial de identidad y la sit\u00faa en un \u00e1mbito que exige una concepci\u00f3n del g\u00e9nero como <em>temporalidad social<\/em> constituida. Resulta revelador que si el g\u00e9nero se instaura mediante actos que son internamente discontinuos, entonces la <em>apariencia de sustancia <\/em>es exactamente eso, una identidad construida, una realizaci\u00f3n performativa en la que el p\u00fablico social mundano, incluidos los mismos actores, llega a creer y a actuar en la modalidad de la creencia\u00bb. Butler, J., <em>El g\u00e9nero en disputa. El feminismo y la subversi\u00f3n de la identidad<\/em>, Ed. Paid\u00f3s, Barcelona, 2007, pp. 273 y 274.<\/td><\/tr>\r\n\r\n<tr class=\"footnotes_plugin_reference_row\"> <th scope=\"row\" class=\"footnote_plugin_index_combi pointer\"  onclick=\"footnote_moveToAnchor_858_1('footnote_plugin_tooltip_858_1_16');\"><a id=\"footnote_plugin_reference_858_1_16\" class=\"footnote_backlink\"><span class=\"footnote_index_arrow\">&#8593;<\/span>16<\/a><\/th> <td class=\"footnote_plugin_text\">De la canci\u00f3n <em>Habaneras de Nueva York<\/em> de Carlos Cano.<\/td><\/tr>\r\n\r\n<tr class=\"footnotes_plugin_reference_row\"> <th scope=\"row\" class=\"footnote_plugin_index_combi pointer\"  onclick=\"footnote_moveToAnchor_858_1('footnote_plugin_tooltip_858_1_17');\"><a id=\"footnote_plugin_reference_858_1_17\" class=\"footnote_backlink\"><span class=\"footnote_index_arrow\">&#8593;<\/span>17<\/a><\/th> <td class=\"footnote_plugin_text\">\u00abEntre los juntos y la baja tarde, \/ \u00a1qu\u00e9 raro que me llame Federico!\u00bb. Garc\u00eda Lorca, F., \u00abDe otro modo\u00bb, en <em>Canciones para terminar<\/em>, <em>Obras completas I. Poes\u00eda, 1, <\/em>Ed. Akal, Madrid, 2008, p. 582. <em>De otro modo<\/em> finaliza con un grito precisamente contra la identidad. Es raro poseer una identidad cerrada con lo ef\u00edmero de los juncos y la baja tarde.<\/td><\/tr>\r\n\r\n<tr class=\"footnotes_plugin_reference_row\"> <th scope=\"row\" class=\"footnote_plugin_index_combi pointer\"  onclick=\"footnote_moveToAnchor_858_1('footnote_plugin_tooltip_858_1_18');\"><a id=\"footnote_plugin_reference_858_1_18\" class=\"footnote_backlink\"><span class=\"footnote_index_arrow\">&#8593;<\/span>18<\/a><\/th> <td class=\"footnote_plugin_text\">Garc\u00eda Lorca, F., \u00abLa aurora\u00bb, en <em>Poeta en Nueva York<\/em>, <em>Obras completas II. Poes\u00eda, 2, <\/em>Ed. Akal, Madrid, 2008, p. 284.<\/td><\/tr>\r\n\r\n<tr class=\"footnotes_plugin_reference_row\"> <th scope=\"row\" class=\"footnote_plugin_index_combi pointer\"  onclick=\"footnote_moveToAnchor_858_1('footnote_plugin_tooltip_858_1_19');\"><a id=\"footnote_plugin_reference_858_1_19\" class=\"footnote_backlink\"><span class=\"footnote_index_arrow\">&#8593;<\/span>19<\/a><\/th> <td class=\"footnote_plugin_text\">Sobre la figura del andr\u00f3gino en Lorca, Mart\u00ednez Cuiti\u00f1o, L., <em>El mito del andr\u00f3gino en Federico Garc\u00eda Lorca<\/em>, Ed. Corregidor, Buenos Aires, 2002.<\/td><\/tr>\r\n\r\n<tr class=\"footnotes_plugin_reference_row\"> <th scope=\"row\" class=\"footnote_plugin_index_combi pointer\"  onclick=\"footnote_moveToAnchor_858_1('footnote_plugin_tooltip_858_1_20');\"><a id=\"footnote_plugin_reference_858_1_20\" class=\"footnote_backlink\"><span class=\"footnote_index_arrow\">&#8593;<\/span>20<\/a><\/th> <td class=\"footnote_plugin_text\">\u00abCay\u00f3 una hoja \/ y dos \/ y tres. Por la luna nadaba un pez\u00bb. Garc\u00eda Lorca, F., \u00abVals en las ramas\u00bb, en <em>Tierra y Luna, <\/em>&nbsp;<em>Obras completas II. Poes\u00eda, 2, <\/em>cit., p. 327.<\/td><\/tr>\r\n\r\n<tr class=\"footnotes_plugin_reference_row\"> <th scope=\"row\" class=\"footnote_plugin_index_combi pointer\"  onclick=\"footnote_moveToAnchor_858_1('footnote_plugin_tooltip_858_1_21');\"><a id=\"footnote_plugin_reference_858_1_21\" class=\"footnote_backlink\"><span class=\"footnote_index_arrow\">&#8593;<\/span>21<\/a><\/th> <td class=\"footnote_plugin_text\">En <em>El P\u00fablico<\/em> las figuras de P\u00e1mpanos y Cascabeles discuten sobre qu\u00e9 ocurrir\u00eda si se convierten en un pez luna.<\/td><\/tr>\r\n\r\n<tr class=\"footnotes_plugin_reference_row\"> <th scope=\"row\" class=\"footnote_plugin_index_combi pointer\"  onclick=\"footnote_moveToAnchor_858_1('footnote_plugin_tooltip_858_1_22');\"><a id=\"footnote_plugin_reference_858_1_22\" class=\"footnote_backlink\"><span class=\"footnote_index_arrow\">&#8593;<\/span>22<\/a><\/th> <td class=\"footnote_plugin_text\">\u00abDentro de la boquita aparece un gran plano en el cual saltan, en agon\u00eda, dos peces. \u00c9stos se convierten en un caleidoscopio en el que cien peces saltan o laten en agon\u00eda\u00bb. Garc\u00eda Lorca, F., \u00abViaje a la luna\u00bb, <em>Obras completas V. Teatro, 3<\/em>, Ed. Akal, Madrid, 2008, p. 310, escena 27.<\/td><\/tr>\r\n\r\n<tr class=\"footnotes_plugin_reference_row\"> <th scope=\"row\" class=\"footnote_plugin_index_combi pointer\"  onclick=\"footnote_moveToAnchor_858_1('footnote_plugin_tooltip_858_1_23');\"><a id=\"footnote_plugin_reference_858_1_23\" class=\"footnote_backlink\"><span class=\"footnote_index_arrow\">&#8593;<\/span>23<\/a><\/th> <td class=\"footnote_plugin_text\">\u00abPero, primero, es preciso que conozc\u00e1is la naturaleza humana y las modificaciones que ha sufrido, ya que nuestra antigua naturaleza no era la misma de ahora, sino diferente. En primer lugar, tres eran los sexos de las personas, no dos, como ahora, masculino y femenino, sino que hab\u00eda, adem\u00e1s, un tercero que participaba de estos dos, cuyo nombre sobrevive todav\u00eda, aunque \u00e9l mismo ha desaparecido. El andr\u00f3gino, en efecto, era entonces una cosa sola en cuanto a forma y nombre, que participaba de uno y de otro, de lo masculino y de lo femenino, pero que ahora no es sino un nombre que yace en la ignominia\u00bb. Plat\u00f3n, \u00abBanquete\u00bb, en <em>Di\u00e1logos<\/em>, Vol. III, Ed. Gredos, Madrid, 1997, 189d-e, p. 222.<\/td><\/tr>\r\n\r\n<tr class=\"footnotes_plugin_reference_row\"> <th scope=\"row\" class=\"footnote_plugin_index_combi pointer\"  onclick=\"footnote_moveToAnchor_858_1('footnote_plugin_tooltip_858_1_24');\"><a id=\"footnote_plugin_reference_858_1_24\" class=\"footnote_backlink\"><span class=\"footnote_index_arrow\">&#8593;<\/span>24<\/a><\/th> <td class=\"footnote_plugin_text\">Garc\u00eda Lorca, F., \u00abEl P\u00fablico\u00bb, <em>Obras completas V. Teatro, 3, <\/em>cit., p. 90.<\/td><\/tr>\r\n\r\n<tr class=\"footnotes_plugin_reference_row\"> <th scope=\"row\" class=\"footnote_plugin_index_combi pointer\"  onclick=\"footnote_moveToAnchor_858_1('footnote_plugin_tooltip_858_1_25');\"><a id=\"footnote_plugin_reference_858_1_25\" class=\"footnote_backlink\"><span class=\"footnote_index_arrow\">&#8593;<\/span>25<\/a><\/th> <td class=\"footnote_plugin_text\">Garc\u00eda Lorca, F., \u00abArlequ\u00edn\u00bb, en <em>Canciones. Teor\u00edas, Obras completas I. Poes\u00eda, 1, <\/em>Ed. Akal, Madrid, 2008, p. 507.<\/td><\/tr>\r\n\r\n<tr class=\"footnotes_plugin_reference_row\"> <th scope=\"row\" class=\"footnote_plugin_index_combi pointer\"  onclick=\"footnote_moveToAnchor_858_1('footnote_plugin_tooltip_858_1_26');\"><a id=\"footnote_plugin_reference_858_1_26\" class=\"footnote_backlink\"><span class=\"footnote_index_arrow\">&#8593;<\/span>26<\/a><\/th> <td class=\"footnote_plugin_text\">\u00abYa en la calle nocturna hay tres tipos con gabanes que dan muestras de fr\u00edo\u2026Llevan los cuellos subidos. Uno mira la luna hacia arriba levantando la cabeza y aparece la luna en la pantalla, otro mira la luna y aparece una cabeza de p\u00e1jaro en gran plano a la cual se estruja el cuello hasta que muera ante el objetivo, el tercero mira la luna y aparece en la pantalla una luna dibujada sobre fondo blanco que se disuelve sobre un sexo y el sexo en la boca que grita\u00bb. Garc\u00eda Lorca, F., \u00abViaje a la luna\u00bb, <em>Obras completas V. Teatro, 3, <\/em>cit., p. 312, escena 44.<\/td><\/tr>\r\n\r\n<tr class=\"footnotes_plugin_reference_row\"> <th scope=\"row\" class=\"footnote_plugin_index_combi pointer\"  onclick=\"footnote_moveToAnchor_858_1('footnote_plugin_tooltip_858_1_27');\"><a id=\"footnote_plugin_reference_858_1_27\" class=\"footnote_backlink\"><span class=\"footnote_index_arrow\">&#8593;<\/span>27<\/a><\/th> <td class=\"footnote_plugin_text\">Garc\u00eda Lorca, F., \u00abViaje a la luna\u00bb, cit., p. 315, escena 71 (final).<\/td><\/tr>\r\n\r\n<tr class=\"footnotes_plugin_reference_row\"> <th scope=\"row\" class=\"footnote_plugin_index_combi pointer\"  onclick=\"footnote_moveToAnchor_858_1('footnote_plugin_tooltip_858_1_28');\"><a id=\"footnote_plugin_reference_858_1_28\" class=\"footnote_backlink\"><span class=\"footnote_index_arrow\">&#8593;<\/span>28<\/a><\/th> <td class=\"footnote_plugin_text\">Dicha: \u00abDel lat. <em>dicta<\/em>, cosas dichas, pl. n. de <em>dictum<\/em>, con el sentido de <em>fatum<\/em>, suerte, destino, en lenguaje vulgar, seg\u00fan la creencia pagana de que la suerte individual se deb\u00eda a las palabras pronunciadas por los dioses al nacer el ni\u00f1o\u00bb (RAE).<\/td><\/tr>\r\n\r\n <\/tbody> <\/table> <\/div><\/div><script type=\"text\/javascript\"> function footnote_expand_reference_container_858_1() { jQuery('#footnote_references_container_858_1').show(); jQuery('#footnote_reference_container_collapse_button_858_1').text('\u2212'); } function footnote_collapse_reference_container_858_1() { jQuery('#footnote_references_container_858_1').hide(); jQuery('#footnote_reference_container_collapse_button_858_1').text('+'); } function footnote_expand_collapse_reference_container_858_1() { if (jQuery('#footnote_references_container_858_1').is(':hidden')) { footnote_expand_reference_container_858_1(); } else { footnote_collapse_reference_container_858_1(); } } function footnote_moveToReference_858_1(p_str_TargetID) { footnote_expand_reference_container_858_1(); var l_obj_Target = jQuery('#' + p_str_TargetID); if (l_obj_Target.length) { jQuery( 'html, body' ).delay( 0 ); jQuery('html, body').animate({ scrollTop: l_obj_Target.offset().top - window.innerHeight * 0.2 }, 380); } } function footnote_moveToAnchor_858_1(p_str_TargetID) { footnote_expand_reference_container_858_1(); var l_obj_Target = jQuery('#' + p_str_TargetID); if (l_obj_Target.length) { jQuery( 'html, body' ).delay( 0 ); jQuery('html, body').animate({ scrollTop: l_obj_Target.offset().top - window.innerHeight * 0.2 }, 380); } }<\/script>","protected":false},"excerpt":{"rendered":"<p>Disidencia, resistencia y exilio El texto se presenta in extrema res. Le preceden 280 p\u00e1ginas. &#8230; <\/p>\n<p class=\"read-more-container\"><a title=\"Ep\u00edlogo\" class=\"read-more button\" href=\"https:\/\/olvidosdegranada.es\/index.php\/2014\/12\/11\/epilogo\/#more-858\" aria-label=\"Leer m\u00e1s sobre Ep\u00edlogo\">Leer m\u00e1s<\/a><\/p>\n","protected":false},"author":4,"featured_media":3019,"comment_status":"open","ping_status":"closed","sticky":false,"template":"","format":"standard","meta":{"_acf_changed":false,"_jetpack_newsletter_access":"","_jetpack_dont_email_post_to_subs":false,"_jetpack_newsletter_tier_id":0,"_jetpack_memberships_contains_paywalled_content":false,"_jetpack_feature_clip_id":0,"_jetpack_memberships_contains_paid_content":false,"footnotes":"","jetpack_post_was_ever_published":false},"categories":[3],"tags":[57,67],"class_list":["post-858","post","type-post","status-publish","format-standard","has-post-thumbnail","hentry","category-palabras","tag-filosofia","tag-pasolini","infinite-scroll-item","generate-columns","tablet-grid-50","mobile-grid-100","grid-parent","grid-33","no-featured-image-padding"],"acf":[],"yoast_head":"<!-- This site is optimized with the Yoast SEO plugin v28.3 - https:\/\/yoast.com\/product\/yoast-seo-wordpress\/ -->\n<title>Ep\u00edlogo - Olvidos de Granada<\/title>\n<meta name=\"description\" content=\"Daniel J. Garc\u00eda L\u00f3pez Disidencia, resistencia y exilio El texto se presenta in extrema res. Le preceden 280 p\u00e1ginas. Este ep\u00edlogo forma parte de un libro in\u00e9dito que busca ser\" \/>\n<meta name=\"robots\" content=\"index, follow, max-snippet:-1, max-image-preview:large, max-video-preview:-1\" \/>\n<link rel=\"canonical\" href=\"https:\/\/olvidosdegranada.es\/index.php\/2014\/12\/11\/epilogo\/\" \/>\n<meta property=\"og:locale\" content=\"es_ES\" \/>\n<meta property=\"og:type\" content=\"article\" \/>\n<meta property=\"og:title\" content=\"Ep\u00edlogo - Olvidos de Granada\" \/>\n<meta property=\"og:description\" content=\"Daniel J. Garc\u00eda L\u00f3pez Disidencia, resistencia y exilio El texto se presenta in extrema res. Le preceden 280 p\u00e1ginas. Este ep\u00edlogo forma parte de un libro in\u00e9dito que busca ser\" \/>\n<meta property=\"og:url\" content=\"https:\/\/olvidosdegranada.es\/index.php\/2014\/12\/11\/epilogo\/\" \/>\n<meta property=\"og:site_name\" content=\"Olvidos de Granada\" \/>\n<meta property=\"article:publisher\" content=\"https:\/\/www.facebook.com\/OLVIDOSDIGITAL\" \/>\n<meta property=\"article:published_time\" content=\"2014-12-11T02:29:45+00:00\" \/>\n<meta property=\"article:modified_time\" content=\"2020-12-17T11:36:41+00:00\" \/>\n<meta property=\"og:image\" content=\"https:\/\/olvidosdegranada.es\/wp-content\/uploads\/epilogo.jpg\" \/>\n\t<meta property=\"og:image:width\" content=\"512\" \/>\n\t<meta property=\"og:image:height\" content=\"325\" \/>\n\t<meta property=\"og:image:type\" content=\"image\/jpeg\" \/>\n<meta name=\"author\" content=\"Alfonso Salazar\" \/>\n<meta name=\"twitter:card\" content=\"summary_large_image\" \/>\n<meta name=\"twitter:creator\" content=\"@olvidospuntoes\" \/>\n<meta name=\"twitter:site\" content=\"@olvidospuntoes\" \/>\n<meta name=\"twitter:label1\" content=\"Escrito por\" \/>\n\t<meta name=\"twitter:data1\" content=\"Alfonso Salazar\" \/>\n\t<meta name=\"twitter:label2\" content=\"Tiempo de lectura\" \/>\n\t<meta name=\"twitter:data2\" content=\"18 minutos\" \/>\n<script type=\"application\/ld+json\" class=\"yoast-schema-graph\">{\"@context\":\"https:\\\/\\\/schema.org\",\"@graph\":[{\"@type\":\"Article\",\"@id\":\"https:\\\/\\\/olvidosdegranada.es\\\/index.php\\\/2014\\\/12\\\/11\\\/epilogo\\\/#article\",\"isPartOf\":{\"@id\":\"https:\\\/\\\/olvidosdegranada.es\\\/index.php\\\/2014\\\/12\\\/11\\\/epilogo\\\/\"},\"author\":{\"name\":\"Alfonso Salazar\",\"@id\":\"https:\\\/\\\/olvidosdegranada.es\\\/#\\\/schema\\\/person\\\/2e10b199a19cf21e8fd2391979d33083\"},\"headline\":\"Ep\u00edlogo\",\"datePublished\":\"2014-12-11T02:29:45+00:00\",\"dateModified\":\"2020-12-17T11:36:41+00:00\",\"mainEntityOfPage\":{\"@id\":\"https:\\\/\\\/olvidosdegranada.es\\\/index.php\\\/2014\\\/12\\\/11\\\/epilogo\\\/\"},\"wordCount\":3623,\"commentCount\":0,\"publisher\":{\"@id\":\"https:\\\/\\\/olvidosdegranada.es\\\/#organization\"},\"image\":{\"@id\":\"https:\\\/\\\/olvidosdegranada.es\\\/index.php\\\/2014\\\/12\\\/11\\\/epilogo\\\/#primaryimage\"},\"thumbnailUrl\":\"https:\\\/\\\/olvidosdegranada.es\\\/wp-content\\\/uploads\\\/epilogo.jpg\",\"keywords\":[\"Filosof\u00eda\",\"Pasolini\"],\"articleSection\":[\"Palabras\"],\"inLanguage\":\"es\",\"potentialAction\":[{\"@type\":\"CommentAction\",\"name\":\"Comment\",\"target\":[\"https:\\\/\\\/olvidosdegranada.es\\\/index.php\\\/2014\\\/12\\\/11\\\/epilogo\\\/#respond\"]}]},{\"@type\":\"WebPage\",\"@id\":\"https:\\\/\\\/olvidosdegranada.es\\\/index.php\\\/2014\\\/12\\\/11\\\/epilogo\\\/\",\"url\":\"https:\\\/\\\/olvidosdegranada.es\\\/index.php\\\/2014\\\/12\\\/11\\\/epilogo\\\/\",\"name\":\"Ep\u00edlogo - Olvidos de Granada\",\"isPartOf\":{\"@id\":\"https:\\\/\\\/olvidosdegranada.es\\\/#website\"},\"primaryImageOfPage\":{\"@id\":\"https:\\\/\\\/olvidosdegranada.es\\\/index.php\\\/2014\\\/12\\\/11\\\/epilogo\\\/#primaryimage\"},\"image\":{\"@id\":\"https:\\\/\\\/olvidosdegranada.es\\\/index.php\\\/2014\\\/12\\\/11\\\/epilogo\\\/#primaryimage\"},\"thumbnailUrl\":\"https:\\\/\\\/olvidosdegranada.es\\\/wp-content\\\/uploads\\\/epilogo.jpg\",\"datePublished\":\"2014-12-11T02:29:45+00:00\",\"dateModified\":\"2020-12-17T11:36:41+00:00\",\"description\":\"Daniel J. Garc\u00eda L\u00f3pez Disidencia, resistencia y exilio El texto se presenta in extrema res. Le preceden 280 p\u00e1ginas. Este ep\u00edlogo forma parte de un libro in\u00e9dito que busca ser\",\"breadcrumb\":{\"@id\":\"https:\\\/\\\/olvidosdegranada.es\\\/index.php\\\/2014\\\/12\\\/11\\\/epilogo\\\/#breadcrumb\"},\"inLanguage\":\"es\",\"potentialAction\":[{\"@type\":\"ReadAction\",\"target\":[\"https:\\\/\\\/olvidosdegranada.es\\\/index.php\\\/2014\\\/12\\\/11\\\/epilogo\\\/\"]}]},{\"@type\":\"ImageObject\",\"inLanguage\":\"es\",\"@id\":\"https:\\\/\\\/olvidosdegranada.es\\\/index.php\\\/2014\\\/12\\\/11\\\/epilogo\\\/#primaryimage\",\"url\":\"https:\\\/\\\/olvidosdegranada.es\\\/wp-content\\\/uploads\\\/epilogo.jpg\",\"contentUrl\":\"https:\\\/\\\/olvidosdegranada.es\\\/wp-content\\\/uploads\\\/epilogo.jpg\",\"width\":512,\"height\":325},{\"@type\":\"BreadcrumbList\",\"@id\":\"https:\\\/\\\/olvidosdegranada.es\\\/index.php\\\/2014\\\/12\\\/11\\\/epilogo\\\/#breadcrumb\",\"itemListElement\":[{\"@type\":\"ListItem\",\"position\":1,\"name\":\"Portada\",\"item\":\"https:\\\/\\\/olvidosdegranada.es\\\/\"},{\"@type\":\"ListItem\",\"position\":2,\"name\":\"Ep\u00edlogo\"}]},{\"@type\":\"WebSite\",\"@id\":\"https:\\\/\\\/olvidosdegranada.es\\\/#website\",\"url\":\"https:\\\/\\\/olvidosdegranada.es\\\/\",\"name\":\"Olvidos de Granada\",\"description\":\"Revista de acciones culturales\",\"publisher\":{\"@id\":\"https:\\\/\\\/olvidosdegranada.es\\\/#organization\"},\"potentialAction\":[{\"@type\":\"SearchAction\",\"target\":{\"@type\":\"EntryPoint\",\"urlTemplate\":\"https:\\\/\\\/olvidosdegranada.es\\\/?s={search_term_string}\"},\"query-input\":{\"@type\":\"PropertyValueSpecification\",\"valueRequired\":true,\"valueName\":\"search_term_string\"}}],\"inLanguage\":\"es\"},{\"@type\":\"Organization\",\"@id\":\"https:\\\/\\\/olvidosdegranada.es\\\/#organization\",\"name\":\"Olvidos de Granada\",\"url\":\"https:\\\/\\\/olvidosdegranada.es\\\/\",\"logo\":{\"@type\":\"ImageObject\",\"inLanguage\":\"es\",\"@id\":\"https:\\\/\\\/olvidosdegranada.es\\\/#\\\/schema\\\/logo\\\/image\\\/\",\"url\":\"https:\\\/\\\/olvidosdegranada.es\\\/wp-content\\\/uploads\\\/2020\\\/12\\\/Recurso-9.png\",\"contentUrl\":\"https:\\\/\\\/olvidosdegranada.es\\\/wp-content\\\/uploads\\\/2020\\\/12\\\/Recurso-9.png\",\"width\":700,\"height\":227,\"caption\":\"Olvidos de Granada\"},\"image\":{\"@id\":\"https:\\\/\\\/olvidosdegranada.es\\\/#\\\/schema\\\/logo\\\/image\\\/\"},\"sameAs\":[\"https:\\\/\\\/www.facebook.com\\\/OLVIDOSDIGITAL\",\"https:\\\/\\\/x.com\\\/olvidospuntoes\"]},{\"@type\":\"Person\",\"@id\":\"https:\\\/\\\/olvidosdegranada.es\\\/#\\\/schema\\\/person\\\/2e10b199a19cf21e8fd2391979d33083\",\"name\":\"Alfonso Salazar\",\"image\":{\"@type\":\"ImageObject\",\"inLanguage\":\"es\",\"@id\":\"https:\\\/\\\/secure.gravatar.com\\\/avatar\\\/8768a2dca789940dbdaf5fdd283c795998719eb61dc0c2c16eb3decaaf6b3304?s=96&d=mm&r=g\",\"url\":\"https:\\\/\\\/secure.gravatar.com\\\/avatar\\\/8768a2dca789940dbdaf5fdd283c795998719eb61dc0c2c16eb3decaaf6b3304?s=96&d=mm&r=g\",\"contentUrl\":\"https:\\\/\\\/secure.gravatar.com\\\/avatar\\\/8768a2dca789940dbdaf5fdd283c795998719eb61dc0c2c16eb3decaaf6b3304?s=96&d=mm&r=g\",\"caption\":\"Alfonso Salazar\"},\"url\":\"https:\\\/\\\/olvidosdegranada.es\\\/index.php\\\/author\\\/alfonso-salazar\\\/\"}]}<\/script>\n<!-- \/ Yoast SEO plugin. -->","yoast_head_json":{"title":"Ep\u00edlogo - Olvidos de Granada","description":"Daniel J. Garc\u00eda L\u00f3pez Disidencia, resistencia y exilio El texto se presenta in extrema res. Le preceden 280 p\u00e1ginas. Este ep\u00edlogo forma parte de un libro in\u00e9dito que busca ser","robots":{"index":"index","follow":"follow","max-snippet":"max-snippet:-1","max-image-preview":"max-image-preview:large","max-video-preview":"max-video-preview:-1"},"canonical":"https:\/\/olvidosdegranada.es\/index.php\/2014\/12\/11\/epilogo\/","og_locale":"es_ES","og_type":"article","og_title":"Ep\u00edlogo - Olvidos de Granada","og_description":"Daniel J. Garc\u00eda L\u00f3pez Disidencia, resistencia y exilio El texto se presenta in extrema res. Le preceden 280 p\u00e1ginas. Este ep\u00edlogo forma parte de un libro in\u00e9dito que busca ser","og_url":"https:\/\/olvidosdegranada.es\/index.php\/2014\/12\/11\/epilogo\/","og_site_name":"Olvidos de Granada","article_publisher":"https:\/\/www.facebook.com\/OLVIDOSDIGITAL","article_published_time":"2014-12-11T02:29:45+00:00","article_modified_time":"2020-12-17T11:36:41+00:00","og_image":[{"width":512,"height":325,"url":"https:\/\/olvidosdegranada.es\/wp-content\/uploads\/epilogo.jpg","type":"image\/jpeg"}],"author":"Alfonso Salazar","twitter_card":"summary_large_image","twitter_creator":"@olvidospuntoes","twitter_site":"@olvidospuntoes","twitter_misc":{"Escrito por":"Alfonso Salazar","Tiempo de lectura":"18 minutos"},"schema":{"@context":"https:\/\/schema.org","@graph":[{"@type":"Article","@id":"https:\/\/olvidosdegranada.es\/index.php\/2014\/12\/11\/epilogo\/#article","isPartOf":{"@id":"https:\/\/olvidosdegranada.es\/index.php\/2014\/12\/11\/epilogo\/"},"author":{"name":"Alfonso Salazar","@id":"https:\/\/olvidosdegranada.es\/#\/schema\/person\/2e10b199a19cf21e8fd2391979d33083"},"headline":"Ep\u00edlogo","datePublished":"2014-12-11T02:29:45+00:00","dateModified":"2020-12-17T11:36:41+00:00","mainEntityOfPage":{"@id":"https:\/\/olvidosdegranada.es\/index.php\/2014\/12\/11\/epilogo\/"},"wordCount":3623,"commentCount":0,"publisher":{"@id":"https:\/\/olvidosdegranada.es\/#organization"},"image":{"@id":"https:\/\/olvidosdegranada.es\/index.php\/2014\/12\/11\/epilogo\/#primaryimage"},"thumbnailUrl":"https:\/\/olvidosdegranada.es\/wp-content\/uploads\/epilogo.jpg","keywords":["Filosof\u00eda","Pasolini"],"articleSection":["Palabras"],"inLanguage":"es","potentialAction":[{"@type":"CommentAction","name":"Comment","target":["https:\/\/olvidosdegranada.es\/index.php\/2014\/12\/11\/epilogo\/#respond"]}]},{"@type":"WebPage","@id":"https:\/\/olvidosdegranada.es\/index.php\/2014\/12\/11\/epilogo\/","url":"https:\/\/olvidosdegranada.es\/index.php\/2014\/12\/11\/epilogo\/","name":"Ep\u00edlogo - Olvidos de Granada","isPartOf":{"@id":"https:\/\/olvidosdegranada.es\/#website"},"primaryImageOfPage":{"@id":"https:\/\/olvidosdegranada.es\/index.php\/2014\/12\/11\/epilogo\/#primaryimage"},"image":{"@id":"https:\/\/olvidosdegranada.es\/index.php\/2014\/12\/11\/epilogo\/#primaryimage"},"thumbnailUrl":"https:\/\/olvidosdegranada.es\/wp-content\/uploads\/epilogo.jpg","datePublished":"2014-12-11T02:29:45+00:00","dateModified":"2020-12-17T11:36:41+00:00","description":"Daniel J. Garc\u00eda L\u00f3pez Disidencia, resistencia y exilio El texto se presenta in extrema res. Le preceden 280 p\u00e1ginas. Este ep\u00edlogo forma parte de un libro in\u00e9dito que busca ser","breadcrumb":{"@id":"https:\/\/olvidosdegranada.es\/index.php\/2014\/12\/11\/epilogo\/#breadcrumb"},"inLanguage":"es","potentialAction":[{"@type":"ReadAction","target":["https:\/\/olvidosdegranada.es\/index.php\/2014\/12\/11\/epilogo\/"]}]},{"@type":"ImageObject","inLanguage":"es","@id":"https:\/\/olvidosdegranada.es\/index.php\/2014\/12\/11\/epilogo\/#primaryimage","url":"https:\/\/olvidosdegranada.es\/wp-content\/uploads\/epilogo.jpg","contentUrl":"https:\/\/olvidosdegranada.es\/wp-content\/uploads\/epilogo.jpg","width":512,"height":325},{"@type":"BreadcrumbList","@id":"https:\/\/olvidosdegranada.es\/index.php\/2014\/12\/11\/epilogo\/#breadcrumb","itemListElement":[{"@type":"ListItem","position":1,"name":"Portada","item":"https:\/\/olvidosdegranada.es\/"},{"@type":"ListItem","position":2,"name":"Ep\u00edlogo"}]},{"@type":"WebSite","@id":"https:\/\/olvidosdegranada.es\/#website","url":"https:\/\/olvidosdegranada.es\/","name":"Olvidos de Granada","description":"Revista de acciones culturales","publisher":{"@id":"https:\/\/olvidosdegranada.es\/#organization"},"potentialAction":[{"@type":"SearchAction","target":{"@type":"EntryPoint","urlTemplate":"https:\/\/olvidosdegranada.es\/?s={search_term_string}"},"query-input":{"@type":"PropertyValueSpecification","valueRequired":true,"valueName":"search_term_string"}}],"inLanguage":"es"},{"@type":"Organization","@id":"https:\/\/olvidosdegranada.es\/#organization","name":"Olvidos de Granada","url":"https:\/\/olvidosdegranada.es\/","logo":{"@type":"ImageObject","inLanguage":"es","@id":"https:\/\/olvidosdegranada.es\/#\/schema\/logo\/image\/","url":"https:\/\/olvidosdegranada.es\/wp-content\/uploads\/2020\/12\/Recurso-9.png","contentUrl":"https:\/\/olvidosdegranada.es\/wp-content\/uploads\/2020\/12\/Recurso-9.png","width":700,"height":227,"caption":"Olvidos de Granada"},"image":{"@id":"https:\/\/olvidosdegranada.es\/#\/schema\/logo\/image\/"},"sameAs":["https:\/\/www.facebook.com\/OLVIDOSDIGITAL","https:\/\/x.com\/olvidospuntoes"]},{"@type":"Person","@id":"https:\/\/olvidosdegranada.es\/#\/schema\/person\/2e10b199a19cf21e8fd2391979d33083","name":"Alfonso Salazar","image":{"@type":"ImageObject","inLanguage":"es","@id":"https:\/\/secure.gravatar.com\/avatar\/8768a2dca789940dbdaf5fdd283c795998719eb61dc0c2c16eb3decaaf6b3304?s=96&d=mm&r=g","url":"https:\/\/secure.gravatar.com\/avatar\/8768a2dca789940dbdaf5fdd283c795998719eb61dc0c2c16eb3decaaf6b3304?s=96&d=mm&r=g","contentUrl":"https:\/\/secure.gravatar.com\/avatar\/8768a2dca789940dbdaf5fdd283c795998719eb61dc0c2c16eb3decaaf6b3304?s=96&d=mm&r=g","caption":"Alfonso Salazar"},"url":"https:\/\/olvidosdegranada.es\/index.php\/author\/alfonso-salazar\/"}]}},"jetpack_sharing_enabled":true,"jetpack_featured_media_url":"https:\/\/olvidosdegranada.es\/wp-content\/uploads\/epilogo.jpg","_links":{"self":[{"href":"https:\/\/olvidosdegranada.es\/index.php\/wp-json\/wp\/v2\/posts\/858","targetHints":{"allow":["GET"]}}],"collection":[{"href":"https:\/\/olvidosdegranada.es\/index.php\/wp-json\/wp\/v2\/posts"}],"about":[{"href":"https:\/\/olvidosdegranada.es\/index.php\/wp-json\/wp\/v2\/types\/post"}],"author":[{"embeddable":true,"href":"https:\/\/olvidosdegranada.es\/index.php\/wp-json\/wp\/v2\/users\/4"}],"replies":[{"embeddable":true,"href":"https:\/\/olvidosdegranada.es\/index.php\/wp-json\/wp\/v2\/comments?post=858"}],"version-history":[{"count":5,"href":"https:\/\/olvidosdegranada.es\/index.php\/wp-json\/wp\/v2\/posts\/858\/revisions"}],"predecessor-version":[{"id":3026,"href":"https:\/\/olvidosdegranada.es\/index.php\/wp-json\/wp\/v2\/posts\/858\/revisions\/3026"}],"wp:featuredmedia":[{"embeddable":true,"href":"https:\/\/olvidosdegranada.es\/index.php\/wp-json\/wp\/v2\/media\/3019"}],"wp:attachment":[{"href":"https:\/\/olvidosdegranada.es\/index.php\/wp-json\/wp\/v2\/media?parent=858"}],"wp:term":[{"taxonomy":"category","embeddable":true,"href":"https:\/\/olvidosdegranada.es\/index.php\/wp-json\/wp\/v2\/categories?post=858"},{"taxonomy":"post_tag","embeddable":true,"href":"https:\/\/olvidosdegranada.es\/index.php\/wp-json\/wp\/v2\/tags?post=858"}],"curies":[{"name":"wp","href":"https:\/\/api.w.org\/{rel}","templated":true}]}}