{"id":813,"date":"2017-12-15T11:36:23","date_gmt":"2017-12-15T11:36:23","guid":{"rendered":"https:\/\/olvidosdegranada.es\/?p=813"},"modified":"2020-12-08T19:24:39","modified_gmt":"2020-12-08T19:24:39","slug":"troppo-mare","status":"publish","type":"post","link":"https:\/\/olvidosdegranada.es\/index.php\/2017\/12\/15\/troppo-mare\/","title":{"rendered":"Troppo Mare"},"content":{"rendered":"\n<h2 class=\"wp-block-heading\">Cuaderno de un n\u00e1ufrago<\/h2>\n\n\n\n<h3 class=\"wp-block-heading\">Teresa G\u00f3mez<\/h3>\n\n\n\n<p>Para los amantes de la poes\u00eda es emocionante reencontrarse, en Esdr\u00fajula, con una nueva edici\u00f3n del Troppo Mare, un libro esencial para la poes\u00eda del \u00faltimo cuarto del siglo XX. Y en mi caso, de una forma excepcional, pues los versos del Troppo Mare y su propio autor, Javier Egea, Quisquete, est\u00e1n en la g\u00e9nesis de mi identidad po\u00e9tica. Fue un amigo entra\u00f1able con quien compart\u00eda deliberaciones alimentadas por las pasiones compartidas y la esperanza de que nuestros versos iban a contribuir a la construcci\u00f3n de un mundo mejor. Juntos rastreamos muchas veces las claves que nos permit\u00edan desenmascarar el lenguaje construido, impuesto, marcado por el poder, y descubrir la falta de inocencia del lenguaje, su capacidad para condicionar las vivencias y la identidad. Compart\u00edamos la paradoja de que el lenguaje que necesitamos para expresarnos y para comunicarnos, a menudo representaba un obst\u00e1culo para el conocimiento, para el sentimiento. T<span style=\"font-size: inherit; background-color: initial;\">roppo Mare es el libro de un hombre destrozado que huye de su fracaso amoroso (pero quiz\u00e1 tambi\u00e9n po\u00e9tico y vital) para tratar tanto de explicarse su pasado \u00abde la marginalidad rebelde\u00bb, como para tratar de reconstruir su futuro. Para dejar de \u00abcontarse cuentos\u00bb como dir\u00eda Althusser; o quiz\u00e1 Gramsci lo dir\u00eda de otra manera, para \u00abelaborar su propia concepci\u00f3n del mundo consciente y cr\u00edticamente\u00bb para escribir su \u00abpropia historia\u00bb &nbsp;(aunque quiz\u00e1 esta huida la consiguiera m\u00e1s en t\u00e9rminos po\u00e9ticos que vitales).<\/span><\/p>\n\n\n\n<p>Siempre he le\u00eddo el Troppo Mare como un cuaderno de na\u00fafrago. Nos se\u00f1ala la constataci\u00f3n de la inmensidad \u00abextra\u00f1o tanto mar\u00bb y el desconocimiento &nbsp;de los problemas que le acechan \u00abraro este cielo&#8230;\u00bb; aislado del mundo en situaci\u00f3n l\u00edmite, al borde de la&nbsp; desesperaci\u00f3n, se afana en recomponer \u00abeste naufragio que se crece en la orilla\u00bb y construye herramientas para enfrentarse a las adversidades. Tras la proeza de su viaje interior por parajes desconocidos, muy a menudo hostiles, pues en el camino sinti\u00f3 dolor, surgieron imprevistos, corri\u00f3 peligros, permaneci\u00f3 en la incertidumbre&#8230; arriba a tierra firme, victorioso.<\/p>\n\n\n\n<pre class=\"wp-block-verse\"><em>Por el camino de la piel abajo<\/em>\n<em>hacia una luz m\u00e1s honda que la piedra,<\/em>\n<em>m\u00e1s profunda que huesos y ra\u00edces,<\/em>\n<em>es que voy derivando nuevo y solo.<\/em><\/pre>\n\n\n\n<p>&nbsp;&nbsp;&nbsp;&nbsp;&nbsp;&nbsp;&nbsp;&nbsp; Finalmente siente la certeza de que, buceando en el lenguaje y en el inconsciente, &nbsp;ha descubierto los mecanismos de la ideolog\u00eda dominante en la producci\u00f3n po\u00e9tica, las trampas ideol\u00f3gicas. Y por tanto a partir de aqu\u00ed, consciente de tales mecanismos, romper\u00e1 con su manera de leer y escribir la poes\u00eda hasta ese momento, para concebirla como pr\u00e1ctica ideol\u00f3gica, como instrumento de an\u00e1lisis y reconstrucci\u00f3n de la realidad. La literatura como discurso radicalmente hist\u00f3rico. La radical historicidad en la que Juan Carlos Rodr\u00edguez insist\u00eda una y otra vez: los sentimientos son hist\u00f3ricos y se pueden cambiar. Su ruptura no fue s\u00f3lo con una forma de hacer poes\u00eda sino tambi\u00e9n con la palabra po\u00e9tica y con su propia forma de sentir, revelando sus contradicciones. Esta supervivencia, esta reconstrucci\u00f3n le fue posible a trav\u00e9s de la dial\u00e9ctica, esa fue su aut\u00e9ntica tabla de salvaci\u00f3n. La convicci\u00f3n de que su angustia, como la angustia de todos, tiene su epicentro en el enfermizo y desgarrador inconsciente ideol\u00f3gico burgu\u00e9s, mitiga, en cierto modo, su derrota personal al interpretarla en clave de derrota colectiva; le concede cierta esperanza entregado a la reflexi\u00f3n para la construcci\u00f3n de <em>otras<\/em> relaciones humanas y <em>otra<\/em> manera de leer y escribir la poes\u00eda. Pero para cuestionarlo tuvo que distanciarse de lo que hab\u00eda sido su mundo e inici\u00f3 su viaje (un viaje metaf\u00edsico, tanto m\u00e1s arriesgado cuanto fue mental). Huy\u00f3 sin rumbo &nbsp;(lo importante no era el lugar donde habr\u00eda de llegar) aunque qued\u00f3 atrapado en ese extraordinario rinc\u00f3n: la Isleta del Moro.<\/p>\n\n\n\n<pre class=\"wp-block-verse\"><em><em>\u00bfQui\u00e9n hubiese pensado que en medio del desierto<\/em>\n<em>floreciera la curva desnuda, lujuriosa,<\/em>\n<em>el preg\u00f3n ascendido,<\/em>\n<em>la cadera y la voz del horizonte?<\/em><\/em><\/pre>\n\n\n\n<p>&nbsp;&nbsp;&nbsp;&nbsp;&nbsp;&nbsp;&nbsp;&nbsp; Pero aunque habr\u00eda de vagar sin destino prefijado, no lo hizo sin referencias pues se llev\u00f3 consigo algunos instrumentos de primeros auxilios que le permitieron trazar el mapa de su deriva, a saber <em>Teor\u00eda e historia de la producci\u00f3n ideol\u00f3gica<\/em> del profesor y querido maestro de varias generaciones de escritores y pensadores Juan Carlos Rodr\u00edguez (no por nada el Troppo Mare est\u00e1 dedicado a \u00e9l), textos que le permitieron mantener un di\u00e1logo constante con las grandes voces universales para releerlas de manera personal, Garcilaso, Machado, Lorca, Miguel Hern\u00e1ndez, Alberti, Gil de Biedma&#8230; sin despreciar los ecos de sus debates po\u00e9ticos hasta la madrugada con Luis Garc\u00eda Montero, con \u00c1lvaro Salvador con Mariano Maresca, Andr\u00e9s Soria, \u00c1ngela Olalla, Juan Vida&#8230;<\/p>\n\n\n\n<pre class=\"wp-block-verse\">&nbsp;<em>Sin ti polvo, ceniza. Sin vosotros la nada.<\/em>..<\/pre>\n\n\n\n<p>\u00c1ngeles Mora y yo est\u00e1bamos a punto de llegar, por cierto en el 80, justo cuando Juan Carlos Rodr\u00edguez presentando el Troppo Mare en La Madraza nos anunci\u00f3 \u00abUstedes van a escuchar hoy a \u00abotro poeta\u00bb. No un poeta m\u00e1s maduro, no un poeta m\u00e1s evolucionado sino una cosa completa, radicalmente distinta. No evoluci\u00f3n sino Ruptura. Un poeta situado en un horizonte materialista, un poeta <em>otro<\/em>\u00ab. &nbsp;(Recordemos que ya hab\u00eda publicado dos libros anteriores <em>A boca de parir<\/em> y <em>Serena luz del viento<\/em> de po\u00e9tica m\u00e1s l\u00edrica y sentimental). Por eso es tan importante que no confundamos la terminolog\u00eda <em>Nueva sentimentalidad<\/em> que hablar\u00eda de una evoluci\u00f3n dentro del mismo sistema con <em>Otra sentimentalidad<\/em> que representar\u00eda la ruptura con el sistema. Una poes\u00eda transformadora en el discurso y en las conciencias, emanada del pensamiento marxista. Pero quiz\u00e1 establecer corrientes y cajones para la poes\u00eda no sea m\u00e1s que un recurso metodol\u00f3gico que no aporta nada a la propia poes\u00eda y por tanto no vamos a encerrar la identidad po\u00e9tica de Javier en la etiqueta \u00abLa Otra Sentimentalidad\u00bb y por la misma raz\u00f3n no vamos a profundizar en este sentido; por mucho que sin duda, el reconocimiento del magisterio de Juan Carlos Rodr\u00edguez, la vinculaci\u00f3n con poetas como Alberti, Gil de Biedma o \u00c1ngel Gonz\u00e1lez, el compromiso pol\u00edtico de izquierdas , la actitud moral (como dir\u00eda Andr\u00e9s Soria) y la predilecci\u00f3n por temas de la experiencia cotidiana &nbsp;de un peque\u00f1o grupo de amigos traz\u00f3 un territorio com\u00fan que propici\u00f3 un punto de partida para su trayectoria po\u00e9tica.<\/p>\n\n\n\n<p>&nbsp;&nbsp;&nbsp;&nbsp;&nbsp;&nbsp;&nbsp;&nbsp; En el proceso de creaci\u00f3n del Troppo Mare va distanci\u00e1ndose de su propio yo po\u00e9tico, superando el egocentrismo po\u00e9tico y en definitiva, logrando transformar su propia historia en la historia de todos convirti\u00e9ndose as\u00ed en un poeta universal.<\/p>\n\n\n\n<pre class=\"wp-block-verse\"><em>Ra\u00edles donde tiendo mi soledad de siglos<\/em>\n<em>que es un grito en mis ojos y es de siempre y de todos.<\/em><\/pre>\n\n\n\n<p>&nbsp;&nbsp;&nbsp;&nbsp;&nbsp;&nbsp;&nbsp;&nbsp; La lectura de Juan Carlos Rodr\u00edguez va desvel\u00e1ndole c\u00f3mo el capitalismo nos conduce al desamor y la soledad y \u00e9l lo va poniendo en verso.<\/p>\n\n\n\n<pre class=\"wp-block-verse\"><em><em>\u00bfQu\u00e9 luz extra\u00f1a, dime, ha poblado este cuerpo<\/em>\n<em>repetido en portales, escaparates, brumas,<\/em>\n<em>ingenuo paseante de la ciudad, hermano,<\/em>\n<em>caminante del mismo aturdimiento<\/em>\n<em>que estos siglos de expolio pusieron en los ojos,<\/em>\n<em>qu\u00e9 luz extra\u00f1a, dime,<\/em>\n<em>hay en la soledad y en la memoria.<\/em>&nbsp;&nbsp;&nbsp;&nbsp;&nbsp;&nbsp;&nbsp;&nbsp;&nbsp;&nbsp;&nbsp;&nbsp;&nbsp;&nbsp;&nbsp;&nbsp;&nbsp;&nbsp;&nbsp;&nbsp;&nbsp;&nbsp;&nbsp;&nbsp;&nbsp;&nbsp;&nbsp;&nbsp;&nbsp;&nbsp;&nbsp;&nbsp;&nbsp;&nbsp;&nbsp;&nbsp;&nbsp;&nbsp;&nbsp;&nbsp;&nbsp;&nbsp;&nbsp;&nbsp;&nbsp;&nbsp;&nbsp;&nbsp;&nbsp;&nbsp;&nbsp;&nbsp;&nbsp;<\/em><\/pre>\n\n\n\n<p>&nbsp;&nbsp;&nbsp;&nbsp;&nbsp;&nbsp;&nbsp;&nbsp; En Troppo Mare, Javier Egea mira a su alrededor y todo lo que ve lo interpreta en t\u00e9rminos de reconstrucci\u00f3n. Hace del paisaje inmenso y estremecedor que encuentra en la Isleta el mapa de su reconstrucci\u00f3n. Se borran los l\u00edmites entre la naturaleza del cabo de Gata y sus emociones. Hu\u00eda de la realidad pero se dio de bruces con ella e intent\u00f3 transformarla con una sola herramienta: su po\u00e9tica. El dolor est\u00e1 presenta en cada uno de sus versos, un dolor sereno, reflexivo s\u00ed, pero dolor en cada una de sus miradas.<\/p>\n\n\n\n<pre class=\"wp-block-verse\"><em>Lo que pueda contaros<\/em>\n<em>es todo lo que s\u00e9 desde el dolor<\/em>\n<em>y eso nunca se inventa.<\/em><\/pre>\n\n\n\n<p>&nbsp;&nbsp;&nbsp;&nbsp;&nbsp;&nbsp;&nbsp;&nbsp; Desde esa empecinada rebeld\u00eda con que se enfrent\u00f3 al mundo, comprometido tan tenazmente, tan implacablemente contra la injusticia y la mentira, hurg\u00f3 en las emociones como hurg\u00f3 en las barras de los bares o en las caderas de las mujeres a las que am\u00f3, y en todos sitios encontr\u00f3 palabras. Sus versos l\u00facidos nos ofrecen claves sin fin para ahondar en lo humano -amor, celos, odio, vanidad&#8230;- y poner en cuesti\u00f3n la realidad algunas veces esperanzadora, pero tan a menudo, demoledora.<\/p>\n\n\n\n<p>&nbsp;&nbsp;&nbsp;&nbsp;&nbsp;&nbsp;&nbsp;&nbsp; La paradoja es que nos convenci\u00f3 a todos, menos a s\u00ed mismo, y puso fin a bocajarro. Se march\u00f3 a buscar territorios po\u00e9ticos a\u00fan sin explorar.<\/p>\n\n\n\n<pre class=\"wp-block-verse\"><em>&nbsp;Y t\u00fa no est\u00e1s pero tu voz nos llama.<\/em>\n<em>Para los que quedamos es m\u00e1s triste el camino.<\/em><\/pre>\n\n\n<!--nextpage-->\n\n\n\n<h3 class=\"wp-block-heading\"><strong>de V\u00edctor Miguel Gallardo Barrag\u00e1n y Miguel \u00c1ngel Arcas<\/strong><\/h3>\n\n\n\n<figure class=\"wp-block-image size-large\"><img loading=\"lazy\" decoding=\"async\" width=\"697\" height=\"1024\" src=\"https:\/\/olvidosdegranada.es\/wp-content\/uploads\/2020\/11\/Diseno-de-cubierta-Victor-Miguel-Gallardo-Barragan-y-Miguel-Angel-Arcas-697x1024.jpg\" alt=\"\" class=\"wp-image-815\" srcset=\"https:\/\/olvidosdegranada.es\/wp-content\/uploads\/2020\/11\/Diseno-de-cubierta-Victor-Miguel-Gallardo-Barragan-y-Miguel-Angel-Arcas-697x1024.jpg 697w, https:\/\/olvidosdegranada.es\/wp-content\/uploads\/2020\/11\/Diseno-de-cubierta-Victor-Miguel-Gallardo-Barragan-y-Miguel-Angel-Arcas-204x300.jpg 204w, https:\/\/olvidosdegranada.es\/wp-content\/uploads\/2020\/11\/Diseno-de-cubierta-Victor-Miguel-Gallardo-Barragan-y-Miguel-Angel-Arcas-768x1128.jpg 768w, https:\/\/olvidosdegranada.es\/wp-content\/uploads\/2020\/11\/Diseno-de-cubierta-Victor-Miguel-Gallardo-Barragan-y-Miguel-Angel-Arcas-1046x1536.jpg 1046w, https:\/\/olvidosdegranada.es\/wp-content\/uploads\/2020\/11\/Diseno-de-cubierta-Victor-Miguel-Gallardo-Barragan-y-Miguel-Angel-Arcas-1395x2048.jpg 1395w, https:\/\/olvidosdegranada.es\/wp-content\/uploads\/2020\/11\/Diseno-de-cubierta-Victor-Miguel-Gallardo-Barragan-y-Miguel-Angel-Arcas-scaled.jpg 1362w\" sizes=\"auto, (max-width: 697px) 100vw, 697px\" \/><\/figure>\n\n\n\n<p><\/p>\n\n\n<!--nextpage-->\n\n\n<div style=\"display:block\">\n<!-- FlowPaper PDF flipbook plugin v.2.0.8 wordpress.org\/plugins\/flowpaper\/ -->\n<iframe title=\"FlowPaper flipbook pdf viewer\" width=\"100%\" height=\"500\" scrolling=\"no\" class=\"flowpaper-class\" frameborder=\"0\" allowFullScreen=\"true\" lightbox=\"false\" cover id src = \"https:\/\/flowpaper.com\/flipbook\/?pdf=https:\/\/olvidosdegranada.es\/wp-content\/uploads\/2020\/11\/troppoempiezaaleer-1.pdf?wp-hosted=1&title=&header=&theme=&singlepage=&thumbs=1&modified=201208724\" seamless=\"seamless\" style=\"margin-bottom:0;display:block;\">Your browser does not seem to support iframes. <a href=\"https:\/\/flowpaper.com\/flipbook\/?pdf=https:\/\/olvidosdegranada.es\/wp-content\/uploads\/2020\/11\/troppoempiezaaleer-1.pdf?wp-hosted=1\" target=\"_blank\">Click here to read this PDF<\/a>.<\/iframe>\n<div id=\"flowpaper-logo-bottom\" class=\"flowpaper-logo-bg\" style=\"background:linear-gradient(to right, rgba(0,0,0,0.65) 0%,rgba(0,0,0,0) 200px);width:100%;height:19px; padding-bottom: 1px; padding-left: 5px; padding-right: 10px; display: flex; align-items: center;z-index:9999\"><span style=\"height: 37px; padding-left: 6px;width:90%\"> <a id=\"flowpaper-link\" style=\"fill: #fff\" alt=\"FlowPaper logotype\" title=\"FlowPaper logotype\" href=\"https:\/\/flowpaper.com\" target=\"_blank\"> <img decoding=\"async\" alt=\"Publish PDF flipbooks online\" style=\"height:17px;width:auto;margin-top:11px;\" src=\"https:\/\/olvidosdegranada.es\/wp-content\/plugins\/flowpaper-lite-pdf-flipbook\/assets\/flowpaper-logo.png\" border=\"0\"> <\/a> <\/span><span style=\" float: right; right: 0; font-size: 10px; white-space: nowrap; opacity:0.8\"><a href=\"https:\/\/flowpaper.com\/flipbook-maker\/\" target=\"_new\" style=\"text-decoration:none;border-bottom:none;\">This flipbook was created in FlowPaper &#8599;<\/a><\/span><\/div><\/div>\r\n                <script>\r\n                document.addEventListener(\"DOMContentLoaded\", function(){\r\n                    var target_element, iframe_element;\r\n                    iframe_element = document.querySelector(\"iframe.flowpaper-class\");\r\n                    target_element = document.querySelector(\"\");\r\n                    iframe_element.style.height = target_element.offsetHeight + \"px\";\r\n                });\r\n                <\/script>\r\n            \n\n\n<!--nextpage-->\n\n\n\n<figure class=\"wp-block-embed-youtube wp-block-embed is-type-video is-provider-youtube wp-embed-aspect-4-3 wp-has-aspect-ratio\"><div class=\"wp-block-embed__wrapper\">\n<iframe loading=\"lazy\" title=\"TROPPO MARE (La poes\u00eda de Javier Egea)\" width=\"1200\" height=\"900\" src=\"https:\/\/www.youtube.com\/embed\/dE1cvP7Sl0g?feature=oembed\" frameborder=\"0\" allow=\"accelerometer; autoplay; clipboard-write; encrypted-media; gyroscope; picture-in-picture\" allowfullscreen><\/iframe>\n<\/div><\/figure>\n\n\n<!--nextpage-->\n\n\n\n<h3 class=\"wp-block-heading\">Mariano Maresca<\/h3>\n\n\n\n<p>Si hubo algo verdaderamente incomparable para Quisquete fue la poes\u00eda, o mejor dicho, la poes\u00eda que \u00e9l aspiraba a escribir, la que deb\u00eda ser m\u00e1s necesaria que hermosa<strong>; <\/strong>y lo m\u00e1s parecido a eso incomparable fue para \u00e9l \u201cTroppo mare\u201d\u00b7, o mejor, escribir \u201cTroppo mare\u201d. Cuando volvi\u00f3 de la Isleta del Moro con el poema ya terminado<strong>, <\/strong>Javier estaba lleno a\u00fan de la energ\u00eda y el sentimiento de novedad que aquel poema le hab\u00eda revelado como algo que estaba en su vida y con lo que deb\u00eda reconciliarse. La energ\u00eda y el sentimiento de novedad nunca lo abandonaron, pero los grandes poemas que siguieron a \u201cTroppo mare\u201d dejaban ya un margen mucho m\u00e1s escaso a la reconciliaci\u00f3n consigo mismo. De todas formas, la negaci\u00f3n que encabeza este peque\u00f1o poema in\u00e9dito resultar\u00eda excesivamente categ\u00f3rica hasta para el mismo Quisquete, aunque s\u00f3lo fuera porque, aun habiendo escrito ya \u201cTroppo mare\u201d, \u00e9l nunca dej\u00f3 de aspirar a una poes\u00eda sin parang\u00f3n.<\/p>\n\n\n\n<blockquote class=\"wp-block-quote has-text-align-right is-style-large is-layout-flow wp-block-quote-is-layout-flow\"><p><em>Texto de Mariano Maresca y poema aut\u00f3grafo publicado en Un d\u00eda feliz (Colecci\u00f3n La Isleta del Moro, Asociaci\u00f3n del Diente de Oro, Granada, 2004)<\/em><\/p><\/blockquote>\n\n\n\n<pre class=\"wp-block-verse\">Ya no hay pasi\u00f3n ni luz\nYa no hay pasi\u00f3n ni luz\nque se compare\na aquellos tiempos nuevos\nen que yo escrib\u00eda\n\u201cTroppo Mare\u201d.\nY fue de tanto amar\nque me top\u00e9 de pronto\ncon demasiado mar.<\/pre>\n\n\n\n<blockquote class=\"wp-block-quote has-text-align-right is-style-large is-layout-flow wp-block-quote-is-layout-flow\"><p>21-5-1983<\/p><\/blockquote>\n\n\n\n<figure class=\"wp-block-image size-large\"><img loading=\"lazy\" decoding=\"async\" width=\"843\" height=\"1024\" src=\"https:\/\/olvidosdegranada.es\/wp-content\/uploads\/2020\/11\/ya-no-hay-pasion-ni-luz-843x1024.jpg\" alt=\"\" class=\"wp-image-817\" srcset=\"https:\/\/olvidosdegranada.es\/wp-content\/uploads\/2020\/11\/ya-no-hay-pasion-ni-luz-843x1024.jpg 843w, https:\/\/olvidosdegranada.es\/wp-content\/uploads\/2020\/11\/ya-no-hay-pasion-ni-luz-247x300.jpg 247w, https:\/\/olvidosdegranada.es\/wp-content\/uploads\/2020\/11\/ya-no-hay-pasion-ni-luz-768x933.jpg 768w, https:\/\/olvidosdegranada.es\/wp-content\/uploads\/2020\/11\/ya-no-hay-pasion-ni-luz.jpg 1059w\" sizes=\"auto, (max-width: 843px) 100vw, 843px\" \/><\/figure>\n","protected":false},"excerpt":{"rendered":"<p>Cuaderno de un n\u00e1ufrago Teresa G\u00f3mez Para los amantes de la poes\u00eda es emocionante reencontrarse, &#8230; <\/p>\n<p class=\"read-more-container\"><a title=\"Troppo Mare\" class=\"read-more button\" href=\"https:\/\/olvidosdegranada.es\/index.php\/2017\/12\/15\/troppo-mare\/#more-813\" aria-label=\"Leer m\u00e1s sobre Troppo Mare\">Leer m\u00e1s<\/a><\/p>\n","protected":false},"author":4,"featured_media":0,"comment_status":"open","ping_status":"closed","sticky":false,"template":"","format":"standard","meta":{"_acf_changed":false,"_jetpack_newsletter_access":"","_jetpack_dont_email_post_to_subs":false,"_jetpack_newsletter_tier_id":0,"_jetpack_memberships_contains_paywalled_content":false,"_jetpack_feature_clip_id":0,"_jetpack_memberships_contains_paid_content":false,"footnotes":"","jetpack_post_was_ever_published":false},"categories":[5],"tags":[52,53],"class_list":["post-813","post","type-post","status-publish","format-standard","hentry","category-piezas-procesos","tag-javier-egea","tag-poesia","infinite-scroll-item","generate-columns","tablet-grid-50","mobile-grid-100","grid-parent","grid-33","no-featured-image-padding"],"acf":[],"yoast_head":"<!-- This site is optimized with the Yoast SEO plugin v28.3 - https:\/\/yoast.com\/product\/yoast-seo-wordpress\/ -->\n<title>Troppo Mare - Olvidos de Granada<\/title>\n<meta name=\"description\" content=\"Teresa G\u00f3mez, Mariano Maresca, Miguel \u00c1ngel Arcas, V\u00edctor M. Gallardo Cuaderno de un n\u00e1ufrago Teresa G\u00f3mez Para los amantes de la poes\u00eda es emocionante reencontrarse, en Esdr\u00fajula, con una nueva edici\u00f3n del Troppo Mare, un\" \/>\n<meta name=\"robots\" content=\"index, follow, max-snippet:-1, max-image-preview:large, max-video-preview:-1\" \/>\n<link rel=\"canonical\" href=\"https:\/\/olvidosdegranada.es\/index.php\/2017\/12\/15\/troppo-mare\/\" \/>\n<meta property=\"og:locale\" content=\"es_ES\" \/>\n<meta property=\"og:type\" content=\"article\" \/>\n<meta property=\"og:title\" content=\"Troppo Mare - Olvidos de Granada\" \/>\n<meta property=\"og:description\" content=\"Teresa G\u00f3mez, Mariano Maresca, Miguel \u00c1ngel Arcas, V\u00edctor M. Gallardo Cuaderno de un n\u00e1ufrago Teresa G\u00f3mez Para los amantes de la poes\u00eda es emocionante reencontrarse, en Esdr\u00fajula, con una nueva edici\u00f3n del Troppo Mare, un\" \/>\n<meta property=\"og:url\" content=\"https:\/\/olvidosdegranada.es\/index.php\/2017\/12\/15\/troppo-mare\/\" \/>\n<meta property=\"og:site_name\" content=\"Olvidos de Granada\" \/>\n<meta property=\"article:publisher\" content=\"https:\/\/www.facebook.com\/OLVIDOSDIGITAL\" \/>\n<meta property=\"article:published_time\" content=\"2017-12-15T11:36:23+00:00\" \/>\n<meta property=\"article:modified_time\" content=\"2020-12-08T19:24:39+00:00\" \/>\n<meta property=\"og:image\" content=\"https:\/\/olvidosdegranada.es\/wp-content\/uploads\/2020\/11\/Diseno-de-cubierta-Victor-Miguel-Gallardo-Barragan-y-Miguel-Angel-Arcas-697x1024.jpg\" \/>\n<meta name=\"author\" content=\"Alfonso Salazar\" \/>\n<meta name=\"twitter:card\" content=\"summary_large_image\" \/>\n<meta name=\"twitter:creator\" content=\"@olvidospuntoes\" \/>\n<meta name=\"twitter:site\" content=\"@olvidospuntoes\" \/>\n<meta name=\"twitter:label1\" content=\"Escrito por\" \/>\n\t<meta name=\"twitter:data1\" content=\"Alfonso Salazar\" \/>\n\t<meta name=\"twitter:label2\" content=\"Tiempo de lectura\" \/>\n\t<meta name=\"twitter:data2\" content=\"10 minutos\" \/>\n<script type=\"application\/ld+json\" class=\"yoast-schema-graph\">{\"@context\":\"https:\\\/\\\/schema.org\",\"@graph\":[{\"@type\":\"Article\",\"@id\":\"https:\\\/\\\/olvidosdegranada.es\\\/index.php\\\/2017\\\/12\\\/15\\\/troppo-mare\\\/#article\",\"isPartOf\":{\"@id\":\"https:\\\/\\\/olvidosdegranada.es\\\/index.php\\\/2017\\\/12\\\/15\\\/troppo-mare\\\/\"},\"author\":{\"name\":\"Alfonso Salazar\",\"@id\":\"https:\\\/\\\/olvidosdegranada.es\\\/#\\\/schema\\\/person\\\/2e10b199a19cf21e8fd2391979d33083\"},\"headline\":\"Troppo Mare\",\"datePublished\":\"2017-12-15T11:36:23+00:00\",\"dateModified\":\"2020-12-08T19:24:39+00:00\",\"mainEntityOfPage\":{\"@id\":\"https:\\\/\\\/olvidosdegranada.es\\\/index.php\\\/2017\\\/12\\\/15\\\/troppo-mare\\\/\"},\"wordCount\":1689,\"commentCount\":0,\"publisher\":{\"@id\":\"https:\\\/\\\/olvidosdegranada.es\\\/#organization\"},\"image\":{\"@id\":\"https:\\\/\\\/olvidosdegranada.es\\\/index.php\\\/2017\\\/12\\\/15\\\/troppo-mare\\\/#primaryimage\"},\"thumbnailUrl\":\"https:\\\/\\\/olvidosdegranada.es\\\/wp-content\\\/uploads\\\/2020\\\/11\\\/Diseno-de-cubierta-Victor-Miguel-Gallardo-Barragan-y-Miguel-Angel-Arcas-697x1024.jpg\",\"keywords\":[\"Javier Egea\",\"Poes\u00eda\"],\"articleSection\":[\"Piezas y Procesos\"],\"inLanguage\":\"es\",\"potentialAction\":[{\"@type\":\"CommentAction\",\"name\":\"Comment\",\"target\":[\"https:\\\/\\\/olvidosdegranada.es\\\/index.php\\\/2017\\\/12\\\/15\\\/troppo-mare\\\/#respond\"]}]},{\"@type\":\"WebPage\",\"@id\":\"https:\\\/\\\/olvidosdegranada.es\\\/index.php\\\/2017\\\/12\\\/15\\\/troppo-mare\\\/\",\"url\":\"https:\\\/\\\/olvidosdegranada.es\\\/index.php\\\/2017\\\/12\\\/15\\\/troppo-mare\\\/\",\"name\":\"Troppo Mare - Olvidos de Granada\",\"isPartOf\":{\"@id\":\"https:\\\/\\\/olvidosdegranada.es\\\/#website\"},\"primaryImageOfPage\":{\"@id\":\"https:\\\/\\\/olvidosdegranada.es\\\/index.php\\\/2017\\\/12\\\/15\\\/troppo-mare\\\/#primaryimage\"},\"image\":{\"@id\":\"https:\\\/\\\/olvidosdegranada.es\\\/index.php\\\/2017\\\/12\\\/15\\\/troppo-mare\\\/#primaryimage\"},\"thumbnailUrl\":\"https:\\\/\\\/olvidosdegranada.es\\\/wp-content\\\/uploads\\\/2020\\\/11\\\/Diseno-de-cubierta-Victor-Miguel-Gallardo-Barragan-y-Miguel-Angel-Arcas-697x1024.jpg\",\"datePublished\":\"2017-12-15T11:36:23+00:00\",\"dateModified\":\"2020-12-08T19:24:39+00:00\",\"description\":\"Teresa G\u00f3mez, Mariano Maresca, Miguel \u00c1ngel Arcas, V\u00edctor M. Gallardo Cuaderno de un n\u00e1ufrago Teresa G\u00f3mez Para los amantes de la poes\u00eda es emocionante reencontrarse, en Esdr\u00fajula, con una nueva edici\u00f3n del Troppo Mare, un\",\"breadcrumb\":{\"@id\":\"https:\\\/\\\/olvidosdegranada.es\\\/index.php\\\/2017\\\/12\\\/15\\\/troppo-mare\\\/#breadcrumb\"},\"inLanguage\":\"es\",\"potentialAction\":[{\"@type\":\"ReadAction\",\"target\":[\"https:\\\/\\\/olvidosdegranada.es\\\/index.php\\\/2017\\\/12\\\/15\\\/troppo-mare\\\/\"]}]},{\"@type\":\"ImageObject\",\"inLanguage\":\"es\",\"@id\":\"https:\\\/\\\/olvidosdegranada.es\\\/index.php\\\/2017\\\/12\\\/15\\\/troppo-mare\\\/#primaryimage\",\"url\":\"https:\\\/\\\/olvidosdegranada.es\\\/wp-content\\\/uploads\\\/2020\\\/11\\\/Diseno-de-cubierta-Victor-Miguel-Gallardo-Barragan-y-Miguel-Angel-Arcas-697x1024.jpg\",\"contentUrl\":\"https:\\\/\\\/olvidosdegranada.es\\\/wp-content\\\/uploads\\\/2020\\\/11\\\/Diseno-de-cubierta-Victor-Miguel-Gallardo-Barragan-y-Miguel-Angel-Arcas-697x1024.jpg\"},{\"@type\":\"BreadcrumbList\",\"@id\":\"https:\\\/\\\/olvidosdegranada.es\\\/index.php\\\/2017\\\/12\\\/15\\\/troppo-mare\\\/#breadcrumb\",\"itemListElement\":[{\"@type\":\"ListItem\",\"position\":1,\"name\":\"Portada\",\"item\":\"https:\\\/\\\/olvidosdegranada.es\\\/\"},{\"@type\":\"ListItem\",\"position\":2,\"name\":\"Troppo Mare\"}]},{\"@type\":\"WebSite\",\"@id\":\"https:\\\/\\\/olvidosdegranada.es\\\/#website\",\"url\":\"https:\\\/\\\/olvidosdegranada.es\\\/\",\"name\":\"Olvidos de Granada\",\"description\":\"Revista de acciones culturales\",\"publisher\":{\"@id\":\"https:\\\/\\\/olvidosdegranada.es\\\/#organization\"},\"potentialAction\":[{\"@type\":\"SearchAction\",\"target\":{\"@type\":\"EntryPoint\",\"urlTemplate\":\"https:\\\/\\\/olvidosdegranada.es\\\/?s={search_term_string}\"},\"query-input\":{\"@type\":\"PropertyValueSpecification\",\"valueRequired\":true,\"valueName\":\"search_term_string\"}}],\"inLanguage\":\"es\"},{\"@type\":\"Organization\",\"@id\":\"https:\\\/\\\/olvidosdegranada.es\\\/#organization\",\"name\":\"Olvidos de Granada\",\"url\":\"https:\\\/\\\/olvidosdegranada.es\\\/\",\"logo\":{\"@type\":\"ImageObject\",\"inLanguage\":\"es\",\"@id\":\"https:\\\/\\\/olvidosdegranada.es\\\/#\\\/schema\\\/logo\\\/image\\\/\",\"url\":\"https:\\\/\\\/olvidosdegranada.es\\\/wp-content\\\/uploads\\\/2020\\\/12\\\/Recurso-9.png\",\"contentUrl\":\"https:\\\/\\\/olvidosdegranada.es\\\/wp-content\\\/uploads\\\/2020\\\/12\\\/Recurso-9.png\",\"width\":700,\"height\":227,\"caption\":\"Olvidos de Granada\"},\"image\":{\"@id\":\"https:\\\/\\\/olvidosdegranada.es\\\/#\\\/schema\\\/logo\\\/image\\\/\"},\"sameAs\":[\"https:\\\/\\\/www.facebook.com\\\/OLVIDOSDIGITAL\",\"https:\\\/\\\/x.com\\\/olvidospuntoes\"]},{\"@type\":\"Person\",\"@id\":\"https:\\\/\\\/olvidosdegranada.es\\\/#\\\/schema\\\/person\\\/2e10b199a19cf21e8fd2391979d33083\",\"name\":\"Alfonso Salazar\",\"image\":{\"@type\":\"ImageObject\",\"inLanguage\":\"es\",\"@id\":\"https:\\\/\\\/secure.gravatar.com\\\/avatar\\\/8768a2dca789940dbdaf5fdd283c795998719eb61dc0c2c16eb3decaaf6b3304?s=96&d=mm&r=g\",\"url\":\"https:\\\/\\\/secure.gravatar.com\\\/avatar\\\/8768a2dca789940dbdaf5fdd283c795998719eb61dc0c2c16eb3decaaf6b3304?s=96&d=mm&r=g\",\"contentUrl\":\"https:\\\/\\\/secure.gravatar.com\\\/avatar\\\/8768a2dca789940dbdaf5fdd283c795998719eb61dc0c2c16eb3decaaf6b3304?s=96&d=mm&r=g\",\"caption\":\"Alfonso Salazar\"},\"url\":\"https:\\\/\\\/olvidosdegranada.es\\\/index.php\\\/author\\\/alfonso-salazar\\\/\"}]}<\/script>\n<!-- \/ Yoast SEO plugin. -->","yoast_head_json":{"title":"Troppo Mare - Olvidos de Granada","description":"Teresa G\u00f3mez, Mariano Maresca, Miguel \u00c1ngel Arcas, V\u00edctor M. Gallardo Cuaderno de un n\u00e1ufrago Teresa G\u00f3mez Para los amantes de la poes\u00eda es emocionante reencontrarse, en Esdr\u00fajula, con una nueva edici\u00f3n del Troppo Mare, un","robots":{"index":"index","follow":"follow","max-snippet":"max-snippet:-1","max-image-preview":"max-image-preview:large","max-video-preview":"max-video-preview:-1"},"canonical":"https:\/\/olvidosdegranada.es\/index.php\/2017\/12\/15\/troppo-mare\/","og_locale":"es_ES","og_type":"article","og_title":"Troppo Mare - Olvidos de Granada","og_description":"Teresa G\u00f3mez, Mariano Maresca, Miguel \u00c1ngel Arcas, V\u00edctor M. Gallardo Cuaderno de un n\u00e1ufrago Teresa G\u00f3mez Para los amantes de la poes\u00eda es emocionante reencontrarse, en Esdr\u00fajula, con una nueva edici\u00f3n del Troppo Mare, un","og_url":"https:\/\/olvidosdegranada.es\/index.php\/2017\/12\/15\/troppo-mare\/","og_site_name":"Olvidos de Granada","article_publisher":"https:\/\/www.facebook.com\/OLVIDOSDIGITAL","article_published_time":"2017-12-15T11:36:23+00:00","article_modified_time":"2020-12-08T19:24:39+00:00","og_image":[{"url":"https:\/\/olvidosdegranada.es\/wp-content\/uploads\/2020\/11\/Diseno-de-cubierta-Victor-Miguel-Gallardo-Barragan-y-Miguel-Angel-Arcas-697x1024.jpg","type":"","width":"","height":""}],"author":"Alfonso Salazar","twitter_card":"summary_large_image","twitter_creator":"@olvidospuntoes","twitter_site":"@olvidospuntoes","twitter_misc":{"Escrito por":"Alfonso Salazar","Tiempo de lectura":"10 minutos"},"schema":{"@context":"https:\/\/schema.org","@graph":[{"@type":"Article","@id":"https:\/\/olvidosdegranada.es\/index.php\/2017\/12\/15\/troppo-mare\/#article","isPartOf":{"@id":"https:\/\/olvidosdegranada.es\/index.php\/2017\/12\/15\/troppo-mare\/"},"author":{"name":"Alfonso Salazar","@id":"https:\/\/olvidosdegranada.es\/#\/schema\/person\/2e10b199a19cf21e8fd2391979d33083"},"headline":"Troppo Mare","datePublished":"2017-12-15T11:36:23+00:00","dateModified":"2020-12-08T19:24:39+00:00","mainEntityOfPage":{"@id":"https:\/\/olvidosdegranada.es\/index.php\/2017\/12\/15\/troppo-mare\/"},"wordCount":1689,"commentCount":0,"publisher":{"@id":"https:\/\/olvidosdegranada.es\/#organization"},"image":{"@id":"https:\/\/olvidosdegranada.es\/index.php\/2017\/12\/15\/troppo-mare\/#primaryimage"},"thumbnailUrl":"https:\/\/olvidosdegranada.es\/wp-content\/uploads\/2020\/11\/Diseno-de-cubierta-Victor-Miguel-Gallardo-Barragan-y-Miguel-Angel-Arcas-697x1024.jpg","keywords":["Javier Egea","Poes\u00eda"],"articleSection":["Piezas y Procesos"],"inLanguage":"es","potentialAction":[{"@type":"CommentAction","name":"Comment","target":["https:\/\/olvidosdegranada.es\/index.php\/2017\/12\/15\/troppo-mare\/#respond"]}]},{"@type":"WebPage","@id":"https:\/\/olvidosdegranada.es\/index.php\/2017\/12\/15\/troppo-mare\/","url":"https:\/\/olvidosdegranada.es\/index.php\/2017\/12\/15\/troppo-mare\/","name":"Troppo Mare - Olvidos de Granada","isPartOf":{"@id":"https:\/\/olvidosdegranada.es\/#website"},"primaryImageOfPage":{"@id":"https:\/\/olvidosdegranada.es\/index.php\/2017\/12\/15\/troppo-mare\/#primaryimage"},"image":{"@id":"https:\/\/olvidosdegranada.es\/index.php\/2017\/12\/15\/troppo-mare\/#primaryimage"},"thumbnailUrl":"https:\/\/olvidosdegranada.es\/wp-content\/uploads\/2020\/11\/Diseno-de-cubierta-Victor-Miguel-Gallardo-Barragan-y-Miguel-Angel-Arcas-697x1024.jpg","datePublished":"2017-12-15T11:36:23+00:00","dateModified":"2020-12-08T19:24:39+00:00","description":"Teresa G\u00f3mez, Mariano Maresca, Miguel \u00c1ngel Arcas, V\u00edctor M. Gallardo Cuaderno de un n\u00e1ufrago Teresa G\u00f3mez Para los amantes de la poes\u00eda es emocionante reencontrarse, en Esdr\u00fajula, con una nueva edici\u00f3n del Troppo Mare, un","breadcrumb":{"@id":"https:\/\/olvidosdegranada.es\/index.php\/2017\/12\/15\/troppo-mare\/#breadcrumb"},"inLanguage":"es","potentialAction":[{"@type":"ReadAction","target":["https:\/\/olvidosdegranada.es\/index.php\/2017\/12\/15\/troppo-mare\/"]}]},{"@type":"ImageObject","inLanguage":"es","@id":"https:\/\/olvidosdegranada.es\/index.php\/2017\/12\/15\/troppo-mare\/#primaryimage","url":"https:\/\/olvidosdegranada.es\/wp-content\/uploads\/2020\/11\/Diseno-de-cubierta-Victor-Miguel-Gallardo-Barragan-y-Miguel-Angel-Arcas-697x1024.jpg","contentUrl":"https:\/\/olvidosdegranada.es\/wp-content\/uploads\/2020\/11\/Diseno-de-cubierta-Victor-Miguel-Gallardo-Barragan-y-Miguel-Angel-Arcas-697x1024.jpg"},{"@type":"BreadcrumbList","@id":"https:\/\/olvidosdegranada.es\/index.php\/2017\/12\/15\/troppo-mare\/#breadcrumb","itemListElement":[{"@type":"ListItem","position":1,"name":"Portada","item":"https:\/\/olvidosdegranada.es\/"},{"@type":"ListItem","position":2,"name":"Troppo Mare"}]},{"@type":"WebSite","@id":"https:\/\/olvidosdegranada.es\/#website","url":"https:\/\/olvidosdegranada.es\/","name":"Olvidos de Granada","description":"Revista de acciones culturales","publisher":{"@id":"https:\/\/olvidosdegranada.es\/#organization"},"potentialAction":[{"@type":"SearchAction","target":{"@type":"EntryPoint","urlTemplate":"https:\/\/olvidosdegranada.es\/?s={search_term_string}"},"query-input":{"@type":"PropertyValueSpecification","valueRequired":true,"valueName":"search_term_string"}}],"inLanguage":"es"},{"@type":"Organization","@id":"https:\/\/olvidosdegranada.es\/#organization","name":"Olvidos de Granada","url":"https:\/\/olvidosdegranada.es\/","logo":{"@type":"ImageObject","inLanguage":"es","@id":"https:\/\/olvidosdegranada.es\/#\/schema\/logo\/image\/","url":"https:\/\/olvidosdegranada.es\/wp-content\/uploads\/2020\/12\/Recurso-9.png","contentUrl":"https:\/\/olvidosdegranada.es\/wp-content\/uploads\/2020\/12\/Recurso-9.png","width":700,"height":227,"caption":"Olvidos de Granada"},"image":{"@id":"https:\/\/olvidosdegranada.es\/#\/schema\/logo\/image\/"},"sameAs":["https:\/\/www.facebook.com\/OLVIDOSDIGITAL","https:\/\/x.com\/olvidospuntoes"]},{"@type":"Person","@id":"https:\/\/olvidosdegranada.es\/#\/schema\/person\/2e10b199a19cf21e8fd2391979d33083","name":"Alfonso Salazar","image":{"@type":"ImageObject","inLanguage":"es","@id":"https:\/\/secure.gravatar.com\/avatar\/8768a2dca789940dbdaf5fdd283c795998719eb61dc0c2c16eb3decaaf6b3304?s=96&d=mm&r=g","url":"https:\/\/secure.gravatar.com\/avatar\/8768a2dca789940dbdaf5fdd283c795998719eb61dc0c2c16eb3decaaf6b3304?s=96&d=mm&r=g","contentUrl":"https:\/\/secure.gravatar.com\/avatar\/8768a2dca789940dbdaf5fdd283c795998719eb61dc0c2c16eb3decaaf6b3304?s=96&d=mm&r=g","caption":"Alfonso Salazar"},"url":"https:\/\/olvidosdegranada.es\/index.php\/author\/alfonso-salazar\/"}]}},"jetpack_sharing_enabled":true,"jetpack_featured_media_url":"","_links":{"self":[{"href":"https:\/\/olvidosdegranada.es\/index.php\/wp-json\/wp\/v2\/posts\/813","targetHints":{"allow":["GET"]}}],"collection":[{"href":"https:\/\/olvidosdegranada.es\/index.php\/wp-json\/wp\/v2\/posts"}],"about":[{"href":"https:\/\/olvidosdegranada.es\/index.php\/wp-json\/wp\/v2\/types\/post"}],"author":[{"embeddable":true,"href":"https:\/\/olvidosdegranada.es\/index.php\/wp-json\/wp\/v2\/users\/4"}],"replies":[{"embeddable":true,"href":"https:\/\/olvidosdegranada.es\/index.php\/wp-json\/wp\/v2\/comments?post=813"}],"version-history":[{"count":19,"href":"https:\/\/olvidosdegranada.es\/index.php\/wp-json\/wp\/v2\/posts\/813\/revisions"}],"predecessor-version":[{"id":2680,"href":"https:\/\/olvidosdegranada.es\/index.php\/wp-json\/wp\/v2\/posts\/813\/revisions\/2680"}],"wp:attachment":[{"href":"https:\/\/olvidosdegranada.es\/index.php\/wp-json\/wp\/v2\/media?parent=813"}],"wp:term":[{"taxonomy":"category","embeddable":true,"href":"https:\/\/olvidosdegranada.es\/index.php\/wp-json\/wp\/v2\/categories?post=813"},{"taxonomy":"post_tag","embeddable":true,"href":"https:\/\/olvidosdegranada.es\/index.php\/wp-json\/wp\/v2\/tags?post=813"}],"curies":[{"name":"wp","href":"https:\/\/api.w.org\/{rel}","templated":true}]}}