{"id":789,"date":"2019-06-10T21:14:18","date_gmt":"2019-06-10T21:14:18","guid":{"rendered":"https:\/\/olvidosdegranada.es\/?p=789"},"modified":"2020-12-05T11:50:24","modified_gmt":"2020-12-05T11:50:24","slug":"cinco-preguntas-de-luis-antonio-de-villena-a-francisco-brines","status":"publish","type":"post","link":"https:\/\/olvidosdegranada.es\/index.php\/2019\/06\/10\/cinco-preguntas-de-luis-antonio-de-villena-a-francisco-brines\/","title":{"rendered":"Cinco preguntas a Francisco Brines"},"content":{"rendered":"\n<figure class=\"wp-block-pullquote\"><blockquote><p>Extracto de la entrevista realizada por Luis Antonio de Villena en Olvidos de Granada, n\u00ba 13, 1986<\/p><\/blockquote><\/figure>\n\n\n\n<p><strong>\u2014\u00bfCu\u00e1l es la tradici\u00f3n que reconoces como tuya?<\/strong><\/p>\n\n\n\n<p>\u2014El creador, o al menos yo me veo as\u00ed, es sobre todo tradici\u00f3n; pero en la obra es muy importante la propia experiencia humana, el qu\u00e9 se es, y la existencia de un cierto poder de invenci\u00f3n nueva, aunque reconozco que si la hay en m\u00ed es m\u00e1s fatal y oscura que voluntaria. La tradici\u00f3n es toda la literatura, incluso la no le\u00edda, y ese viento sopla en uno a su antojo, pero hay unas ciertas afinidades con ciertos autores que el propio temperamento las hace electivas. Me ha interesado siempre la poes\u00eda que interroga el misterio del ser, o la que recrea la emoci\u00f3n de la vida, en su belleza o en su perplejidad, y he preferido siempre una comunicaci\u00f3n expresiva clara, pero de ninguna manera obvia; de ah\u00ed la turbaci\u00f3n que puede alcanzar en m\u00ed una poes\u00eda que a la vez sea honda, compleja y clara.<\/p>\n\n\n\n<p><strong>\u2014\u00bfDentro de esta tradici\u00f3n que dices, qu\u00e9 poetas te han interesado m\u00e1s en funci\u00f3n de tu propia poes\u00eda?<\/strong><\/p>\n\n\n\n<p>\u2014La riqueza de la poes\u00eda en castellano es tan grande que me pesa tener que responder con avaricia. El poeta m\u00e1s prodigioso para m\u00ed es Quevedo, y si alguna vez ha existido un milagro po\u00e9tico es el de San Juan. Pero los fundamentos de nuestra l\u00edrica ya estaban en Manrique y Garcilaso. Tambi\u00e9n hemos tenido la suerte de contar con una muy buena poes\u00eda en este siglo, y servirse de una tradici\u00f3n reciente tan rica es partir, para los que escribimos, con una ventaja impagable. Tambi\u00e9n aqu\u00ed los fundamentos son muy poderosos, Juan Ram\u00f3n Jim\u00e9nez y Antonio Machado. Y como hablo ahora desde mis afinidades elijo tambi\u00e9n a Cernuda y a Borges. Me ha interesado siempre especialmente la poes\u00eda griega y latina, y Shakespeare. Creo que la poes\u00eda europea nunca hab\u00eda brillado en su conjunto con tanto esplendor como en el siglo XX, a\u00fan m\u00e1s que en la \u00e9poca rom\u00e1ntica, y aqu\u00ed mis preferencias van por Eliot, la mirada que con m\u00e1s hondura ha desvelado nuestra \u00e9poca, y Rilke, por su grandeza. Para m\u00ed no hay intimidad m\u00e1s emocionante que la de Cavafis, y est\u00e1 tambi\u00e9n ese misterioso Pessoa, que al tiempo que lo extra\u00f1o me encama. No quiero olvidarme de mi paisano Ausias March, aunque tampoco me olvido de los muchos que callo.<\/p>\n\n\n\n<p><strong>\u2014Hablar de tradici\u00f3n presupone el tema de lo original \u00bfQu\u00e9 es para ti la originalidad en poes\u00eda?<\/strong><\/p>\n\n\n\n<p>\u2014En poes\u00eda m\u00e1s que la originalidad me interesa la personalidad. Por ella se nos comunica una visi\u00f3n del mundo que se nos aparece individualizada mediante un tono expresivo distinto y suficiente. Puede darse, desde este punto de vista, una honda poes\u00eda sin rupturas. Hay poetas, sin embargo, en los que su personalidad est\u00e1 en funci\u00f3n de una radical originalidad, pero por ella misma no son mejores poetas que los otros. Y hablo de verdadera originalidad, no de esos simulacros, cuando no plagios, de que est\u00e1 llena la literatura y la pl\u00e1stica del siglo XX. La llamada vanguardia lleva ya demasiado tiempo, salvo algunas excepciones, hurtando liebre y dando gato.<\/p>\n\n\n\n<p><strong>\u2014Dos poetas &#8211; entre muchos- pueden considerarse tus hermanos mayores. Tuyos y de otros varios en nuestra l\u00edrica. \u00bfCu\u00e1l ha sido m\u00e1s importante para ti, la poes\u00eda de Cavafis o la de Cernuda?<\/strong><\/p>\n\n\n\n<p>La de Cernuda, por dos evidentes razones. La primera es que descubr\u00ed su poes\u00eda en edad a\u00fan temprana y formativa, de gran porosidad espiritual, y aprend\u00ed en ella cosas que yo buscaba y que me eran necesarias. Si antes, en la adolescencia, mi aprendizaje est\u00e9tico y sentimental lo hice con Juan Ram\u00f3n, m\u00ed aprendizaje moral lo ejercit\u00e9 en Cernuda. La otra raz\u00f3n es que, siendo grandes poes\u00edas las dos, la de Cernuda est\u00e1 escrita en el idioma en el que escribo.<\/p>\n\n\n\n<p><strong>\u2014Existe la idea -a mi saber falaz, malintencionada- de un movimiento cernudianocavafiano actual, \u00bfcrees t\u00fa que es cierto?<\/strong> Creo que se parte de una idea equivocada, ya que la poes\u00eda de Cernuda es no s\u00f3lo independiente sino distinta de la de Cavafis. La identificaci\u00f3n est\u00e1 hecha perezosamente desde postulados extrapo\u00e9ticos, ya que los dos escribieron sobre el amor desde experiencias humanas semejantes, marginales a la sociedad. Al ser en esto pioneros, lo accesorio ha parecido fundamental. Despu\u00e9s de ellos tal testimonio se ha multiplicado y hasta trivializado, y algunos de estos poetas lo han hecho copiando mim\u00e9ticamente estrategias y expresiones de ellos. Creo que se trata de una especie de sarampi\u00f3n m\u00e1s enfadoso que de graves consecuencias. Hay, sin embargo, algo que acerca a ambos, y que para m\u00ed alcanza gran importancia. Tanto Cernuda como Cavafis, y \u00e9ste con m\u00e1s fuerza, escriben una poes\u00eda en la que sus personas se nos muestran con tanto vigor que parece que los hemos conocido realmente y en profundidad. No se trata s\u00f3lo de la aparici\u00f3n de sus personales visiones del mundo, cosa com\u00fan a todos los buenos poetas, sino de sus propias personas; creemos conocerles mejor que a algunos amigos cercanos, y tal vez por eso llegan a importamos tanto. No es s\u00f3lo su poes\u00eda, sino ellos como protagonistas poem\u00e1ticos. No es f\u00e1cil encontrar esta novedad en la poes\u00eda anterior, y desde luego que no en la espa\u00f1ola, aunque s\u00ed con evidencia en ciertos poetas griegos y latinos; basta como muestra algunos nombres de la Antolog\u00eda Palatina o nuestro querido Catulo. Esa lecci\u00f3n, y estoy refiri\u00e9ndome ahora a mi poes\u00eda, me ha importado mucho, y creo que en algunos de mis poemas puede percibirse. Una poes\u00eda muy lograda desde esta perspectiva es la de Jaime Gil de Biedma.<\/p>\n","protected":false},"excerpt":{"rendered":"<p>Extracto de la entrevista realizada por Luis Antonio de Villena en Olvidos de Granada, n\u00ba &#8230; <\/p>\n<p class=\"read-more-container\"><a title=\"Cinco preguntas a Francisco Brines\" class=\"read-more button\" href=\"https:\/\/olvidosdegranada.es\/index.php\/2019\/06\/10\/cinco-preguntas-de-luis-antonio-de-villena-a-francisco-brines\/#more-789\" aria-label=\"Leer m\u00e1s sobre Cinco preguntas a Francisco Brines\">Leer m\u00e1s<\/a><\/p>\n","protected":false},"author":4,"featured_media":1770,"comment_status":"open","ping_status":"closed","sticky":false,"template":"","format":"standard","meta":{"_acf_changed":false,"_jetpack_newsletter_access":"","_jetpack_dont_email_post_to_subs":false,"_jetpack_newsletter_tier_id":0,"_jetpack_memberships_contains_paywalled_content":false,"_jetpack_feature_clip_id":0,"_jetpack_memberships_contains_paid_content":false,"footnotes":"","jetpack_post_was_ever_published":false},"categories":[3],"tags":[83,97,93],"class_list":["post-789","post","type-post","status-publish","format-standard","has-post-thumbnail","hentry","category-palabras","tag-literatura","tag-olvidos13","tag-revista-olvidos-de-granada","infinite-scroll-item","generate-columns","tablet-grid-50","mobile-grid-100","grid-parent","grid-33","no-featured-image-padding"],"acf":[],"yoast_head":"<!-- This site is optimized with the Yoast SEO plugin v28.3 - https:\/\/yoast.com\/product\/yoast-seo-wordpress\/ -->\n<title>Cinco preguntas a Francisco Brines - Olvidos de Granada<\/title>\n<meta name=\"description\" content=\"Luis Antonio de Villena Extracto de la entrevista realizada por Luis Antonio de Villena en Olvidos de Granada, n\u00ba 13, 1986 \u2014\u00bfCu\u00e1l es la tradici\u00f3n que reconoces como tuya? \u2014El\" \/>\n<meta name=\"robots\" content=\"index, follow, max-snippet:-1, max-image-preview:large, max-video-preview:-1\" \/>\n<link rel=\"canonical\" href=\"https:\/\/olvidosdegranada.es\/index.php\/2019\/06\/10\/cinco-preguntas-de-luis-antonio-de-villena-a-francisco-brines\/\" \/>\n<meta property=\"og:locale\" content=\"es_ES\" \/>\n<meta property=\"og:type\" content=\"article\" \/>\n<meta property=\"og:title\" content=\"Cinco preguntas a Francisco Brines - Olvidos de Granada\" \/>\n<meta property=\"og:description\" content=\"Luis Antonio de Villena Extracto de la entrevista realizada por Luis Antonio de Villena en Olvidos de Granada, n\u00ba 13, 1986 \u2014\u00bfCu\u00e1l es la tradici\u00f3n que reconoces como tuya? \u2014El\" \/>\n<meta property=\"og:url\" content=\"https:\/\/olvidosdegranada.es\/index.php\/2019\/06\/10\/cinco-preguntas-de-luis-antonio-de-villena-a-francisco-brines\/\" \/>\n<meta property=\"og:site_name\" content=\"Olvidos de Granada\" \/>\n<meta property=\"article:publisher\" content=\"https:\/\/www.facebook.com\/OLVIDOSDIGITAL\" \/>\n<meta property=\"article:published_time\" content=\"2019-06-10T21:14:18+00:00\" \/>\n<meta property=\"article:modified_time\" content=\"2020-12-05T11:50:24+00:00\" \/>\n<meta property=\"og:image\" content=\"https:\/\/olvidosdegranada.es\/wp-content\/uploads\/2019\/06\/8-1.jpg\" \/>\n\t<meta property=\"og:image:width\" content=\"328\" \/>\n\t<meta property=\"og:image:height\" content=\"328\" \/>\n\t<meta property=\"og:image:type\" content=\"image\/jpeg\" \/>\n<meta name=\"author\" content=\"Alfonso Salazar\" \/>\n<meta name=\"twitter:card\" content=\"summary_large_image\" \/>\n<meta name=\"twitter:creator\" content=\"@olvidospuntoes\" \/>\n<meta name=\"twitter:site\" content=\"@olvidospuntoes\" \/>\n<meta name=\"twitter:label1\" content=\"Escrito por\" \/>\n\t<meta name=\"twitter:data1\" content=\"Alfonso Salazar\" \/>\n\t<meta name=\"twitter:label2\" content=\"Tiempo de lectura\" \/>\n\t<meta name=\"twitter:data2\" content=\"5 minutos\" \/>\n<script type=\"application\/ld+json\" class=\"yoast-schema-graph\">{\"@context\":\"https:\\\/\\\/schema.org\",\"@graph\":[{\"@type\":\"Article\",\"@id\":\"https:\\\/\\\/olvidosdegranada.es\\\/index.php\\\/2019\\\/06\\\/10\\\/cinco-preguntas-de-luis-antonio-de-villena-a-francisco-brines\\\/#article\",\"isPartOf\":{\"@id\":\"https:\\\/\\\/olvidosdegranada.es\\\/index.php\\\/2019\\\/06\\\/10\\\/cinco-preguntas-de-luis-antonio-de-villena-a-francisco-brines\\\/\"},\"author\":{\"name\":\"Alfonso Salazar\",\"@id\":\"https:\\\/\\\/olvidosdegranada.es\\\/#\\\/schema\\\/person\\\/2e10b199a19cf21e8fd2391979d33083\"},\"headline\":\"Cinco preguntas a Francisco Brines\",\"datePublished\":\"2019-06-10T21:14:18+00:00\",\"dateModified\":\"2020-12-05T11:50:24+00:00\",\"mainEntityOfPage\":{\"@id\":\"https:\\\/\\\/olvidosdegranada.es\\\/index.php\\\/2019\\\/06\\\/10\\\/cinco-preguntas-de-luis-antonio-de-villena-a-francisco-brines\\\/\"},\"wordCount\":1022,\"commentCount\":0,\"publisher\":{\"@id\":\"https:\\\/\\\/olvidosdegranada.es\\\/#organization\"},\"image\":{\"@id\":\"https:\\\/\\\/olvidosdegranada.es\\\/index.php\\\/2019\\\/06\\\/10\\\/cinco-preguntas-de-luis-antonio-de-villena-a-francisco-brines\\\/#primaryimage\"},\"thumbnailUrl\":\"https:\\\/\\\/olvidosdegranada.es\\\/wp-content\\\/uploads\\\/2019\\\/06\\\/8-1.jpg\",\"keywords\":[\"Literatura\",\"Olvidos13\",\"Revista Olvidos de Granada\"],\"articleSection\":[\"Palabras\"],\"inLanguage\":\"es\",\"potentialAction\":[{\"@type\":\"CommentAction\",\"name\":\"Comment\",\"target\":[\"https:\\\/\\\/olvidosdegranada.es\\\/index.php\\\/2019\\\/06\\\/10\\\/cinco-preguntas-de-luis-antonio-de-villena-a-francisco-brines\\\/#respond\"]}]},{\"@type\":\"WebPage\",\"@id\":\"https:\\\/\\\/olvidosdegranada.es\\\/index.php\\\/2019\\\/06\\\/10\\\/cinco-preguntas-de-luis-antonio-de-villena-a-francisco-brines\\\/\",\"url\":\"https:\\\/\\\/olvidosdegranada.es\\\/index.php\\\/2019\\\/06\\\/10\\\/cinco-preguntas-de-luis-antonio-de-villena-a-francisco-brines\\\/\",\"name\":\"Cinco preguntas a Francisco Brines - Olvidos de Granada\",\"isPartOf\":{\"@id\":\"https:\\\/\\\/olvidosdegranada.es\\\/#website\"},\"primaryImageOfPage\":{\"@id\":\"https:\\\/\\\/olvidosdegranada.es\\\/index.php\\\/2019\\\/06\\\/10\\\/cinco-preguntas-de-luis-antonio-de-villena-a-francisco-brines\\\/#primaryimage\"},\"image\":{\"@id\":\"https:\\\/\\\/olvidosdegranada.es\\\/index.php\\\/2019\\\/06\\\/10\\\/cinco-preguntas-de-luis-antonio-de-villena-a-francisco-brines\\\/#primaryimage\"},\"thumbnailUrl\":\"https:\\\/\\\/olvidosdegranada.es\\\/wp-content\\\/uploads\\\/2019\\\/06\\\/8-1.jpg\",\"datePublished\":\"2019-06-10T21:14:18+00:00\",\"dateModified\":\"2020-12-05T11:50:24+00:00\",\"description\":\"Luis Antonio de Villena Extracto de la entrevista realizada por Luis Antonio de Villena en Olvidos de Granada, n\u00ba 13, 1986 \u2014\u00bfCu\u00e1l es la tradici\u00f3n que reconoces como tuya? \u2014El\",\"breadcrumb\":{\"@id\":\"https:\\\/\\\/olvidosdegranada.es\\\/index.php\\\/2019\\\/06\\\/10\\\/cinco-preguntas-de-luis-antonio-de-villena-a-francisco-brines\\\/#breadcrumb\"},\"inLanguage\":\"es\",\"potentialAction\":[{\"@type\":\"ReadAction\",\"target\":[\"https:\\\/\\\/olvidosdegranada.es\\\/index.php\\\/2019\\\/06\\\/10\\\/cinco-preguntas-de-luis-antonio-de-villena-a-francisco-brines\\\/\"]}]},{\"@type\":\"ImageObject\",\"inLanguage\":\"es\",\"@id\":\"https:\\\/\\\/olvidosdegranada.es\\\/index.php\\\/2019\\\/06\\\/10\\\/cinco-preguntas-de-luis-antonio-de-villena-a-francisco-brines\\\/#primaryimage\",\"url\":\"https:\\\/\\\/olvidosdegranada.es\\\/wp-content\\\/uploads\\\/2019\\\/06\\\/8-1.jpg\",\"contentUrl\":\"https:\\\/\\\/olvidosdegranada.es\\\/wp-content\\\/uploads\\\/2019\\\/06\\\/8-1.jpg\",\"width\":328,\"height\":328},{\"@type\":\"BreadcrumbList\",\"@id\":\"https:\\\/\\\/olvidosdegranada.es\\\/index.php\\\/2019\\\/06\\\/10\\\/cinco-preguntas-de-luis-antonio-de-villena-a-francisco-brines\\\/#breadcrumb\",\"itemListElement\":[{\"@type\":\"ListItem\",\"position\":1,\"name\":\"Portada\",\"item\":\"https:\\\/\\\/olvidosdegranada.es\\\/\"},{\"@type\":\"ListItem\",\"position\":2,\"name\":\"Cinco preguntas a Francisco Brines\"}]},{\"@type\":\"WebSite\",\"@id\":\"https:\\\/\\\/olvidosdegranada.es\\\/#website\",\"url\":\"https:\\\/\\\/olvidosdegranada.es\\\/\",\"name\":\"Olvidos de Granada\",\"description\":\"Revista de acciones culturales\",\"publisher\":{\"@id\":\"https:\\\/\\\/olvidosdegranada.es\\\/#organization\"},\"potentialAction\":[{\"@type\":\"SearchAction\",\"target\":{\"@type\":\"EntryPoint\",\"urlTemplate\":\"https:\\\/\\\/olvidosdegranada.es\\\/?s={search_term_string}\"},\"query-input\":{\"@type\":\"PropertyValueSpecification\",\"valueRequired\":true,\"valueName\":\"search_term_string\"}}],\"inLanguage\":\"es\"},{\"@type\":\"Organization\",\"@id\":\"https:\\\/\\\/olvidosdegranada.es\\\/#organization\",\"name\":\"Olvidos de Granada\",\"url\":\"https:\\\/\\\/olvidosdegranada.es\\\/\",\"logo\":{\"@type\":\"ImageObject\",\"inLanguage\":\"es\",\"@id\":\"https:\\\/\\\/olvidosdegranada.es\\\/#\\\/schema\\\/logo\\\/image\\\/\",\"url\":\"https:\\\/\\\/olvidosdegranada.es\\\/wp-content\\\/uploads\\\/2020\\\/12\\\/Recurso-9.png\",\"contentUrl\":\"https:\\\/\\\/olvidosdegranada.es\\\/wp-content\\\/uploads\\\/2020\\\/12\\\/Recurso-9.png\",\"width\":700,\"height\":227,\"caption\":\"Olvidos de Granada\"},\"image\":{\"@id\":\"https:\\\/\\\/olvidosdegranada.es\\\/#\\\/schema\\\/logo\\\/image\\\/\"},\"sameAs\":[\"https:\\\/\\\/www.facebook.com\\\/OLVIDOSDIGITAL\",\"https:\\\/\\\/x.com\\\/olvidospuntoes\"]},{\"@type\":\"Person\",\"@id\":\"https:\\\/\\\/olvidosdegranada.es\\\/#\\\/schema\\\/person\\\/2e10b199a19cf21e8fd2391979d33083\",\"name\":\"Alfonso Salazar\",\"image\":{\"@type\":\"ImageObject\",\"inLanguage\":\"es\",\"@id\":\"https:\\\/\\\/secure.gravatar.com\\\/avatar\\\/8768a2dca789940dbdaf5fdd283c795998719eb61dc0c2c16eb3decaaf6b3304?s=96&d=mm&r=g\",\"url\":\"https:\\\/\\\/secure.gravatar.com\\\/avatar\\\/8768a2dca789940dbdaf5fdd283c795998719eb61dc0c2c16eb3decaaf6b3304?s=96&d=mm&r=g\",\"contentUrl\":\"https:\\\/\\\/secure.gravatar.com\\\/avatar\\\/8768a2dca789940dbdaf5fdd283c795998719eb61dc0c2c16eb3decaaf6b3304?s=96&d=mm&r=g\",\"caption\":\"Alfonso Salazar\"},\"url\":\"https:\\\/\\\/olvidosdegranada.es\\\/index.php\\\/author\\\/alfonso-salazar\\\/\"}]}<\/script>\n<!-- \/ Yoast SEO plugin. -->","yoast_head_json":{"title":"Cinco preguntas a Francisco Brines - Olvidos de Granada","description":"Luis Antonio de Villena Extracto de la entrevista realizada por Luis Antonio de Villena en Olvidos de Granada, n\u00ba 13, 1986 \u2014\u00bfCu\u00e1l es la tradici\u00f3n que reconoces como tuya? \u2014El","robots":{"index":"index","follow":"follow","max-snippet":"max-snippet:-1","max-image-preview":"max-image-preview:large","max-video-preview":"max-video-preview:-1"},"canonical":"https:\/\/olvidosdegranada.es\/index.php\/2019\/06\/10\/cinco-preguntas-de-luis-antonio-de-villena-a-francisco-brines\/","og_locale":"es_ES","og_type":"article","og_title":"Cinco preguntas a Francisco Brines - Olvidos de Granada","og_description":"Luis Antonio de Villena Extracto de la entrevista realizada por Luis Antonio de Villena en Olvidos de Granada, n\u00ba 13, 1986 \u2014\u00bfCu\u00e1l es la tradici\u00f3n que reconoces como tuya? \u2014El","og_url":"https:\/\/olvidosdegranada.es\/index.php\/2019\/06\/10\/cinco-preguntas-de-luis-antonio-de-villena-a-francisco-brines\/","og_site_name":"Olvidos de Granada","article_publisher":"https:\/\/www.facebook.com\/OLVIDOSDIGITAL","article_published_time":"2019-06-10T21:14:18+00:00","article_modified_time":"2020-12-05T11:50:24+00:00","og_image":[{"width":328,"height":328,"url":"https:\/\/olvidosdegranada.es\/wp-content\/uploads\/2019\/06\/8-1.jpg","type":"image\/jpeg"}],"author":"Alfonso Salazar","twitter_card":"summary_large_image","twitter_creator":"@olvidospuntoes","twitter_site":"@olvidospuntoes","twitter_misc":{"Escrito por":"Alfonso Salazar","Tiempo de lectura":"5 minutos"},"schema":{"@context":"https:\/\/schema.org","@graph":[{"@type":"Article","@id":"https:\/\/olvidosdegranada.es\/index.php\/2019\/06\/10\/cinco-preguntas-de-luis-antonio-de-villena-a-francisco-brines\/#article","isPartOf":{"@id":"https:\/\/olvidosdegranada.es\/index.php\/2019\/06\/10\/cinco-preguntas-de-luis-antonio-de-villena-a-francisco-brines\/"},"author":{"name":"Alfonso Salazar","@id":"https:\/\/olvidosdegranada.es\/#\/schema\/person\/2e10b199a19cf21e8fd2391979d33083"},"headline":"Cinco preguntas a Francisco Brines","datePublished":"2019-06-10T21:14:18+00:00","dateModified":"2020-12-05T11:50:24+00:00","mainEntityOfPage":{"@id":"https:\/\/olvidosdegranada.es\/index.php\/2019\/06\/10\/cinco-preguntas-de-luis-antonio-de-villena-a-francisco-brines\/"},"wordCount":1022,"commentCount":0,"publisher":{"@id":"https:\/\/olvidosdegranada.es\/#organization"},"image":{"@id":"https:\/\/olvidosdegranada.es\/index.php\/2019\/06\/10\/cinco-preguntas-de-luis-antonio-de-villena-a-francisco-brines\/#primaryimage"},"thumbnailUrl":"https:\/\/olvidosdegranada.es\/wp-content\/uploads\/2019\/06\/8-1.jpg","keywords":["Literatura","Olvidos13","Revista Olvidos de Granada"],"articleSection":["Palabras"],"inLanguage":"es","potentialAction":[{"@type":"CommentAction","name":"Comment","target":["https:\/\/olvidosdegranada.es\/index.php\/2019\/06\/10\/cinco-preguntas-de-luis-antonio-de-villena-a-francisco-brines\/#respond"]}]},{"@type":"WebPage","@id":"https:\/\/olvidosdegranada.es\/index.php\/2019\/06\/10\/cinco-preguntas-de-luis-antonio-de-villena-a-francisco-brines\/","url":"https:\/\/olvidosdegranada.es\/index.php\/2019\/06\/10\/cinco-preguntas-de-luis-antonio-de-villena-a-francisco-brines\/","name":"Cinco preguntas a Francisco Brines - Olvidos de Granada","isPartOf":{"@id":"https:\/\/olvidosdegranada.es\/#website"},"primaryImageOfPage":{"@id":"https:\/\/olvidosdegranada.es\/index.php\/2019\/06\/10\/cinco-preguntas-de-luis-antonio-de-villena-a-francisco-brines\/#primaryimage"},"image":{"@id":"https:\/\/olvidosdegranada.es\/index.php\/2019\/06\/10\/cinco-preguntas-de-luis-antonio-de-villena-a-francisco-brines\/#primaryimage"},"thumbnailUrl":"https:\/\/olvidosdegranada.es\/wp-content\/uploads\/2019\/06\/8-1.jpg","datePublished":"2019-06-10T21:14:18+00:00","dateModified":"2020-12-05T11:50:24+00:00","description":"Luis Antonio de Villena Extracto de la entrevista realizada por Luis Antonio de Villena en Olvidos de Granada, n\u00ba 13, 1986 \u2014\u00bfCu\u00e1l es la tradici\u00f3n que reconoces como tuya? \u2014El","breadcrumb":{"@id":"https:\/\/olvidosdegranada.es\/index.php\/2019\/06\/10\/cinco-preguntas-de-luis-antonio-de-villena-a-francisco-brines\/#breadcrumb"},"inLanguage":"es","potentialAction":[{"@type":"ReadAction","target":["https:\/\/olvidosdegranada.es\/index.php\/2019\/06\/10\/cinco-preguntas-de-luis-antonio-de-villena-a-francisco-brines\/"]}]},{"@type":"ImageObject","inLanguage":"es","@id":"https:\/\/olvidosdegranada.es\/index.php\/2019\/06\/10\/cinco-preguntas-de-luis-antonio-de-villena-a-francisco-brines\/#primaryimage","url":"https:\/\/olvidosdegranada.es\/wp-content\/uploads\/2019\/06\/8-1.jpg","contentUrl":"https:\/\/olvidosdegranada.es\/wp-content\/uploads\/2019\/06\/8-1.jpg","width":328,"height":328},{"@type":"BreadcrumbList","@id":"https:\/\/olvidosdegranada.es\/index.php\/2019\/06\/10\/cinco-preguntas-de-luis-antonio-de-villena-a-francisco-brines\/#breadcrumb","itemListElement":[{"@type":"ListItem","position":1,"name":"Portada","item":"https:\/\/olvidosdegranada.es\/"},{"@type":"ListItem","position":2,"name":"Cinco preguntas a Francisco Brines"}]},{"@type":"WebSite","@id":"https:\/\/olvidosdegranada.es\/#website","url":"https:\/\/olvidosdegranada.es\/","name":"Olvidos de Granada","description":"Revista de acciones culturales","publisher":{"@id":"https:\/\/olvidosdegranada.es\/#organization"},"potentialAction":[{"@type":"SearchAction","target":{"@type":"EntryPoint","urlTemplate":"https:\/\/olvidosdegranada.es\/?s={search_term_string}"},"query-input":{"@type":"PropertyValueSpecification","valueRequired":true,"valueName":"search_term_string"}}],"inLanguage":"es"},{"@type":"Organization","@id":"https:\/\/olvidosdegranada.es\/#organization","name":"Olvidos de Granada","url":"https:\/\/olvidosdegranada.es\/","logo":{"@type":"ImageObject","inLanguage":"es","@id":"https:\/\/olvidosdegranada.es\/#\/schema\/logo\/image\/","url":"https:\/\/olvidosdegranada.es\/wp-content\/uploads\/2020\/12\/Recurso-9.png","contentUrl":"https:\/\/olvidosdegranada.es\/wp-content\/uploads\/2020\/12\/Recurso-9.png","width":700,"height":227,"caption":"Olvidos de Granada"},"image":{"@id":"https:\/\/olvidosdegranada.es\/#\/schema\/logo\/image\/"},"sameAs":["https:\/\/www.facebook.com\/OLVIDOSDIGITAL","https:\/\/x.com\/olvidospuntoes"]},{"@type":"Person","@id":"https:\/\/olvidosdegranada.es\/#\/schema\/person\/2e10b199a19cf21e8fd2391979d33083","name":"Alfonso Salazar","image":{"@type":"ImageObject","inLanguage":"es","@id":"https:\/\/secure.gravatar.com\/avatar\/8768a2dca789940dbdaf5fdd283c795998719eb61dc0c2c16eb3decaaf6b3304?s=96&d=mm&r=g","url":"https:\/\/secure.gravatar.com\/avatar\/8768a2dca789940dbdaf5fdd283c795998719eb61dc0c2c16eb3decaaf6b3304?s=96&d=mm&r=g","contentUrl":"https:\/\/secure.gravatar.com\/avatar\/8768a2dca789940dbdaf5fdd283c795998719eb61dc0c2c16eb3decaaf6b3304?s=96&d=mm&r=g","caption":"Alfonso Salazar"},"url":"https:\/\/olvidosdegranada.es\/index.php\/author\/alfonso-salazar\/"}]}},"jetpack_sharing_enabled":true,"jetpack_featured_media_url":"https:\/\/olvidosdegranada.es\/wp-content\/uploads\/2019\/06\/8-1.jpg","_links":{"self":[{"href":"https:\/\/olvidosdegranada.es\/index.php\/wp-json\/wp\/v2\/posts\/789","targetHints":{"allow":["GET"]}}],"collection":[{"href":"https:\/\/olvidosdegranada.es\/index.php\/wp-json\/wp\/v2\/posts"}],"about":[{"href":"https:\/\/olvidosdegranada.es\/index.php\/wp-json\/wp\/v2\/types\/post"}],"author":[{"embeddable":true,"href":"https:\/\/olvidosdegranada.es\/index.php\/wp-json\/wp\/v2\/users\/4"}],"replies":[{"embeddable":true,"href":"https:\/\/olvidosdegranada.es\/index.php\/wp-json\/wp\/v2\/comments?post=789"}],"version-history":[{"count":5,"href":"https:\/\/olvidosdegranada.es\/index.php\/wp-json\/wp\/v2\/posts\/789\/revisions"}],"predecessor-version":[{"id":1771,"href":"https:\/\/olvidosdegranada.es\/index.php\/wp-json\/wp\/v2\/posts\/789\/revisions\/1771"}],"wp:featuredmedia":[{"embeddable":true,"href":"https:\/\/olvidosdegranada.es\/index.php\/wp-json\/wp\/v2\/media\/1770"}],"wp:attachment":[{"href":"https:\/\/olvidosdegranada.es\/index.php\/wp-json\/wp\/v2\/media?parent=789"}],"wp:term":[{"taxonomy":"category","embeddable":true,"href":"https:\/\/olvidosdegranada.es\/index.php\/wp-json\/wp\/v2\/categories?post=789"},{"taxonomy":"post_tag","embeddable":true,"href":"https:\/\/olvidosdegranada.es\/index.php\/wp-json\/wp\/v2\/tags?post=789"}],"curies":[{"name":"wp","href":"https:\/\/api.w.org\/{rel}","templated":true}]}}