{"id":784,"date":"2019-06-07T21:07:00","date_gmt":"2019-06-07T21:07:00","guid":{"rendered":"https:\/\/olvidosdegranada.es\/?p=784"},"modified":"2020-12-27T08:49:58","modified_gmt":"2020-12-27T08:49:58","slug":"santos-y-prado","status":"publish","type":"post","link":"https:\/\/olvidosdegranada.es\/index.php\/2019\/06\/07\/santos-y-prado\/","title":{"rendered":"Santos y Prado"},"content":{"rendered":"\n<figure class=\"wp-block-pullquote\"><blockquote><p>Jes\u00fas Fern\u00e1ndez Santos conversaba con Benjam\u00ed\u00adn Prado en Olvidos de Granada n\u00famero 13, p\u00e1g. 34-35, Granada, 1986.<\/p><\/blockquote><\/figure>\n\n\n\n<p><strong>\u2013La Guerra Civil est\u00e1 presente en narraciones como El primo Rafael, y en muchas de tus novelas: Los bravos, Los jinetes del alba, jaque a la dama&#8230;<\/strong><\/p>\n\n\n\n<p>Aparece de distinta forma. En Los bravos, de una manera inmediata; en Los jinetes del alba, no s\u00e9 si se nota, yo intentaba una especie de distanciamiento, de elaboraci\u00f3n que cambiase la estructura literaria.<\/p>\n\n\n\n<p><strong>\u2013Pero, aquella guerra, est\u00e1 siempre vista como desde lejos; las situaciones dan la sensaci\u00f3n de atravesar por encima de la Historia, no s\u00e9, como una mancha de aceite sobre el agua; ocurren en un contexto con el que nunca llegan a mezclarse del todo, \u00bfno?<\/strong><\/p>\n\n\n\n<p>Bueno, como tel\u00f3n de fondo, s\u00ed. A m\u00ed no me interesa concretar demasiado, porque, entonces, se pierde fascinaci\u00f3n. Y, claro, adem\u00e1s es lo que dec\u00eda Hemingway: \u00abUna guerra es algo que nadie se quiere perder\u00bb. Pl\u00e1sticamente, la guerra est\u00e1 muy bien, si, hombre, no me mires con esa cara, quiero decir cosas como <em>Rojo y negro <\/em>o <em>Guerra y paz<\/em>, enti\u00e9ndeme.<\/p>\n\n\n\n<p><strong>\u2013Los ambientes rurales dibujados en <em>Los bravos<\/em>, <em>Los jinetes del alba<\/em>, <em>Cabeza rapada<\/em>, son hostiles, cerrados, opresivos.<\/strong><\/p>\n\n\n\n<p>Est\u00e1n basados, casi todos ellos, en el que conoc\u00ed en el pueblo de mis padres. Cerulleda, en la frontera astur-leonesa. All\u00ed, un cambio en el tiempo, una mala cosecha, son hecatombes dif\u00edciles de comprender para las personas ajenas a todo ello.<\/p>\n\n\n\n<p><strong>\u2013Tu novela <em>Cabrera<\/em>, que trata el tema del ej\u00e9rcito napole\u00f3nico derrotado en Espa\u00f1a y deportado a esa isla mallorquina, a m\u00ed me encanta, porque&#8230;<\/strong><\/p>\n\n\n\n<p>A m\u00ed tambi\u00e9n. Oye, es de las novelas que he escrito con m\u00e1s gusto, por dos cosas: primera por lo bonito que fue buscar en los archivos, rastrear la huella de los espa\u00f1oles por Europa, todos aquellos hombres enrolados en el ej\u00e9rcito franc\u00e9s. Un soldado de Guadalajara, en su diario, da puntual detalle de toda la campa\u00f1a \u00a1de Rusia! Hasta all\u00ed lleg\u00f3 \u00e9l, imag\u00ednate.<\/p>\n\n\n\n<p><strong>\u2013Pero esta novela es una pel\u00edcula de aventuras y, adem\u00e1s con cierto eco de la picaresca.<\/strong><\/p>\n\n\n\n<p>Por supuesto. Sobre todo, en la parte inventada por m\u00ed. Lo dem\u00e1s est\u00e1 sacado de diarios de gente que estuvo en <em>Cabrera<\/em> realmente. Yo intent\u00e9 ser lo m\u00e1s imparcial posible.<\/p>\n\n\n\n<p><strong>\u2013Pero si Jes\u00fas Fern\u00e1ndez Santos hubiese estado all\u00ed, hubiese sido afrancesado, supongo.<\/strong><\/p>\n\n\n\n<p>Supones bien.<\/p>\n\n\n\n<p><strong>\u2013Es curioso c\u00f3mo los curas de tus novelas siempre acaban cometiendo los mismos pecados carnales que condenan para los dem\u00e1s: le ocurre al de <em>Cabrera<\/em> y al de <em>El Griego<\/em>, tu \u00faltimo trabajo.<\/strong><\/p>\n\n\n\n<p>El de\u00e1n de Cabrera fue un personaje real, \u00bfeh? Yo conozco a un bisnieto suyo, mallorqu\u00edn, que vive en Ginebra.<\/p>\n\n\n\n<p><strong>\u2013<em>Extramuros<\/em> es la historia de amor de dos monjas que falsifican un milagro para atraer dignidad a su convento, y, al final&#8230; bueno, el final no lo cuento. T\u00fa no crees mucho en milagros, \u00bfverdad?<\/strong><\/p>\n\n\n\n<p>No. No, qu\u00e9 va. Yo hab\u00eda hecho muchos documentales de Arte e Historia y conoc\u00eda muy bien el tema. Yo lo que hice, adem\u00e1s, fue un guion de cine, y, como nadie lo quer\u00eda, como los productores, que son muy brutos, dec\u00edan, co\u00f1o, es que aqu\u00ed no pasa nada, me dije: bueno, ya que lo tengo ah\u00ed, me hago una novela. Entonces me llam\u00f3 Mario Lacruz, de Argos-Vergara, a ver si yo ten\u00eda escrito algo para iniciar una colecci\u00f3n en su editorial. Se la di y, la verdad, se entusiasm\u00f3, m\u00e1s que yo, desde luego, y me firm\u00f3 un contrato por un dinero que yo, hasta entonces, no hab\u00eda percibido jam\u00e1s, y eso que no he parado de escribir desde 5\u00ba de Bachillerato. Total, que cuando me firm\u00f3 el contrato ah\u00ed en el Restaurante Mayte, me dije: Huy, madre, este t\u00edo, ver\u00e1s. Y, un d\u00eda, me levant\u00e9 de la cama \u00a1y era famoso! Tiene gracia, s\u00ed se\u00f1or, s\u00ed que la tiene.<\/p>\n","protected":false},"excerpt":{"rendered":"<p>Jes\u00fas Fern\u00e1ndez Santos conversaba con Benjam\u00ed\u00adn Prado en Olvidos de Granada n\u00famero 13, p\u00e1g. 34-35, &#8230; <\/p>\n<p class=\"read-more-container\"><a title=\"Santos y Prado\" class=\"read-more button\" href=\"https:\/\/olvidosdegranada.es\/index.php\/2019\/06\/07\/santos-y-prado\/#more-784\" aria-label=\"Leer m\u00e1s sobre Santos y Prado\">Leer m\u00e1s<\/a><\/p>\n","protected":false},"author":4,"featured_media":1740,"comment_status":"open","ping_status":"closed","sticky":false,"template":"","format":"standard","meta":{"_acf_changed":false,"_jetpack_newsletter_access":"","_jetpack_dont_email_post_to_subs":false,"_jetpack_newsletter_tier_id":0,"_jetpack_memberships_contains_paywalled_content":false,"_jetpack_feature_clip_id":0,"_jetpack_memberships_contains_paid_content":false,"footnotes":"","jetpack_post_was_ever_published":false},"categories":[3],"tags":[83,97,93],"class_list":["post-784","post","type-post","status-publish","format-standard","has-post-thumbnail","hentry","category-palabras","tag-literatura","tag-olvidos13","tag-revista-olvidos-de-granada","infinite-scroll-item","generate-columns","tablet-grid-50","mobile-grid-100","grid-parent","grid-33","no-featured-image-padding"],"acf":[],"yoast_head":"<!-- This site is optimized with the Yoast SEO plugin v28.3 - https:\/\/yoast.com\/product\/yoast-seo-wordpress\/ -->\n<title>Santos y Prado - Olvidos de Granada<\/title>\n<meta name=\"description\" content=\"Benjam\u00edn Prado Jes\u00fas Fern\u00e1ndez Santos conversaba con Benjam\u00ed\u00adn Prado en Olvidos de Granada n\u00famero 13, p\u00e1g. 34-35, Granada, 1986. \u2013La Guerra Civil est\u00e1 presente en\" \/>\n<meta name=\"robots\" content=\"index, follow, max-snippet:-1, max-image-preview:large, max-video-preview:-1\" \/>\n<link rel=\"canonical\" href=\"https:\/\/olvidosdegranada.es\/index.php\/2019\/06\/07\/santos-y-prado\/\" \/>\n<meta property=\"og:locale\" content=\"es_ES\" \/>\n<meta property=\"og:type\" content=\"article\" \/>\n<meta property=\"og:title\" content=\"Santos y Prado - Olvidos de Granada\" \/>\n<meta property=\"og:description\" content=\"Benjam\u00edn Prado Jes\u00fas Fern\u00e1ndez Santos conversaba con Benjam\u00ed\u00adn Prado en Olvidos de Granada n\u00famero 13, p\u00e1g. 34-35, Granada, 1986. \u2013La Guerra Civil est\u00e1 presente en\" \/>\n<meta property=\"og:url\" content=\"https:\/\/olvidosdegranada.es\/index.php\/2019\/06\/07\/santos-y-prado\/\" \/>\n<meta property=\"og:site_name\" content=\"Olvidos de Granada\" \/>\n<meta property=\"article:publisher\" content=\"https:\/\/www.facebook.com\/OLVIDOSDIGITAL\" \/>\n<meta property=\"article:published_time\" content=\"2019-06-07T21:07:00+00:00\" \/>\n<meta property=\"article:modified_time\" content=\"2020-12-27T08:49:58+00:00\" \/>\n<meta property=\"og:image\" content=\"https:\/\/olvidosdegranada.es\/wp-content\/uploads\/2019\/06\/9-1.jpg\" \/>\n\t<meta property=\"og:image:width\" content=\"328\" \/>\n\t<meta property=\"og:image:height\" content=\"512\" \/>\n\t<meta property=\"og:image:type\" content=\"image\/jpeg\" \/>\n<meta name=\"author\" content=\"Alfonso Salazar\" \/>\n<meta name=\"twitter:card\" content=\"summary_large_image\" \/>\n<meta name=\"twitter:creator\" content=\"@olvidospuntoes\" \/>\n<meta name=\"twitter:site\" content=\"@olvidospuntoes\" \/>\n<meta name=\"twitter:label1\" content=\"Escrito por\" \/>\n\t<meta name=\"twitter:data1\" content=\"Alfonso Salazar\" \/>\n\t<meta name=\"twitter:label2\" content=\"Tiempo de lectura\" \/>\n\t<meta name=\"twitter:data2\" content=\"3 minutos\" \/>\n<script type=\"application\/ld+json\" class=\"yoast-schema-graph\">{\"@context\":\"https:\\\/\\\/schema.org\",\"@graph\":[{\"@type\":\"Article\",\"@id\":\"https:\\\/\\\/olvidosdegranada.es\\\/index.php\\\/2019\\\/06\\\/07\\\/santos-y-prado\\\/#article\",\"isPartOf\":{\"@id\":\"https:\\\/\\\/olvidosdegranada.es\\\/index.php\\\/2019\\\/06\\\/07\\\/santos-y-prado\\\/\"},\"author\":{\"name\":\"Alfonso Salazar\",\"@id\":\"https:\\\/\\\/olvidosdegranada.es\\\/#\\\/schema\\\/person\\\/2e10b199a19cf21e8fd2391979d33083\"},\"headline\":\"Santos y Prado\",\"datePublished\":\"2019-06-07T21:07:00+00:00\",\"dateModified\":\"2020-12-27T08:49:58+00:00\",\"mainEntityOfPage\":{\"@id\":\"https:\\\/\\\/olvidosdegranada.es\\\/index.php\\\/2019\\\/06\\\/07\\\/santos-y-prado\\\/\"},\"wordCount\":689,\"commentCount\":0,\"publisher\":{\"@id\":\"https:\\\/\\\/olvidosdegranada.es\\\/#organization\"},\"image\":{\"@id\":\"https:\\\/\\\/olvidosdegranada.es\\\/index.php\\\/2019\\\/06\\\/07\\\/santos-y-prado\\\/#primaryimage\"},\"thumbnailUrl\":\"https:\\\/\\\/olvidosdegranada.es\\\/wp-content\\\/uploads\\\/2019\\\/06\\\/9-1.jpg\",\"keywords\":[\"Literatura\",\"Olvidos13\",\"Revista Olvidos de Granada\"],\"articleSection\":[\"Palabras\"],\"inLanguage\":\"es\",\"potentialAction\":[{\"@type\":\"CommentAction\",\"name\":\"Comment\",\"target\":[\"https:\\\/\\\/olvidosdegranada.es\\\/index.php\\\/2019\\\/06\\\/07\\\/santos-y-prado\\\/#respond\"]}]},{\"@type\":\"WebPage\",\"@id\":\"https:\\\/\\\/olvidosdegranada.es\\\/index.php\\\/2019\\\/06\\\/07\\\/santos-y-prado\\\/\",\"url\":\"https:\\\/\\\/olvidosdegranada.es\\\/index.php\\\/2019\\\/06\\\/07\\\/santos-y-prado\\\/\",\"name\":\"Santos y Prado - Olvidos de Granada\",\"isPartOf\":{\"@id\":\"https:\\\/\\\/olvidosdegranada.es\\\/#website\"},\"primaryImageOfPage\":{\"@id\":\"https:\\\/\\\/olvidosdegranada.es\\\/index.php\\\/2019\\\/06\\\/07\\\/santos-y-prado\\\/#primaryimage\"},\"image\":{\"@id\":\"https:\\\/\\\/olvidosdegranada.es\\\/index.php\\\/2019\\\/06\\\/07\\\/santos-y-prado\\\/#primaryimage\"},\"thumbnailUrl\":\"https:\\\/\\\/olvidosdegranada.es\\\/wp-content\\\/uploads\\\/2019\\\/06\\\/9-1.jpg\",\"datePublished\":\"2019-06-07T21:07:00+00:00\",\"dateModified\":\"2020-12-27T08:49:58+00:00\",\"description\":\"Benjam\u00edn Prado Jes\u00fas Fern\u00e1ndez Santos conversaba con Benjam\u00ed\u00adn Prado en Olvidos de Granada n\u00famero 13, p\u00e1g. 34-35, Granada, 1986. \u2013La Guerra Civil est\u00e1 presente en\",\"breadcrumb\":{\"@id\":\"https:\\\/\\\/olvidosdegranada.es\\\/index.php\\\/2019\\\/06\\\/07\\\/santos-y-prado\\\/#breadcrumb\"},\"inLanguage\":\"es\",\"potentialAction\":[{\"@type\":\"ReadAction\",\"target\":[\"https:\\\/\\\/olvidosdegranada.es\\\/index.php\\\/2019\\\/06\\\/07\\\/santos-y-prado\\\/\"]}]},{\"@type\":\"ImageObject\",\"inLanguage\":\"es\",\"@id\":\"https:\\\/\\\/olvidosdegranada.es\\\/index.php\\\/2019\\\/06\\\/07\\\/santos-y-prado\\\/#primaryimage\",\"url\":\"https:\\\/\\\/olvidosdegranada.es\\\/wp-content\\\/uploads\\\/2019\\\/06\\\/9-1.jpg\",\"contentUrl\":\"https:\\\/\\\/olvidosdegranada.es\\\/wp-content\\\/uploads\\\/2019\\\/06\\\/9-1.jpg\",\"width\":328,\"height\":512},{\"@type\":\"BreadcrumbList\",\"@id\":\"https:\\\/\\\/olvidosdegranada.es\\\/index.php\\\/2019\\\/06\\\/07\\\/santos-y-prado\\\/#breadcrumb\",\"itemListElement\":[{\"@type\":\"ListItem\",\"position\":1,\"name\":\"Portada\",\"item\":\"https:\\\/\\\/olvidosdegranada.es\\\/\"},{\"@type\":\"ListItem\",\"position\":2,\"name\":\"Santos y Prado\"}]},{\"@type\":\"WebSite\",\"@id\":\"https:\\\/\\\/olvidosdegranada.es\\\/#website\",\"url\":\"https:\\\/\\\/olvidosdegranada.es\\\/\",\"name\":\"Olvidos de Granada\",\"description\":\"Revista de acciones culturales\",\"publisher\":{\"@id\":\"https:\\\/\\\/olvidosdegranada.es\\\/#organization\"},\"potentialAction\":[{\"@type\":\"SearchAction\",\"target\":{\"@type\":\"EntryPoint\",\"urlTemplate\":\"https:\\\/\\\/olvidosdegranada.es\\\/?s={search_term_string}\"},\"query-input\":{\"@type\":\"PropertyValueSpecification\",\"valueRequired\":true,\"valueName\":\"search_term_string\"}}],\"inLanguage\":\"es\"},{\"@type\":\"Organization\",\"@id\":\"https:\\\/\\\/olvidosdegranada.es\\\/#organization\",\"name\":\"Olvidos de Granada\",\"url\":\"https:\\\/\\\/olvidosdegranada.es\\\/\",\"logo\":{\"@type\":\"ImageObject\",\"inLanguage\":\"es\",\"@id\":\"https:\\\/\\\/olvidosdegranada.es\\\/#\\\/schema\\\/logo\\\/image\\\/\",\"url\":\"https:\\\/\\\/olvidosdegranada.es\\\/wp-content\\\/uploads\\\/2020\\\/12\\\/Recurso-9.png\",\"contentUrl\":\"https:\\\/\\\/olvidosdegranada.es\\\/wp-content\\\/uploads\\\/2020\\\/12\\\/Recurso-9.png\",\"width\":700,\"height\":227,\"caption\":\"Olvidos de Granada\"},\"image\":{\"@id\":\"https:\\\/\\\/olvidosdegranada.es\\\/#\\\/schema\\\/logo\\\/image\\\/\"},\"sameAs\":[\"https:\\\/\\\/www.facebook.com\\\/OLVIDOSDIGITAL\",\"https:\\\/\\\/x.com\\\/olvidospuntoes\"]},{\"@type\":\"Person\",\"@id\":\"https:\\\/\\\/olvidosdegranada.es\\\/#\\\/schema\\\/person\\\/2e10b199a19cf21e8fd2391979d33083\",\"name\":\"Alfonso Salazar\",\"image\":{\"@type\":\"ImageObject\",\"inLanguage\":\"es\",\"@id\":\"https:\\\/\\\/secure.gravatar.com\\\/avatar\\\/8768a2dca789940dbdaf5fdd283c795998719eb61dc0c2c16eb3decaaf6b3304?s=96&d=mm&r=g\",\"url\":\"https:\\\/\\\/secure.gravatar.com\\\/avatar\\\/8768a2dca789940dbdaf5fdd283c795998719eb61dc0c2c16eb3decaaf6b3304?s=96&d=mm&r=g\",\"contentUrl\":\"https:\\\/\\\/secure.gravatar.com\\\/avatar\\\/8768a2dca789940dbdaf5fdd283c795998719eb61dc0c2c16eb3decaaf6b3304?s=96&d=mm&r=g\",\"caption\":\"Alfonso Salazar\"},\"url\":\"https:\\\/\\\/olvidosdegranada.es\\\/index.php\\\/author\\\/alfonso-salazar\\\/\"}]}<\/script>\n<!-- \/ Yoast SEO plugin. -->","yoast_head_json":{"title":"Santos y Prado - Olvidos de Granada","description":"Benjam\u00edn Prado Jes\u00fas Fern\u00e1ndez Santos conversaba con Benjam\u00ed\u00adn Prado en Olvidos de Granada n\u00famero 13, p\u00e1g. 34-35, Granada, 1986. \u2013La Guerra Civil est\u00e1 presente en","robots":{"index":"index","follow":"follow","max-snippet":"max-snippet:-1","max-image-preview":"max-image-preview:large","max-video-preview":"max-video-preview:-1"},"canonical":"https:\/\/olvidosdegranada.es\/index.php\/2019\/06\/07\/santos-y-prado\/","og_locale":"es_ES","og_type":"article","og_title":"Santos y Prado - Olvidos de Granada","og_description":"Benjam\u00edn Prado Jes\u00fas Fern\u00e1ndez Santos conversaba con Benjam\u00ed\u00adn Prado en Olvidos de Granada n\u00famero 13, p\u00e1g. 34-35, Granada, 1986. \u2013La Guerra Civil est\u00e1 presente en","og_url":"https:\/\/olvidosdegranada.es\/index.php\/2019\/06\/07\/santos-y-prado\/","og_site_name":"Olvidos de Granada","article_publisher":"https:\/\/www.facebook.com\/OLVIDOSDIGITAL","article_published_time":"2019-06-07T21:07:00+00:00","article_modified_time":"2020-12-27T08:49:58+00:00","og_image":[{"width":328,"height":512,"url":"https:\/\/olvidosdegranada.es\/wp-content\/uploads\/2019\/06\/9-1.jpg","type":"image\/jpeg"}],"author":"Alfonso Salazar","twitter_card":"summary_large_image","twitter_creator":"@olvidospuntoes","twitter_site":"@olvidospuntoes","twitter_misc":{"Escrito por":"Alfonso Salazar","Tiempo de lectura":"3 minutos"},"schema":{"@context":"https:\/\/schema.org","@graph":[{"@type":"Article","@id":"https:\/\/olvidosdegranada.es\/index.php\/2019\/06\/07\/santos-y-prado\/#article","isPartOf":{"@id":"https:\/\/olvidosdegranada.es\/index.php\/2019\/06\/07\/santos-y-prado\/"},"author":{"name":"Alfonso Salazar","@id":"https:\/\/olvidosdegranada.es\/#\/schema\/person\/2e10b199a19cf21e8fd2391979d33083"},"headline":"Santos y Prado","datePublished":"2019-06-07T21:07:00+00:00","dateModified":"2020-12-27T08:49:58+00:00","mainEntityOfPage":{"@id":"https:\/\/olvidosdegranada.es\/index.php\/2019\/06\/07\/santos-y-prado\/"},"wordCount":689,"commentCount":0,"publisher":{"@id":"https:\/\/olvidosdegranada.es\/#organization"},"image":{"@id":"https:\/\/olvidosdegranada.es\/index.php\/2019\/06\/07\/santos-y-prado\/#primaryimage"},"thumbnailUrl":"https:\/\/olvidosdegranada.es\/wp-content\/uploads\/2019\/06\/9-1.jpg","keywords":["Literatura","Olvidos13","Revista Olvidos de Granada"],"articleSection":["Palabras"],"inLanguage":"es","potentialAction":[{"@type":"CommentAction","name":"Comment","target":["https:\/\/olvidosdegranada.es\/index.php\/2019\/06\/07\/santos-y-prado\/#respond"]}]},{"@type":"WebPage","@id":"https:\/\/olvidosdegranada.es\/index.php\/2019\/06\/07\/santos-y-prado\/","url":"https:\/\/olvidosdegranada.es\/index.php\/2019\/06\/07\/santos-y-prado\/","name":"Santos y Prado - Olvidos de Granada","isPartOf":{"@id":"https:\/\/olvidosdegranada.es\/#website"},"primaryImageOfPage":{"@id":"https:\/\/olvidosdegranada.es\/index.php\/2019\/06\/07\/santos-y-prado\/#primaryimage"},"image":{"@id":"https:\/\/olvidosdegranada.es\/index.php\/2019\/06\/07\/santos-y-prado\/#primaryimage"},"thumbnailUrl":"https:\/\/olvidosdegranada.es\/wp-content\/uploads\/2019\/06\/9-1.jpg","datePublished":"2019-06-07T21:07:00+00:00","dateModified":"2020-12-27T08:49:58+00:00","description":"Benjam\u00edn Prado Jes\u00fas Fern\u00e1ndez Santos conversaba con Benjam\u00ed\u00adn Prado en Olvidos de Granada n\u00famero 13, p\u00e1g. 34-35, Granada, 1986. \u2013La Guerra Civil est\u00e1 presente en","breadcrumb":{"@id":"https:\/\/olvidosdegranada.es\/index.php\/2019\/06\/07\/santos-y-prado\/#breadcrumb"},"inLanguage":"es","potentialAction":[{"@type":"ReadAction","target":["https:\/\/olvidosdegranada.es\/index.php\/2019\/06\/07\/santos-y-prado\/"]}]},{"@type":"ImageObject","inLanguage":"es","@id":"https:\/\/olvidosdegranada.es\/index.php\/2019\/06\/07\/santos-y-prado\/#primaryimage","url":"https:\/\/olvidosdegranada.es\/wp-content\/uploads\/2019\/06\/9-1.jpg","contentUrl":"https:\/\/olvidosdegranada.es\/wp-content\/uploads\/2019\/06\/9-1.jpg","width":328,"height":512},{"@type":"BreadcrumbList","@id":"https:\/\/olvidosdegranada.es\/index.php\/2019\/06\/07\/santos-y-prado\/#breadcrumb","itemListElement":[{"@type":"ListItem","position":1,"name":"Portada","item":"https:\/\/olvidosdegranada.es\/"},{"@type":"ListItem","position":2,"name":"Santos y Prado"}]},{"@type":"WebSite","@id":"https:\/\/olvidosdegranada.es\/#website","url":"https:\/\/olvidosdegranada.es\/","name":"Olvidos de Granada","description":"Revista de acciones culturales","publisher":{"@id":"https:\/\/olvidosdegranada.es\/#organization"},"potentialAction":[{"@type":"SearchAction","target":{"@type":"EntryPoint","urlTemplate":"https:\/\/olvidosdegranada.es\/?s={search_term_string}"},"query-input":{"@type":"PropertyValueSpecification","valueRequired":true,"valueName":"search_term_string"}}],"inLanguage":"es"},{"@type":"Organization","@id":"https:\/\/olvidosdegranada.es\/#organization","name":"Olvidos de Granada","url":"https:\/\/olvidosdegranada.es\/","logo":{"@type":"ImageObject","inLanguage":"es","@id":"https:\/\/olvidosdegranada.es\/#\/schema\/logo\/image\/","url":"https:\/\/olvidosdegranada.es\/wp-content\/uploads\/2020\/12\/Recurso-9.png","contentUrl":"https:\/\/olvidosdegranada.es\/wp-content\/uploads\/2020\/12\/Recurso-9.png","width":700,"height":227,"caption":"Olvidos de Granada"},"image":{"@id":"https:\/\/olvidosdegranada.es\/#\/schema\/logo\/image\/"},"sameAs":["https:\/\/www.facebook.com\/OLVIDOSDIGITAL","https:\/\/x.com\/olvidospuntoes"]},{"@type":"Person","@id":"https:\/\/olvidosdegranada.es\/#\/schema\/person\/2e10b199a19cf21e8fd2391979d33083","name":"Alfonso Salazar","image":{"@type":"ImageObject","inLanguage":"es","@id":"https:\/\/secure.gravatar.com\/avatar\/8768a2dca789940dbdaf5fdd283c795998719eb61dc0c2c16eb3decaaf6b3304?s=96&d=mm&r=g","url":"https:\/\/secure.gravatar.com\/avatar\/8768a2dca789940dbdaf5fdd283c795998719eb61dc0c2c16eb3decaaf6b3304?s=96&d=mm&r=g","contentUrl":"https:\/\/secure.gravatar.com\/avatar\/8768a2dca789940dbdaf5fdd283c795998719eb61dc0c2c16eb3decaaf6b3304?s=96&d=mm&r=g","caption":"Alfonso Salazar"},"url":"https:\/\/olvidosdegranada.es\/index.php\/author\/alfonso-salazar\/"}]}},"jetpack_sharing_enabled":true,"jetpack_featured_media_url":"https:\/\/olvidosdegranada.es\/wp-content\/uploads\/2019\/06\/9-1.jpg","_links":{"self":[{"href":"https:\/\/olvidosdegranada.es\/index.php\/wp-json\/wp\/v2\/posts\/784","targetHints":{"allow":["GET"]}}],"collection":[{"href":"https:\/\/olvidosdegranada.es\/index.php\/wp-json\/wp\/v2\/posts"}],"about":[{"href":"https:\/\/olvidosdegranada.es\/index.php\/wp-json\/wp\/v2\/types\/post"}],"author":[{"embeddable":true,"href":"https:\/\/olvidosdegranada.es\/index.php\/wp-json\/wp\/v2\/users\/4"}],"replies":[{"embeddable":true,"href":"https:\/\/olvidosdegranada.es\/index.php\/wp-json\/wp\/v2\/comments?post=784"}],"version-history":[{"count":4,"href":"https:\/\/olvidosdegranada.es\/index.php\/wp-json\/wp\/v2\/posts\/784\/revisions"}],"predecessor-version":[{"id":1756,"href":"https:\/\/olvidosdegranada.es\/index.php\/wp-json\/wp\/v2\/posts\/784\/revisions\/1756"}],"wp:featuredmedia":[{"embeddable":true,"href":"https:\/\/olvidosdegranada.es\/index.php\/wp-json\/wp\/v2\/media\/1740"}],"wp:attachment":[{"href":"https:\/\/olvidosdegranada.es\/index.php\/wp-json\/wp\/v2\/media?parent=784"}],"wp:term":[{"taxonomy":"category","embeddable":true,"href":"https:\/\/olvidosdegranada.es\/index.php\/wp-json\/wp\/v2\/categories?post=784"},{"taxonomy":"post_tag","embeddable":true,"href":"https:\/\/olvidosdegranada.es\/index.php\/wp-json\/wp\/v2\/tags?post=784"}],"curies":[{"name":"wp","href":"https:\/\/api.w.org\/{rel}","templated":true}]}}