{"id":6204,"date":"2025-11-20T20:38:45","date_gmt":"2025-11-20T19:38:45","guid":{"rendered":"https:\/\/olvidosdegranada.es\/?p=6204"},"modified":"2026-02-03T23:17:28","modified_gmt":"2026-02-03T22:17:28","slug":"el-trabajador-agachado","status":"publish","type":"post","link":"https:\/\/olvidosdegranada.es\/index.php\/2025\/11\/20\/el-trabajador-agachado\/","title":{"rendered":"El trabajador agachado"},"content":{"rendered":"\n<p><\/p>\n\n\n\n<p><strong>La primera fotograf\u00eda que capt\u00f3 figuras humanas revela una paradoja: solo quedaron inm\u00f3viles un limpiabotas y su cliente, mientras la cr\u00edtica posterior privilegi\u00f3 al burgu\u00e9s y olvid\u00f3 al trabajador, cuya presencia, aunque inclinada, tambi\u00e9n forma parte de la historia hoy.<\/strong><\/p>\n\n\n\n<figure class=\"wp-block-image size-large\"><img loading=\"lazy\" decoding=\"async\" width=\"1024\" height=\"742\" src=\"https:\/\/olvidosdegranada.es\/wp-content\/uploads\/image-117-1024x742.png\" alt=\"\" class=\"wp-image-6207\" srcset=\"https:\/\/olvidosdegranada.es\/wp-content\/uploads\/image-117-1024x742.png 1024w, https:\/\/olvidosdegranada.es\/wp-content\/uploads\/image-117-300x217.png 300w, https:\/\/olvidosdegranada.es\/wp-content\/uploads\/image-117-150x109.png 150w, https:\/\/olvidosdegranada.es\/wp-content\/uploads\/image-117-768x557.png 768w, https:\/\/olvidosdegranada.es\/wp-content\/uploads\/image-117.png 1162w\" sizes=\"auto, (max-width: 1024px) 100vw, 1024px\" \/><\/figure>\n\n\n\n<p>La primera fotograf\u00eda en la que aparecen personas, tomada por Louis Daguerre entre 1837 y 1838, solo logr\u00f3 capturar a quienes permanecieron quietos durante los cuatro o cinco minutos que dur\u00f3 la exposici\u00f3n. El resto, los objetos y personas que habitaron aquel Boulevard aquella ma\u00f1ana, como se mov\u00edan, no quedaron sobre la placa. Curiosamente, las primeras figuras humanas registradas por la c\u00e1mara fueron un limpiabotas y su cliente, uno de los oficios m\u00e1s humildes.<\/p>\n\n\n\n<figure class=\"wp-block-image size-full\"><img decoding=\"async\" src=\"https:\/\/alfonsosalazar.es\/wp-content\/uploads\/2025\/10\/image-2.png\" alt=\"\" class=\"wp-image-945\"\/><\/figure>\n\n\n\n<p><\/p>\n\n\n\n<p>Byung-Chul Han comenta este hecho (para tratar sobre la quietud y la prisa en <em>La tonalidad del pensamiento<\/em>), y cita a Giorgio Agamben, en <em><a href=\"https:\/\/dn790001.ca.archive.org\/0\/items\/agamben-g.-profanaciones-ocr-2005\/Agamben%2C%20G.%20-%20Profanaciones%20%5Bocr%5D%20%5B2005%5D.pdf\">Profanaciones<\/a><\/em>:<\/p>\n\n\n\n<figure class=\"wp-block-image size-full is-resized\"><img decoding=\"async\" src=\"https:\/\/alfonsosalazar.es\/wp-content\/uploads\/2025\/10\/image.png\" alt=\"\" class=\"wp-image-943\" style=\"width:528px;height:auto\"\/><\/figure>\n\n\n\n<p>Agamben se refiere \u00fanicamente a \u201cun hombre que se estaba haciendo lustrar las botas\u201d. En la edici\u00f3n en castellano de la conferencia de Han se toma la traducci\u00f3n de Dobry, pero no es relevante, toma el mismo punto de vista: \u00ab(&#8230;) solo se ve una figura humana, un hombre a quien limpian los zapatos, y por eso est\u00e1 quieto\u00bb.<\/p>\n\n\n\n<p>Soprende (quiz\u00e1 no) que Agamben fija la vista en la figura del cliente, omitiendo el foco de la presencia sobre el trabajador, apenas <em>entrevisto <\/em>como propietario del banquito.<\/p>\n\n\n\n<p>S\u00ed, habr\u00eda que consultar el original, pero la presencia del trabajador fue omitida: solo el burgu\u00e9s era persona a la vista, protagonista.<\/p>\n\n\n\n<p>Se mantiene en la versi\u00f3n en ingl\u00e9s de Urzone:<\/p>\n\n\n\n<figure class=\"wp-block-image size-full is-resized\"><img decoding=\"async\" src=\"https:\/\/alfonsosalazar.es\/wp-content\/uploads\/2025\/10\/image-3.png\" alt=\"\" class=\"wp-image-946\" style=\"width:557px;height:auto\"\/><\/figure>\n\n\n\n<p>Por suerte, otros autores, destacan la presencia de \u00abdos personas\u00bb, como sucede en <a href=\"https:\/\/web.archive.org\/web\/20180929233255\/http:\/\/www.alistairscott.com\/daguerre\/\">Alistair Scott<\/a>, <a href=\"https:\/\/www.reclamebeeld.nl\/shutter-speed-time-of-the-first-image-human-daguerre-photo-boulevard-du-temple-paris\/\">Wilmar Dik<\/a> oportunamente recogidos por <a href=\"https:\/\/es.wikipedia.org\/wiki\/Boulevard_du_Temple_%28fotograf%C3%ADa%29\">Wikipedia<\/a>, no as\u00ed el <a href=\"https:\/\/books.google.es\/books?id=UA5AAAAAYAAJ&amp;q=%22Objects+moving+are+not+impressed.%22&amp;pg=PA408&amp;redir_esc=y#v=snippet&amp;q=%22Objects%20moving%20are%20not%20impressed.%22&amp;f=false\">Journal of the American Institute<\/a>, que solo \u00abve\u00bb al cliente.<\/p>\n\n\n\n<p>Ciertamente, el lustrabotas est\u00e1 agachado, como exig\u00eda el oficio, pero est\u00e1 ah\u00ed.<\/p>\n","protected":false},"excerpt":{"rendered":"<p>La primera fotograf\u00eda que capt\u00f3 figuras humanas revela una paradoja: solo quedaron inm\u00f3viles un limpiabotas &#8230; <\/p>\n<p class=\"read-more-container\"><a title=\"El trabajador agachado\" class=\"read-more button\" href=\"https:\/\/olvidosdegranada.es\/index.php\/2025\/11\/20\/el-trabajador-agachado\/#more-6204\" aria-label=\"Leer m\u00e1s sobre El trabajador agachado\">Leer m\u00e1s<\/a><\/p>\n","protected":false},"author":4,"featured_media":6207,"comment_status":"open","ping_status":"closed","sticky":false,"template":"","format":"standard","meta":{"_acf_changed":false,"_jetpack_newsletter_access":"","_jetpack_dont_email_post_to_subs":false,"_jetpack_newsletter_tier_id":0,"_jetpack_memberships_contains_paywalled_content":false,"_jetpack_feature_clip_id":0,"_jetpack_memberships_contains_paid_content":false,"footnotes":"","jetpack_post_was_ever_published":false},"categories":[3],"tags":[89],"class_list":["post-6204","post","type-post","status-publish","format-standard","has-post-thumbnail","hentry","category-palabras","tag-fotografia","infinite-scroll-item","generate-columns","tablet-grid-50","mobile-grid-100","grid-parent","grid-33","no-featured-image-padding"],"acf":[],"yoast_head":"<!-- This site is optimized with the Yoast SEO plugin v28.3 - https:\/\/yoast.com\/product\/yoast-seo-wordpress\/ -->\n<title>El trabajador agachado - Olvidos de Granada<\/title>\n<meta name=\"description\" content=\"Alfonso Salazar La primera fotograf\u00eda que capt\u00f3 figuras humanas revela una paradoja: solo quedaron inm\u00f3viles un limpiabotas y su cliente, mientras la cr\u00edtica posterior\" \/>\n<meta name=\"robots\" content=\"index, follow, max-snippet:-1, max-image-preview:large, max-video-preview:-1\" \/>\n<link rel=\"canonical\" href=\"https:\/\/olvidosdegranada.es\/index.php\/2025\/11\/20\/el-trabajador-agachado\/\" \/>\n<meta property=\"og:locale\" content=\"es_ES\" \/>\n<meta property=\"og:type\" content=\"article\" \/>\n<meta property=\"og:title\" content=\"El trabajador agachado - Olvidos de Granada\" \/>\n<meta property=\"og:description\" content=\"Alfonso Salazar La primera fotograf\u00eda que capt\u00f3 figuras humanas revela una paradoja: solo quedaron inm\u00f3viles un limpiabotas y su cliente, mientras la cr\u00edtica posterior\" \/>\n<meta property=\"og:url\" content=\"https:\/\/olvidosdegranada.es\/index.php\/2025\/11\/20\/el-trabajador-agachado\/\" \/>\n<meta property=\"og:site_name\" content=\"Olvidos de Granada\" \/>\n<meta property=\"article:publisher\" content=\"https:\/\/www.facebook.com\/OLVIDOSDIGITAL\" \/>\n<meta property=\"article:published_time\" content=\"2025-11-20T19:38:45+00:00\" \/>\n<meta property=\"article:modified_time\" content=\"2026-02-03T22:17:28+00:00\" \/>\n<meta property=\"og:image\" content=\"https:\/\/olvidosdegranada.es\/wp-content\/uploads\/image-117.png\" \/>\n\t<meta property=\"og:image:width\" content=\"1162\" \/>\n\t<meta property=\"og:image:height\" content=\"842\" \/>\n\t<meta property=\"og:image:type\" content=\"image\/png\" \/>\n<meta name=\"author\" content=\"Alfonso Salazar\" \/>\n<meta name=\"twitter:card\" content=\"summary_large_image\" \/>\n<meta name=\"twitter:creator\" content=\"@olvidospuntoes\" \/>\n<meta name=\"twitter:site\" content=\"@olvidospuntoes\" \/>\n<meta name=\"twitter:label1\" content=\"Escrito por\" \/>\n\t<meta name=\"twitter:data1\" content=\"Alfonso Salazar\" \/>\n\t<meta name=\"twitter:label2\" content=\"Tiempo de lectura\" \/>\n\t<meta name=\"twitter:data2\" content=\"3 minutos\" \/>\n<script type=\"application\/ld+json\" class=\"yoast-schema-graph\">{\"@context\":\"https:\\\/\\\/schema.org\",\"@graph\":[{\"@type\":\"Article\",\"@id\":\"https:\\\/\\\/olvidosdegranada.es\\\/index.php\\\/2025\\\/11\\\/20\\\/el-trabajador-agachado\\\/#article\",\"isPartOf\":{\"@id\":\"https:\\\/\\\/olvidosdegranada.es\\\/index.php\\\/2025\\\/11\\\/20\\\/el-trabajador-agachado\\\/\"},\"author\":{\"name\":\"Alfonso Salazar\",\"@id\":\"https:\\\/\\\/olvidosdegranada.es\\\/#\\\/schema\\\/person\\\/2e10b199a19cf21e8fd2391979d33083\"},\"headline\":\"El trabajador agachado\",\"datePublished\":\"2025-11-20T19:38:45+00:00\",\"dateModified\":\"2026-02-03T22:17:28+00:00\",\"mainEntityOfPage\":{\"@id\":\"https:\\\/\\\/olvidosdegranada.es\\\/index.php\\\/2025\\\/11\\\/20\\\/el-trabajador-agachado\\\/\"},\"wordCount\":321,\"commentCount\":0,\"publisher\":{\"@id\":\"https:\\\/\\\/olvidosdegranada.es\\\/#organization\"},\"image\":{\"@id\":\"https:\\\/\\\/olvidosdegranada.es\\\/index.php\\\/2025\\\/11\\\/20\\\/el-trabajador-agachado\\\/#primaryimage\"},\"thumbnailUrl\":\"https:\\\/\\\/olvidosdegranada.es\\\/wp-content\\\/uploads\\\/image-117.png\",\"keywords\":[\"Fotograf\u00eda\"],\"articleSection\":[\"Palabras\"],\"inLanguage\":\"es\",\"potentialAction\":[{\"@type\":\"CommentAction\",\"name\":\"Comment\",\"target\":[\"https:\\\/\\\/olvidosdegranada.es\\\/index.php\\\/2025\\\/11\\\/20\\\/el-trabajador-agachado\\\/#respond\"]}]},{\"@type\":\"WebPage\",\"@id\":\"https:\\\/\\\/olvidosdegranada.es\\\/index.php\\\/2025\\\/11\\\/20\\\/el-trabajador-agachado\\\/\",\"url\":\"https:\\\/\\\/olvidosdegranada.es\\\/index.php\\\/2025\\\/11\\\/20\\\/el-trabajador-agachado\\\/\",\"name\":\"El trabajador agachado - Olvidos de Granada\",\"isPartOf\":{\"@id\":\"https:\\\/\\\/olvidosdegranada.es\\\/#website\"},\"primaryImageOfPage\":{\"@id\":\"https:\\\/\\\/olvidosdegranada.es\\\/index.php\\\/2025\\\/11\\\/20\\\/el-trabajador-agachado\\\/#primaryimage\"},\"image\":{\"@id\":\"https:\\\/\\\/olvidosdegranada.es\\\/index.php\\\/2025\\\/11\\\/20\\\/el-trabajador-agachado\\\/#primaryimage\"},\"thumbnailUrl\":\"https:\\\/\\\/olvidosdegranada.es\\\/wp-content\\\/uploads\\\/image-117.png\",\"datePublished\":\"2025-11-20T19:38:45+00:00\",\"dateModified\":\"2026-02-03T22:17:28+00:00\",\"description\":\"Alfonso Salazar La primera fotograf\u00eda que capt\u00f3 figuras humanas revela una paradoja: solo quedaron inm\u00f3viles un limpiabotas y su cliente, mientras la cr\u00edtica posterior\",\"breadcrumb\":{\"@id\":\"https:\\\/\\\/olvidosdegranada.es\\\/index.php\\\/2025\\\/11\\\/20\\\/el-trabajador-agachado\\\/#breadcrumb\"},\"inLanguage\":\"es\",\"potentialAction\":[{\"@type\":\"ReadAction\",\"target\":[\"https:\\\/\\\/olvidosdegranada.es\\\/index.php\\\/2025\\\/11\\\/20\\\/el-trabajador-agachado\\\/\"]}]},{\"@type\":\"ImageObject\",\"inLanguage\":\"es\",\"@id\":\"https:\\\/\\\/olvidosdegranada.es\\\/index.php\\\/2025\\\/11\\\/20\\\/el-trabajador-agachado\\\/#primaryimage\",\"url\":\"https:\\\/\\\/olvidosdegranada.es\\\/wp-content\\\/uploads\\\/image-117.png\",\"contentUrl\":\"https:\\\/\\\/olvidosdegranada.es\\\/wp-content\\\/uploads\\\/image-117.png\",\"width\":1162,\"height\":842},{\"@type\":\"BreadcrumbList\",\"@id\":\"https:\\\/\\\/olvidosdegranada.es\\\/index.php\\\/2025\\\/11\\\/20\\\/el-trabajador-agachado\\\/#breadcrumb\",\"itemListElement\":[{\"@type\":\"ListItem\",\"position\":1,\"name\":\"Portada\",\"item\":\"https:\\\/\\\/olvidosdegranada.es\\\/\"},{\"@type\":\"ListItem\",\"position\":2,\"name\":\"El trabajador agachado\"}]},{\"@type\":\"WebSite\",\"@id\":\"https:\\\/\\\/olvidosdegranada.es\\\/#website\",\"url\":\"https:\\\/\\\/olvidosdegranada.es\\\/\",\"name\":\"Olvidos de Granada\",\"description\":\"Revista de acciones culturales\",\"publisher\":{\"@id\":\"https:\\\/\\\/olvidosdegranada.es\\\/#organization\"},\"potentialAction\":[{\"@type\":\"SearchAction\",\"target\":{\"@type\":\"EntryPoint\",\"urlTemplate\":\"https:\\\/\\\/olvidosdegranada.es\\\/?s={search_term_string}\"},\"query-input\":{\"@type\":\"PropertyValueSpecification\",\"valueRequired\":true,\"valueName\":\"search_term_string\"}}],\"inLanguage\":\"es\"},{\"@type\":\"Organization\",\"@id\":\"https:\\\/\\\/olvidosdegranada.es\\\/#organization\",\"name\":\"Olvidos de Granada\",\"url\":\"https:\\\/\\\/olvidosdegranada.es\\\/\",\"logo\":{\"@type\":\"ImageObject\",\"inLanguage\":\"es\",\"@id\":\"https:\\\/\\\/olvidosdegranada.es\\\/#\\\/schema\\\/logo\\\/image\\\/\",\"url\":\"https:\\\/\\\/olvidosdegranada.es\\\/wp-content\\\/uploads\\\/2020\\\/12\\\/Recurso-9.png\",\"contentUrl\":\"https:\\\/\\\/olvidosdegranada.es\\\/wp-content\\\/uploads\\\/2020\\\/12\\\/Recurso-9.png\",\"width\":700,\"height\":227,\"caption\":\"Olvidos de Granada\"},\"image\":{\"@id\":\"https:\\\/\\\/olvidosdegranada.es\\\/#\\\/schema\\\/logo\\\/image\\\/\"},\"sameAs\":[\"https:\\\/\\\/www.facebook.com\\\/OLVIDOSDIGITAL\",\"https:\\\/\\\/x.com\\\/olvidospuntoes\"]},{\"@type\":\"Person\",\"@id\":\"https:\\\/\\\/olvidosdegranada.es\\\/#\\\/schema\\\/person\\\/2e10b199a19cf21e8fd2391979d33083\",\"name\":\"Alfonso Salazar\",\"image\":{\"@type\":\"ImageObject\",\"inLanguage\":\"es\",\"@id\":\"https:\\\/\\\/secure.gravatar.com\\\/avatar\\\/8768a2dca789940dbdaf5fdd283c795998719eb61dc0c2c16eb3decaaf6b3304?s=96&d=mm&r=g\",\"url\":\"https:\\\/\\\/secure.gravatar.com\\\/avatar\\\/8768a2dca789940dbdaf5fdd283c795998719eb61dc0c2c16eb3decaaf6b3304?s=96&d=mm&r=g\",\"contentUrl\":\"https:\\\/\\\/secure.gravatar.com\\\/avatar\\\/8768a2dca789940dbdaf5fdd283c795998719eb61dc0c2c16eb3decaaf6b3304?s=96&d=mm&r=g\",\"caption\":\"Alfonso Salazar\"},\"url\":\"https:\\\/\\\/olvidosdegranada.es\\\/index.php\\\/author\\\/alfonso-salazar\\\/\"}]}<\/script>\n<!-- \/ Yoast SEO plugin. -->","yoast_head_json":{"title":"El trabajador agachado - Olvidos de Granada","description":"Alfonso Salazar La primera fotograf\u00eda que capt\u00f3 figuras humanas revela una paradoja: solo quedaron inm\u00f3viles un limpiabotas y su cliente, mientras la cr\u00edtica posterior","robots":{"index":"index","follow":"follow","max-snippet":"max-snippet:-1","max-image-preview":"max-image-preview:large","max-video-preview":"max-video-preview:-1"},"canonical":"https:\/\/olvidosdegranada.es\/index.php\/2025\/11\/20\/el-trabajador-agachado\/","og_locale":"es_ES","og_type":"article","og_title":"El trabajador agachado - Olvidos de Granada","og_description":"Alfonso Salazar La primera fotograf\u00eda que capt\u00f3 figuras humanas revela una paradoja: solo quedaron inm\u00f3viles un limpiabotas y su cliente, mientras la cr\u00edtica posterior","og_url":"https:\/\/olvidosdegranada.es\/index.php\/2025\/11\/20\/el-trabajador-agachado\/","og_site_name":"Olvidos de Granada","article_publisher":"https:\/\/www.facebook.com\/OLVIDOSDIGITAL","article_published_time":"2025-11-20T19:38:45+00:00","article_modified_time":"2026-02-03T22:17:28+00:00","og_image":[{"width":1162,"height":842,"url":"https:\/\/olvidosdegranada.es\/wp-content\/uploads\/image-117.png","type":"image\/png"}],"author":"Alfonso Salazar","twitter_card":"summary_large_image","twitter_creator":"@olvidospuntoes","twitter_site":"@olvidospuntoes","twitter_misc":{"Escrito por":"Alfonso Salazar","Tiempo de lectura":"3 minutos"},"schema":{"@context":"https:\/\/schema.org","@graph":[{"@type":"Article","@id":"https:\/\/olvidosdegranada.es\/index.php\/2025\/11\/20\/el-trabajador-agachado\/#article","isPartOf":{"@id":"https:\/\/olvidosdegranada.es\/index.php\/2025\/11\/20\/el-trabajador-agachado\/"},"author":{"name":"Alfonso Salazar","@id":"https:\/\/olvidosdegranada.es\/#\/schema\/person\/2e10b199a19cf21e8fd2391979d33083"},"headline":"El trabajador agachado","datePublished":"2025-11-20T19:38:45+00:00","dateModified":"2026-02-03T22:17:28+00:00","mainEntityOfPage":{"@id":"https:\/\/olvidosdegranada.es\/index.php\/2025\/11\/20\/el-trabajador-agachado\/"},"wordCount":321,"commentCount":0,"publisher":{"@id":"https:\/\/olvidosdegranada.es\/#organization"},"image":{"@id":"https:\/\/olvidosdegranada.es\/index.php\/2025\/11\/20\/el-trabajador-agachado\/#primaryimage"},"thumbnailUrl":"https:\/\/olvidosdegranada.es\/wp-content\/uploads\/image-117.png","keywords":["Fotograf\u00eda"],"articleSection":["Palabras"],"inLanguage":"es","potentialAction":[{"@type":"CommentAction","name":"Comment","target":["https:\/\/olvidosdegranada.es\/index.php\/2025\/11\/20\/el-trabajador-agachado\/#respond"]}]},{"@type":"WebPage","@id":"https:\/\/olvidosdegranada.es\/index.php\/2025\/11\/20\/el-trabajador-agachado\/","url":"https:\/\/olvidosdegranada.es\/index.php\/2025\/11\/20\/el-trabajador-agachado\/","name":"El trabajador agachado - Olvidos de Granada","isPartOf":{"@id":"https:\/\/olvidosdegranada.es\/#website"},"primaryImageOfPage":{"@id":"https:\/\/olvidosdegranada.es\/index.php\/2025\/11\/20\/el-trabajador-agachado\/#primaryimage"},"image":{"@id":"https:\/\/olvidosdegranada.es\/index.php\/2025\/11\/20\/el-trabajador-agachado\/#primaryimage"},"thumbnailUrl":"https:\/\/olvidosdegranada.es\/wp-content\/uploads\/image-117.png","datePublished":"2025-11-20T19:38:45+00:00","dateModified":"2026-02-03T22:17:28+00:00","description":"Alfonso Salazar La primera fotograf\u00eda que capt\u00f3 figuras humanas revela una paradoja: solo quedaron inm\u00f3viles un limpiabotas y su cliente, mientras la cr\u00edtica posterior","breadcrumb":{"@id":"https:\/\/olvidosdegranada.es\/index.php\/2025\/11\/20\/el-trabajador-agachado\/#breadcrumb"},"inLanguage":"es","potentialAction":[{"@type":"ReadAction","target":["https:\/\/olvidosdegranada.es\/index.php\/2025\/11\/20\/el-trabajador-agachado\/"]}]},{"@type":"ImageObject","inLanguage":"es","@id":"https:\/\/olvidosdegranada.es\/index.php\/2025\/11\/20\/el-trabajador-agachado\/#primaryimage","url":"https:\/\/olvidosdegranada.es\/wp-content\/uploads\/image-117.png","contentUrl":"https:\/\/olvidosdegranada.es\/wp-content\/uploads\/image-117.png","width":1162,"height":842},{"@type":"BreadcrumbList","@id":"https:\/\/olvidosdegranada.es\/index.php\/2025\/11\/20\/el-trabajador-agachado\/#breadcrumb","itemListElement":[{"@type":"ListItem","position":1,"name":"Portada","item":"https:\/\/olvidosdegranada.es\/"},{"@type":"ListItem","position":2,"name":"El trabajador agachado"}]},{"@type":"WebSite","@id":"https:\/\/olvidosdegranada.es\/#website","url":"https:\/\/olvidosdegranada.es\/","name":"Olvidos de Granada","description":"Revista de acciones culturales","publisher":{"@id":"https:\/\/olvidosdegranada.es\/#organization"},"potentialAction":[{"@type":"SearchAction","target":{"@type":"EntryPoint","urlTemplate":"https:\/\/olvidosdegranada.es\/?s={search_term_string}"},"query-input":{"@type":"PropertyValueSpecification","valueRequired":true,"valueName":"search_term_string"}}],"inLanguage":"es"},{"@type":"Organization","@id":"https:\/\/olvidosdegranada.es\/#organization","name":"Olvidos de Granada","url":"https:\/\/olvidosdegranada.es\/","logo":{"@type":"ImageObject","inLanguage":"es","@id":"https:\/\/olvidosdegranada.es\/#\/schema\/logo\/image\/","url":"https:\/\/olvidosdegranada.es\/wp-content\/uploads\/2020\/12\/Recurso-9.png","contentUrl":"https:\/\/olvidosdegranada.es\/wp-content\/uploads\/2020\/12\/Recurso-9.png","width":700,"height":227,"caption":"Olvidos de Granada"},"image":{"@id":"https:\/\/olvidosdegranada.es\/#\/schema\/logo\/image\/"},"sameAs":["https:\/\/www.facebook.com\/OLVIDOSDIGITAL","https:\/\/x.com\/olvidospuntoes"]},{"@type":"Person","@id":"https:\/\/olvidosdegranada.es\/#\/schema\/person\/2e10b199a19cf21e8fd2391979d33083","name":"Alfonso Salazar","image":{"@type":"ImageObject","inLanguage":"es","@id":"https:\/\/secure.gravatar.com\/avatar\/8768a2dca789940dbdaf5fdd283c795998719eb61dc0c2c16eb3decaaf6b3304?s=96&d=mm&r=g","url":"https:\/\/secure.gravatar.com\/avatar\/8768a2dca789940dbdaf5fdd283c795998719eb61dc0c2c16eb3decaaf6b3304?s=96&d=mm&r=g","contentUrl":"https:\/\/secure.gravatar.com\/avatar\/8768a2dca789940dbdaf5fdd283c795998719eb61dc0c2c16eb3decaaf6b3304?s=96&d=mm&r=g","caption":"Alfonso Salazar"},"url":"https:\/\/olvidosdegranada.es\/index.php\/author\/alfonso-salazar\/"}]}},"jetpack_sharing_enabled":true,"jetpack_featured_media_url":"https:\/\/olvidosdegranada.es\/wp-content\/uploads\/image-117.png","_links":{"self":[{"href":"https:\/\/olvidosdegranada.es\/index.php\/wp-json\/wp\/v2\/posts\/6204","targetHints":{"allow":["GET"]}}],"collection":[{"href":"https:\/\/olvidosdegranada.es\/index.php\/wp-json\/wp\/v2\/posts"}],"about":[{"href":"https:\/\/olvidosdegranada.es\/index.php\/wp-json\/wp\/v2\/types\/post"}],"author":[{"embeddable":true,"href":"https:\/\/olvidosdegranada.es\/index.php\/wp-json\/wp\/v2\/users\/4"}],"replies":[{"embeddable":true,"href":"https:\/\/olvidosdegranada.es\/index.php\/wp-json\/wp\/v2\/comments?post=6204"}],"version-history":[{"count":2,"href":"https:\/\/olvidosdegranada.es\/index.php\/wp-json\/wp\/v2\/posts\/6204\/revisions"}],"predecessor-version":[{"id":6208,"href":"https:\/\/olvidosdegranada.es\/index.php\/wp-json\/wp\/v2\/posts\/6204\/revisions\/6208"}],"wp:featuredmedia":[{"embeddable":true,"href":"https:\/\/olvidosdegranada.es\/index.php\/wp-json\/wp\/v2\/media\/6207"}],"wp:attachment":[{"href":"https:\/\/olvidosdegranada.es\/index.php\/wp-json\/wp\/v2\/media?parent=6204"}],"wp:term":[{"taxonomy":"category","embeddable":true,"href":"https:\/\/olvidosdegranada.es\/index.php\/wp-json\/wp\/v2\/categories?post=6204"},{"taxonomy":"post_tag","embeddable":true,"href":"https:\/\/olvidosdegranada.es\/index.php\/wp-json\/wp\/v2\/tags?post=6204"}],"curies":[{"name":"wp","href":"https:\/\/api.w.org\/{rel}","templated":true}]}}