{"id":6195,"date":"2025-11-24T20:15:38","date_gmt":"2025-11-24T19:15:38","guid":{"rendered":"https:\/\/olvidosdegranada.es\/?p=6195"},"modified":"2025-12-09T02:19:45","modified_gmt":"2025-12-09T01:19:45","slug":"las-tech-la-burbuja-de-poder-global","status":"publish","type":"post","link":"https:\/\/olvidosdegranada.es\/index.php\/2025\/11\/24\/las-tech-la-burbuja-de-poder-global\/","title":{"rendered":"Las Tech: la burbuja de poder global"},"content":{"rendered":"\n<p><strong>El nuevo ensayo de la historiadora Sylvie Laurent desnuda la alianza silenciosa entre la ultraderecha global y los magnates tecnol\u00f3gicos surgidos de Silicon Valley. Lejos del mito contracultural que envolvi\u00f3 a los \u201cgenios\u201d californianos,  Musk, Zuckerberg, Bezos, Thiel o Ellison encarnan una ideolog\u00eda forjada en un ecosistema marcado por el militarismo, el racismo acad\u00e9mico y el libertarismo radical. Desde Reagan hasta la era Obama-Trump, la pol\u00edtica estadounidense favoreci\u00f3 la expansi\u00f3n de un poder corporativo que se presenta como antisistema mientras captura al Estado, desregula mercados y precariza el trabajo. Esta \u00e9lite tecnol\u00f3gica ha convertido la innovaci\u00f3n en un instrumento de hegemon\u00eda y en una nueva f\u00e1brica de poder global.<\/strong><\/p>\n\n\n\n<figure class=\"wp-block-image size-full\"><img loading=\"lazy\" decoding=\"async\" width=\"835\" height=\"702\" src=\"https:\/\/olvidosdegranada.es\/wp-content\/uploads\/image-115.png\" alt=\"\" class=\"wp-image-6198\" srcset=\"https:\/\/olvidosdegranada.es\/wp-content\/uploads\/image-115.png 835w, https:\/\/olvidosdegranada.es\/wp-content\/uploads\/image-115-300x252.png 300w, https:\/\/olvidosdegranada.es\/wp-content\/uploads\/image-115-150x126.png 150w, https:\/\/olvidosdegranada.es\/wp-content\/uploads\/image-115-768x646.png 768w\" sizes=\"auto, (max-width: 835px) 100vw, 835px\" \/><\/figure>\n\n\n\n<p>En un interesante op\u00fasculo, la historiadora americanista Sylvie Laurent<a href=\"#_ftn1\" id=\"_ftnref1\"><sup>[1]<\/sup><\/a> analiza el auge de la ultraderecha global en sinton\u00eda con el poder cada vez m\u00e1s visible de los magnates de las grandes tecnol\u00f3gicas de EEUU. Una burbuja de poder que se gest\u00f3 en California, en Silicon Valley. La fascistizaci\u00f3n de Elon Musk, la masculinizaci\u00f3n de Zuckerberg, los proyectos antidemocr\u00e1ticos del magnate de Oracle Larry Ellison o de Peter Thiel, un multimillonario libertario que financi\u00f3 la campa\u00f1a de Vance al Senado de 2022<a href=\"#_ftn2\" id=\"_ftnref2\"><sup>[2]<\/sup><\/a>, o los compromisos de Jeff Bezos, son el resultado de una ideolog\u00eda californiana que, desde la calculada ambig\u00fcedad, oscila entre la postura antisistema y la dependencia del Estado en pos de la hegemon\u00eda.<\/p>\n\n\n\n<p>La idea extendida sobre los Tech californianos, criados en Silicon Valley, j\u00f3venes estudiantes geniales, inconformistas, inmersos en la contracultura, hippies y pacifistas, con ideales comunitarios y disidentes del sistema, no refleja en absoluto la realidad de esta \u201c\u00e9lite del sistema antisistema\u201d. La California que produjo la tecn\u00f3polis y gener\u00f3 la inmensa burbuja de poder es radicalmente otra. Su centro, la universidad de Stanford, est\u00e1 ligada tradicionalmente al racismo y al militarismo gracias a uno de los think-tank m\u00e1s influyentes de EEUU, ubicado en el campus de esta universidad. La instituci\u00f3n Hoover acoge a grandes mandatarios como George Shultz, Condoleezza Rice, Michael Boskin, Edward Lazear, John B. Taylor, y Amy Zegart, todos becarios de esta Instituci\u00f3n. El exsecretario de Defensa, general James Mattis, fue investigador en Hoover antes de pertenecer a la administraci\u00f3n Trump. En San Francisco se encuentra uno de los complejos militares-industriales m\u00e1s grandes del mundo, el complejo carcelario m\u00e1s extenso de EEUU, la polic\u00eda municipal con mayores recursos paramilitares y los centros de investigaci\u00f3n m\u00e1s avanzados en perfiles algor\u00edtmicos racistas y brutales.<\/p>\n\n\n\n<p>Ayn Rand, la rom\u00e1ntica fundamentalista del mercado, fund\u00f3 un libertarismo a la americana y dej\u00f3 como legado una ideolog\u00eda ferozmente individualista y un instituto, que es centro de proliferaci\u00f3n del libertarismo en California, en EEUU, Israel y Europa. Su \u201cobjetivismo\u201d (libre comercio, globalismo individualista, inmigraci\u00f3n abierta) influy\u00f3 de manera sustancial en el ecosistema libertario-reaccionario creado en Silicon Valley por las grandes tecnol\u00f3gicas.<\/p>\n\n\n\n<p>La ret\u00f3rica neoliberal de la guerra fr\u00eda, espoleada por Ronald Reagan, ofreci\u00f3 la oportunidad a Silicon Valley de promocionar a sus h\u00e9roes civiles; varones blancos, totalmente libres y aislados en sus laboratorios de ingenier\u00eda inform\u00e1tica, cuya investigaci\u00f3n e innovaci\u00f3n tecnol\u00f3gica deb\u00edan salvar al mundo del peligro del totalitarismo comunista. Reagan concedi\u00f3 la medalla de las ciencias y la tecnolog\u00eda a Steve Jobs y a Steve Wozniak, eran modelo de emprendedores. Los <em>high tech<\/em>, a la par que se aislaban envueltos en un halo heroico, se sub\u00edan a las barbas del Estado, para escapar a su control e influir sobre los poderes legislativo y ejecutivo. Leyes a su medida y creaci\u00f3n de mitos de la ciencia ficci\u00f3n otorgaron legitimidad a esta epopeya: Rambo, Terminator, Blade Runner, ofrecieron los aires de la emancipaci\u00f3n reaganiana. Los <em>high tech<\/em> eran ya garant\u00eda de permanencia del dominio americano en el mundo.<\/p>\n\n\n\n<p>En 1980, la reforma de la propiedad intelectual abri\u00f3 la v\u00eda a la comercializaci\u00f3n de los descubrimientos cient\u00edficos, y dos a\u00f1os despu\u00e9s, aparecieron los grandes de la Tech (Intel, Apple, Microsoft), tras desmantelar Reagan la compa\u00f1\u00eda de telecomunicaciones AT&amp;T.<\/p>\n\n\n\n<p>La desregulaci\u00f3n de las finanzas de Alan Greenspan, seguidor de Ayn Rand y Presidente de la Reserva Federal, con su&nbsp; laissez-faire, permiti\u00f3 a las inversiones de \u201ccapital riesgo\u201d (dirigidas sobre todo a la innovaci\u00f3n que los Tech realizaban en Silicon Valley) acceder a los ahorros de los jubilados del pa\u00eds haci\u00e9ndoles part\u00edcipes de esta ruleta rusa. Las startups tecnol\u00f3gicas proliferaron como setas.<\/p>\n\n\n\n<p>En 1989, la electr\u00f3nica devino la gran actividad manufacturera de EEUU, dio empleo a 2,5 millones de personas, las calles de Silicon Valley se llenaron de fabricantes, las de Palo Alto y San Jos\u00e9 (Apple, Applied Material, Atari, Fairchild, Hewlett-Packard, Intel, National Semiconductor, Varian Associates, Xerox, etc.). Pero los nuevos contratos ya no eran los de la antigua industria, ahora estaban marcados por una pol\u00edtica antisindical. El fundador de Silicon Valley, Robert Noice, participe en la invenci\u00f3n del transistor y cofundador de Intel Corporation, dej\u00f3 como principio evitar la sindicaci\u00f3n para la supervivencia de las empresas. La \u201cflexibilidad\u201d en \u00e9stas hac\u00eda posible el desarrollo. De modo que Silicon Valley qued\u00f3 como una burbuja cada vez m\u00e1s influyente en el poder legislativo, sobre todo en el campo laboral y de inversiones. El trabajo t\u00f3xico de materiales peligrosos se lo chupaban los hispanos y asi\u00e1ticos. Pero conforme el valor de los ordenadores tendi\u00f3 menos a sus componentes f\u00edsicos y m\u00e1s a los l\u00f3gicos (sistemas de explotaci\u00f3n y aplicaci\u00f3n inform\u00e1tica), la producci\u00f3n se fue deslocalizando y desviando a otros pa\u00edses con salarios m\u00e1s bajos.<\/p>\n\n\n\n<p>La \u00e9lite de las Tech abandon\u00f3 el t\u00e9rmino \u201cempleado\u201d para denominarse \u201cemprendedor\u201d. La burbuja se transformaba y abrigaba ideales de libertad. El espacio se liberaba de muros, se llenaba de zonas recreativas, con guarder\u00edas, transporte corporativo, etc. Ellos, genios creativos, eran parte de la empresa. Su trabajo se mitificaba, eran innovadores, mejoraban el mundo y su tecnolog\u00eda nos libraba de la tiran\u00eda, mientras los sueldos bajaban a cada escal\u00f3n y el trabajo se precarizaba a marchas forzadas. La libertad comenz\u00f3 a significar libertad de toda atadura legal, espacio abierto a la desregulaci\u00f3n, no intervenci\u00f3n ni fiscalizaci\u00f3n del Estado.<\/p>\n\n\n\n<p>La meritocracia aparente desprecia el trabajo del resto de la sociedad plebeya. Todos tienen oportunidad, si no est\u00e1n dentro\u2026 Ellos son los h\u00e9roes creadores del futuro. Pero en \u201cellos\u201d, la presencia y la jerarqu\u00eda se traduce en estricta segregaci\u00f3n, Silicon Valley mantiene a las mujeres y minor\u00edas en roles subalternos, cuando no reducidos a inexistencia. En el mejor de los casos deben \u201cameritar\u201d su presencia.<\/p>\n\n\n\n<p>En la d\u00e9cada de los 90 aparecieron los \u00abAtari Democrat\u00bb, los legisladores dem\u00f3cratas que cre\u00edan que el desarrollo de la alta tecnolog\u00eda estimular\u00eda la econom\u00eda y crear\u00eda empleos. Bill Clinton ganador de las elecciones y Al Gore, su competidor, encarnaban la nueva profec\u00eda tecnol\u00f3gica liberal. Persegu\u00edan, igual que el neoliberal Reagan, el crecimiento econ\u00f3mico mediante la liberalizaci\u00f3n y la reducci\u00f3n dr\u00e1stica del Estado social. Hab\u00eda que promocionar las industrias digitales para la renovaci\u00f3n del modelo social y las nuevas tecnolog\u00edas asegurar\u00edan, mejor que cualquier pol\u00edtica p\u00fablica, la libertad colectiva, el bien com\u00fan y el progreso social. De ah\u00ed en adelante, la \u201ceconom\u00eda del conocimiento\u201d encaj\u00f3 como partenaire del Estado, las Tech y el Estado deb\u00edan fusionarse.<\/p>\n\n\n\n<p>El control estricto por la inform\u00e1tica de las cuentas del gobierno federal, la optimizaci\u00f3n y la eficacia eran valores de la Tech y deb\u00edan ser aplicados al Estado. Presupuestos compartidos por los fundamentalistas del mercado, los anarcocapitalistas de Friedrich Hayek, quienes ven en el Estado social un par\u00e1sito tirano que que engrasa a sus masas improductivas, frente a un capitalismo puro que abre un espacio de competencia En competencia libre, los mejores pueden prosperar. En eso coinciden los grandes ide\u00f3logos; el eminente economista de la instituci\u00f3n Hoover, Milton Friedman, seguido de sus hijos capitalistas libertarios David Friedman, y de su nieto Patrie Friedman, que se convertir\u00e1 en ingeniero de Google.<\/p>\n\n\n\n<p>Amazon naci\u00f3 en 1994 en Seattle (Washington), pero Jeff Bezos, experimentado especulador de Wall Street, recibi\u00f3 capital de riesgo de Kleiner Perkins Caufield &amp; Byers (KPCB), uno de los fondos m\u00e1s influyentes de Silicon Valley. Poco despu\u00e9s, en 1997, Clinton public\u00f3 un documento-marco para el comercio electr\u00f3nico mundial, que postulaba el primado privado en el \u00e1mbito digital, la intervenci\u00f3n m\u00ednima y la desregulaci\u00f3n necesaria con el fin de hacer de internet un mercado libre mundial. A esto le sigui\u00f3, sin soluci\u00f3n de continuidad, un flujo de ayudas y subvenciones a las Tech. Y, metidos en el siglo, los servicios t\u00e9cnicos de Obama pidieron a Google instalar una agencia digital US Digital Service en Washington para introducir la experticia de los Big Tech en la gobernanza p\u00fablica. Un emprendedor venido de \u00c1frica del Sur, que dirig\u00eda una empresa de coches el\u00e9ctricos, recibi\u00f3 subvenciones y financiaci\u00f3n con la promesa de democratizar el veh\u00edculo el\u00e9ctrico. No democratiz\u00f3 nada, pero se lanz\u00f3 a la carrera espacial, resucitando la famosa \u201cguerra de las estrellas\u00bb y su imaginaria hegemon\u00eda mundial del imperio americano. El presidente dem\u00f3crata Obama privatiz\u00f3 la exploraci\u00f3n espacial y, con ello, dej\u00f3 el futuro del cielo en manos de Elon Musk. Hoy, la Guerra de Ucrania usa sus sat\u00e9lites y Trump lo recibe de nuevo.<\/p>\n\n\n\n<p>Otro de los fundadores de Silicon Valley, Larry Ellison, fundador de Oracle anda ahora tras el Proyecto Stargate, 500.000 millones de d\u00f3lares de inversi\u00f3n y una desregulaci\u00f3n masiva, para dar paso a una \u201cEdad de Oro \u00bb de la IA con el apoyo de Trump. \u201cOpen AI, SoftBank, Oracle y MGX, un inversor en IA respaldado por los Emiratos \u00c1rabes Unidos. Las empresas estadounidenses Nvidia y Microsoft y la brit\u00e1nica ARM tambi\u00e9n participar\u00e1n en la parte t\u00e9cnica\u201d.<a href=\"#_ftn3\" id=\"_ftnref3\"><sup>[3]<\/sup><\/a><\/p>\n\n\n\n<p>Silicon Valley aglutina las empresas m\u00e1s importantes del ramo; Lockheed Martin, Boeing, Northrop Grumman, Raytheon Technologies y General Dynamics, empresas l\u00edderes mundiales en aviaci\u00f3n, misiles, sistemas de defensa, sat\u00e9lites y armamento avanzado. Y si bien, la mayor concentraci\u00f3n de instalaciones militares, de desarrollo y de contratistas privados se encuentra en la regi\u00f3n conocida como el \u00abPentagon Beltway\u00bb alrededor de Washington D. C. (Virginia y Maryland), los Tech de California poseen una influencia decisiva en dicha administraci\u00f3n.<\/p>\n\n\n\n<p>Los Tech saben de la importancia de la escuela en una sociedad, as\u00ed, frente a la escuela p\u00fablica ofrecen su contramodelo: Qu\u00e9 mejor que los start-up, cuyo escaparate muestra a \u201clos mejores\u201d; una concentraci\u00f3n privada sin equivalente p\u00fablico de hombres j\u00f3venes blancos, graduados en las universidades m\u00e1s caras del pa\u00eds<a href=\"#_ftn4\" id=\"_ftnref4\"><sup>[4]<\/sup><\/a>. Ron Unz, un millonario de las finanzas y la inform\u00e1tica, \u201cemprendedor\u201d diplomado en Harvard y Stanford, instalado tambi\u00e9n en Silicon Valley, tom\u00f3 como objetivo el ataque a la escuela p\u00fablica y a los hijos de inmigrantes. Steve Jobs se hizo eco, y acus\u00f3 a los sindicatos de ense\u00f1antes de destrozar la ense\u00f1anza. Bill Gates y Mark Zuckerberg invertir\u00e1n despu\u00e9s millones de d\u00f3lares en la \u201creforma\u201d escolar, con el marketing y la venta correspondiente de sus ordenadores. David Welch, un millonario especializado en fibra \u00f3ptica, consigui\u00f3 derogar la ley que proteg\u00eda el empleo de ense\u00f1antes p\u00fablicos en California y su evaluaci\u00f3n. Y m\u00e1s recientemente, Reed Hasting, de Netflix, ha hecho campa\u00f1a por la privatizaci\u00f3n de las escuelas de California.<\/p>\n\n\n\n<p>La Sociedad John Birch, un grupo ultraderechista azote en su d\u00eda de los conservadores, ahora encaja perfectamente en la derecha hegem\u00f3nica estadounidense. \u201cDavid Giordano, coordinador de campo de la organizaci\u00f3n que asisti\u00f3 a la CPAC, atribuy\u00f3 a Trump el m\u00e9rito de acelerar el cambio, desafiando a la \u00e9lite global\u2026\u201d<a href=\"#_ftn5\" id=\"_ftnref5\"><sup>[5]<\/sup><\/a> De modo que uno de los motores m\u00e1s importantes del activismo republicano, la Conferencia Pol\u00edtica de Acci\u00f3n Conservadora (CPAC) incluye a los \u201cbirches\u201d, los saluda cari\u00f1osamente, y junto a Trump, enarbolan el anarcocapitalismo. El Rockbridge, un grupo inversor creado por el Vicepresidente JD Vance, colabora estrechamente los Tech de Silicon Valley y \u201c&#8230; destina fondos al periodismo de derecha, a los votantes, a las encuestas y al activismo eclesi\u00e1stico, influyendo en estados clave\u201d<a href=\"#_ftn6\" id=\"_ftnref6\"><sup>[6]<\/sup><\/a> Dos de los grupos de Rockbridge, Better Tomorrow y Over the Horizon, se centran en la movilizaci\u00f3n de votantes, especialmente en estados clave, apoyando a Trump y Vance. Otro grupo, Faithful in Action, busca reclutar feligreses para el activismo pol\u00edtico, y cuenta con m\u00e1s de 160.000 miembros.<\/p>\n\n\n\n<p>Elon Musk trat\u00f3 de \u201creducir gastos y contratos innecesarios\u201d de la administraci\u00f3n americana mediante el Departamento de Eficiencia Gubernamental (DOGE), y actu\u00f3 sin supervisi\u00f3n alguna en el gobierno.<a href=\"#_ftn7\" id=\"_ftnref7\"><sup>[7]<\/sup><\/a> De hecho, DOGE, seg\u00fan el Washington Post, solicit\u00f3 \u201cacceso al sistema IDRS, u otros sistemas del IRS que le permitir\u00edan ver datos fiscales muy sensibles: identificaci\u00f3n de los contribuyentes, informaci\u00f3n bancaria, ingresos, donaciones, deducciones, etc.\u201d<a href=\"#_ftn8\" id=\"_ftnref8\"><sup>[8]<\/sup><\/a> Por su parte, grupos de sindicalistas, asociaciones de contribuyentes, peque\u00f1os negocios, organizaciones de derechos al contribuyente, etc. interpusieron demandas sin resultados visibles<a href=\"#_ftn9\" id=\"_ftnref9\"><sup>[9]<\/sup><\/a>. Como afirma Sylvie Laurent, \u201cLa porosidad ideol\u00f3gica entre el libertarismo de la guerra fr\u00eda (ahora reeditada), los neoliberales y las derechas reaccionarias es flagrante\u201d. La conversi\u00f3n de los Estados en f\u00e1bricas digitales de extracci\u00f3n masiva de beneficio a costa de la poblaci\u00f3n est\u00e1 en marcha.<\/p>\n\n\n\n<p><\/p>\n\n\n\n<p><a href=\"https:\/\/www.infolibre.es\/opinion\/plaza-publica\/tech-burbuja-global_129_2071804.html\">Publicado en InfoLibre<\/a><\/p>\n\n\n\n<hr class=\"wp-block-separator has-alpha-channel-opacity\"\/>\n\n\n\n<p class=\"has-small-font-size\"><a href=\"#_ftnref1\" id=\"_ftn1\"><sup>[1]<\/sup><\/a> Laurent S. <em>La Contrer\u00e9volution californienne<\/em>. Ed. Seuil Libelle, mai 2025<\/p>\n\n\n\n<p class=\"has-small-font-size\"><a href=\"#_ftnref2\" id=\"_ftn2\"><sup>[2]<\/sup><\/a><a href=\"https:\/\/tribune.com.pk\/story\/2489637\/silicon-valleys-secret-influence-on-2024-election-revealed\"> https:\/\/tribune.com.pk\/story\/2489637\/silicon-valleys-secret-influence-on-2024-election-revealed<\/a><\/p>\n\n\n\n<p class=\"has-small-font-size\"><a href=\"#_ftnref3\" id=\"_ftn3\"><sup>[3]<\/sup><\/a> <a href=\"https:\/\/legrandcontinent.eu\/es\/2025\/01\/22\/proyecto-stargate-con-500-000-millones-de-dolares-de-inversion-y-una-desregulacion-masiva-trump-quiere-dar-paso-a-una-edad-de-oro-de-la-ia\/\">https:\/\/legrandcontinent.eu\/es\/2025\/01\/22\/proyecto-stargate-con-500-000-millones-de-dolares-de-inversion-y-una-desregulacion-masiva-trump-quiere-dar-paso-a-una-edad-de-oro-de-la-ia\/<\/a><\/p>\n\n\n\n<p class=\"has-small-font-size\"><a href=\"#_ftnref4\" id=\"_ftn4\"><sup>[4]<\/sup><\/a> Laurent, S.<\/p>\n\n\n\n<p class=\"has-small-font-size\"><a href=\"#_ftnref5\" id=\"_ftn5\"><sup>[5]<\/sup><\/a> <a href=\"https:\/\/www.theatlantic.com\/politics\/archive\/2024\/02\/john-birch-society-cpac-conservatism\/677542\/\">https:\/\/www.theatlantic.com\/politics\/archive\/2024\/02\/john-birch-society-cpac-conservatism\/677542\/<\/a><\/p>\n\n\n\n<p class=\"has-small-font-size\"><a href=\"#_ftnref6\" id=\"_ftn6\"><sup>[6]<\/sup><\/a><a href=\"https:\/\/tribune.com.pk\/story\/2489637\/silicon-valleys-secret-influence-on-2024-election-revealed\"> https:\/\/tribune.com.pk\/story\/2489637\/silicon-valleys-secret-influence-on-2024-election-revealed<\/a><\/p>\n\n\n\n<p class=\"has-small-font-size\"><a href=\"#_ftnref7\" id=\"_ftn7\"><sup>[7]<\/sup><\/a><a href=\"https:\/\/newrepublic.com\/post\/191198\/press-secretary-elon-musk-conflict-interest\"> https:\/\/newrepublic.com\/post\/191198\/press-secretary-elon-musk-conflict-interest<\/a><\/p>\n\n\n\n<p class=\"has-small-font-size\"><a href=\"#_ftnref8\" id=\"_ftn8\"><sup>[8]<\/sup><\/a> h<a href=\"http:\/\/www.washingtonpost.com\/business\/2025\/02\/18\/irs-lawsuit-doge\/\">ttps:\/\/www.washingtonpost.com\/business\/2025\/02\/18\/irs-lawsuit-doge\/<\/a><\/p>\n\n\n\n<p class=\"has-small-font-size\"><a href=\"#_ftnref9\" id=\"_ftn9\"><sup>[9]<\/sup><\/a> <a href=\"https:\/\/www.kpbs.org\/news\/economy\/2025\/02\/18\/privacy-advocates-file-lawsuit-to-stop-doge-from-peeking-at-irs-taxpayer-data\">https:\/\/www.kpbs.org\/news\/economy\/2025\/02\/18\/privacy-advocates-file-lawsuit-to-stop-doge-from-peeking-at-irs-taxpayer-data<\/a><\/p>\n","protected":false},"excerpt":{"rendered":"<p>El nuevo ensayo de la historiadora Sylvie Laurent desnuda la alianza silenciosa entre la ultraderecha &#8230; <\/p>\n<p class=\"read-more-container\"><a title=\"Las Tech: la burbuja de poder global\" class=\"read-more button\" href=\"https:\/\/olvidosdegranada.es\/index.php\/2025\/11\/24\/las-tech-la-burbuja-de-poder-global\/#more-6195\" aria-label=\"Leer m\u00e1s sobre Las Tech: la burbuja de poder global\">Leer m\u00e1s<\/a><\/p>\n","protected":false},"author":4,"featured_media":6198,"comment_status":"open","ping_status":"closed","sticky":false,"template":"","format":"standard","meta":{"_acf_changed":false,"_jetpack_newsletter_access":"","_jetpack_dont_email_post_to_subs":false,"_jetpack_newsletter_tier_id":0,"_jetpack_memberships_contains_paywalled_content":false,"_jetpack_feature_clip_id":0,"_jetpack_memberships_contains_paid_content":false,"footnotes":"","jetpack_post_was_ever_published":false},"categories":[3],"tags":[157],"class_list":["post-6195","post","type-post","status-publish","format-standard","has-post-thumbnail","hentry","category-palabras","tag-tecnologia-filosofia","infinite-scroll-item","generate-columns","tablet-grid-50","mobile-grid-100","grid-parent","grid-33","no-featured-image-padding"],"acf":[],"yoast_head":"<!-- This site is optimized with the Yoast SEO plugin v28.3 - https:\/\/yoast.com\/product\/yoast-seo-wordpress\/ -->\n<title>Las Tech: la burbuja de poder global - Olvidos de Granada<\/title>\n<meta name=\"description\" content=\"Sergio Hinojosa El nuevo ensayo de la historiadora Sylvie Laurent desnuda la alianza silenciosa entre la ultraderecha global y los magnates tecnol\u00f3gicos surgidos de\" \/>\n<meta name=\"robots\" content=\"index, follow, max-snippet:-1, max-image-preview:large, max-video-preview:-1\" \/>\n<link rel=\"canonical\" href=\"https:\/\/olvidosdegranada.es\/index.php\/2025\/11\/24\/las-tech-la-burbuja-de-poder-global\/\" \/>\n<meta property=\"og:locale\" content=\"es_ES\" \/>\n<meta property=\"og:type\" content=\"article\" \/>\n<meta property=\"og:title\" content=\"Las Tech: la burbuja de poder global - Olvidos de Granada\" \/>\n<meta property=\"og:description\" content=\"Sergio Hinojosa El nuevo ensayo de la historiadora Sylvie Laurent desnuda la alianza silenciosa entre la ultraderecha global y los magnates tecnol\u00f3gicos surgidos de\" \/>\n<meta property=\"og:url\" content=\"https:\/\/olvidosdegranada.es\/index.php\/2025\/11\/24\/las-tech-la-burbuja-de-poder-global\/\" \/>\n<meta property=\"og:site_name\" content=\"Olvidos de Granada\" \/>\n<meta property=\"article:publisher\" content=\"https:\/\/www.facebook.com\/OLVIDOSDIGITAL\" \/>\n<meta property=\"article:published_time\" content=\"2025-11-24T19:15:38+00:00\" \/>\n<meta property=\"article:modified_time\" content=\"2025-12-09T01:19:45+00:00\" \/>\n<meta property=\"og:image\" content=\"https:\/\/olvidosdegranada.es\/wp-content\/uploads\/image-115.png\" \/>\n\t<meta property=\"og:image:width\" content=\"835\" \/>\n\t<meta property=\"og:image:height\" content=\"702\" \/>\n\t<meta property=\"og:image:type\" content=\"image\/png\" \/>\n<meta name=\"author\" content=\"Alfonso Salazar\" \/>\n<meta name=\"twitter:card\" content=\"summary_large_image\" \/>\n<meta name=\"twitter:creator\" content=\"@olvidospuntoes\" \/>\n<meta name=\"twitter:site\" content=\"@olvidospuntoes\" \/>\n<meta name=\"twitter:label1\" content=\"Escrito por\" \/>\n\t<meta name=\"twitter:data1\" content=\"Alfonso Salazar\" \/>\n\t<meta name=\"twitter:label2\" content=\"Tiempo de lectura\" \/>\n\t<meta name=\"twitter:data2\" content=\"11 minutos\" \/>\n<script type=\"application\/ld+json\" class=\"yoast-schema-graph\">{\"@context\":\"https:\\\/\\\/schema.org\",\"@graph\":[{\"@type\":\"Article\",\"@id\":\"https:\\\/\\\/olvidosdegranada.es\\\/index.php\\\/2025\\\/11\\\/24\\\/las-tech-la-burbuja-de-poder-global\\\/#article\",\"isPartOf\":{\"@id\":\"https:\\\/\\\/olvidosdegranada.es\\\/index.php\\\/2025\\\/11\\\/24\\\/las-tech-la-burbuja-de-poder-global\\\/\"},\"author\":{\"name\":\"Alfonso Salazar\",\"@id\":\"https:\\\/\\\/olvidosdegranada.es\\\/#\\\/schema\\\/person\\\/2e10b199a19cf21e8fd2391979d33083\"},\"headline\":\"Las Tech: la burbuja de poder global\",\"datePublished\":\"2025-11-24T19:15:38+00:00\",\"dateModified\":\"2025-12-09T01:19:45+00:00\",\"mainEntityOfPage\":{\"@id\":\"https:\\\/\\\/olvidosdegranada.es\\\/index.php\\\/2025\\\/11\\\/24\\\/las-tech-la-burbuja-de-poder-global\\\/\"},\"wordCount\":2369,\"commentCount\":0,\"publisher\":{\"@id\":\"https:\\\/\\\/olvidosdegranada.es\\\/#organization\"},\"image\":{\"@id\":\"https:\\\/\\\/olvidosdegranada.es\\\/index.php\\\/2025\\\/11\\\/24\\\/las-tech-la-burbuja-de-poder-global\\\/#primaryimage\"},\"thumbnailUrl\":\"https:\\\/\\\/olvidosdegranada.es\\\/wp-content\\\/uploads\\\/image-115.png\",\"keywords\":[\"Tecnolog\u00eda; Filosof\u00eda\"],\"articleSection\":[\"Palabras\"],\"inLanguage\":\"es\",\"potentialAction\":[{\"@type\":\"CommentAction\",\"name\":\"Comment\",\"target\":[\"https:\\\/\\\/olvidosdegranada.es\\\/index.php\\\/2025\\\/11\\\/24\\\/las-tech-la-burbuja-de-poder-global\\\/#respond\"]}]},{\"@type\":\"WebPage\",\"@id\":\"https:\\\/\\\/olvidosdegranada.es\\\/index.php\\\/2025\\\/11\\\/24\\\/las-tech-la-burbuja-de-poder-global\\\/\",\"url\":\"https:\\\/\\\/olvidosdegranada.es\\\/index.php\\\/2025\\\/11\\\/24\\\/las-tech-la-burbuja-de-poder-global\\\/\",\"name\":\"Las Tech: la burbuja de poder global - Olvidos de Granada\",\"isPartOf\":{\"@id\":\"https:\\\/\\\/olvidosdegranada.es\\\/#website\"},\"primaryImageOfPage\":{\"@id\":\"https:\\\/\\\/olvidosdegranada.es\\\/index.php\\\/2025\\\/11\\\/24\\\/las-tech-la-burbuja-de-poder-global\\\/#primaryimage\"},\"image\":{\"@id\":\"https:\\\/\\\/olvidosdegranada.es\\\/index.php\\\/2025\\\/11\\\/24\\\/las-tech-la-burbuja-de-poder-global\\\/#primaryimage\"},\"thumbnailUrl\":\"https:\\\/\\\/olvidosdegranada.es\\\/wp-content\\\/uploads\\\/image-115.png\",\"datePublished\":\"2025-11-24T19:15:38+00:00\",\"dateModified\":\"2025-12-09T01:19:45+00:00\",\"description\":\"Sergio Hinojosa El nuevo ensayo de la historiadora Sylvie Laurent desnuda la alianza silenciosa entre la ultraderecha global y los magnates tecnol\u00f3gicos surgidos de\",\"breadcrumb\":{\"@id\":\"https:\\\/\\\/olvidosdegranada.es\\\/index.php\\\/2025\\\/11\\\/24\\\/las-tech-la-burbuja-de-poder-global\\\/#breadcrumb\"},\"inLanguage\":\"es\",\"potentialAction\":[{\"@type\":\"ReadAction\",\"target\":[\"https:\\\/\\\/olvidosdegranada.es\\\/index.php\\\/2025\\\/11\\\/24\\\/las-tech-la-burbuja-de-poder-global\\\/\"]}]},{\"@type\":\"ImageObject\",\"inLanguage\":\"es\",\"@id\":\"https:\\\/\\\/olvidosdegranada.es\\\/index.php\\\/2025\\\/11\\\/24\\\/las-tech-la-burbuja-de-poder-global\\\/#primaryimage\",\"url\":\"https:\\\/\\\/olvidosdegranada.es\\\/wp-content\\\/uploads\\\/image-115.png\",\"contentUrl\":\"https:\\\/\\\/olvidosdegranada.es\\\/wp-content\\\/uploads\\\/image-115.png\",\"width\":835,\"height\":702},{\"@type\":\"BreadcrumbList\",\"@id\":\"https:\\\/\\\/olvidosdegranada.es\\\/index.php\\\/2025\\\/11\\\/24\\\/las-tech-la-burbuja-de-poder-global\\\/#breadcrumb\",\"itemListElement\":[{\"@type\":\"ListItem\",\"position\":1,\"name\":\"Portada\",\"item\":\"https:\\\/\\\/olvidosdegranada.es\\\/\"},{\"@type\":\"ListItem\",\"position\":2,\"name\":\"Las Tech: la burbuja de poder global\"}]},{\"@type\":\"WebSite\",\"@id\":\"https:\\\/\\\/olvidosdegranada.es\\\/#website\",\"url\":\"https:\\\/\\\/olvidosdegranada.es\\\/\",\"name\":\"Olvidos de Granada\",\"description\":\"Revista de acciones culturales\",\"publisher\":{\"@id\":\"https:\\\/\\\/olvidosdegranada.es\\\/#organization\"},\"potentialAction\":[{\"@type\":\"SearchAction\",\"target\":{\"@type\":\"EntryPoint\",\"urlTemplate\":\"https:\\\/\\\/olvidosdegranada.es\\\/?s={search_term_string}\"},\"query-input\":{\"@type\":\"PropertyValueSpecification\",\"valueRequired\":true,\"valueName\":\"search_term_string\"}}],\"inLanguage\":\"es\"},{\"@type\":\"Organization\",\"@id\":\"https:\\\/\\\/olvidosdegranada.es\\\/#organization\",\"name\":\"Olvidos de Granada\",\"url\":\"https:\\\/\\\/olvidosdegranada.es\\\/\",\"logo\":{\"@type\":\"ImageObject\",\"inLanguage\":\"es\",\"@id\":\"https:\\\/\\\/olvidosdegranada.es\\\/#\\\/schema\\\/logo\\\/image\\\/\",\"url\":\"https:\\\/\\\/olvidosdegranada.es\\\/wp-content\\\/uploads\\\/2020\\\/12\\\/Recurso-9.png\",\"contentUrl\":\"https:\\\/\\\/olvidosdegranada.es\\\/wp-content\\\/uploads\\\/2020\\\/12\\\/Recurso-9.png\",\"width\":700,\"height\":227,\"caption\":\"Olvidos de Granada\"},\"image\":{\"@id\":\"https:\\\/\\\/olvidosdegranada.es\\\/#\\\/schema\\\/logo\\\/image\\\/\"},\"sameAs\":[\"https:\\\/\\\/www.facebook.com\\\/OLVIDOSDIGITAL\",\"https:\\\/\\\/x.com\\\/olvidospuntoes\"]},{\"@type\":\"Person\",\"@id\":\"https:\\\/\\\/olvidosdegranada.es\\\/#\\\/schema\\\/person\\\/2e10b199a19cf21e8fd2391979d33083\",\"name\":\"Alfonso Salazar\",\"image\":{\"@type\":\"ImageObject\",\"inLanguage\":\"es\",\"@id\":\"https:\\\/\\\/secure.gravatar.com\\\/avatar\\\/8768a2dca789940dbdaf5fdd283c795998719eb61dc0c2c16eb3decaaf6b3304?s=96&d=mm&r=g\",\"url\":\"https:\\\/\\\/secure.gravatar.com\\\/avatar\\\/8768a2dca789940dbdaf5fdd283c795998719eb61dc0c2c16eb3decaaf6b3304?s=96&d=mm&r=g\",\"contentUrl\":\"https:\\\/\\\/secure.gravatar.com\\\/avatar\\\/8768a2dca789940dbdaf5fdd283c795998719eb61dc0c2c16eb3decaaf6b3304?s=96&d=mm&r=g\",\"caption\":\"Alfonso Salazar\"},\"url\":\"https:\\\/\\\/olvidosdegranada.es\\\/index.php\\\/author\\\/alfonso-salazar\\\/\"}]}<\/script>\n<!-- \/ Yoast SEO plugin. -->","yoast_head_json":{"title":"Las Tech: la burbuja de poder global - Olvidos de Granada","description":"Sergio Hinojosa El nuevo ensayo de la historiadora Sylvie Laurent desnuda la alianza silenciosa entre la ultraderecha global y los magnates tecnol\u00f3gicos surgidos de","robots":{"index":"index","follow":"follow","max-snippet":"max-snippet:-1","max-image-preview":"max-image-preview:large","max-video-preview":"max-video-preview:-1"},"canonical":"https:\/\/olvidosdegranada.es\/index.php\/2025\/11\/24\/las-tech-la-burbuja-de-poder-global\/","og_locale":"es_ES","og_type":"article","og_title":"Las Tech: la burbuja de poder global - Olvidos de Granada","og_description":"Sergio Hinojosa El nuevo ensayo de la historiadora Sylvie Laurent desnuda la alianza silenciosa entre la ultraderecha global y los magnates tecnol\u00f3gicos surgidos de","og_url":"https:\/\/olvidosdegranada.es\/index.php\/2025\/11\/24\/las-tech-la-burbuja-de-poder-global\/","og_site_name":"Olvidos de Granada","article_publisher":"https:\/\/www.facebook.com\/OLVIDOSDIGITAL","article_published_time":"2025-11-24T19:15:38+00:00","article_modified_time":"2025-12-09T01:19:45+00:00","og_image":[{"width":835,"height":702,"url":"https:\/\/olvidosdegranada.es\/wp-content\/uploads\/image-115.png","type":"image\/png"}],"author":"Alfonso Salazar","twitter_card":"summary_large_image","twitter_creator":"@olvidospuntoes","twitter_site":"@olvidospuntoes","twitter_misc":{"Escrito por":"Alfonso Salazar","Tiempo de lectura":"11 minutos"},"schema":{"@context":"https:\/\/schema.org","@graph":[{"@type":"Article","@id":"https:\/\/olvidosdegranada.es\/index.php\/2025\/11\/24\/las-tech-la-burbuja-de-poder-global\/#article","isPartOf":{"@id":"https:\/\/olvidosdegranada.es\/index.php\/2025\/11\/24\/las-tech-la-burbuja-de-poder-global\/"},"author":{"name":"Alfonso Salazar","@id":"https:\/\/olvidosdegranada.es\/#\/schema\/person\/2e10b199a19cf21e8fd2391979d33083"},"headline":"Las Tech: la burbuja de poder global","datePublished":"2025-11-24T19:15:38+00:00","dateModified":"2025-12-09T01:19:45+00:00","mainEntityOfPage":{"@id":"https:\/\/olvidosdegranada.es\/index.php\/2025\/11\/24\/las-tech-la-burbuja-de-poder-global\/"},"wordCount":2369,"commentCount":0,"publisher":{"@id":"https:\/\/olvidosdegranada.es\/#organization"},"image":{"@id":"https:\/\/olvidosdegranada.es\/index.php\/2025\/11\/24\/las-tech-la-burbuja-de-poder-global\/#primaryimage"},"thumbnailUrl":"https:\/\/olvidosdegranada.es\/wp-content\/uploads\/image-115.png","keywords":["Tecnolog\u00eda; Filosof\u00eda"],"articleSection":["Palabras"],"inLanguage":"es","potentialAction":[{"@type":"CommentAction","name":"Comment","target":["https:\/\/olvidosdegranada.es\/index.php\/2025\/11\/24\/las-tech-la-burbuja-de-poder-global\/#respond"]}]},{"@type":"WebPage","@id":"https:\/\/olvidosdegranada.es\/index.php\/2025\/11\/24\/las-tech-la-burbuja-de-poder-global\/","url":"https:\/\/olvidosdegranada.es\/index.php\/2025\/11\/24\/las-tech-la-burbuja-de-poder-global\/","name":"Las Tech: la burbuja de poder global - Olvidos de Granada","isPartOf":{"@id":"https:\/\/olvidosdegranada.es\/#website"},"primaryImageOfPage":{"@id":"https:\/\/olvidosdegranada.es\/index.php\/2025\/11\/24\/las-tech-la-burbuja-de-poder-global\/#primaryimage"},"image":{"@id":"https:\/\/olvidosdegranada.es\/index.php\/2025\/11\/24\/las-tech-la-burbuja-de-poder-global\/#primaryimage"},"thumbnailUrl":"https:\/\/olvidosdegranada.es\/wp-content\/uploads\/image-115.png","datePublished":"2025-11-24T19:15:38+00:00","dateModified":"2025-12-09T01:19:45+00:00","description":"Sergio Hinojosa El nuevo ensayo de la historiadora Sylvie Laurent desnuda la alianza silenciosa entre la ultraderecha global y los magnates tecnol\u00f3gicos surgidos de","breadcrumb":{"@id":"https:\/\/olvidosdegranada.es\/index.php\/2025\/11\/24\/las-tech-la-burbuja-de-poder-global\/#breadcrumb"},"inLanguage":"es","potentialAction":[{"@type":"ReadAction","target":["https:\/\/olvidosdegranada.es\/index.php\/2025\/11\/24\/las-tech-la-burbuja-de-poder-global\/"]}]},{"@type":"ImageObject","inLanguage":"es","@id":"https:\/\/olvidosdegranada.es\/index.php\/2025\/11\/24\/las-tech-la-burbuja-de-poder-global\/#primaryimage","url":"https:\/\/olvidosdegranada.es\/wp-content\/uploads\/image-115.png","contentUrl":"https:\/\/olvidosdegranada.es\/wp-content\/uploads\/image-115.png","width":835,"height":702},{"@type":"BreadcrumbList","@id":"https:\/\/olvidosdegranada.es\/index.php\/2025\/11\/24\/las-tech-la-burbuja-de-poder-global\/#breadcrumb","itemListElement":[{"@type":"ListItem","position":1,"name":"Portada","item":"https:\/\/olvidosdegranada.es\/"},{"@type":"ListItem","position":2,"name":"Las Tech: la burbuja de poder global"}]},{"@type":"WebSite","@id":"https:\/\/olvidosdegranada.es\/#website","url":"https:\/\/olvidosdegranada.es\/","name":"Olvidos de Granada","description":"Revista de acciones culturales","publisher":{"@id":"https:\/\/olvidosdegranada.es\/#organization"},"potentialAction":[{"@type":"SearchAction","target":{"@type":"EntryPoint","urlTemplate":"https:\/\/olvidosdegranada.es\/?s={search_term_string}"},"query-input":{"@type":"PropertyValueSpecification","valueRequired":true,"valueName":"search_term_string"}}],"inLanguage":"es"},{"@type":"Organization","@id":"https:\/\/olvidosdegranada.es\/#organization","name":"Olvidos de Granada","url":"https:\/\/olvidosdegranada.es\/","logo":{"@type":"ImageObject","inLanguage":"es","@id":"https:\/\/olvidosdegranada.es\/#\/schema\/logo\/image\/","url":"https:\/\/olvidosdegranada.es\/wp-content\/uploads\/2020\/12\/Recurso-9.png","contentUrl":"https:\/\/olvidosdegranada.es\/wp-content\/uploads\/2020\/12\/Recurso-9.png","width":700,"height":227,"caption":"Olvidos de Granada"},"image":{"@id":"https:\/\/olvidosdegranada.es\/#\/schema\/logo\/image\/"},"sameAs":["https:\/\/www.facebook.com\/OLVIDOSDIGITAL","https:\/\/x.com\/olvidospuntoes"]},{"@type":"Person","@id":"https:\/\/olvidosdegranada.es\/#\/schema\/person\/2e10b199a19cf21e8fd2391979d33083","name":"Alfonso Salazar","image":{"@type":"ImageObject","inLanguage":"es","@id":"https:\/\/secure.gravatar.com\/avatar\/8768a2dca789940dbdaf5fdd283c795998719eb61dc0c2c16eb3decaaf6b3304?s=96&d=mm&r=g","url":"https:\/\/secure.gravatar.com\/avatar\/8768a2dca789940dbdaf5fdd283c795998719eb61dc0c2c16eb3decaaf6b3304?s=96&d=mm&r=g","contentUrl":"https:\/\/secure.gravatar.com\/avatar\/8768a2dca789940dbdaf5fdd283c795998719eb61dc0c2c16eb3decaaf6b3304?s=96&d=mm&r=g","caption":"Alfonso Salazar"},"url":"https:\/\/olvidosdegranada.es\/index.php\/author\/alfonso-salazar\/"}]}},"jetpack_sharing_enabled":true,"jetpack_featured_media_url":"https:\/\/olvidosdegranada.es\/wp-content\/uploads\/image-115.png","_links":{"self":[{"href":"https:\/\/olvidosdegranada.es\/index.php\/wp-json\/wp\/v2\/posts\/6195","targetHints":{"allow":["GET"]}}],"collection":[{"href":"https:\/\/olvidosdegranada.es\/index.php\/wp-json\/wp\/v2\/posts"}],"about":[{"href":"https:\/\/olvidosdegranada.es\/index.php\/wp-json\/wp\/v2\/types\/post"}],"author":[{"embeddable":true,"href":"https:\/\/olvidosdegranada.es\/index.php\/wp-json\/wp\/v2\/users\/4"}],"replies":[{"embeddable":true,"href":"https:\/\/olvidosdegranada.es\/index.php\/wp-json\/wp\/v2\/comments?post=6195"}],"version-history":[{"count":3,"href":"https:\/\/olvidosdegranada.es\/index.php\/wp-json\/wp\/v2\/posts\/6195\/revisions"}],"predecessor-version":[{"id":6474,"href":"https:\/\/olvidosdegranada.es\/index.php\/wp-json\/wp\/v2\/posts\/6195\/revisions\/6474"}],"wp:featuredmedia":[{"embeddable":true,"href":"https:\/\/olvidosdegranada.es\/index.php\/wp-json\/wp\/v2\/media\/6198"}],"wp:attachment":[{"href":"https:\/\/olvidosdegranada.es\/index.php\/wp-json\/wp\/v2\/media?parent=6195"}],"wp:term":[{"taxonomy":"category","embeddable":true,"href":"https:\/\/olvidosdegranada.es\/index.php\/wp-json\/wp\/v2\/categories?post=6195"},{"taxonomy":"post_tag","embeddable":true,"href":"https:\/\/olvidosdegranada.es\/index.php\/wp-json\/wp\/v2\/tags?post=6195"}],"curies":[{"name":"wp","href":"https:\/\/api.w.org\/{rel}","templated":true}]}}