{"id":5907,"date":"2025-10-10T15:03:26","date_gmt":"2025-10-10T13:03:26","guid":{"rendered":"https:\/\/olvidosdegranada.es\/?p=5907"},"modified":"2025-09-21T17:59:03","modified_gmt":"2025-09-21T15:59:03","slug":"el-paseante-solitario-salta-por-la-ventanilla","status":"publish","type":"post","link":"https:\/\/olvidosdegranada.es\/index.php\/2025\/10\/10\/el-paseante-solitario-salta-por-la-ventanilla\/","title":{"rendered":"El paseante solitario salta por la ventanilla"},"content":{"rendered":"\n<p><strong>\u201cHuyendo de los hombres, buscando soledad, sin imaginar m\u00e1s, pensando a\u00fan menos y dotado, sin embargo, de un temperamento vivo que me aleja de la apat\u00eda l\u00e1nguida y melanc\u00f3lica, comenzaba a ocuparme de todo cuanto me rodeaba y por un instinto muy natural daba preferencia a los objetos m\u00e1s agradables\u201d.<\/strong><\/p>\n\n\n\n<figure class=\"wp-block-image size-full\"><img loading=\"lazy\" decoding=\"async\" width=\"453\" height=\"619\" src=\"https:\/\/olvidosdegranada.es\/wp-content\/uploads\/ventana.jpg\" alt=\"\" class=\"wp-image-5909\" srcset=\"https:\/\/olvidosdegranada.es\/wp-content\/uploads\/ventana.jpg 453w, https:\/\/olvidosdegranada.es\/wp-content\/uploads\/ventana-220x300.jpg 220w, https:\/\/olvidosdegranada.es\/wp-content\/uploads\/ventana-110x150.jpg 110w\" sizes=\"auto, (max-width: 453px) 100vw, 453px\" \/><\/figure>\n\n\n\n<p>Esto escribi\u00f3 un paseante solitario hace ya casi tres siglos. Yo lo soy tambi\u00e9n, pero no he salido a pasear. Estos d\u00edas he debido comer algo indigesto, pues durante los viajes en autob\u00fas he sufrido enso\u00f1aciones como las de aquel paseante solitario, pero sin huertos ni frutos. Tanto que me pareci\u00f3 o\u00edr una conversaci\u00f3n en el autob\u00fas. Iba camino al futuro y llegando ya casi a mi destino, escuch\u00e9 de boca de un se\u00f1or mayor, alto y rubio, soeces insultos e invocaciones: \u201c\u00a1Sacude, sacude el globo!\u201d Pens\u00e9 que era una broma burda, pero no vi a ning\u00fan joven descarado, s\u00f3lo al hombre haciendo visajes rid\u00edculos que parec\u00edan simular turbulencias.<\/p>\n\n\n\n<p>No, no estaba so\u00f1ando. Con mis propios ojos ve\u00eda c\u00f3mo esos gestos daban tono al microdiscurso Trump X en la minipantalla. Un sentimiento siniestro se apropi\u00f3 de mi alma. La parodia&nbsp; acompa\u00f1aba a la desolaci\u00f3n y la muerte porque lo que viv\u00eda no era una parodia. Esos gestos est\u00fapidos parec\u00edan el disparo de salida en la carrera de arribistas y especuladores para hacerse con un bot\u00edn a toda costa.<\/p>\n\n\n\n<p>Record\u00e9 entonces aqu\u00e9l otro lema proclamado por un insigne espa\u00f1ol, gran defensor de la democracia, que con gran desparpajo llam\u00f3 a que todo&nbsp; \u201c\u00a1El que pueda hacer que haga!\u201d. Aquel patriota bigotudo, con gesto altivo, azuzaba a las mesnadas ib\u00e9ricas como \u00e9ste insigne hace ahora con Am\u00e9rica First.<\/p>\n\n\n\n<p>Me qued\u00e9 sin palabras. Y al rato, mirando por la ventanilla del bus, me di cuenta que los dos lemas eran complementarios. Uno provocaba el caos econ\u00f3mico y abr\u00eda brechas para la pesca de especuladores. Y el otro, una versi\u00f3n equivalente al cutre-pol\u00edtico-local, alentaba a saltar cualquier barrera legal que se interpusiera a sus sue\u00f1os. Ambos eran gritos de \u201cguerra total\u201d para preparar el asalto a las instituciones democr\u00e1ticas. No, el de ellos no era un sue\u00f1o liberal con mercado libre, era un sue\u00f1o m\u00e1s potente. En \u00e9l hab\u00eda se\u00f1ores fuertes y robustos, aut\u00e9nticos machos con sus hembras ador\u00e1ndolos. Tampoco era un sue\u00f1o de paseantes solitarios, sino de manadas de depredadores improductivos, libres como el viento, buitres volando bajo. Unos picoteando la confianza y la seguridad econ\u00f3mica, otros despedazando la participaci\u00f3n y las instituciones jur\u00eddicas y democr\u00e1ticas.<\/p>\n\n\n\n<p>El di\u00e1logo ficticio sigui\u00f3 en mi cabeza girando como un objeto 3d tras la pausa inform\u00e1tica:<\/p>\n\n\n\n<p>\u2015\u00a1Abrid los sacos! Los mercados est\u00e1n cargados de frutos. Con el vapuleo arancelario podr\u00e9is recoger miles de millones de d\u00f3lares. No se\u00e1is t\u00edmidos, pedid lo imposible. \u00a1Viva el caos! Oye, Ivanka, \u00bfT\u00fa no quer\u00edas el Museo del Louvre?<\/p>\n\n\n\n<p>\u2015 S\u00ed, pap\u00e1. Tengo ilusi\u00f3n por colocar un selfie m\u00edo d\u00f3nde est\u00e1 la Gioconda.<\/p>\n\n\n\n<p>\u2015 Y t\u00fa, yerno, no te apetece echar un trago.<\/p>\n\n\n\n<p>\u2015 Suegro, a m\u00ed me gustar\u00eda la Acr\u00f3polis. \u00bfTe imaginas el botell\u00f3n que podr\u00eda hacer con los amigotes en el Parten\u00f3n? En Oriente Medio tengo unos ahorrillos en Affinity, unos miles de milloncejos que recibimos del Fondo de Inversi\u00f3n P\u00fablica de Arabia Saudita. Yo estoy dispuesto a gastarlos cuando llegue el saldo\u2026 Para que luego digan que no amamos la cultura.<\/p>\n\n\n\n<p>\u2015 Esos europeos no se enteran de nada, \u00bfVerdad, Jared? \u00bfPor cierto d\u00f3nde est\u00e1 Europa, est\u00e1 junto a China? \u00a1Bah, d\u00e9jalo! Oye, t\u00fa que sabes, dime\u2026 \u00bfcon esa constelaci\u00f3n de sat\u00e9lites del Elon se puede husmear en el globo y olfatear sus tesoros? Porque all\u00ed donde no llega el cable, llega Musk con su mascota y su constelaci\u00f3n Starlink, \u00bfno?<\/p>\n\n\n\n<p>\u2015 Donald, sabr\u00e1s que Eric, tu hijo, se uni\u00f3 a Dominari Holdings como inversores. Y t\u00fa mismo est\u00e1s en el consejo asesor. Entonces lanzamos la American Data Centers, para eso de la IA, ya sabes\u2026 lo que nos interesa de la inteligencia.<\/p>\n\n\n\n<p>\u2015 \u00bfAcaso lo dudas? La m\u00eda es excelente, porque pienso crear la American First Bitcoin, la moneda de oro digital que arruinar\u00e1 a todos, menos a nosotros y a\u2026<\/p>\n\n\n\n<p>\u2015 \u00bfA los amigos?<\/p>\n\n\n\n<p>\u2015 Nada de eso, yerno, la familia es lo primero. Y despu\u00e9s, esta Am\u00e9rica que me adora&#8230;<\/p>\n\n\n\n<p>\u2015 Oye suegro ha llegado la mascota de Elon. Dice el cr\u00edo que quiere la Alhambra, que la compremos cuando llegue la crisis general. Quiere echar torres y muros abajo, dice que est\u00e1n muy viejos y que quiere construir una Alhambra de realidad virtual en el mismo sitio para jugar con el Minecraft.<\/p>\n\n\n\n<p>\u2015 \u00bfEs que se le ha bajado ya del hombro?<\/p>\n\n\n\n<p>\u2015 S\u00f3lo por unos d\u00edas. Luego, seguro que vuelve el t\u00e1ndem si hay ofertas glamurosas.<\/p>\n\n\n\n<p>\u2015 Pues dile adi\u00f3s. Y como se ponga chulo, que no va a tener internet ni para llamar a su casa. Y a Zelensky, que se va a quedar sin tanques, sin Marte y sin redes. Mira, esas brevas est\u00e1n maduras, invierte ahora y vende. C\u00f3gelas antes de que los chinos vengan a por ellas. \u00a1Eh, yerno! \u00bfHas o\u00eddo t\u00fa algo de que nuestra Gran Am\u00e9rica va a entrar en recesi\u00f3n?<\/p>\n\n\n\n<p>\u2015 S\u00ed, suegro. Y hay gente en la calle gritando como locos, pero no hagas caso. S\u00f3lo hablan de los Estados Unidos y su gobierno, no de nosotros.<\/p>\n\n\n\n<p>\u2015 \u00bfY esos del Indopac\u00edfico? El chino se cabre\u00f3 mucho, total porque le sub\u00ed los aranceles un poco\u2026<\/p>\n\n\n\n<p>\u2015 No te preocupes, algunos vamos en el mismo barco y la marea del capital negro crece, no hay problema. Abriremos brecha en todos los pa\u00edses. Ser\u00e1 la gloria ultra. Y si hay manifestaciones les lanzamos a los psic\u00f3patas al final, incendian todo, y a volar. Son colegas de las redes quienes los dirigen. Al menos hasta que nos sean \u00fatiles estar\u00e1n a nuestro mando.<\/p>\n\n\n\n<p>\u2015 Pero ese Put\u00edn\u2026<\/p>\n\n\n\n<p>\u2015 Ese no temas, est\u00e1 en lo suyo, que es dictar y contener la crisis que se le viene encima.<\/p>\n\n\n\n<p>\u2015 \u00bfY Europa?<\/p>\n\n\n\n<p>\u2015 Europa no se une a China, porque si lo hace les cortamos el cuello.<\/p>\n\n\n\n<p>\u2015 O nos paran los pies.<\/p>\n\n\n\n<p>El di\u00e1logo se interrumpi\u00f3 aqu\u00ed\u2026 pero supe que la cosa segu\u00eda. Y que este se\u00f1or, de tupido flequillo rubio y arrugas de vejestorio reconstruido, est\u00e1 marcando la agenda y los tiempos a todo el planeta, mientras los centros de decisi\u00f3n se alejan del inter\u00e9s p\u00fablico no s\u00f3lo en los EEUU.<\/p>\n\n\n\n<p>En efecto, la conversaci\u00f3n sigui\u00f3 de nuevo enumerando la lista de los nuevos agentes de la libertad: Milei, Orban, Ayuso, Abascal, Meloni, Alice Weidel por la AFD de Alemania. Y a la madeja ultra, sigui\u00f3 el hilo euf\u00f3rico del nuevo poder que conseguir\u00edan con las cripto monedas y la IA con la creaci\u00f3n de The Stargate Project (Open AI, Oracle y SoftBank) \u00a1M\u00e1s de 500.000 millones de d\u00f3lares de inversi\u00f3n prometida. Me baj\u00e9 directamente dando un salto por la ventana del autob\u00fas. El remolino segu\u00eda incordiando los mercados y desmontando pa\u00edses y soberan\u00edas. Las casas hab\u00edan desaparecido, s\u00f3lo hab\u00eda realidad ampliada con paseantes y flaneurs virtuales jugando al monopoly.<\/p>\n","protected":false},"excerpt":{"rendered":"<p>\u201cHuyendo de los hombres, buscando soledad, sin imaginar m\u00e1s, pensando a\u00fan menos y dotado, sin &#8230; <\/p>\n<p class=\"read-more-container\"><a title=\"El paseante solitario salta por la ventanilla\" class=\"read-more button\" href=\"https:\/\/olvidosdegranada.es\/index.php\/2025\/10\/10\/el-paseante-solitario-salta-por-la-ventanilla\/#more-5907\" aria-label=\"Leer m\u00e1s sobre El paseante solitario salta por la ventanilla\">Leer m\u00e1s<\/a><\/p>\n","protected":false},"author":4,"featured_media":0,"comment_status":"open","ping_status":"closed","sticky":false,"template":"","format":"standard","meta":{"_acf_changed":false,"_jetpack_newsletter_access":"","_jetpack_dont_email_post_to_subs":false,"_jetpack_newsletter_tier_id":0,"_jetpack_memberships_contains_paywalled_content":false,"_jetpack_feature_clip_id":0,"_jetpack_memberships_contains_paid_content":false,"footnotes":"","jetpack_post_was_ever_published":false},"categories":[5],"tags":[150],"class_list":["post-5907","post","type-post","status-publish","format-standard","hentry","category-piezas-procesos","tag-el-paseante-solitario","infinite-scroll-item","generate-columns","tablet-grid-50","mobile-grid-100","grid-parent","grid-33","no-featured-image-padding"],"acf":[],"yoast_head":"<!-- This site is optimized with the Yoast SEO plugin v28.3 - https:\/\/yoast.com\/product\/yoast-seo-wordpress\/ -->\n<title>El paseante solitario salta por la ventanilla - Olvidos de Granada<\/title>\n<meta name=\"description\" content=\"\u201cHuyendo de los hombres, buscando soledad, sin imaginar m\u00e1s, pensando a\u00fan menos y dotado, sin embargo, de un temperamento vivo que me aleja de la apat\u00eda\" \/>\n<meta name=\"robots\" content=\"index, follow, max-snippet:-1, max-image-preview:large, max-video-preview:-1\" \/>\n<link rel=\"canonical\" href=\"https:\/\/olvidosdegranada.es\/index.php\/2025\/10\/10\/el-paseante-solitario-salta-por-la-ventanilla\/\" \/>\n<meta property=\"og:locale\" content=\"es_ES\" \/>\n<meta property=\"og:type\" content=\"article\" \/>\n<meta property=\"og:title\" content=\"El paseante solitario salta por la ventanilla - Olvidos de Granada\" \/>\n<meta property=\"og:description\" content=\"\u201cHuyendo de los hombres, buscando soledad, sin imaginar m\u00e1s, pensando a\u00fan menos y dotado, sin embargo, de un temperamento vivo que me aleja de la apat\u00eda\" \/>\n<meta property=\"og:url\" content=\"https:\/\/olvidosdegranada.es\/index.php\/2025\/10\/10\/el-paseante-solitario-salta-por-la-ventanilla\/\" \/>\n<meta property=\"og:site_name\" content=\"Olvidos de Granada\" \/>\n<meta property=\"article:publisher\" content=\"https:\/\/www.facebook.com\/OLVIDOSDIGITAL\" \/>\n<meta property=\"article:published_time\" content=\"2025-10-10T13:03:26+00:00\" \/>\n<meta property=\"og:image\" content=\"https:\/\/olvidosdegranada.es\/wp-content\/uploads\/ventana.jpg\" \/>\n\t<meta property=\"og:image:width\" content=\"453\" \/>\n\t<meta property=\"og:image:height\" content=\"619\" \/>\n\t<meta property=\"og:image:type\" content=\"image\/jpeg\" \/>\n<meta name=\"author\" content=\"Alfonso Salazar\" \/>\n<meta name=\"twitter:card\" content=\"summary_large_image\" \/>\n<meta name=\"twitter:creator\" content=\"@olvidospuntoes\" \/>\n<meta name=\"twitter:site\" content=\"@olvidospuntoes\" \/>\n<meta name=\"twitter:label1\" content=\"Escrito por\" \/>\n\t<meta name=\"twitter:data1\" content=\"Alfonso Salazar\" \/>\n\t<meta name=\"twitter:label2\" content=\"Tiempo de lectura\" \/>\n\t<meta name=\"twitter:data2\" content=\"6 minutos\" \/>\n<script type=\"application\/ld+json\" class=\"yoast-schema-graph\">{\"@context\":\"https:\\\/\\\/schema.org\",\"@graph\":[{\"@type\":\"Article\",\"@id\":\"https:\\\/\\\/olvidosdegranada.es\\\/index.php\\\/2025\\\/10\\\/10\\\/el-paseante-solitario-salta-por-la-ventanilla\\\/#article\",\"isPartOf\":{\"@id\":\"https:\\\/\\\/olvidosdegranada.es\\\/index.php\\\/2025\\\/10\\\/10\\\/el-paseante-solitario-salta-por-la-ventanilla\\\/\"},\"author\":{\"name\":\"Alfonso Salazar\",\"@id\":\"https:\\\/\\\/olvidosdegranada.es\\\/#\\\/schema\\\/person\\\/2e10b199a19cf21e8fd2391979d33083\"},\"headline\":\"El paseante solitario salta por la ventanilla\",\"datePublished\":\"2025-10-10T13:03:26+00:00\",\"mainEntityOfPage\":{\"@id\":\"https:\\\/\\\/olvidosdegranada.es\\\/index.php\\\/2025\\\/10\\\/10\\\/el-paseante-solitario-salta-por-la-ventanilla\\\/\"},\"wordCount\":1274,\"commentCount\":0,\"publisher\":{\"@id\":\"https:\\\/\\\/olvidosdegranada.es\\\/#organization\"},\"image\":{\"@id\":\"https:\\\/\\\/olvidosdegranada.es\\\/index.php\\\/2025\\\/10\\\/10\\\/el-paseante-solitario-salta-por-la-ventanilla\\\/#primaryimage\"},\"thumbnailUrl\":\"https:\\\/\\\/olvidosdegranada.es\\\/wp-content\\\/uploads\\\/ventana.jpg\",\"keywords\":[\"El paseante solitario\"],\"articleSection\":[\"Piezas y Procesos\"],\"inLanguage\":\"es\",\"potentialAction\":[{\"@type\":\"CommentAction\",\"name\":\"Comment\",\"target\":[\"https:\\\/\\\/olvidosdegranada.es\\\/index.php\\\/2025\\\/10\\\/10\\\/el-paseante-solitario-salta-por-la-ventanilla\\\/#respond\"]}]},{\"@type\":\"WebPage\",\"@id\":\"https:\\\/\\\/olvidosdegranada.es\\\/index.php\\\/2025\\\/10\\\/10\\\/el-paseante-solitario-salta-por-la-ventanilla\\\/\",\"url\":\"https:\\\/\\\/olvidosdegranada.es\\\/index.php\\\/2025\\\/10\\\/10\\\/el-paseante-solitario-salta-por-la-ventanilla\\\/\",\"name\":\"El paseante solitario salta por la ventanilla - Olvidos de Granada\",\"isPartOf\":{\"@id\":\"https:\\\/\\\/olvidosdegranada.es\\\/#website\"},\"primaryImageOfPage\":{\"@id\":\"https:\\\/\\\/olvidosdegranada.es\\\/index.php\\\/2025\\\/10\\\/10\\\/el-paseante-solitario-salta-por-la-ventanilla\\\/#primaryimage\"},\"image\":{\"@id\":\"https:\\\/\\\/olvidosdegranada.es\\\/index.php\\\/2025\\\/10\\\/10\\\/el-paseante-solitario-salta-por-la-ventanilla\\\/#primaryimage\"},\"thumbnailUrl\":\"https:\\\/\\\/olvidosdegranada.es\\\/wp-content\\\/uploads\\\/ventana.jpg\",\"datePublished\":\"2025-10-10T13:03:26+00:00\",\"description\":\"\u201cHuyendo de los hombres, buscando soledad, sin imaginar m\u00e1s, pensando a\u00fan menos y dotado, sin embargo, de un temperamento vivo que me aleja de la apat\u00eda\",\"breadcrumb\":{\"@id\":\"https:\\\/\\\/olvidosdegranada.es\\\/index.php\\\/2025\\\/10\\\/10\\\/el-paseante-solitario-salta-por-la-ventanilla\\\/#breadcrumb\"},\"inLanguage\":\"es\",\"potentialAction\":[{\"@type\":\"ReadAction\",\"target\":[\"https:\\\/\\\/olvidosdegranada.es\\\/index.php\\\/2025\\\/10\\\/10\\\/el-paseante-solitario-salta-por-la-ventanilla\\\/\"]}]},{\"@type\":\"ImageObject\",\"inLanguage\":\"es\",\"@id\":\"https:\\\/\\\/olvidosdegranada.es\\\/index.php\\\/2025\\\/10\\\/10\\\/el-paseante-solitario-salta-por-la-ventanilla\\\/#primaryimage\",\"url\":\"https:\\\/\\\/olvidosdegranada.es\\\/wp-content\\\/uploads\\\/ventana.jpg\",\"contentUrl\":\"https:\\\/\\\/olvidosdegranada.es\\\/wp-content\\\/uploads\\\/ventana.jpg\",\"width\":453,\"height\":619},{\"@type\":\"BreadcrumbList\",\"@id\":\"https:\\\/\\\/olvidosdegranada.es\\\/index.php\\\/2025\\\/10\\\/10\\\/el-paseante-solitario-salta-por-la-ventanilla\\\/#breadcrumb\",\"itemListElement\":[{\"@type\":\"ListItem\",\"position\":1,\"name\":\"Portada\",\"item\":\"https:\\\/\\\/olvidosdegranada.es\\\/\"},{\"@type\":\"ListItem\",\"position\":2,\"name\":\"El paseante solitario salta por la ventanilla\"}]},{\"@type\":\"WebSite\",\"@id\":\"https:\\\/\\\/olvidosdegranada.es\\\/#website\",\"url\":\"https:\\\/\\\/olvidosdegranada.es\\\/\",\"name\":\"Olvidos de Granada\",\"description\":\"Revista de acciones culturales\",\"publisher\":{\"@id\":\"https:\\\/\\\/olvidosdegranada.es\\\/#organization\"},\"potentialAction\":[{\"@type\":\"SearchAction\",\"target\":{\"@type\":\"EntryPoint\",\"urlTemplate\":\"https:\\\/\\\/olvidosdegranada.es\\\/?s={search_term_string}\"},\"query-input\":{\"@type\":\"PropertyValueSpecification\",\"valueRequired\":true,\"valueName\":\"search_term_string\"}}],\"inLanguage\":\"es\"},{\"@type\":\"Organization\",\"@id\":\"https:\\\/\\\/olvidosdegranada.es\\\/#organization\",\"name\":\"Olvidos de Granada\",\"url\":\"https:\\\/\\\/olvidosdegranada.es\\\/\",\"logo\":{\"@type\":\"ImageObject\",\"inLanguage\":\"es\",\"@id\":\"https:\\\/\\\/olvidosdegranada.es\\\/#\\\/schema\\\/logo\\\/image\\\/\",\"url\":\"https:\\\/\\\/olvidosdegranada.es\\\/wp-content\\\/uploads\\\/2020\\\/12\\\/Recurso-9.png\",\"contentUrl\":\"https:\\\/\\\/olvidosdegranada.es\\\/wp-content\\\/uploads\\\/2020\\\/12\\\/Recurso-9.png\",\"width\":700,\"height\":227,\"caption\":\"Olvidos de Granada\"},\"image\":{\"@id\":\"https:\\\/\\\/olvidosdegranada.es\\\/#\\\/schema\\\/logo\\\/image\\\/\"},\"sameAs\":[\"https:\\\/\\\/www.facebook.com\\\/OLVIDOSDIGITAL\",\"https:\\\/\\\/x.com\\\/olvidospuntoes\"]},{\"@type\":\"Person\",\"@id\":\"https:\\\/\\\/olvidosdegranada.es\\\/#\\\/schema\\\/person\\\/2e10b199a19cf21e8fd2391979d33083\",\"name\":\"Alfonso Salazar\",\"image\":{\"@type\":\"ImageObject\",\"inLanguage\":\"es\",\"@id\":\"https:\\\/\\\/secure.gravatar.com\\\/avatar\\\/8768a2dca789940dbdaf5fdd283c795998719eb61dc0c2c16eb3decaaf6b3304?s=96&d=mm&r=g\",\"url\":\"https:\\\/\\\/secure.gravatar.com\\\/avatar\\\/8768a2dca789940dbdaf5fdd283c795998719eb61dc0c2c16eb3decaaf6b3304?s=96&d=mm&r=g\",\"contentUrl\":\"https:\\\/\\\/secure.gravatar.com\\\/avatar\\\/8768a2dca789940dbdaf5fdd283c795998719eb61dc0c2c16eb3decaaf6b3304?s=96&d=mm&r=g\",\"caption\":\"Alfonso Salazar\"},\"url\":\"https:\\\/\\\/olvidosdegranada.es\\\/index.php\\\/author\\\/alfonso-salazar\\\/\"}]}<\/script>\n<!-- \/ Yoast SEO plugin. -->","yoast_head_json":{"title":"El paseante solitario salta por la ventanilla - Olvidos de Granada","description":"\u201cHuyendo de los hombres, buscando soledad, sin imaginar m\u00e1s, pensando a\u00fan menos y dotado, sin embargo, de un temperamento vivo que me aleja de la apat\u00eda","robots":{"index":"index","follow":"follow","max-snippet":"max-snippet:-1","max-image-preview":"max-image-preview:large","max-video-preview":"max-video-preview:-1"},"canonical":"https:\/\/olvidosdegranada.es\/index.php\/2025\/10\/10\/el-paseante-solitario-salta-por-la-ventanilla\/","og_locale":"es_ES","og_type":"article","og_title":"El paseante solitario salta por la ventanilla - Olvidos de Granada","og_description":"\u201cHuyendo de los hombres, buscando soledad, sin imaginar m\u00e1s, pensando a\u00fan menos y dotado, sin embargo, de un temperamento vivo que me aleja de la apat\u00eda","og_url":"https:\/\/olvidosdegranada.es\/index.php\/2025\/10\/10\/el-paseante-solitario-salta-por-la-ventanilla\/","og_site_name":"Olvidos de Granada","article_publisher":"https:\/\/www.facebook.com\/OLVIDOSDIGITAL","article_published_time":"2025-10-10T13:03:26+00:00","og_image":[{"width":453,"height":619,"url":"https:\/\/olvidosdegranada.es\/wp-content\/uploads\/ventana.jpg","type":"image\/jpeg"}],"author":"Alfonso Salazar","twitter_card":"summary_large_image","twitter_creator":"@olvidospuntoes","twitter_site":"@olvidospuntoes","twitter_misc":{"Escrito por":"Alfonso Salazar","Tiempo de lectura":"6 minutos"},"schema":{"@context":"https:\/\/schema.org","@graph":[{"@type":"Article","@id":"https:\/\/olvidosdegranada.es\/index.php\/2025\/10\/10\/el-paseante-solitario-salta-por-la-ventanilla\/#article","isPartOf":{"@id":"https:\/\/olvidosdegranada.es\/index.php\/2025\/10\/10\/el-paseante-solitario-salta-por-la-ventanilla\/"},"author":{"name":"Alfonso Salazar","@id":"https:\/\/olvidosdegranada.es\/#\/schema\/person\/2e10b199a19cf21e8fd2391979d33083"},"headline":"El paseante solitario salta por la ventanilla","datePublished":"2025-10-10T13:03:26+00:00","mainEntityOfPage":{"@id":"https:\/\/olvidosdegranada.es\/index.php\/2025\/10\/10\/el-paseante-solitario-salta-por-la-ventanilla\/"},"wordCount":1274,"commentCount":0,"publisher":{"@id":"https:\/\/olvidosdegranada.es\/#organization"},"image":{"@id":"https:\/\/olvidosdegranada.es\/index.php\/2025\/10\/10\/el-paseante-solitario-salta-por-la-ventanilla\/#primaryimage"},"thumbnailUrl":"https:\/\/olvidosdegranada.es\/wp-content\/uploads\/ventana.jpg","keywords":["El paseante solitario"],"articleSection":["Piezas y Procesos"],"inLanguage":"es","potentialAction":[{"@type":"CommentAction","name":"Comment","target":["https:\/\/olvidosdegranada.es\/index.php\/2025\/10\/10\/el-paseante-solitario-salta-por-la-ventanilla\/#respond"]}]},{"@type":"WebPage","@id":"https:\/\/olvidosdegranada.es\/index.php\/2025\/10\/10\/el-paseante-solitario-salta-por-la-ventanilla\/","url":"https:\/\/olvidosdegranada.es\/index.php\/2025\/10\/10\/el-paseante-solitario-salta-por-la-ventanilla\/","name":"El paseante solitario salta por la ventanilla - Olvidos de Granada","isPartOf":{"@id":"https:\/\/olvidosdegranada.es\/#website"},"primaryImageOfPage":{"@id":"https:\/\/olvidosdegranada.es\/index.php\/2025\/10\/10\/el-paseante-solitario-salta-por-la-ventanilla\/#primaryimage"},"image":{"@id":"https:\/\/olvidosdegranada.es\/index.php\/2025\/10\/10\/el-paseante-solitario-salta-por-la-ventanilla\/#primaryimage"},"thumbnailUrl":"https:\/\/olvidosdegranada.es\/wp-content\/uploads\/ventana.jpg","datePublished":"2025-10-10T13:03:26+00:00","description":"\u201cHuyendo de los hombres, buscando soledad, sin imaginar m\u00e1s, pensando a\u00fan menos y dotado, sin embargo, de un temperamento vivo que me aleja de la apat\u00eda","breadcrumb":{"@id":"https:\/\/olvidosdegranada.es\/index.php\/2025\/10\/10\/el-paseante-solitario-salta-por-la-ventanilla\/#breadcrumb"},"inLanguage":"es","potentialAction":[{"@type":"ReadAction","target":["https:\/\/olvidosdegranada.es\/index.php\/2025\/10\/10\/el-paseante-solitario-salta-por-la-ventanilla\/"]}]},{"@type":"ImageObject","inLanguage":"es","@id":"https:\/\/olvidosdegranada.es\/index.php\/2025\/10\/10\/el-paseante-solitario-salta-por-la-ventanilla\/#primaryimage","url":"https:\/\/olvidosdegranada.es\/wp-content\/uploads\/ventana.jpg","contentUrl":"https:\/\/olvidosdegranada.es\/wp-content\/uploads\/ventana.jpg","width":453,"height":619},{"@type":"BreadcrumbList","@id":"https:\/\/olvidosdegranada.es\/index.php\/2025\/10\/10\/el-paseante-solitario-salta-por-la-ventanilla\/#breadcrumb","itemListElement":[{"@type":"ListItem","position":1,"name":"Portada","item":"https:\/\/olvidosdegranada.es\/"},{"@type":"ListItem","position":2,"name":"El paseante solitario salta por la ventanilla"}]},{"@type":"WebSite","@id":"https:\/\/olvidosdegranada.es\/#website","url":"https:\/\/olvidosdegranada.es\/","name":"Olvidos de Granada","description":"Revista de acciones culturales","publisher":{"@id":"https:\/\/olvidosdegranada.es\/#organization"},"potentialAction":[{"@type":"SearchAction","target":{"@type":"EntryPoint","urlTemplate":"https:\/\/olvidosdegranada.es\/?s={search_term_string}"},"query-input":{"@type":"PropertyValueSpecification","valueRequired":true,"valueName":"search_term_string"}}],"inLanguage":"es"},{"@type":"Organization","@id":"https:\/\/olvidosdegranada.es\/#organization","name":"Olvidos de Granada","url":"https:\/\/olvidosdegranada.es\/","logo":{"@type":"ImageObject","inLanguage":"es","@id":"https:\/\/olvidosdegranada.es\/#\/schema\/logo\/image\/","url":"https:\/\/olvidosdegranada.es\/wp-content\/uploads\/2020\/12\/Recurso-9.png","contentUrl":"https:\/\/olvidosdegranada.es\/wp-content\/uploads\/2020\/12\/Recurso-9.png","width":700,"height":227,"caption":"Olvidos de Granada"},"image":{"@id":"https:\/\/olvidosdegranada.es\/#\/schema\/logo\/image\/"},"sameAs":["https:\/\/www.facebook.com\/OLVIDOSDIGITAL","https:\/\/x.com\/olvidospuntoes"]},{"@type":"Person","@id":"https:\/\/olvidosdegranada.es\/#\/schema\/person\/2e10b199a19cf21e8fd2391979d33083","name":"Alfonso Salazar","image":{"@type":"ImageObject","inLanguage":"es","@id":"https:\/\/secure.gravatar.com\/avatar\/8768a2dca789940dbdaf5fdd283c795998719eb61dc0c2c16eb3decaaf6b3304?s=96&d=mm&r=g","url":"https:\/\/secure.gravatar.com\/avatar\/8768a2dca789940dbdaf5fdd283c795998719eb61dc0c2c16eb3decaaf6b3304?s=96&d=mm&r=g","contentUrl":"https:\/\/secure.gravatar.com\/avatar\/8768a2dca789940dbdaf5fdd283c795998719eb61dc0c2c16eb3decaaf6b3304?s=96&d=mm&r=g","caption":"Alfonso Salazar"},"url":"https:\/\/olvidosdegranada.es\/index.php\/author\/alfonso-salazar\/"}]}},"jetpack_sharing_enabled":true,"jetpack_featured_media_url":"","_links":{"self":[{"href":"https:\/\/olvidosdegranada.es\/index.php\/wp-json\/wp\/v2\/posts\/5907","targetHints":{"allow":["GET"]}}],"collection":[{"href":"https:\/\/olvidosdegranada.es\/index.php\/wp-json\/wp\/v2\/posts"}],"about":[{"href":"https:\/\/olvidosdegranada.es\/index.php\/wp-json\/wp\/v2\/types\/post"}],"author":[{"embeddable":true,"href":"https:\/\/olvidosdegranada.es\/index.php\/wp-json\/wp\/v2\/users\/4"}],"replies":[{"embeddable":true,"href":"https:\/\/olvidosdegranada.es\/index.php\/wp-json\/wp\/v2\/comments?post=5907"}],"version-history":[{"count":1,"href":"https:\/\/olvidosdegranada.es\/index.php\/wp-json\/wp\/v2\/posts\/5907\/revisions"}],"predecessor-version":[{"id":5910,"href":"https:\/\/olvidosdegranada.es\/index.php\/wp-json\/wp\/v2\/posts\/5907\/revisions\/5910"}],"wp:attachment":[{"href":"https:\/\/olvidosdegranada.es\/index.php\/wp-json\/wp\/v2\/media?parent=5907"}],"wp:term":[{"taxonomy":"category","embeddable":true,"href":"https:\/\/olvidosdegranada.es\/index.php\/wp-json\/wp\/v2\/categories?post=5907"},{"taxonomy":"post_tag","embeddable":true,"href":"https:\/\/olvidosdegranada.es\/index.php\/wp-json\/wp\/v2\/tags?post=5907"}],"curies":[{"name":"wp","href":"https:\/\/api.w.org\/{rel}","templated":true}]}}