{"id":5756,"date":"2025-07-01T12:43:00","date_gmt":"2025-07-01T10:43:00","guid":{"rendered":"https:\/\/olvidosdegranada.es\/?p=5756"},"modified":"2025-07-09T14:40:45","modified_gmt":"2025-07-09T12:40:45","slug":"el-pajaro-el-olivo-la-isla","status":"publish","type":"post","link":"https:\/\/olvidosdegranada.es\/index.php\/2025\/07\/01\/el-pajaro-el-olivo-la-isla\/","title":{"rendered":"El p\u00e1jaro, el olivo, la isla"},"content":{"rendered":"\n<p><strong>La destrucci\u00f3n del entorno natural avanza con una violencia silenciosa, disfrazada de progreso. En este texto, P\u00e9rez Z\u00fa\u00f1iga denuncia la desaparici\u00f3n de especies y paisajes milenarios como los olivares de Ja\u00e9n, sacrificados en una \u00abrevoluci\u00f3n\u00bb energ\u00e9tica mal planteada. Frente a esta devastaci\u00f3n, el autor reivindica una conciencia geohumanista que escuche de nuevo la voz de la Tierra.<\/strong><\/p>\n\n\n\n<figure class=\"wp-block-image size-large\"><img loading=\"lazy\" decoding=\"async\" width=\"1024\" height=\"332\" src=\"https:\/\/olvidosdegranada.es\/wp-content\/uploads\/image-99-1024x332.png\" alt=\"\" class=\"wp-image-5757\" srcset=\"https:\/\/olvidosdegranada.es\/wp-content\/uploads\/image-99-1024x332.png 1024w, https:\/\/olvidosdegranada.es\/wp-content\/uploads\/image-99-300x97.png 300w, https:\/\/olvidosdegranada.es\/wp-content\/uploads\/image-99-150x49.png 150w, https:\/\/olvidosdegranada.es\/wp-content\/uploads\/image-99-768x249.png 768w, https:\/\/olvidosdegranada.es\/wp-content\/uploads\/image-99.png 1183w\" sizes=\"auto, (max-width: 1024px) 100vw, 1024px\" \/><\/figure>\n\n\n\n<p>El ave, de plumas irisadas, se posa en el olivo. Estira las alas antes de plegarlas. Disfruta del calor del sol. Y emite un canto breve, antes de recibir un disparo. El ser humano va extinguiendo las especies de aves ya sea con armas de fuego, pesticidas o la destrucci\u00f3n mec\u00e1nica de los h\u00e1bitats: m\u00e1s de seiscientas a lo largo de 130.000 a\u00f1os. Parece mucho tiempo y muy pocas especies. Para quien tenga esta sensaci\u00f3n, la siguiente noticia es noqueadora: la ciencia prev\u00e9 que, a este ritmo de impacto humano, desaparezcan unas 6.000 especies en solo 200 a\u00f1os. Da igual el lugar del mundo. La destrucci\u00f3n se acelera porque nuestra acci\u00f3n se ha intensificado descomunalmente en la \u00faltima centuria y se sigue acelerando cada d\u00eda en nuestra desmesura tecnol\u00f3gica.<\/p>\n\n\n\n<p>Vivo en Espa\u00f1a, en el centro del pa\u00eds, en un lugar de estepa. Lo veo con mis ojos: cada vez menos avutardas entre los trigales. Me fascinaba descubrirlas a la puesta de sol, atentas ellas tambi\u00e9n al astro rojo que el horizonte iba cubriendo. Hijos todos del centro luminoso. Lo he visto en Senegal, en la pen\u00ednsula de Dakar casi por completo edificada a ritmo fren\u00e9tico, irregular, jer\u00e1rquico, despedazado, donde apenas ya asoman los \u00e1rboles. El lugar que anta\u00f1o mereci\u00f3 el nombre de Cabo Verde es ahora el Cabo Gris de una espesa poluci\u00f3n. Da la impresi\u00f3n de que el ser humano contempor\u00e1neo est\u00e1 empe\u00f1ado en cometer los mismos errores en cualquier lugar del mundo.<\/p>\n\n\n\n<p>&nbsp;Nos queda el olivo. Erguido, pac\u00edfico, de ra\u00edces profundas, de tronco grueso, tiene m\u00e1s de mil a\u00f1os. Ha visto el arado de piedra y el de hierro. Ha visto mulas y hombres alrededor de \u00e9l. Ha visto m\u00e1quinas que le rodeaban para remover la tierra o recoger las aceitunas. Pero ahora la m\u00e1quina, una excavadora, avanza hacia \u00e9l con la pala dentada. El plan es arrancarlo junto al resto del olivar para sustituirlo por una planta fotovoltaica. 100.000 olivos est\u00e1n hoy en peligro en la provincia de Ja\u00e9n, en Espa\u00f1a, uno de los lugares m\u00e1s importantes en la producci\u00f3n de aceite de oliva. Y de respeto por este \u00e1rbol que hizo a Miguel Hern\u00e1ndez cantar: \u00abAceituneros de Ja\u00e9n\/ aceituneros altivos\/ decidme en el alma\/ de qui\u00e9n son los olivos\u00bb. La respuesta de hace cien a\u00f1os alud\u00eda a los terratenientes. Hoy los olivos son de las grandes empresas energ\u00e9ticas, con permiso del Estado. Lo mismo est\u00e1 pasando en la Vega de Granada, donde ten\u00eda su casa familiar otro de nuestros grandes poetas, Federico Garc\u00eda Lorca. La llanura verde y cultivada desaparecer\u00e1 bajo miles de espejos.<\/p>\n\n\n\n<p>La paradoja terrible es que se hace en nombre de la revoluci\u00f3n energ\u00e9tica verde, expropiando la tierra a los agricultores.&nbsp; \u00bfQu\u00e9 har\u00e1n los aceituneros de hoy? Como los de anta\u00f1o, migrar a las ciudades, donde se sigue aglomerando la poblaci\u00f3n mundial en gigantescas estructuras cada vez m\u00e1s contaminantes, aunque tambi\u00e9n cada vez m\u00e1s sofisticadas en los lugares privilegiados del planeta; con una sostenibilidad m\u00e1s ret\u00f3rica que real, pues seguimos esquilmando los recursos naturales para nutrir todo nuestro universo tecnol\u00f3gico y lleno de comodidades. Mejor hacerlo del Sol, que del petr\u00f3leo. Pero en riscos y p\u00e1ramos pelados y no en los cultivos f\u00e9rtiles ni en el hogar cada vez m\u00e1s escaso para otras especies.<\/p>\n\n\n\n<p>\u00bfNos responde la Tierra? \u00bfEst\u00e1 dici\u00e9ndonos algo cuando arroja riadas, inundaciones, terremotos, sequ\u00edas?<\/p>\n\n\n\n<p>C\u00f3mo la escuchamos.<\/p>\n\n\n\n<p>Situar el planeta en el centro de nuestra conciencia: esa es la revoluci\u00f3n mental m\u00e1s acuciante que necesita el ser humano hoy en todas las naciones del mundo. En la educaci\u00f3n, en la pol\u00edtica, en el arte y, desde luego, en la literatura. Por eso cuando he le\u00eddo <em>El roman de la isla Bararida<\/em> de Juan Carlos M\u00e9ndez Gu\u00e9dez, me ha sacudido una fuerte emoci\u00f3n de esperanza y de belleza.<\/p>\n\n\n\n<p>Literariamente, se trata de una obra suculenta, una celebraci\u00f3n de la poes\u00eda y de la literatura, alquimia de g\u00e9neros tan distantes como el cantar de gesta, el libro de caballer\u00eda, la novela pastoril, la de aventuras, la fant\u00e1stica, las vidas de santos,&nbsp; alquimia contempor\u00e1nea y arm\u00f3nica, donde todos esos elementos se vuelven coherentes y d\u00f3ciles en las voces de esta novela peque\u00f1a de tama\u00f1o y maestra por invenci\u00f3n y lenguaje, por la enorme sensibilidad en sus imaginaciones y di\u00e1logos, por el festival de hallazgos en tan pocas p\u00e1ginas, tan deslumbrantes que el lector vuelve a sentir la intensidad de un <em>Pedro P\u00e1ramo. <\/em>Solo que ahora no se trata de una bajada a los infiernos, sino de una exploraci\u00f3n del para\u00edso y su p\u00e9rdida. Y todo sucede en una isla,&nbsp; Bararida, donde se debate el destino de dos amantes, zarandeados por la oscuridad que les rodea pero impulsados por la luz a la que aspiran.<\/p>\n\n\n\n<p>Por su belleza, por la intensa sabidur\u00eda que alberga, es una novela que hay que leer con la urgencia que reclaman los libros imprescindibles. Tambi\u00e9n por su visi\u00f3n de la naturaleza, que adquiere una dimensi\u00f3n central&nbsp; no como escenario sino como generadora consciente de toda la realidad, como diosa suprema de la existencia.<\/p>\n\n\n\n<p>Sirva de ejemplo la oraci\u00f3n que hace el protagonista, cuando, perseguido&nbsp; por sus antiguos compa\u00f1eros de civilizaci\u00f3n, con los que ha roto y para los que representa una amenaza, pide una escapatoria, una soluci\u00f3n, una ayuda a la naturaleza misma:<\/p>\n\n\n\n<p>\u00abSu ruego baj\u00f3 a las ra\u00edces del \u00e1rbol, y desde all\u00ed lleg\u00f3 a la tierra; desde all\u00ed alcanz\u00f3 a un topo, desde el topo, alcanz\u00f3 un rosal, desde el rosal a una abeja, desde la abeja lleg\u00f3 a la miel, desde la miel a los labios de una pastora, desde la pastora y sus canciones al aire de la tarde, desde el aire de la tarde hasta una cascada, desde la cascada hasta un vencejo sediento, desde el vencejo al primer \u00e1rbol de la isla\u00bb.<\/p>\n\n\n\n<p>Todo se enlaza. Todo se comunica. Todo nos socorre. Lo mismo que nos empe\u00f1amos en destruir es lo que puede ayudarnos. Necesitamos hacer&nbsp; juntos una oraci\u00f3n geohumanista. Pedir una salida a la misma Tierra, a Gea.&nbsp; Y el milagro sucede. Los t\u00faneles en la selva se abren. Solo que la selva es de placas fotovoltaicas. Y los t\u00faneles son de \u00e1rbol. Olivos. Olmos. Pinares. Sauces que saben de agua. Y, entre las ramas, el canto del p\u00e1jaro.<\/p>\n\n\n\n<p>Porque los \u00e1rboles saben de agua hay que repoblar la Tierra con ellos.<\/p>\n\n\n\n<p>Todo sucede en una isla.<\/p>\n\n\n\n<p class=\"has-small-font-size\">Publicado en papel en la revista 142<\/p>\n","protected":false},"excerpt":{"rendered":"<p>La destrucci\u00f3n del entorno natural avanza con una violencia silenciosa, disfrazada de progreso. En este &#8230; <\/p>\n<p class=\"read-more-container\"><a title=\"El p\u00e1jaro, el olivo, la isla\" class=\"read-more button\" href=\"https:\/\/olvidosdegranada.es\/index.php\/2025\/07\/01\/el-pajaro-el-olivo-la-isla\/#more-5756\" aria-label=\"Leer m\u00e1s sobre El p\u00e1jaro, el olivo, la isla\">Leer m\u00e1s<\/a><\/p>\n","protected":false},"author":4,"featured_media":0,"comment_status":"open","ping_status":"closed","sticky":false,"template":"","format":"standard","meta":{"_acf_changed":false,"_jetpack_newsletter_access":"","_jetpack_dont_email_post_to_subs":false,"_jetpack_newsletter_tier_id":0,"_jetpack_memberships_contains_paywalled_content":false,"_jetpack_feature_clip_id":0,"_jetpack_memberships_contains_paid_content":false,"footnotes":"","jetpack_post_was_ever_published":false},"categories":[3],"tags":[57,146,143],"class_list":["post-5756","post","type-post","status-publish","format-standard","hentry","category-palabras","tag-filosofia","tag-la-cancion-de-la-montana","tag-naturaleza","infinite-scroll-item","generate-columns","tablet-grid-50","mobile-grid-100","grid-parent","grid-33","no-featured-image-padding"],"acf":[],"yoast_head":"<!-- This site is optimized with the Yoast SEO plugin v28.3 - https:\/\/yoast.com\/product\/yoast-seo-wordpress\/ -->\n<title>El p\u00e1jaro, el olivo, la isla - Olvidos de Granada<\/title>\n<meta name=\"description\" content=\"Ernesto P\u00e9rez Z\u00fa\u00f1iga La destrucci\u00f3n del entorno natural avanza con una violencia silenciosa, disfrazada de progreso. En este texto, P\u00e9rez Z\u00fa\u00f1iga denuncia la desaparici\u00f3n de\" \/>\n<meta name=\"robots\" content=\"index, follow, max-snippet:-1, max-image-preview:large, max-video-preview:-1\" \/>\n<link rel=\"canonical\" href=\"https:\/\/olvidosdegranada.es\/index.php\/2025\/07\/01\/el-pajaro-el-olivo-la-isla\/\" \/>\n<meta property=\"og:locale\" content=\"es_ES\" \/>\n<meta property=\"og:type\" content=\"article\" \/>\n<meta property=\"og:title\" content=\"El p\u00e1jaro, el olivo, la isla - Olvidos de Granada\" \/>\n<meta property=\"og:description\" content=\"Ernesto P\u00e9rez Z\u00fa\u00f1iga La destrucci\u00f3n del entorno natural avanza con una violencia silenciosa, disfrazada de progreso. En este texto, P\u00e9rez Z\u00fa\u00f1iga denuncia la desaparici\u00f3n de\" \/>\n<meta property=\"og:url\" content=\"https:\/\/olvidosdegranada.es\/index.php\/2025\/07\/01\/el-pajaro-el-olivo-la-isla\/\" \/>\n<meta property=\"og:site_name\" content=\"Olvidos de Granada\" \/>\n<meta property=\"article:publisher\" content=\"https:\/\/www.facebook.com\/OLVIDOSDIGITAL\" \/>\n<meta property=\"article:published_time\" content=\"2025-07-01T10:43:00+00:00\" \/>\n<meta property=\"article:modified_time\" content=\"2025-07-09T12:40:45+00:00\" \/>\n<meta property=\"og:image\" content=\"https:\/\/olvidosdegranada.es\/wp-content\/uploads\/image-99.png\" \/>\n\t<meta property=\"og:image:width\" content=\"1183\" \/>\n\t<meta property=\"og:image:height\" content=\"384\" \/>\n\t<meta property=\"og:image:type\" content=\"image\/png\" \/>\n<meta name=\"author\" content=\"Alfonso Salazar\" \/>\n<meta name=\"twitter:card\" content=\"summary_large_image\" \/>\n<meta name=\"twitter:creator\" content=\"@olvidospuntoes\" \/>\n<meta name=\"twitter:site\" content=\"@olvidospuntoes\" \/>\n<meta name=\"twitter:label1\" content=\"Escrito por\" \/>\n\t<meta name=\"twitter:data1\" content=\"Alfonso Salazar\" \/>\n\t<meta name=\"twitter:label2\" content=\"Tiempo de lectura\" \/>\n\t<meta name=\"twitter:data2\" content=\"6 minutos\" \/>\n<script type=\"application\/ld+json\" class=\"yoast-schema-graph\">{\"@context\":\"https:\\\/\\\/schema.org\",\"@graph\":[{\"@type\":\"Article\",\"@id\":\"https:\\\/\\\/olvidosdegranada.es\\\/index.php\\\/2025\\\/07\\\/01\\\/el-pajaro-el-olivo-la-isla\\\/#article\",\"isPartOf\":{\"@id\":\"https:\\\/\\\/olvidosdegranada.es\\\/index.php\\\/2025\\\/07\\\/01\\\/el-pajaro-el-olivo-la-isla\\\/\"},\"author\":{\"name\":\"Alfonso Salazar\",\"@id\":\"https:\\\/\\\/olvidosdegranada.es\\\/#\\\/schema\\\/person\\\/2e10b199a19cf21e8fd2391979d33083\"},\"headline\":\"El p\u00e1jaro, el olivo, la isla\",\"datePublished\":\"2025-07-01T10:43:00+00:00\",\"dateModified\":\"2025-07-09T12:40:45+00:00\",\"mainEntityOfPage\":{\"@id\":\"https:\\\/\\\/olvidosdegranada.es\\\/index.php\\\/2025\\\/07\\\/01\\\/el-pajaro-el-olivo-la-isla\\\/\"},\"wordCount\":1234,\"commentCount\":1,\"publisher\":{\"@id\":\"https:\\\/\\\/olvidosdegranada.es\\\/#organization\"},\"image\":{\"@id\":\"https:\\\/\\\/olvidosdegranada.es\\\/index.php\\\/2025\\\/07\\\/01\\\/el-pajaro-el-olivo-la-isla\\\/#primaryimage\"},\"thumbnailUrl\":\"https:\\\/\\\/olvidosdegranada.es\\\/wp-content\\\/uploads\\\/image-99-1024x332.png\",\"keywords\":[\"Filosof\u00eda\",\"La canci\u00f3n de la monta\u00f1a\",\"Naturaleza\"],\"articleSection\":[\"Palabras\"],\"inLanguage\":\"es\",\"potentialAction\":[{\"@type\":\"CommentAction\",\"name\":\"Comment\",\"target\":[\"https:\\\/\\\/olvidosdegranada.es\\\/index.php\\\/2025\\\/07\\\/01\\\/el-pajaro-el-olivo-la-isla\\\/#respond\"]}]},{\"@type\":\"WebPage\",\"@id\":\"https:\\\/\\\/olvidosdegranada.es\\\/index.php\\\/2025\\\/07\\\/01\\\/el-pajaro-el-olivo-la-isla\\\/\",\"url\":\"https:\\\/\\\/olvidosdegranada.es\\\/index.php\\\/2025\\\/07\\\/01\\\/el-pajaro-el-olivo-la-isla\\\/\",\"name\":\"El p\u00e1jaro, el olivo, la isla - Olvidos de Granada\",\"isPartOf\":{\"@id\":\"https:\\\/\\\/olvidosdegranada.es\\\/#website\"},\"primaryImageOfPage\":{\"@id\":\"https:\\\/\\\/olvidosdegranada.es\\\/index.php\\\/2025\\\/07\\\/01\\\/el-pajaro-el-olivo-la-isla\\\/#primaryimage\"},\"image\":{\"@id\":\"https:\\\/\\\/olvidosdegranada.es\\\/index.php\\\/2025\\\/07\\\/01\\\/el-pajaro-el-olivo-la-isla\\\/#primaryimage\"},\"thumbnailUrl\":\"https:\\\/\\\/olvidosdegranada.es\\\/wp-content\\\/uploads\\\/image-99-1024x332.png\",\"datePublished\":\"2025-07-01T10:43:00+00:00\",\"dateModified\":\"2025-07-09T12:40:45+00:00\",\"description\":\"Ernesto P\u00e9rez Z\u00fa\u00f1iga La destrucci\u00f3n del entorno natural avanza con una violencia silenciosa, disfrazada de progreso. En este texto, P\u00e9rez Z\u00fa\u00f1iga denuncia la desaparici\u00f3n de\",\"breadcrumb\":{\"@id\":\"https:\\\/\\\/olvidosdegranada.es\\\/index.php\\\/2025\\\/07\\\/01\\\/el-pajaro-el-olivo-la-isla\\\/#breadcrumb\"},\"inLanguage\":\"es\",\"potentialAction\":[{\"@type\":\"ReadAction\",\"target\":[\"https:\\\/\\\/olvidosdegranada.es\\\/index.php\\\/2025\\\/07\\\/01\\\/el-pajaro-el-olivo-la-isla\\\/\"]}]},{\"@type\":\"ImageObject\",\"inLanguage\":\"es\",\"@id\":\"https:\\\/\\\/olvidosdegranada.es\\\/index.php\\\/2025\\\/07\\\/01\\\/el-pajaro-el-olivo-la-isla\\\/#primaryimage\",\"url\":\"https:\\\/\\\/olvidosdegranada.es\\\/wp-content\\\/uploads\\\/image-99.png\",\"contentUrl\":\"https:\\\/\\\/olvidosdegranada.es\\\/wp-content\\\/uploads\\\/image-99.png\",\"width\":1183,\"height\":384},{\"@type\":\"BreadcrumbList\",\"@id\":\"https:\\\/\\\/olvidosdegranada.es\\\/index.php\\\/2025\\\/07\\\/01\\\/el-pajaro-el-olivo-la-isla\\\/#breadcrumb\",\"itemListElement\":[{\"@type\":\"ListItem\",\"position\":1,\"name\":\"Portada\",\"item\":\"https:\\\/\\\/olvidosdegranada.es\\\/\"},{\"@type\":\"ListItem\",\"position\":2,\"name\":\"El p\u00e1jaro, el olivo, la isla\"}]},{\"@type\":\"WebSite\",\"@id\":\"https:\\\/\\\/olvidosdegranada.es\\\/#website\",\"url\":\"https:\\\/\\\/olvidosdegranada.es\\\/\",\"name\":\"Olvidos de Granada\",\"description\":\"Revista de acciones culturales\",\"publisher\":{\"@id\":\"https:\\\/\\\/olvidosdegranada.es\\\/#organization\"},\"potentialAction\":[{\"@type\":\"SearchAction\",\"target\":{\"@type\":\"EntryPoint\",\"urlTemplate\":\"https:\\\/\\\/olvidosdegranada.es\\\/?s={search_term_string}\"},\"query-input\":{\"@type\":\"PropertyValueSpecification\",\"valueRequired\":true,\"valueName\":\"search_term_string\"}}],\"inLanguage\":\"es\"},{\"@type\":\"Organization\",\"@id\":\"https:\\\/\\\/olvidosdegranada.es\\\/#organization\",\"name\":\"Olvidos de Granada\",\"url\":\"https:\\\/\\\/olvidosdegranada.es\\\/\",\"logo\":{\"@type\":\"ImageObject\",\"inLanguage\":\"es\",\"@id\":\"https:\\\/\\\/olvidosdegranada.es\\\/#\\\/schema\\\/logo\\\/image\\\/\",\"url\":\"https:\\\/\\\/olvidosdegranada.es\\\/wp-content\\\/uploads\\\/2020\\\/12\\\/Recurso-9.png\",\"contentUrl\":\"https:\\\/\\\/olvidosdegranada.es\\\/wp-content\\\/uploads\\\/2020\\\/12\\\/Recurso-9.png\",\"width\":700,\"height\":227,\"caption\":\"Olvidos de Granada\"},\"image\":{\"@id\":\"https:\\\/\\\/olvidosdegranada.es\\\/#\\\/schema\\\/logo\\\/image\\\/\"},\"sameAs\":[\"https:\\\/\\\/www.facebook.com\\\/OLVIDOSDIGITAL\",\"https:\\\/\\\/x.com\\\/olvidospuntoes\"]},{\"@type\":\"Person\",\"@id\":\"https:\\\/\\\/olvidosdegranada.es\\\/#\\\/schema\\\/person\\\/2e10b199a19cf21e8fd2391979d33083\",\"name\":\"Alfonso Salazar\",\"image\":{\"@type\":\"ImageObject\",\"inLanguage\":\"es\",\"@id\":\"https:\\\/\\\/secure.gravatar.com\\\/avatar\\\/8768a2dca789940dbdaf5fdd283c795998719eb61dc0c2c16eb3decaaf6b3304?s=96&d=mm&r=g\",\"url\":\"https:\\\/\\\/secure.gravatar.com\\\/avatar\\\/8768a2dca789940dbdaf5fdd283c795998719eb61dc0c2c16eb3decaaf6b3304?s=96&d=mm&r=g\",\"contentUrl\":\"https:\\\/\\\/secure.gravatar.com\\\/avatar\\\/8768a2dca789940dbdaf5fdd283c795998719eb61dc0c2c16eb3decaaf6b3304?s=96&d=mm&r=g\",\"caption\":\"Alfonso Salazar\"},\"url\":\"https:\\\/\\\/olvidosdegranada.es\\\/index.php\\\/author\\\/alfonso-salazar\\\/\"}]}<\/script>\n<!-- \/ Yoast SEO plugin. -->","yoast_head_json":{"title":"El p\u00e1jaro, el olivo, la isla - Olvidos de Granada","description":"Ernesto P\u00e9rez Z\u00fa\u00f1iga La destrucci\u00f3n del entorno natural avanza con una violencia silenciosa, disfrazada de progreso. En este texto, P\u00e9rez Z\u00fa\u00f1iga denuncia la desaparici\u00f3n de","robots":{"index":"index","follow":"follow","max-snippet":"max-snippet:-1","max-image-preview":"max-image-preview:large","max-video-preview":"max-video-preview:-1"},"canonical":"https:\/\/olvidosdegranada.es\/index.php\/2025\/07\/01\/el-pajaro-el-olivo-la-isla\/","og_locale":"es_ES","og_type":"article","og_title":"El p\u00e1jaro, el olivo, la isla - Olvidos de Granada","og_description":"Ernesto P\u00e9rez Z\u00fa\u00f1iga La destrucci\u00f3n del entorno natural avanza con una violencia silenciosa, disfrazada de progreso. En este texto, P\u00e9rez Z\u00fa\u00f1iga denuncia la desaparici\u00f3n de","og_url":"https:\/\/olvidosdegranada.es\/index.php\/2025\/07\/01\/el-pajaro-el-olivo-la-isla\/","og_site_name":"Olvidos de Granada","article_publisher":"https:\/\/www.facebook.com\/OLVIDOSDIGITAL","article_published_time":"2025-07-01T10:43:00+00:00","article_modified_time":"2025-07-09T12:40:45+00:00","og_image":[{"width":1183,"height":384,"url":"https:\/\/olvidosdegranada.es\/wp-content\/uploads\/image-99.png","type":"image\/png"}],"author":"Alfonso Salazar","twitter_card":"summary_large_image","twitter_creator":"@olvidospuntoes","twitter_site":"@olvidospuntoes","twitter_misc":{"Escrito por":"Alfonso Salazar","Tiempo de lectura":"6 minutos"},"schema":{"@context":"https:\/\/schema.org","@graph":[{"@type":"Article","@id":"https:\/\/olvidosdegranada.es\/index.php\/2025\/07\/01\/el-pajaro-el-olivo-la-isla\/#article","isPartOf":{"@id":"https:\/\/olvidosdegranada.es\/index.php\/2025\/07\/01\/el-pajaro-el-olivo-la-isla\/"},"author":{"name":"Alfonso Salazar","@id":"https:\/\/olvidosdegranada.es\/#\/schema\/person\/2e10b199a19cf21e8fd2391979d33083"},"headline":"El p\u00e1jaro, el olivo, la isla","datePublished":"2025-07-01T10:43:00+00:00","dateModified":"2025-07-09T12:40:45+00:00","mainEntityOfPage":{"@id":"https:\/\/olvidosdegranada.es\/index.php\/2025\/07\/01\/el-pajaro-el-olivo-la-isla\/"},"wordCount":1234,"commentCount":1,"publisher":{"@id":"https:\/\/olvidosdegranada.es\/#organization"},"image":{"@id":"https:\/\/olvidosdegranada.es\/index.php\/2025\/07\/01\/el-pajaro-el-olivo-la-isla\/#primaryimage"},"thumbnailUrl":"https:\/\/olvidosdegranada.es\/wp-content\/uploads\/image-99-1024x332.png","keywords":["Filosof\u00eda","La canci\u00f3n de la monta\u00f1a","Naturaleza"],"articleSection":["Palabras"],"inLanguage":"es","potentialAction":[{"@type":"CommentAction","name":"Comment","target":["https:\/\/olvidosdegranada.es\/index.php\/2025\/07\/01\/el-pajaro-el-olivo-la-isla\/#respond"]}]},{"@type":"WebPage","@id":"https:\/\/olvidosdegranada.es\/index.php\/2025\/07\/01\/el-pajaro-el-olivo-la-isla\/","url":"https:\/\/olvidosdegranada.es\/index.php\/2025\/07\/01\/el-pajaro-el-olivo-la-isla\/","name":"El p\u00e1jaro, el olivo, la isla - Olvidos de Granada","isPartOf":{"@id":"https:\/\/olvidosdegranada.es\/#website"},"primaryImageOfPage":{"@id":"https:\/\/olvidosdegranada.es\/index.php\/2025\/07\/01\/el-pajaro-el-olivo-la-isla\/#primaryimage"},"image":{"@id":"https:\/\/olvidosdegranada.es\/index.php\/2025\/07\/01\/el-pajaro-el-olivo-la-isla\/#primaryimage"},"thumbnailUrl":"https:\/\/olvidosdegranada.es\/wp-content\/uploads\/image-99-1024x332.png","datePublished":"2025-07-01T10:43:00+00:00","dateModified":"2025-07-09T12:40:45+00:00","description":"Ernesto P\u00e9rez Z\u00fa\u00f1iga La destrucci\u00f3n del entorno natural avanza con una violencia silenciosa, disfrazada de progreso. En este texto, P\u00e9rez Z\u00fa\u00f1iga denuncia la desaparici\u00f3n de","breadcrumb":{"@id":"https:\/\/olvidosdegranada.es\/index.php\/2025\/07\/01\/el-pajaro-el-olivo-la-isla\/#breadcrumb"},"inLanguage":"es","potentialAction":[{"@type":"ReadAction","target":["https:\/\/olvidosdegranada.es\/index.php\/2025\/07\/01\/el-pajaro-el-olivo-la-isla\/"]}]},{"@type":"ImageObject","inLanguage":"es","@id":"https:\/\/olvidosdegranada.es\/index.php\/2025\/07\/01\/el-pajaro-el-olivo-la-isla\/#primaryimage","url":"https:\/\/olvidosdegranada.es\/wp-content\/uploads\/image-99.png","contentUrl":"https:\/\/olvidosdegranada.es\/wp-content\/uploads\/image-99.png","width":1183,"height":384},{"@type":"BreadcrumbList","@id":"https:\/\/olvidosdegranada.es\/index.php\/2025\/07\/01\/el-pajaro-el-olivo-la-isla\/#breadcrumb","itemListElement":[{"@type":"ListItem","position":1,"name":"Portada","item":"https:\/\/olvidosdegranada.es\/"},{"@type":"ListItem","position":2,"name":"El p\u00e1jaro, el olivo, la isla"}]},{"@type":"WebSite","@id":"https:\/\/olvidosdegranada.es\/#website","url":"https:\/\/olvidosdegranada.es\/","name":"Olvidos de Granada","description":"Revista de acciones culturales","publisher":{"@id":"https:\/\/olvidosdegranada.es\/#organization"},"potentialAction":[{"@type":"SearchAction","target":{"@type":"EntryPoint","urlTemplate":"https:\/\/olvidosdegranada.es\/?s={search_term_string}"},"query-input":{"@type":"PropertyValueSpecification","valueRequired":true,"valueName":"search_term_string"}}],"inLanguage":"es"},{"@type":"Organization","@id":"https:\/\/olvidosdegranada.es\/#organization","name":"Olvidos de Granada","url":"https:\/\/olvidosdegranada.es\/","logo":{"@type":"ImageObject","inLanguage":"es","@id":"https:\/\/olvidosdegranada.es\/#\/schema\/logo\/image\/","url":"https:\/\/olvidosdegranada.es\/wp-content\/uploads\/2020\/12\/Recurso-9.png","contentUrl":"https:\/\/olvidosdegranada.es\/wp-content\/uploads\/2020\/12\/Recurso-9.png","width":700,"height":227,"caption":"Olvidos de Granada"},"image":{"@id":"https:\/\/olvidosdegranada.es\/#\/schema\/logo\/image\/"},"sameAs":["https:\/\/www.facebook.com\/OLVIDOSDIGITAL","https:\/\/x.com\/olvidospuntoes"]},{"@type":"Person","@id":"https:\/\/olvidosdegranada.es\/#\/schema\/person\/2e10b199a19cf21e8fd2391979d33083","name":"Alfonso Salazar","image":{"@type":"ImageObject","inLanguage":"es","@id":"https:\/\/secure.gravatar.com\/avatar\/8768a2dca789940dbdaf5fdd283c795998719eb61dc0c2c16eb3decaaf6b3304?s=96&d=mm&r=g","url":"https:\/\/secure.gravatar.com\/avatar\/8768a2dca789940dbdaf5fdd283c795998719eb61dc0c2c16eb3decaaf6b3304?s=96&d=mm&r=g","contentUrl":"https:\/\/secure.gravatar.com\/avatar\/8768a2dca789940dbdaf5fdd283c795998719eb61dc0c2c16eb3decaaf6b3304?s=96&d=mm&r=g","caption":"Alfonso Salazar"},"url":"https:\/\/olvidosdegranada.es\/index.php\/author\/alfonso-salazar\/"}]}},"jetpack_sharing_enabled":true,"jetpack_featured_media_url":"","_links":{"self":[{"href":"https:\/\/olvidosdegranada.es\/index.php\/wp-json\/wp\/v2\/posts\/5756","targetHints":{"allow":["GET"]}}],"collection":[{"href":"https:\/\/olvidosdegranada.es\/index.php\/wp-json\/wp\/v2\/posts"}],"about":[{"href":"https:\/\/olvidosdegranada.es\/index.php\/wp-json\/wp\/v2\/types\/post"}],"author":[{"embeddable":true,"href":"https:\/\/olvidosdegranada.es\/index.php\/wp-json\/wp\/v2\/users\/4"}],"replies":[{"embeddable":true,"href":"https:\/\/olvidosdegranada.es\/index.php\/wp-json\/wp\/v2\/comments?post=5756"}],"version-history":[{"count":4,"href":"https:\/\/olvidosdegranada.es\/index.php\/wp-json\/wp\/v2\/posts\/5756\/revisions"}],"predecessor-version":[{"id":5778,"href":"https:\/\/olvidosdegranada.es\/index.php\/wp-json\/wp\/v2\/posts\/5756\/revisions\/5778"}],"wp:attachment":[{"href":"https:\/\/olvidosdegranada.es\/index.php\/wp-json\/wp\/v2\/media?parent=5756"}],"wp:term":[{"taxonomy":"category","embeddable":true,"href":"https:\/\/olvidosdegranada.es\/index.php\/wp-json\/wp\/v2\/categories?post=5756"},{"taxonomy":"post_tag","embeddable":true,"href":"https:\/\/olvidosdegranada.es\/index.php\/wp-json\/wp\/v2\/tags?post=5756"}],"curies":[{"name":"wp","href":"https:\/\/api.w.org\/{rel}","templated":true}]}}