{"id":5393,"date":"2025-02-11T19:46:55","date_gmt":"2025-02-11T19:46:55","guid":{"rendered":"https:\/\/olvidosdegranada.es\/?p=5393"},"modified":"2025-02-15T21:47:05","modified_gmt":"2025-02-15T21:47:05","slug":"plataformas-ia-y-redes","status":"publish","type":"post","link":"https:\/\/olvidosdegranada.es\/index.php\/2025\/02\/11\/plataformas-ia-y-redes\/","title":{"rendered":"Plataformas, IA y Redes\u00a0"},"content":{"rendered":"\n<p><strong>Sergio Hinojosa analiza el dominio de las grandes corporaciones tecnol\u00f3gicas sobre la infraestructura digital y la inteligencia artificial. Critica la fragilidad de la regulaci\u00f3n estatal frente al poder privado, alertando sobre los riesgos \u00e9ticos, la manipulaci\u00f3n y la centralizaci\u00f3n del control en la era digital.<\/strong><\/p>\n\n\n\n<figure class=\"wp-block-image size-full is-resized\"><img loading=\"lazy\" decoding=\"async\" width=\"402\" height=\"534\" src=\"https:\/\/olvidosdegranada.es\/wp-content\/uploads\/image-55.png\" alt=\"\" class=\"wp-image-5394\" style=\"width:297px;height:auto\" srcset=\"https:\/\/olvidosdegranada.es\/wp-content\/uploads\/image-55.png 402w, https:\/\/olvidosdegranada.es\/wp-content\/uploads\/image-55-226x300.png 226w, https:\/\/olvidosdegranada.es\/wp-content\/uploads\/image-55-113x150.png 113w\" sizes=\"auto, (max-width: 402px) 100vw, 402px\" \/><\/figure>\n\n\n\n<h3 class=\"wp-block-heading\"><strong>Infraestructura<\/strong><\/h3>\n\n\n\n<p>El funcionamiento de las redes sociales requiere de plataformas tecnol\u00f3gicas y \u00e9stas necesitan una infraestructura que son los servidores. Las grandes plataformas, sobre todo las de sistema centralizado como X o Meta, poseen sus propios servidores. Pero la emergencia de la IA y Big Data est\u00e1 cambiando el panorama funcional y normativo.<\/p>\n\n\n\n<p>Los servidores son la columna vertebral de las plataformas digitales, proporcionan el soporte f\u00edsico necesario para la gesti\u00f3n del flujo de datos, de operaciones entre usuarios y las aplicaciones o redes que utilizan las grandes plataformas como Meta Platform (Facebook, Instagram y WhatsApp). Estos servidores est\u00e1n gestionados por empresas privadas, en este caso, por Meta Platforms, una multinacional con sede en California. Su fundador Mark Zuckerberg convirti\u00f3 Facebook en Meta, conservando la red, pero introduciendo el metaverso, un concepto que incluye experiencias inmersivas basadas en la realidad aumentada (AR) y la realidad virtual (VR). La plataforma Meta incluye actualmente Facebook, Instagram, WhatsApp, Messenger y Oculus (dispositivos de realidad virtual). Actualmente pretende montar un centro de datos en Luisiana por valor de 9500 Millones de d\u00f3lares. Como se ve, Meta invierte en infraestructura propia para garantizar un mayor control sobre sus operaciones y optimizar costos a largo plazo. Tambi\u00e9n invierte en metaverso, pero sobre todo en IA y en dispositivos de hardware para experiencias inmersivas. Un horizonte interesante, pero con alto riesgo de manipulaci\u00f3n y alienaci\u00f3n.<\/p>\n\n\n\n<p>La infraestructura de plataformas y redes, los grandes servidores, son computadoras especializadas de alto rendimiento dise\u00f1adas para procesar, almacenar y distribuir datos a trav\u00e9s de las redes. Suelen funcionar de manera ininterrumpida en el interior de centros f\u00edsicos de datos. Constan de procesadores; (bien CPU, o GPU, si se requiere m\u00e1s potencia, para gr\u00e1ficos, IA etc.) memoria para operar (RAM), unidades de almacenamiento (HDD, y RAID para redundancia y velocidad), conexi\u00f3n r\u00e1pida, normalmente de fibra \u00f3ptica y sistemas operativos para el manejo de red y administraci\u00f3n de recursos (Linux, Window Server).<\/p>\n\n\n\n<p>En Europa existen grandes servidores en Irlanda (dado los bajos costes de refrigeraci\u00f3n y beneficios fiscales), en Francia, en Par\u00eds hay centros clave con presencia de gigantes como OVH cloud (empresa l\u00edder en la nube) y AWS (Amazon Web Service). Alemania, concretamente en Frankfurt, dispone de un <em>hub<\/em> (DE CIX)<em>, es decir<\/em>, de un nodo fundamental y de los m\u00e1s importantes del mundo para la conectividad de redes. Quiz\u00e1 porque, pese a no ser puntera en tecnolog\u00edas de la comunicaci\u00f3n, es el pa\u00eds que mayor garant\u00edas ofrece a la protecci\u00f3n de datos, por lo que atrae a muchas empresas interesadas en cumplir con el Reglamento General de Protecci\u00f3n de Datos(RGPD) para prestigiar su marca. En Amsterdam existe otro importante <em>hub<\/em>, y tambi\u00e9n se hallan afincadas muchas empresas de almacenamiento de datos y plataformas globales. En los pa\u00edses n\u00f3rdicos, por su clima, se han instalado grandes centros de servidores de Facebook en Suecia, y de Google en Finlandia.<\/p>\n\n\n\n<p>En Espa\u00f1a Google, Microsoft y AWS (Amazon Web Services) siguen invirtiendo dada la posici\u00f3n geogr\u00e1fica estrat\u00e9gica y el crecimiento digital de nuestro pa\u00eds. El principal <em>hub<\/em> en Espa\u00f1a est\u00e1 en Madrid, que alberga grandes centros de datos operados por Equinix, Interxion y AWS. En Barcelona tambi\u00e9n existen grandes centros gestionados por empresas como NTT Global Data Center y Edge ConneX. Actualmente se intenta que sea esta ciudad un nodo clave para la conexi\u00f3n de Europa con \u00c1frica y Am\u00e9rica Latina.<\/p>\n\n\n\n<p>El Datacenter de Euskaltel sirve a la regi\u00f3n del Pa\u00eds Vasco y conecta con redes europeas. Y en el sur, M\u00e1laga se posiciona ventajosamente como <em>hub<\/em> tecnol\u00f3gico, aunque Valencia y Sevilla siguen siendo localizaciones importantes.<\/p>\n\n\n\n<p>Por otra parte, Europa est\u00e1 impulsando proyectos como Gaia-X, que busca construir una infraestructura de nube europea soberana y segura. Lo que supondr\u00eda un enorme e independiente almac\u00e9n de recursos y datos en Internet para todo el territorio. Esto en el contexto de desarrollo de la IA es especialmente importante.<\/p>\n\n\n\n<h3 class=\"wp-block-heading\"><strong>Plataformas y redes sociales<\/strong><\/h3>\n\n\n\n<p>Y si los servidores son&nbsp; la infraestructura de las plataformas, \u00e9stas son condici\u00f3n necesaria para las redes sociales. En realidad son infraestructuras tecnol\u00f3gicas que facilitan la interacci\u00f3n entre usuarios y\/o aplicaciones a trav\u00e9s de internet. Proporcionan as\u00ed un espacio de intercambio de informaci\u00f3n, bienes, servicios o los tres tipos b\u00e1sicos de experiencia inmersiva existentes: la Realidad virtual (RV), la Realidad aumentada (RA) y la&nbsp; Realidad mixta (RM).<\/p>\n\n\n\n<p>Las plataformas act\u00faan como intermediarios conectando personas, empresas y m\u00e1quinas, y est\u00e1n dise\u00f1adas para facilitar transacciones, colaboraci\u00f3n o acceso a contenidos. Sus componentes esenciales son: la interfaz de usuario, es decir, la capa visible desde la que opera el usuario, la base de datos y almacenamiento, el motor de procesamiento que gestiona las funciones principales, y el ecosistema de participantes; usuarios, creadores de contenidos, desarrolladores y anunciantes.<\/p>\n\n\n\n<p>Existen plataformas de diversos tipos: redes sociales, e-comercio, streamings (proveen acceso a multimedia, como Netflix o Spotify), educativas (ofrecen recursos para el aprendizaje, como Coursera, Khan Academy etc.) y de colaboraci\u00f3n y trabajo, que fomentan la interacci\u00f3n laboral (Slack, Zoom, etc.). Naturalmente, en gran medida, la carrera se desarrolla a partir de optimizar IA y su filtrado de Big Data para garantizar su escalabilidad, su potencia y funcionamiento. De modo que IA y Big Data se han convertido en inseparables e imprescindibles para el desarrollo econ\u00f3mico interno a Internet. Como se ve hay una interdependencia entre servidores, plataformas y redes, y un inter\u00e9s global por procesadores m\u00e1s veloces y por la potencia que las transforma: la inteligencia artificial (IA).<\/p>\n\n\n\n<h3 class=\"wp-block-heading\"><strong>Normalizaci\u00f3n, estandarizaci\u00f3n, \u00e9tica y redes sociales<\/strong><\/h3>\n\n\n\n<p>Aunque en determinados casos, los gobiernos puedan requerir el acceso a datos o pedir la colaboraci\u00f3n para cumplir con regulaciones locales y las grandes empresas puedan adoptar normas internacionales de buenas pr\u00e1cticas <em>\u2015<\/em>si se ven requeridas por usuarios o gobiernos<em>\u2015<\/em>, sin embargo, los Estados no han ganado la batalla, y los grandes servidores y las grandes plataformas est\u00e1n en manos privadas e invierten ingentes cantidades en IA, tratando de franquear las fronteras m\u00e1s elementales en los compartimentos estancos de los Big Data. Esto significa, por ejemplo, hacerse con datos personales de sanidad, educaci\u00f3n, comercio, etc, para profundizar la oferta y gama de mercanc\u00edas y servicios, pero tambi\u00e9n significa vulnerar la ley que nos protege del derecho a la intimidad, y nos defiende de movimientos invasivos de diversa \u00edndole en la Red.<\/p>\n\n\n\n<p>Es cierto que la UE promueve la inclusi\u00f3n de normas \u00e9ticas en el funcionamiento de las grandes plataformas que act\u00faan en territorio europeo, pero se llevan a cabo si benefician econ\u00f3micamente o si el prestigiar la marca les merece la pena. De todos modos, como se est\u00e1 viendo con el acceso de Trump y su corte tecnoligarca al poder, las normas legales encuentran escollos y las voluntarias se adoptan si interesan.<\/p>\n\n\n\n<p>Estas normas, desde la emergencia significativa de la IA y el manejo de Big Data, se incluyen en el C\u00f3digo de Pr\u00e1cticas sobre Desinformaci\u00f3n (2018, actualizado en 2022, de compromiso voluntario). Uno de sus objetivos es el uso de la IA para la detecci\u00f3n de patrones de desinformaci\u00f3n, verificar contenidos en colaboraci\u00f3n con verificadores de hechos y proveer informaci\u00f3n contextual a noticias dudosas.<\/p>\n\n\n\n<p>La IA Act, es decir, la ley sobre inteligencia artificial, es un reglamento propuesto por la Uni\u00f3n Europea para clasificar la IA por niveles de riesgo, sobre todo aquellos que afectan la informaci\u00f3n p\u00fablica, como los relacionados con algoritmos de redes sociales (ignoro qu\u00e9 tipo de participaci\u00f3n tiene en esta gesti\u00f3n normativa la prensa legal y verdadera). De este modo se pretende regular aquellos algoritmos que afectan a los derechos fundamentales e inciden en la manipulaci\u00f3n de la opini\u00f3n y del conocimiento. Esta ley, que entr\u00f3 en vigor en Europa el 1 de agosto de 2024, es el primer marco jur\u00eddico integral del mundo que regula la inteligencia artificial. Sin embargo, la presi\u00f3n legal se ve confrontada a la propiedad privada de las grandes plataformas que siguen imponiendo, por su influencia econ\u00f3mica, sus \u201clibertades\u201d. Algunas normas de esta ley no ser\u00e1n efectivas hasta agosto de 2025. Y pese a que permite multas de hasta 35 millones de euros, la realidad es que a\u00fan no ha habido sanciones.<\/p>\n\n\n\n<p>Las plataformas no se entienden ya sin IA y Big Data, por lo que no s\u00f3lo la legislaci\u00f3n, sino las normas t\u00e9cnicas de uso y de estandarizaci\u00f3n se han debido adecuar a estas tecnolog\u00edas emergentes. Y hay aspectos de la estandarizaci\u00f3n que no son s\u00f3lo t\u00e9cnicas, sino que afectan directamente a los derechos y libertades de los usuarios. Por esta raz\u00f3n, adem\u00e1s de la legislaci\u00f3n europea sobre plataformas, se ha creado un comit\u00e9 (CTN 71) encargado de normalizar, estandarizar y establecer directrices sobre el buen uso en Europa de la IA.<\/p>\n\n\n\n<p>En 2019 se constituy\u00f3, en Espa\u00f1a, el Subcomit\u00e9 CTN 71\/SC 42 sobre IA y Big Data en el marco de la Asociaci\u00f3n Espa\u00f1ola de Normalizaci\u00f3n. El subcomit\u00e9 forma parte del trabajo que realiza la ISO\/IEC JTC 1\/SC 42, para garantizar la compatibilidad en la aplicaci\u00f3n de estas tecnolog\u00edas con normativas internacionales, y en concreto, abordando temas relativos a la \u00e9tica y la gobernanza. Sus actividades incluyen la elaboraci\u00f3n de normativas sobre modelos de datos, gobernanza, \u00e9tica y gesti\u00f3n de riesgos en sistemas de inteligencia artificial. Se trata de garantizar un uso transparente, inclusivo y \u00e9ticamente responsable de estas tecnolog\u00edas. Al menos esa es la intenci\u00f3n confesada.<\/p>\n\n\n\n<p>Asunto importante es que la composici\u00f3n del subcomit\u00e9 incluye a la administraci\u00f3n p\u00fablica, si bien, el peso privado es mayor. As\u00ed se re\u00fanen empresas privadas, universidades, asociaciones y centros de investigaci\u00f3n para, junto a los expertos de este comit\u00e9, llevar a cabo&nbsp; proyectos de est\u00e1ndares que, al mismo tiempo, se desarrollan en el comit\u00e9 internacional ISO\/IEC JTC 1\/SC 42 <em>Artificial intelligence <\/em>y en el comit\u00e9 europeo CEN\/CLC\/JTC 21 <em>Artificial Intelligence<\/em>. Tras el lenguaje gris y la apariencia t\u00e9cnica, estos est\u00e1ndares adquieren una importancia fundamental con vistas al futuro uso regulatorio.<\/p>\n\n\n\n<p>Actualmente, el subcomit\u00e9 CTN 71\/SC 42, junto a sus hom\u00f3logos internacionales, trabaja en nuevas normas que, aunque t\u00e9cnicas, tienen consecuencias pr\u00e1cticas y entran en el terreno de la \u00e9tica no s\u00f3lo individual sino pol\u00edtica. Y son tan importantes como:<\/p>\n\n\n\n<ul class=\"wp-block-list\">\n<li>ISO\/IEC TR 24027:2021 que trata de <em>corregir el sesgo en los sistemas de Tecnolog\u00eda de la Informaci\u00f3n<\/em> (TI), IA y <em>toma de decisiones asistida por inteligencia artificial.<\/em><\/li>\n\n\n\n<li>ISO\/IEC TR 5469: 2023&nbsp; centrada en la <em>seguridad funcional de los sistemas<\/em> de IA c\u00f3mo garantizar que los sistemas de IA puedan operar de manera segura en \u201caplicaciones cr\u00edticas\u201d, (en veh\u00edculos aut\u00f3nomos, dispositivos m\u00e9dicos, infraestructura industrial, aeron\u00e1utica, etc.) donde un fallo podr\u00eda tener consecuencias graves para la vida, la propiedad o el medio ambiente. Trata tambi\u00e9n de garantizar <em>que las decisiones tomadas por la IA sean comprensibles y predecibles.<\/em><\/li>\n\n\n\n<li>La serie ISO\/IEC 5259 trata de establecer est\u00e1ndares y directrices para garantizar <em>la calidad de los datos utilizados en procesos <\/em>de \u201can\u00e1lisis de datos\u201d y \u201caprendizaje autom\u00e1tico\u201d (ML). Establece m\u00e9tricas y caracter\u00edsticas que los datos deben cumplir para ser de calidad, <em>proporciona pautas para recolectar, procesar y mantener los datos en \u00f3ptimas condiciones.<\/em> <em>Introduce m\u00e9todos para evaluarlos y validar su calidad, fomenta la documentaci\u00f3n clara y completa de su procedencia y sus caracter\u00edsticas en pro de la transparencia<\/em>. Y trata de<em> identificar y mitigar los sesgos que podr\u00edan afectar al an\u00e1lisis o al aprendizaje autom\u00e1tico<\/em> (ML). <em>Naturalmente no es lo mismo hacer hincapi\u00e9 en que la calidad de los datos sea referida s\u00f3lo a la industria, que hacerlo extensiva a aquellos datos que afectan a la industria dedicada a la informaci\u00f3n p\u00fablica y a los servicios b\u00e1sicos.&nbsp;<\/em><\/li>\n\n\n\n<li>La ISO\/IEC 42001 esta norma proporciona un marco para la gesti\u00f3n, el desarrollo, la implementaci\u00f3n y el mantenimiento de los sistemas de IA, <em>asegurando un uso seguro, responsable y \u00e9tico en las organizaciones. <\/em>De especial relevancia son los aspectos relativos al cumplimiento (en el uso de la IA) de la legalidad y de la \u201cconformidad \u00e9tica\u201d.<\/li>\n<\/ul>\n\n\n\n<p>En este sentido se trata de garantizar, <em>mediante normativa voluntaria, la no discriminaci\u00f3n, la minimizaci\u00f3n de sesgos o la no vulneraci\u00f3n de derechos, sea por introducci\u00f3n de sesgos, falta de transparencia, o no rendici\u00f3n de cuentas y falta de claridad.<\/em> En definitiva, la norma (voluntaria) proporciona un marco para el uso de la IA dentro de las organizaciones (desde la startup hasta las grandes empresas o instituciones gubernamentales) compatible con los derechos fundamentales.<\/p>\n\n\n\n<ul class=\"wp-block-list\">\n<li>ISO\/IEC 23894 sobre gesti\u00f3n de riesgos en la tecnolog\u00eda de la IA (sesgos de datos, falta de transparencia, errores en los resultados, impactos \u00e9ticos, introduciendo procedimientos para evaluar el impacto de estos riesgos en las personas, organizaciones y en la sociedad. En el marco de las decisiones <em>proporciona a las organizaciones directrices para tomar decisiones informadas sobre la adopci\u00f3n de la IA. Introduce estrategias para prevenir o mitigar los riesgos detectados en los sistemas de IA, abordando el ciclo completo de la vida del sistema de IA, y establece la necesidad de documentar los procesos de gesti\u00f3n de riesgos, promoviendo la transparencia y la rendici\u00f3n de cuentas.&nbsp;<\/em><\/li>\n<\/ul>\n\n\n\n<p>Todas estas normas t\u00e9cnicas pueden usarse en un sentido u otro, seg\u00fan la eficacia de los controles que se establezcan, dado que dichas normas son voluntarias y hay mayor peso privado en su confecci\u00f3n. Y las que son obligatorias, como la Ley de Servicios Digitales, actualmente corren un alto riesgo ante la pol\u00edtica de Trump.<\/p>\n\n\n\n<p>Uno de los desaf\u00edos a los que se enfrenta Europa es la potencia incontrolable de la RED. Por ejemplo, mediante el dise\u00f1o de negocios en red. Lo ilustra la pretensi\u00f3n de Elon Musk de preparar su plataforma X (posee&nbsp; X Corp,Tesla, SpaceX <em>\u2015<\/em>con Starlink, que est\u00e1 jugando un papel fundamental en la guerra de Ucrania<em>\u2015<\/em> y Neuralink) para el aumento de la base de usuarios y nuevas fuentes de ingresos mediante servicios integrados y modelos de suscripci\u00f3n como Twitter Blue, similar al modelo de WeChat en China<a href=\"#_ftn1\" id=\"_ftnref1\"><sup>[1]<\/sup><\/a>. Es decir, su pretensi\u00f3n de centralizar servicios e integrar datos provenientes de servicios sociales, sanitarios, escolares, financieros y comerciales en un solo lugar. Europa establece normas estrictas para combatir la desinformaci\u00f3n (al menos te\u00f3ricamente) y proh\u00edbe tal fusi\u00f3n y cruce de datos, incluso ha impuesto algunas sanciones por estos motivos a Meta\/Facebook en Irlanda por cruce de datos y no procesar datos personales conforme a la ley, a H&amp;M en Alemania por cruce de datos y pr\u00e1cticas de monitorizaci\u00f3n o a Clearview en varios pa\u00edses por recopilar y cruzar datos biom\u00e9tricos sin consentimiento, pero podemos imaginar el peligro para los ciudadanos si la red X <em>\u2015<\/em>desde su trono en la Casa Blanca<em>\u2015 <\/em>logra sortear la Digital Services Act que rige en Europa. A veces, la sustancia se oculta en los rincones m\u00e1s rec\u00f3nditos y oscuros de la superficie de la informaci\u00f3n y de la literatura gris.<\/p>\n\n\n\n<hr class=\"wp-block-separator has-alpha-channel-opacity\"\/>\n\n\n\n<p class=\"has-small-font-size\"><a href=\"#_ftnref1\" id=\"_ftn1\"><sup>[1]<\/sup><\/a> En China, la Ley de Protecci\u00f3n de la Informaci\u00f3n Personal (PIPL) limita te\u00f3ricamente el uso y cruce de datos personales para fines no autorizados, especialmente aquellos sensibles como los de salud y educaci\u00f3n, pero la acumulaci\u00f3n de datos en una sola base no deja de tener sus riesgos.<\/p>\n","protected":false},"excerpt":{"rendered":"<p>Sergio Hinojosa analiza el dominio de las grandes corporaciones tecnol\u00f3gicas sobre la infraestructura digital y &#8230; <\/p>\n<p class=\"read-more-container\"><a title=\"Plataformas, IA y Redes\u00a0\" class=\"read-more button\" href=\"https:\/\/olvidosdegranada.es\/index.php\/2025\/02\/11\/plataformas-ia-y-redes\/#more-5393\" aria-label=\"Leer m\u00e1s sobre Plataformas, IA y Redes\u00a0\">Leer m\u00e1s<\/a><\/p>\n","protected":false},"author":4,"featured_media":0,"comment_status":"open","ping_status":"closed","sticky":false,"template":"","format":"standard","meta":{"_acf_changed":false,"_jetpack_newsletter_access":"","_jetpack_dont_email_post_to_subs":false,"_jetpack_newsletter_tier_id":0,"_jetpack_memberships_contains_paywalled_content":false,"_jetpack_feature_clip_id":0,"_jetpack_memberships_contains_paid_content":false,"footnotes":"","jetpack_post_was_ever_published":false},"categories":[3],"tags":[],"class_list":["post-5393","post","type-post","status-publish","format-standard","hentry","category-palabras","infinite-scroll-item","generate-columns","tablet-grid-50","mobile-grid-100","grid-parent","grid-33","no-featured-image-padding"],"acf":[],"yoast_head":"<!-- This site is optimized with the Yoast SEO plugin v28.3 - https:\/\/yoast.com\/product\/yoast-seo-wordpress\/ -->\n<title>Plataformas, IA y Redes\u00a0 - Olvidos de Granada<\/title>\n<meta name=\"description\" content=\"Sergio Hinojosa Sergio Hinojosa analiza el dominio de las grandes corporaciones tecnol\u00f3gicas sobre la infraestructura digital y la inteligencia artificial. Critica la\" \/>\n<meta name=\"robots\" content=\"index, follow, max-snippet:-1, max-image-preview:large, max-video-preview:-1\" \/>\n<link rel=\"canonical\" href=\"https:\/\/olvidosdegranada.es\/index.php\/2025\/02\/11\/plataformas-ia-y-redes\/\" \/>\n<meta property=\"og:locale\" content=\"es_ES\" \/>\n<meta property=\"og:type\" content=\"article\" \/>\n<meta property=\"og:title\" content=\"Plataformas, IA y Redes\u00a0 - Olvidos de Granada\" \/>\n<meta property=\"og:description\" content=\"Sergio Hinojosa Sergio Hinojosa analiza el dominio de las grandes corporaciones tecnol\u00f3gicas sobre la infraestructura digital y la inteligencia artificial. Critica la\" \/>\n<meta property=\"og:url\" content=\"https:\/\/olvidosdegranada.es\/index.php\/2025\/02\/11\/plataformas-ia-y-redes\/\" \/>\n<meta property=\"og:site_name\" content=\"Olvidos de Granada\" \/>\n<meta property=\"article:publisher\" content=\"https:\/\/www.facebook.com\/OLVIDOSDIGITAL\" \/>\n<meta property=\"article:published_time\" content=\"2025-02-11T19:46:55+00:00\" \/>\n<meta property=\"article:modified_time\" content=\"2025-02-15T21:47:05+00:00\" \/>\n<meta property=\"og:image\" content=\"https:\/\/olvidosdegranada.es\/wp-content\/uploads\/image-55.png\" \/>\n\t<meta property=\"og:image:width\" content=\"402\" \/>\n\t<meta property=\"og:image:height\" content=\"534\" \/>\n\t<meta property=\"og:image:type\" content=\"image\/png\" \/>\n<meta name=\"author\" content=\"Alfonso Salazar\" \/>\n<meta name=\"twitter:card\" content=\"summary_large_image\" \/>\n<meta name=\"twitter:creator\" content=\"@olvidospuntoes\" \/>\n<meta name=\"twitter:site\" content=\"@olvidospuntoes\" \/>\n<meta name=\"twitter:label1\" content=\"Escrito por\" \/>\n\t<meta name=\"twitter:data1\" content=\"Alfonso Salazar\" \/>\n\t<meta name=\"twitter:label2\" content=\"Tiempo de lectura\" \/>\n\t<meta name=\"twitter:data2\" content=\"12 minutos\" \/>\n<script type=\"application\/ld+json\" class=\"yoast-schema-graph\">{\"@context\":\"https:\\\/\\\/schema.org\",\"@graph\":[{\"@type\":\"Article\",\"@id\":\"https:\\\/\\\/olvidosdegranada.es\\\/index.php\\\/2025\\\/02\\\/11\\\/plataformas-ia-y-redes\\\/#article\",\"isPartOf\":{\"@id\":\"https:\\\/\\\/olvidosdegranada.es\\\/index.php\\\/2025\\\/02\\\/11\\\/plataformas-ia-y-redes\\\/\"},\"author\":{\"name\":\"Alfonso Salazar\",\"@id\":\"https:\\\/\\\/olvidosdegranada.es\\\/#\\\/schema\\\/person\\\/2e10b199a19cf21e8fd2391979d33083\"},\"headline\":\"Plataformas, IA y Redes\u00a0\",\"datePublished\":\"2025-02-11T19:46:55+00:00\",\"dateModified\":\"2025-02-15T21:47:05+00:00\",\"mainEntityOfPage\":{\"@id\":\"https:\\\/\\\/olvidosdegranada.es\\\/index.php\\\/2025\\\/02\\\/11\\\/plataformas-ia-y-redes\\\/\"},\"wordCount\":2709,\"commentCount\":0,\"publisher\":{\"@id\":\"https:\\\/\\\/olvidosdegranada.es\\\/#organization\"},\"image\":{\"@id\":\"https:\\\/\\\/olvidosdegranada.es\\\/index.php\\\/2025\\\/02\\\/11\\\/plataformas-ia-y-redes\\\/#primaryimage\"},\"thumbnailUrl\":\"https:\\\/\\\/olvidosdegranada.es\\\/wp-content\\\/uploads\\\/image-55.png\",\"articleSection\":[\"Palabras\"],\"inLanguage\":\"es\",\"potentialAction\":[{\"@type\":\"CommentAction\",\"name\":\"Comment\",\"target\":[\"https:\\\/\\\/olvidosdegranada.es\\\/index.php\\\/2025\\\/02\\\/11\\\/plataformas-ia-y-redes\\\/#respond\"]}]},{\"@type\":\"WebPage\",\"@id\":\"https:\\\/\\\/olvidosdegranada.es\\\/index.php\\\/2025\\\/02\\\/11\\\/plataformas-ia-y-redes\\\/\",\"url\":\"https:\\\/\\\/olvidosdegranada.es\\\/index.php\\\/2025\\\/02\\\/11\\\/plataformas-ia-y-redes\\\/\",\"name\":\"Plataformas, IA y Redes\u00a0 - Olvidos de Granada\",\"isPartOf\":{\"@id\":\"https:\\\/\\\/olvidosdegranada.es\\\/#website\"},\"primaryImageOfPage\":{\"@id\":\"https:\\\/\\\/olvidosdegranada.es\\\/index.php\\\/2025\\\/02\\\/11\\\/plataformas-ia-y-redes\\\/#primaryimage\"},\"image\":{\"@id\":\"https:\\\/\\\/olvidosdegranada.es\\\/index.php\\\/2025\\\/02\\\/11\\\/plataformas-ia-y-redes\\\/#primaryimage\"},\"thumbnailUrl\":\"https:\\\/\\\/olvidosdegranada.es\\\/wp-content\\\/uploads\\\/image-55.png\",\"datePublished\":\"2025-02-11T19:46:55+00:00\",\"dateModified\":\"2025-02-15T21:47:05+00:00\",\"description\":\"Sergio Hinojosa Sergio Hinojosa analiza el dominio de las grandes corporaciones tecnol\u00f3gicas sobre la infraestructura digital y la inteligencia artificial. Critica la\",\"breadcrumb\":{\"@id\":\"https:\\\/\\\/olvidosdegranada.es\\\/index.php\\\/2025\\\/02\\\/11\\\/plataformas-ia-y-redes\\\/#breadcrumb\"},\"inLanguage\":\"es\",\"potentialAction\":[{\"@type\":\"ReadAction\",\"target\":[\"https:\\\/\\\/olvidosdegranada.es\\\/index.php\\\/2025\\\/02\\\/11\\\/plataformas-ia-y-redes\\\/\"]}]},{\"@type\":\"ImageObject\",\"inLanguage\":\"es\",\"@id\":\"https:\\\/\\\/olvidosdegranada.es\\\/index.php\\\/2025\\\/02\\\/11\\\/plataformas-ia-y-redes\\\/#primaryimage\",\"url\":\"https:\\\/\\\/olvidosdegranada.es\\\/wp-content\\\/uploads\\\/image-55.png\",\"contentUrl\":\"https:\\\/\\\/olvidosdegranada.es\\\/wp-content\\\/uploads\\\/image-55.png\",\"width\":402,\"height\":534},{\"@type\":\"BreadcrumbList\",\"@id\":\"https:\\\/\\\/olvidosdegranada.es\\\/index.php\\\/2025\\\/02\\\/11\\\/plataformas-ia-y-redes\\\/#breadcrumb\",\"itemListElement\":[{\"@type\":\"ListItem\",\"position\":1,\"name\":\"Portada\",\"item\":\"https:\\\/\\\/olvidosdegranada.es\\\/\"},{\"@type\":\"ListItem\",\"position\":2,\"name\":\"Plataformas, IA y Redes\u00a0\"}]},{\"@type\":\"WebSite\",\"@id\":\"https:\\\/\\\/olvidosdegranada.es\\\/#website\",\"url\":\"https:\\\/\\\/olvidosdegranada.es\\\/\",\"name\":\"Olvidos de Granada\",\"description\":\"Revista de acciones culturales\",\"publisher\":{\"@id\":\"https:\\\/\\\/olvidosdegranada.es\\\/#organization\"},\"potentialAction\":[{\"@type\":\"SearchAction\",\"target\":{\"@type\":\"EntryPoint\",\"urlTemplate\":\"https:\\\/\\\/olvidosdegranada.es\\\/?s={search_term_string}\"},\"query-input\":{\"@type\":\"PropertyValueSpecification\",\"valueRequired\":true,\"valueName\":\"search_term_string\"}}],\"inLanguage\":\"es\"},{\"@type\":\"Organization\",\"@id\":\"https:\\\/\\\/olvidosdegranada.es\\\/#organization\",\"name\":\"Olvidos de Granada\",\"url\":\"https:\\\/\\\/olvidosdegranada.es\\\/\",\"logo\":{\"@type\":\"ImageObject\",\"inLanguage\":\"es\",\"@id\":\"https:\\\/\\\/olvidosdegranada.es\\\/#\\\/schema\\\/logo\\\/image\\\/\",\"url\":\"https:\\\/\\\/olvidosdegranada.es\\\/wp-content\\\/uploads\\\/2020\\\/12\\\/Recurso-9.png\",\"contentUrl\":\"https:\\\/\\\/olvidosdegranada.es\\\/wp-content\\\/uploads\\\/2020\\\/12\\\/Recurso-9.png\",\"width\":700,\"height\":227,\"caption\":\"Olvidos de Granada\"},\"image\":{\"@id\":\"https:\\\/\\\/olvidosdegranada.es\\\/#\\\/schema\\\/logo\\\/image\\\/\"},\"sameAs\":[\"https:\\\/\\\/www.facebook.com\\\/OLVIDOSDIGITAL\",\"https:\\\/\\\/x.com\\\/olvidospuntoes\"]},{\"@type\":\"Person\",\"@id\":\"https:\\\/\\\/olvidosdegranada.es\\\/#\\\/schema\\\/person\\\/2e10b199a19cf21e8fd2391979d33083\",\"name\":\"Alfonso Salazar\",\"image\":{\"@type\":\"ImageObject\",\"inLanguage\":\"es\",\"@id\":\"https:\\\/\\\/secure.gravatar.com\\\/avatar\\\/8768a2dca789940dbdaf5fdd283c795998719eb61dc0c2c16eb3decaaf6b3304?s=96&d=mm&r=g\",\"url\":\"https:\\\/\\\/secure.gravatar.com\\\/avatar\\\/8768a2dca789940dbdaf5fdd283c795998719eb61dc0c2c16eb3decaaf6b3304?s=96&d=mm&r=g\",\"contentUrl\":\"https:\\\/\\\/secure.gravatar.com\\\/avatar\\\/8768a2dca789940dbdaf5fdd283c795998719eb61dc0c2c16eb3decaaf6b3304?s=96&d=mm&r=g\",\"caption\":\"Alfonso Salazar\"},\"url\":\"https:\\\/\\\/olvidosdegranada.es\\\/index.php\\\/author\\\/alfonso-salazar\\\/\"}]}<\/script>\n<!-- \/ Yoast SEO plugin. -->","yoast_head_json":{"title":"Plataformas, IA y Redes\u00a0 - Olvidos de Granada","description":"Sergio Hinojosa Sergio Hinojosa analiza el dominio de las grandes corporaciones tecnol\u00f3gicas sobre la infraestructura digital y la inteligencia artificial. Critica la","robots":{"index":"index","follow":"follow","max-snippet":"max-snippet:-1","max-image-preview":"max-image-preview:large","max-video-preview":"max-video-preview:-1"},"canonical":"https:\/\/olvidosdegranada.es\/index.php\/2025\/02\/11\/plataformas-ia-y-redes\/","og_locale":"es_ES","og_type":"article","og_title":"Plataformas, IA y Redes\u00a0 - Olvidos de Granada","og_description":"Sergio Hinojosa Sergio Hinojosa analiza el dominio de las grandes corporaciones tecnol\u00f3gicas sobre la infraestructura digital y la inteligencia artificial. Critica la","og_url":"https:\/\/olvidosdegranada.es\/index.php\/2025\/02\/11\/plataformas-ia-y-redes\/","og_site_name":"Olvidos de Granada","article_publisher":"https:\/\/www.facebook.com\/OLVIDOSDIGITAL","article_published_time":"2025-02-11T19:46:55+00:00","article_modified_time":"2025-02-15T21:47:05+00:00","og_image":[{"width":402,"height":534,"url":"https:\/\/olvidosdegranada.es\/wp-content\/uploads\/image-55.png","type":"image\/png"}],"author":"Alfonso Salazar","twitter_card":"summary_large_image","twitter_creator":"@olvidospuntoes","twitter_site":"@olvidospuntoes","twitter_misc":{"Escrito por":"Alfonso Salazar","Tiempo de lectura":"12 minutos"},"schema":{"@context":"https:\/\/schema.org","@graph":[{"@type":"Article","@id":"https:\/\/olvidosdegranada.es\/index.php\/2025\/02\/11\/plataformas-ia-y-redes\/#article","isPartOf":{"@id":"https:\/\/olvidosdegranada.es\/index.php\/2025\/02\/11\/plataformas-ia-y-redes\/"},"author":{"name":"Alfonso Salazar","@id":"https:\/\/olvidosdegranada.es\/#\/schema\/person\/2e10b199a19cf21e8fd2391979d33083"},"headline":"Plataformas, IA y Redes\u00a0","datePublished":"2025-02-11T19:46:55+00:00","dateModified":"2025-02-15T21:47:05+00:00","mainEntityOfPage":{"@id":"https:\/\/olvidosdegranada.es\/index.php\/2025\/02\/11\/plataformas-ia-y-redes\/"},"wordCount":2709,"commentCount":0,"publisher":{"@id":"https:\/\/olvidosdegranada.es\/#organization"},"image":{"@id":"https:\/\/olvidosdegranada.es\/index.php\/2025\/02\/11\/plataformas-ia-y-redes\/#primaryimage"},"thumbnailUrl":"https:\/\/olvidosdegranada.es\/wp-content\/uploads\/image-55.png","articleSection":["Palabras"],"inLanguage":"es","potentialAction":[{"@type":"CommentAction","name":"Comment","target":["https:\/\/olvidosdegranada.es\/index.php\/2025\/02\/11\/plataformas-ia-y-redes\/#respond"]}]},{"@type":"WebPage","@id":"https:\/\/olvidosdegranada.es\/index.php\/2025\/02\/11\/plataformas-ia-y-redes\/","url":"https:\/\/olvidosdegranada.es\/index.php\/2025\/02\/11\/plataformas-ia-y-redes\/","name":"Plataformas, IA y Redes\u00a0 - Olvidos de Granada","isPartOf":{"@id":"https:\/\/olvidosdegranada.es\/#website"},"primaryImageOfPage":{"@id":"https:\/\/olvidosdegranada.es\/index.php\/2025\/02\/11\/plataformas-ia-y-redes\/#primaryimage"},"image":{"@id":"https:\/\/olvidosdegranada.es\/index.php\/2025\/02\/11\/plataformas-ia-y-redes\/#primaryimage"},"thumbnailUrl":"https:\/\/olvidosdegranada.es\/wp-content\/uploads\/image-55.png","datePublished":"2025-02-11T19:46:55+00:00","dateModified":"2025-02-15T21:47:05+00:00","description":"Sergio Hinojosa Sergio Hinojosa analiza el dominio de las grandes corporaciones tecnol\u00f3gicas sobre la infraestructura digital y la inteligencia artificial. Critica la","breadcrumb":{"@id":"https:\/\/olvidosdegranada.es\/index.php\/2025\/02\/11\/plataformas-ia-y-redes\/#breadcrumb"},"inLanguage":"es","potentialAction":[{"@type":"ReadAction","target":["https:\/\/olvidosdegranada.es\/index.php\/2025\/02\/11\/plataformas-ia-y-redes\/"]}]},{"@type":"ImageObject","inLanguage":"es","@id":"https:\/\/olvidosdegranada.es\/index.php\/2025\/02\/11\/plataformas-ia-y-redes\/#primaryimage","url":"https:\/\/olvidosdegranada.es\/wp-content\/uploads\/image-55.png","contentUrl":"https:\/\/olvidosdegranada.es\/wp-content\/uploads\/image-55.png","width":402,"height":534},{"@type":"BreadcrumbList","@id":"https:\/\/olvidosdegranada.es\/index.php\/2025\/02\/11\/plataformas-ia-y-redes\/#breadcrumb","itemListElement":[{"@type":"ListItem","position":1,"name":"Portada","item":"https:\/\/olvidosdegranada.es\/"},{"@type":"ListItem","position":2,"name":"Plataformas, IA y Redes\u00a0"}]},{"@type":"WebSite","@id":"https:\/\/olvidosdegranada.es\/#website","url":"https:\/\/olvidosdegranada.es\/","name":"Olvidos de Granada","description":"Revista de acciones culturales","publisher":{"@id":"https:\/\/olvidosdegranada.es\/#organization"},"potentialAction":[{"@type":"SearchAction","target":{"@type":"EntryPoint","urlTemplate":"https:\/\/olvidosdegranada.es\/?s={search_term_string}"},"query-input":{"@type":"PropertyValueSpecification","valueRequired":true,"valueName":"search_term_string"}}],"inLanguage":"es"},{"@type":"Organization","@id":"https:\/\/olvidosdegranada.es\/#organization","name":"Olvidos de Granada","url":"https:\/\/olvidosdegranada.es\/","logo":{"@type":"ImageObject","inLanguage":"es","@id":"https:\/\/olvidosdegranada.es\/#\/schema\/logo\/image\/","url":"https:\/\/olvidosdegranada.es\/wp-content\/uploads\/2020\/12\/Recurso-9.png","contentUrl":"https:\/\/olvidosdegranada.es\/wp-content\/uploads\/2020\/12\/Recurso-9.png","width":700,"height":227,"caption":"Olvidos de Granada"},"image":{"@id":"https:\/\/olvidosdegranada.es\/#\/schema\/logo\/image\/"},"sameAs":["https:\/\/www.facebook.com\/OLVIDOSDIGITAL","https:\/\/x.com\/olvidospuntoes"]},{"@type":"Person","@id":"https:\/\/olvidosdegranada.es\/#\/schema\/person\/2e10b199a19cf21e8fd2391979d33083","name":"Alfonso Salazar","image":{"@type":"ImageObject","inLanguage":"es","@id":"https:\/\/secure.gravatar.com\/avatar\/8768a2dca789940dbdaf5fdd283c795998719eb61dc0c2c16eb3decaaf6b3304?s=96&d=mm&r=g","url":"https:\/\/secure.gravatar.com\/avatar\/8768a2dca789940dbdaf5fdd283c795998719eb61dc0c2c16eb3decaaf6b3304?s=96&d=mm&r=g","contentUrl":"https:\/\/secure.gravatar.com\/avatar\/8768a2dca789940dbdaf5fdd283c795998719eb61dc0c2c16eb3decaaf6b3304?s=96&d=mm&r=g","caption":"Alfonso Salazar"},"url":"https:\/\/olvidosdegranada.es\/index.php\/author\/alfonso-salazar\/"}]}},"jetpack_sharing_enabled":true,"jetpack_featured_media_url":"","_links":{"self":[{"href":"https:\/\/olvidosdegranada.es\/index.php\/wp-json\/wp\/v2\/posts\/5393","targetHints":{"allow":["GET"]}}],"collection":[{"href":"https:\/\/olvidosdegranada.es\/index.php\/wp-json\/wp\/v2\/posts"}],"about":[{"href":"https:\/\/olvidosdegranada.es\/index.php\/wp-json\/wp\/v2\/types\/post"}],"author":[{"embeddable":true,"href":"https:\/\/olvidosdegranada.es\/index.php\/wp-json\/wp\/v2\/users\/4"}],"replies":[{"embeddable":true,"href":"https:\/\/olvidosdegranada.es\/index.php\/wp-json\/wp\/v2\/comments?post=5393"}],"version-history":[{"count":2,"href":"https:\/\/olvidosdegranada.es\/index.php\/wp-json\/wp\/v2\/posts\/5393\/revisions"}],"predecessor-version":[{"id":5460,"href":"https:\/\/olvidosdegranada.es\/index.php\/wp-json\/wp\/v2\/posts\/5393\/revisions\/5460"}],"wp:attachment":[{"href":"https:\/\/olvidosdegranada.es\/index.php\/wp-json\/wp\/v2\/media?parent=5393"}],"wp:term":[{"taxonomy":"category","embeddable":true,"href":"https:\/\/olvidosdegranada.es\/index.php\/wp-json\/wp\/v2\/categories?post=5393"},{"taxonomy":"post_tag","embeddable":true,"href":"https:\/\/olvidosdegranada.es\/index.php\/wp-json\/wp\/v2\/tags?post=5393"}],"curies":[{"name":"wp","href":"https:\/\/api.w.org\/{rel}","templated":true}]}}