{"id":5374,"date":"2025-01-27T20:29:17","date_gmt":"2025-01-27T20:29:17","guid":{"rendered":"https:\/\/olvidosdegranada.es\/?p=5374"},"modified":"2025-02-01T21:01:39","modified_gmt":"2025-02-01T21:01:39","slug":"fragilidad","status":"publish","type":"post","link":"https:\/\/olvidosdegranada.es\/index.php\/2025\/01\/27\/fragilidad\/","title":{"rendered":"Fragilidad"},"content":{"rendered":"\n<p>Un cuadro de ventanas encendidas<br>es la ciudad que mira en duermevela<br>los espacios vac\u00edos. Tantas vidas<br>laten en su interior, siguen la estela<\/p>\n\n\n\n<p>del viento por las fr\u00edas avenidas<br>y las playas sin nadie. Sobrevuela<br>un espectro por aguas detenidas,<br>la espesa sombra de la noche en vela.<\/p>\n\n\n\n<p>La soledad se ampara en el papel<br>fr\u00e1gil de la memoria. Ya no cuenta<br>ese silencio oscuro y astillado:<\/p>\n\n\n\n<p>s\u00f3lo una vieja foto del cincuenta,<br>las rayas en el toldo de un hotel,<br>un Chrysler de color azul gastado.<\/p>\n\n\n\n<hr class=\"wp-block-separator has-alpha-channel-opacity\"\/>\n\n\n\n<p><em>Antonio Jim\u00e9nez Mill\u00e1n (Granada 1954-M\u00e1laga, 2025)<\/em><\/p>\n","protected":false},"excerpt":{"rendered":"<p>Un cuadro de ventanas encendidases la ciudad que mira en duermevelalos espacios vac\u00edos. Tantas vidaslaten &#8230; <\/p>\n<p class=\"read-more-container\"><a title=\"Fragilidad\" class=\"read-more button\" href=\"https:\/\/olvidosdegranada.es\/index.php\/2025\/01\/27\/fragilidad\/#more-5374\" aria-label=\"Leer m\u00e1s sobre Fragilidad\">Leer m\u00e1s<\/a><\/p>\n","protected":false},"author":4,"featured_media":0,"comment_status":"open","ping_status":"closed","sticky":false,"template":"","format":"standard","meta":{"_acf_changed":false,"_jetpack_newsletter_access":"","_jetpack_dont_email_post_to_subs":false,"_jetpack_newsletter_tier_id":0,"_jetpack_memberships_contains_paywalled_content":false,"_jetpack_feature_clip_id":0,"_jetpack_memberships_contains_paid_content":false,"footnotes":"","jetpack_post_was_ever_published":false},"categories":[131],"tags":[],"class_list":["post-5374","post","type-post","status-publish","format-standard","hentry","category-sonetos","infinite-scroll-item","generate-columns","tablet-grid-50","mobile-grid-100","grid-parent","grid-33","no-featured-image-padding"],"acf":[],"yoast_head":"<!-- This site is optimized with the Yoast SEO plugin v28.3 - https:\/\/yoast.com\/product\/yoast-seo-wordpress\/ -->\n<title>Fragilidad - Olvidos de Granada<\/title>\n<meta name=\"description\" content=\"Antonio Jim\u00e9nez Mill\u00e1n (Granada 1954-M\u00e1laga, 2025) Un cuadro de ventanas encendidases la ciudad que mira en duermevelalos espacios vac\u00edos. Tantas vidaslaten en su interior, siguen la estela del viento por\" \/>\n<meta name=\"robots\" content=\"index, follow, max-snippet:-1, max-image-preview:large, max-video-preview:-1\" \/>\n<link rel=\"canonical\" href=\"https:\/\/olvidosdegranada.es\/index.php\/2025\/01\/27\/fragilidad\/\" \/>\n<meta property=\"og:locale\" content=\"es_ES\" \/>\n<meta property=\"og:type\" content=\"article\" \/>\n<meta property=\"og:title\" content=\"Fragilidad - Olvidos de Granada\" \/>\n<meta property=\"og:description\" content=\"Antonio Jim\u00e9nez Mill\u00e1n (Granada 1954-M\u00e1laga, 2025) Un cuadro de ventanas encendidases la ciudad que mira en duermevelalos espacios vac\u00edos. Tantas vidaslaten en su interior, siguen la estela del viento por\" \/>\n<meta property=\"og:url\" content=\"https:\/\/olvidosdegranada.es\/index.php\/2025\/01\/27\/fragilidad\/\" \/>\n<meta property=\"og:site_name\" content=\"Olvidos de Granada\" \/>\n<meta property=\"article:publisher\" content=\"https:\/\/www.facebook.com\/OLVIDOSDIGITAL\" \/>\n<meta property=\"article:published_time\" content=\"2025-01-27T20:29:17+00:00\" \/>\n<meta property=\"article:modified_time\" content=\"2025-02-01T21:01:39+00:00\" \/>\n<meta property=\"og:image\" content=\"https:\/\/olvidosdegranada.es\/wp-content\/uploads\/2020\/12\/Recurso-9.png\" \/>\n\t<meta property=\"og:image:width\" content=\"700\" \/>\n\t<meta property=\"og:image:height\" content=\"227\" \/>\n\t<meta property=\"og:image:type\" content=\"image\/png\" \/>\n<meta name=\"author\" content=\"Alfonso Salazar\" \/>\n<meta name=\"twitter:card\" content=\"summary_large_image\" \/>\n<meta name=\"twitter:creator\" content=\"@olvidospuntoes\" \/>\n<meta name=\"twitter:site\" content=\"@olvidospuntoes\" \/>\n<meta name=\"twitter:label1\" content=\"Escrito por\" \/>\n\t<meta name=\"twitter:data1\" content=\"Alfonso Salazar\" \/>\n\t<meta name=\"twitter:label2\" content=\"Tiempo de lectura\" \/>\n\t<meta name=\"twitter:data2\" content=\"1 minuto\" \/>\n<script type=\"application\/ld+json\" class=\"yoast-schema-graph\">{\"@context\":\"https:\\\/\\\/schema.org\",\"@graph\":[{\"@type\":\"Article\",\"@id\":\"https:\\\/\\\/olvidosdegranada.es\\\/index.php\\\/2025\\\/01\\\/27\\\/fragilidad\\\/#article\",\"isPartOf\":{\"@id\":\"https:\\\/\\\/olvidosdegranada.es\\\/index.php\\\/2025\\\/01\\\/27\\\/fragilidad\\\/\"},\"author\":{\"name\":\"Alfonso Salazar\",\"@id\":\"https:\\\/\\\/olvidosdegranada.es\\\/#\\\/schema\\\/person\\\/2e10b199a19cf21e8fd2391979d33083\"},\"headline\":\"Fragilidad\",\"datePublished\":\"2025-01-27T20:29:17+00:00\",\"dateModified\":\"2025-02-01T21:01:39+00:00\",\"mainEntityOfPage\":{\"@id\":\"https:\\\/\\\/olvidosdegranada.es\\\/index.php\\\/2025\\\/01\\\/27\\\/fragilidad\\\/\"},\"wordCount\":94,\"commentCount\":1,\"publisher\":{\"@id\":\"https:\\\/\\\/olvidosdegranada.es\\\/#organization\"},\"articleSection\":[\"Soneto500\"],\"inLanguage\":\"es\",\"potentialAction\":[{\"@type\":\"CommentAction\",\"name\":\"Comment\",\"target\":[\"https:\\\/\\\/olvidosdegranada.es\\\/index.php\\\/2025\\\/01\\\/27\\\/fragilidad\\\/#respond\"]}]},{\"@type\":\"WebPage\",\"@id\":\"https:\\\/\\\/olvidosdegranada.es\\\/index.php\\\/2025\\\/01\\\/27\\\/fragilidad\\\/\",\"url\":\"https:\\\/\\\/olvidosdegranada.es\\\/index.php\\\/2025\\\/01\\\/27\\\/fragilidad\\\/\",\"name\":\"Fragilidad - Olvidos de Granada\",\"isPartOf\":{\"@id\":\"https:\\\/\\\/olvidosdegranada.es\\\/#website\"},\"datePublished\":\"2025-01-27T20:29:17+00:00\",\"dateModified\":\"2025-02-01T21:01:39+00:00\",\"description\":\"Antonio Jim\u00e9nez Mill\u00e1n (Granada 1954-M\u00e1laga, 2025) Un cuadro de ventanas encendidases la ciudad que mira en duermevelalos espacios vac\u00edos. Tantas vidaslaten en su interior, siguen la estela del viento por\",\"breadcrumb\":{\"@id\":\"https:\\\/\\\/olvidosdegranada.es\\\/index.php\\\/2025\\\/01\\\/27\\\/fragilidad\\\/#breadcrumb\"},\"inLanguage\":\"es\",\"potentialAction\":[{\"@type\":\"ReadAction\",\"target\":[\"https:\\\/\\\/olvidosdegranada.es\\\/index.php\\\/2025\\\/01\\\/27\\\/fragilidad\\\/\"]}]},{\"@type\":\"BreadcrumbList\",\"@id\":\"https:\\\/\\\/olvidosdegranada.es\\\/index.php\\\/2025\\\/01\\\/27\\\/fragilidad\\\/#breadcrumb\",\"itemListElement\":[{\"@type\":\"ListItem\",\"position\":1,\"name\":\"Portada\",\"item\":\"https:\\\/\\\/olvidosdegranada.es\\\/\"},{\"@type\":\"ListItem\",\"position\":2,\"name\":\"Fragilidad\"}]},{\"@type\":\"WebSite\",\"@id\":\"https:\\\/\\\/olvidosdegranada.es\\\/#website\",\"url\":\"https:\\\/\\\/olvidosdegranada.es\\\/\",\"name\":\"Olvidos de Granada\",\"description\":\"Revista de acciones culturales\",\"publisher\":{\"@id\":\"https:\\\/\\\/olvidosdegranada.es\\\/#organization\"},\"potentialAction\":[{\"@type\":\"SearchAction\",\"target\":{\"@type\":\"EntryPoint\",\"urlTemplate\":\"https:\\\/\\\/olvidosdegranada.es\\\/?s={search_term_string}\"},\"query-input\":{\"@type\":\"PropertyValueSpecification\",\"valueRequired\":true,\"valueName\":\"search_term_string\"}}],\"inLanguage\":\"es\"},{\"@type\":\"Organization\",\"@id\":\"https:\\\/\\\/olvidosdegranada.es\\\/#organization\",\"name\":\"Olvidos de Granada\",\"url\":\"https:\\\/\\\/olvidosdegranada.es\\\/\",\"logo\":{\"@type\":\"ImageObject\",\"inLanguage\":\"es\",\"@id\":\"https:\\\/\\\/olvidosdegranada.es\\\/#\\\/schema\\\/logo\\\/image\\\/\",\"url\":\"https:\\\/\\\/olvidosdegranada.es\\\/wp-content\\\/uploads\\\/2020\\\/12\\\/Recurso-9.png\",\"contentUrl\":\"https:\\\/\\\/olvidosdegranada.es\\\/wp-content\\\/uploads\\\/2020\\\/12\\\/Recurso-9.png\",\"width\":700,\"height\":227,\"caption\":\"Olvidos de Granada\"},\"image\":{\"@id\":\"https:\\\/\\\/olvidosdegranada.es\\\/#\\\/schema\\\/logo\\\/image\\\/\"},\"sameAs\":[\"https:\\\/\\\/www.facebook.com\\\/OLVIDOSDIGITAL\",\"https:\\\/\\\/x.com\\\/olvidospuntoes\"]},{\"@type\":\"Person\",\"@id\":\"https:\\\/\\\/olvidosdegranada.es\\\/#\\\/schema\\\/person\\\/2e10b199a19cf21e8fd2391979d33083\",\"name\":\"Alfonso Salazar\",\"image\":{\"@type\":\"ImageObject\",\"inLanguage\":\"es\",\"@id\":\"https:\\\/\\\/secure.gravatar.com\\\/avatar\\\/8768a2dca789940dbdaf5fdd283c795998719eb61dc0c2c16eb3decaaf6b3304?s=96&d=mm&r=g\",\"url\":\"https:\\\/\\\/secure.gravatar.com\\\/avatar\\\/8768a2dca789940dbdaf5fdd283c795998719eb61dc0c2c16eb3decaaf6b3304?s=96&d=mm&r=g\",\"contentUrl\":\"https:\\\/\\\/secure.gravatar.com\\\/avatar\\\/8768a2dca789940dbdaf5fdd283c795998719eb61dc0c2c16eb3decaaf6b3304?s=96&d=mm&r=g\",\"caption\":\"Alfonso Salazar\"},\"url\":\"https:\\\/\\\/olvidosdegranada.es\\\/index.php\\\/author\\\/alfonso-salazar\\\/\"}]}<\/script>\n<!-- \/ Yoast SEO plugin. -->","yoast_head_json":{"title":"Fragilidad - Olvidos de Granada","description":"Antonio Jim\u00e9nez Mill\u00e1n (Granada 1954-M\u00e1laga, 2025) Un cuadro de ventanas encendidases la ciudad que mira en duermevelalos espacios vac\u00edos. Tantas vidaslaten en su interior, siguen la estela del viento por","robots":{"index":"index","follow":"follow","max-snippet":"max-snippet:-1","max-image-preview":"max-image-preview:large","max-video-preview":"max-video-preview:-1"},"canonical":"https:\/\/olvidosdegranada.es\/index.php\/2025\/01\/27\/fragilidad\/","og_locale":"es_ES","og_type":"article","og_title":"Fragilidad - Olvidos de Granada","og_description":"Antonio Jim\u00e9nez Mill\u00e1n (Granada 1954-M\u00e1laga, 2025) Un cuadro de ventanas encendidases la ciudad que mira en duermevelalos espacios vac\u00edos. Tantas vidaslaten en su interior, siguen la estela del viento por","og_url":"https:\/\/olvidosdegranada.es\/index.php\/2025\/01\/27\/fragilidad\/","og_site_name":"Olvidos de Granada","article_publisher":"https:\/\/www.facebook.com\/OLVIDOSDIGITAL","article_published_time":"2025-01-27T20:29:17+00:00","article_modified_time":"2025-02-01T21:01:39+00:00","og_image":[{"width":700,"height":227,"url":"https:\/\/olvidosdegranada.es\/wp-content\/uploads\/2020\/12\/Recurso-9.png","type":"image\/png"}],"author":"Alfonso Salazar","twitter_card":"summary_large_image","twitter_creator":"@olvidospuntoes","twitter_site":"@olvidospuntoes","twitter_misc":{"Escrito por":"Alfonso Salazar","Tiempo de lectura":"1 minuto"},"schema":{"@context":"https:\/\/schema.org","@graph":[{"@type":"Article","@id":"https:\/\/olvidosdegranada.es\/index.php\/2025\/01\/27\/fragilidad\/#article","isPartOf":{"@id":"https:\/\/olvidosdegranada.es\/index.php\/2025\/01\/27\/fragilidad\/"},"author":{"name":"Alfonso Salazar","@id":"https:\/\/olvidosdegranada.es\/#\/schema\/person\/2e10b199a19cf21e8fd2391979d33083"},"headline":"Fragilidad","datePublished":"2025-01-27T20:29:17+00:00","dateModified":"2025-02-01T21:01:39+00:00","mainEntityOfPage":{"@id":"https:\/\/olvidosdegranada.es\/index.php\/2025\/01\/27\/fragilidad\/"},"wordCount":94,"commentCount":1,"publisher":{"@id":"https:\/\/olvidosdegranada.es\/#organization"},"articleSection":["Soneto500"],"inLanguage":"es","potentialAction":[{"@type":"CommentAction","name":"Comment","target":["https:\/\/olvidosdegranada.es\/index.php\/2025\/01\/27\/fragilidad\/#respond"]}]},{"@type":"WebPage","@id":"https:\/\/olvidosdegranada.es\/index.php\/2025\/01\/27\/fragilidad\/","url":"https:\/\/olvidosdegranada.es\/index.php\/2025\/01\/27\/fragilidad\/","name":"Fragilidad - Olvidos de Granada","isPartOf":{"@id":"https:\/\/olvidosdegranada.es\/#website"},"datePublished":"2025-01-27T20:29:17+00:00","dateModified":"2025-02-01T21:01:39+00:00","description":"Antonio Jim\u00e9nez Mill\u00e1n (Granada 1954-M\u00e1laga, 2025) Un cuadro de ventanas encendidases la ciudad que mira en duermevelalos espacios vac\u00edos. Tantas vidaslaten en su interior, siguen la estela del viento por","breadcrumb":{"@id":"https:\/\/olvidosdegranada.es\/index.php\/2025\/01\/27\/fragilidad\/#breadcrumb"},"inLanguage":"es","potentialAction":[{"@type":"ReadAction","target":["https:\/\/olvidosdegranada.es\/index.php\/2025\/01\/27\/fragilidad\/"]}]},{"@type":"BreadcrumbList","@id":"https:\/\/olvidosdegranada.es\/index.php\/2025\/01\/27\/fragilidad\/#breadcrumb","itemListElement":[{"@type":"ListItem","position":1,"name":"Portada","item":"https:\/\/olvidosdegranada.es\/"},{"@type":"ListItem","position":2,"name":"Fragilidad"}]},{"@type":"WebSite","@id":"https:\/\/olvidosdegranada.es\/#website","url":"https:\/\/olvidosdegranada.es\/","name":"Olvidos de Granada","description":"Revista de acciones culturales","publisher":{"@id":"https:\/\/olvidosdegranada.es\/#organization"},"potentialAction":[{"@type":"SearchAction","target":{"@type":"EntryPoint","urlTemplate":"https:\/\/olvidosdegranada.es\/?s={search_term_string}"},"query-input":{"@type":"PropertyValueSpecification","valueRequired":true,"valueName":"search_term_string"}}],"inLanguage":"es"},{"@type":"Organization","@id":"https:\/\/olvidosdegranada.es\/#organization","name":"Olvidos de Granada","url":"https:\/\/olvidosdegranada.es\/","logo":{"@type":"ImageObject","inLanguage":"es","@id":"https:\/\/olvidosdegranada.es\/#\/schema\/logo\/image\/","url":"https:\/\/olvidosdegranada.es\/wp-content\/uploads\/2020\/12\/Recurso-9.png","contentUrl":"https:\/\/olvidosdegranada.es\/wp-content\/uploads\/2020\/12\/Recurso-9.png","width":700,"height":227,"caption":"Olvidos de Granada"},"image":{"@id":"https:\/\/olvidosdegranada.es\/#\/schema\/logo\/image\/"},"sameAs":["https:\/\/www.facebook.com\/OLVIDOSDIGITAL","https:\/\/x.com\/olvidospuntoes"]},{"@type":"Person","@id":"https:\/\/olvidosdegranada.es\/#\/schema\/person\/2e10b199a19cf21e8fd2391979d33083","name":"Alfonso Salazar","image":{"@type":"ImageObject","inLanguage":"es","@id":"https:\/\/secure.gravatar.com\/avatar\/8768a2dca789940dbdaf5fdd283c795998719eb61dc0c2c16eb3decaaf6b3304?s=96&d=mm&r=g","url":"https:\/\/secure.gravatar.com\/avatar\/8768a2dca789940dbdaf5fdd283c795998719eb61dc0c2c16eb3decaaf6b3304?s=96&d=mm&r=g","contentUrl":"https:\/\/secure.gravatar.com\/avatar\/8768a2dca789940dbdaf5fdd283c795998719eb61dc0c2c16eb3decaaf6b3304?s=96&d=mm&r=g","caption":"Alfonso Salazar"},"url":"https:\/\/olvidosdegranada.es\/index.php\/author\/alfonso-salazar\/"}]}},"jetpack_sharing_enabled":true,"jetpack_featured_media_url":"","_links":{"self":[{"href":"https:\/\/olvidosdegranada.es\/index.php\/wp-json\/wp\/v2\/posts\/5374","targetHints":{"allow":["GET"]}}],"collection":[{"href":"https:\/\/olvidosdegranada.es\/index.php\/wp-json\/wp\/v2\/posts"}],"about":[{"href":"https:\/\/olvidosdegranada.es\/index.php\/wp-json\/wp\/v2\/types\/post"}],"author":[{"embeddable":true,"href":"https:\/\/olvidosdegranada.es\/index.php\/wp-json\/wp\/v2\/users\/4"}],"replies":[{"embeddable":true,"href":"https:\/\/olvidosdegranada.es\/index.php\/wp-json\/wp\/v2\/comments?post=5374"}],"version-history":[{"count":3,"href":"https:\/\/olvidosdegranada.es\/index.php\/wp-json\/wp\/v2\/posts\/5374\/revisions"}],"predecessor-version":[{"id":5388,"href":"https:\/\/olvidosdegranada.es\/index.php\/wp-json\/wp\/v2\/posts\/5374\/revisions\/5388"}],"wp:attachment":[{"href":"https:\/\/olvidosdegranada.es\/index.php\/wp-json\/wp\/v2\/media?parent=5374"}],"wp:term":[{"taxonomy":"category","embeddable":true,"href":"https:\/\/olvidosdegranada.es\/index.php\/wp-json\/wp\/v2\/categories?post=5374"},{"taxonomy":"post_tag","embeddable":true,"href":"https:\/\/olvidosdegranada.es\/index.php\/wp-json\/wp\/v2\/tags?post=5374"}],"curies":[{"name":"wp","href":"https:\/\/api.w.org\/{rel}","templated":true}]}}