{"id":5004,"date":"2024-11-18T00:04:36","date_gmt":"2024-11-18T00:04:36","guid":{"rendered":"https:\/\/olvidosdegranada.es\/?p=5004"},"modified":"2024-11-21T11:15:50","modified_gmt":"2024-11-21T11:15:50","slug":"zaidin-25-anos-sin-javier-egea","status":"publish","type":"post","link":"https:\/\/olvidosdegranada.es\/index.php\/2024\/11\/18\/zaidin-25-anos-sin-javier-egea\/","title":{"rendered":"Zaid\u00edn: 25 a\u00f1os sin Javier Egea"},"content":{"rendered":"\n<h4 class=\"wp-block-heading\"><strong>HOMENAJE A JAVIER EGEA<\/strong><br><strong>25 ANIVERSARIO DE SU AUSENCIA<\/strong><\/h4>\n\n\n\n<p>El pasado 11 de noviembre de 2024 se celebr\u00f3 el acto de Homenaje al poeta Javier Egea en el 25 aniversario de su ausencia. Este homenaje fue organizado por el Club de lectura Entre r\u00edos de la Biblioteca P\u00fablica Municipal Zaid\u00edn Vergeles-Francisco Ayala y asistieron amigos y familiares del poeta, adem\u00e1s de admiradores y admiradoras de su obra.<br><br>En la mesa participaron Antonio Chicharro Chamorro, Enrique Mor\u00f3n, Juan Vida y la coordin\u00f3 Alfonso Salazar. Entre el p\u00fablico se cont\u00f3 tambi\u00e9n con la presencia de lectoras y lectores de poemas (Eulalia Garc\u00eda L\u00f3pez, Ana Barea, Carmen Cruz), intervino la cantautora Ana Isabel L\u00f3pez Siles, as\u00ed como Eduardo Castro que se uni\u00f3 a la lectura. El acto fue presentado por Pedro Meg\u00edas, director de la Biblioteca, y clausurado por \u00c1ngela Egea, hermana del poeta.<br><br>La Biblioteca P\u00fablica Municipal Zaid\u00edn Vergeles-Francisco Ayala se encuentra en el barrio donde residi\u00f3 y en el cual falleci\u00f3 el poeta, en julio de 1999.<\/p>\n\n\n\n<figure class=\"wp-block-image size-full\"><img loading=\"lazy\" decoding=\"async\" width=\"874\" height=\"618\" src=\"https:\/\/olvidosdegranada.es\/wp-content\/uploads\/image-43.png\" alt=\"\" class=\"wp-image-5039\" srcset=\"https:\/\/olvidosdegranada.es\/wp-content\/uploads\/image-43.png 874w, https:\/\/olvidosdegranada.es\/wp-content\/uploads\/image-43-300x212.png 300w, https:\/\/olvidosdegranada.es\/wp-content\/uploads\/image-43-150x106.png 150w, https:\/\/olvidosdegranada.es\/wp-content\/uploads\/image-43-768x543.png 768w\" sizes=\"auto, (max-width: 874px) 100vw, 874px\" \/><\/figure>\n\n\n\n<p class=\"has-small-font-size\"><\/p>\n\n\n<!--nextpage-->\n\n\n\n<p>La poes\u00eda de Javier Egea (Granada, 1952-1999) es una poes\u00eda llamada a mayor vida. Su po\u00e9tica voz \u00fanica, m\u00e1s ella misma cuanto m\u00e1s parasitada por sus ep\u00edgonos, no s\u00f3lo seguir\u00e1 sonando por mucho tiempo entre nosotros, sus coet\u00e1neos, sino que hallar\u00e1 con toda probabilidad otros destinatarios futuros que encontrar\u00e1n en sus versos la palabra solidaria y c\u00f3mplice, la palabra inquietante de rara hermosura y de facciones perfectas que, abraz\u00e1ndolos desde la ra\u00edz, se seguir\u00e1 alzando en armas en contra de la soledad de los hombres y de la depauperada vida que ha hecho de los seres humanos poco m\u00e1s que sombras de s\u00ed mismos, bienes de mercado, se\u00f1alando con su simple y marginal presencia, como en la pr\u00e1ctica le cabe a buena parte del discurso po\u00e9tico contempor\u00e1neo, hacia nuevos espacios de vida hist\u00f3rica.<\/p>\n\n\n\n<p>Si la muerte pudo con el poeta y trunc\u00f3 una poes\u00eda futura de imprevisible \u2212pero siempre alto\u2212 vuelo, no podr\u00e1 al menos con su legado po\u00e9tico.No olvidemos que la escritura es la condici\u00f3n material de la memoria hist\u00f3rica, espacio de experiencia y aprendizaje y fundamento \u00faltimo de lo que somos, como bien argument\u00f3 Emilio Lled\u00f3. Es el mejor consuelo que encuentro para soportar el hueco de la ausencia de veinticinco a\u00f1os de este excelente poeta de Granada que en plena madurez vital y creadora decidi\u00f3 emprender el viaje definitivo.<\/p>\n\n\n\n<p>Por eso, dejados de lado los iniciales escalofr\u00edos y las indefectiblemente t\u00f3picas notas necrol\u00f3gicas que se sucedieron tras aquel d\u00eda, sobresale que se haya editado con rigor su poes\u00eda completa y se siga estudiando y, como aqu\u00ed y ahora hacemos, sea recordado para contribuir a la difusi\u00f3n de su obra, tambi\u00e9n a su comprensi\u00f3n y conocimiento, rescat\u00e1ndola del olvido y del silencio, de manera ocupe el lugar que pueda pertenecerle en el seno de nuestra cultura literaria.<\/p>\n\n\n\n<p>A cambio, queda el regalo de su poes\u00eda, a la que entreg\u00f3 lo mejor de su joven vida \u2212 \u00abY al cabo, nada os debo; \/ deb\u00e9isme cuanto he escrito\u00bb, que escribiera Antonio Machado\u2212; entre nosotros queda su breve, pero intenso legado po\u00e9tico: <em>Serena luz del viento<\/em> (1974), <em>A boca de parir<\/em> (1976), <em>Paseo de los tristes<\/em> (1982), <em>Argentina 78<\/em> (1983), <em>Troppo mare<\/em> (1984) y <em>Raro de luna<\/em> (1990), entre otras publicaciones sueltas, antolog\u00edas y colaboraciones varias, publicaciones a las que se han incorporado reediciones, antolog\u00edas y las poes\u00edas completas. Un legado po\u00e9tico en el que Javier Egea, labrando su propio camino orientado hacia un horizonte de la mejor cultura hist\u00f3rica de que podamos dotarnos, la cultura de la solidaridad y justicia social, asume y usa con inteligencia y finura su propia tradici\u00f3n y se emplea a fondo, con mucho oficio creador, buen o\u00eddo po\u00e9tico y una sensibilidad a flor de piel, para lograr unas buenas formas po\u00e9ticas, unos poemas rebeldes y tiernos, tan l\u00edricos como narrativos, intimistas y doloridos, de ambici\u00f3n social, indagadores y llamativos, ya reflexivos ya ir\u00f3nicos, de corta o de larga andadura, jirones de hermosa luz al fin y al cabo, en los que inevitablemente se anuda la historia, nuestra historia.<\/p>\n\n\n\n<p>Si, por otra parte, de algo nos sirve la experiencia de la vida, es poco m\u00e1s que para distinguir lo genuino y aut\u00e9ntico de lo falso. Aprendemos m\u00e1s de los errores que de los aciertos vitales y las derrotas y desenga\u00f1os terminan por convertirse en preciosos instrumentos para agudizar un sentido materialista de lo real, una conciencia m\u00ednimamente realista de nuestro entorno. Digo esto, que vale para la vida entera, porque tambi\u00e9n tiene su vertiente en el dominio de la vida lectora. As\u00ed, despu\u00e9s de todo lo le\u00eddo, hecho el balance de cr\u00e9ditos y descr\u00e9ditos, agotadas por el uso ciertas expectativas, secos los pozos de algunos entusiasmos, sumados los enga\u00f1os y desenga\u00f1os, puedo distinguir donde hay una voz y hay un eco y sentir donde, con toda la ficcionalizaci\u00f3n del yo que se quiera, hay un temblor humano traspasado de su historia de lo que es mero artificio o ejercicio dominado por el cinismo de su creador. En este sentido, resultan estremecedores versos como los que siguen: \u00abLo que pueda contaros \/ es todo lo que s\u00e9 desde el dolor \/ y eso nunca se inventa\u00bb. Javier Egea, en su vida y en su obra, ha sido y es <em>troppo vero<\/em>, quiero decir, ha sido y es verdadero hasta el exceso, lo que explica su inequ\u00edvoca posici\u00f3n civil, su ubicaci\u00f3n personal con respecto a las instituciones literarias, as\u00ed como el b\u00e1sico tejido realista de su escritura po\u00e9tica abierto por sus m\u00e1rgenes a lo que sea necesario para su prop\u00f3sito creador (indagaciones en niveles <em>sub<\/em>, uso de elementos irracionales, inmersi\u00f3n en los referentes de la vida cotidiana en su tono menor con el consiguiente uso ling\u00fc\u00edstico de elementos coloquiales, etc\u00e9tera). Todo ello al servicio de una obra que es resultado, pues, de una voz verdadera y una forma est\u00e9tica de acci\u00f3n. Por eso, ahora que releo sus versos con emoci\u00f3n y cierto turbamiento, noto una sensaci\u00f3n an\u00e1loga a la que sent\u00ed la primera vez que observ\u00e9 el retrato de Inocencio X realizado por Vel\u00e1zquez, sorprendido por la soluci\u00f3n art\u00edstica de los rojos y sus matices (fondo, sill\u00f3n, birrete, muceta, rostro) y traspasado por la mirada de ese trozo de lienzo por lo que alud\u00eda sin serlo, lienzo que al serle mostrado por el artista al Papa una vez terminado, \u00e9ste prorrumpi\u00f3 diciendo: \u00abtroppo vero\u00bb.<\/p>\n\n\n\n<p class=\"has-medium-font-size\">El presente art\u00edculo, adaptado a la realidad de 2024, apareci\u00f3 publicado en <em>Ideal. Suplemento de Arte y Cultura<\/em>, en la secci\u00f3n \u00abLa aguja del navegante\u00bb, el 5 de octubre de 1999 y, luego, recogido en <em>La aguja del navegante (Cr\u00edtica y Literatura del Sur)<\/em>, Ja\u00e9n, Instituto de Estudios Giennenses de la Diputaci\u00f3n Provincial de Ja\u00e9n, 2002. Enlace en el repositorio de la UGR, DIGIBUG, <a href=\"http:\/\/hdl.handle.net\/10481\/48916\" target=\"_blank\" rel=\"noreferrer noopener\">http:\/\/hdl.handle.net\/10481\/48916<\/a><\/p>\n\n\n\n<figure class=\"wp-block-image size-full\"><img loading=\"lazy\" decoding=\"async\" width=\"538\" height=\"759\" src=\"https:\/\/olvidosdegranada.es\/wp-content\/uploads\/Javier-Egea-fotografia-de-Juan-Medina-anos-90.jpg\" alt=\"\" class=\"wp-image-4136\" srcset=\"https:\/\/olvidosdegranada.es\/wp-content\/uploads\/\/Javier-Egea-fotografia-de-Juan-Medina-anos-90.jpg 538w, https:\/\/olvidosdegranada.es\/wp-content\/uploads\/\/Javier-Egea-fotografia-de-Juan-Medina-anos-90-213x300.jpg 213w, https:\/\/olvidosdegranada.es\/wp-content\/uploads\/\/Javier-Egea-fotografia-de-Juan-Medina-anos-90-106x150.jpg 106w\" sizes=\"auto, (max-width: 538px) 100vw, 538px\" \/><\/figure>\n\n\n\n<p class=\"has-medium-font-size\"><br><\/p>\n\n\n<!--nextpage-->\n\n\n\n<p><\/p>\n\n\n\n<p><strong>De El bronce de los d\u00edas<\/strong><br><strong>(Port Royal, 2003)<\/strong><\/p>\n\n\n\n<p>(&#8230;) Por eso, cuando una ma\u00f1ana de julio del 99, le\u00ed en el peri\u00f3dico la noticia de su muerte, y tras asistir&nbsp;al sepelio, me acord\u00e9 del maligno hado que, a veces, le rondaba la cabeza; y no s\u00e9 c\u00f3mo me vino a la memoria aquel soneto que en una noche de copas, hace ya muchos a\u00f1os, hicimos&nbsp;\u00e9l, Juan J. Le\u00f3n y yo. Juan, con su sentido del humor, le dio t\u00edtulo&nbsp;de Conjuntivitis, por el hecho, como es l\u00f3gico, de haberlo escrito, conjuntamente, entre los tres. Del&nbsp;soneto no se guarda el manuscrito, pero s\u00ed una copia a m\u00e1quina. Quiz\u00e1 nuestro amigo Juan rompiese el original, tras copiar el texto. Hoy es dif\u00edcil averiguar qu\u00e9 verso&nbsp;pertenece a cada uno, pero me consta que los dos \u00faltimos son de&nbsp;Quisquete:<\/p>\n\n\n\n<p><strong>Conjuntivitis<\/strong><\/p>\n\n\n\n<p>Vendr\u00e1n por ti los hombres para quemar tu piel<br>y har\u00e1n de ti una sombra m\u00e1s larga que la historia<br>y seguir\u00e1s andando, rodando en esa noria,<br>envolvi\u00e9ndote en brasas&nbsp;sobre el blanco papel.<\/p>\n\n\n\n<p>Vendr\u00e1n por ti los hombres ofreci\u00e9ndote&nbsp;miel<br>o la hiel pegadiza, o la sal, o la escoria,<br>que lleva el hombre anclada la niebla en su memoria<br>y su memoria es vana y su silencio cruel.<\/p>\n\n\n\n<p>Pero el hombre es el libro que desata la vida<br>aunque a veces le llena las p\u00e1ginas&nbsp;de muerte,<br>aunque a veces le llena las p\u00e1ginas de olvido.<\/p>\n\n\n\n<p>Vivir es olvidar, pues que quien vive olvida.<br>Recordar es la herida que en sue\u00f1o se convierte,<br>en alba ajusticiada&#8230; Soy hombre y me suicido.<\/p>\n\n\n\n<hr class=\"wp-block-separator has-alpha-channel-opacity\"\/>\n\n\n\n<p><\/p>\n\n\n\n<p><strong>Quisquete (Sonetario)<\/strong><\/p>\n\n\n\n<p class=\"has-text-align-right\"><em>A la memoria de Javier Egea<\/em><\/p>\n\n\n\n<p>Esta tarde de abril, ya emigran avefr\u00edas,<br>te recuerdo en el bar con las piernas cruzadas<br>y es noble adem\u00e1n de tus manos o espadas<br>que orlaban&nbsp;de amapolas a tus ideolog\u00edas.<\/p>\n\n\n\n<p>Tiempos de juventud, de vinos y alegr\u00edas,<br>de pulcros arrebatos y musas delicadas;<br>de sue\u00f1os y canciones prohibidas y de osadas<br>palabras solidarias en fraternales d\u00edas.<\/p>\n\n\n\n<p>Esta tarde de abril, Quisquete, amigo m\u00edo,<br>paseas por mis ojos, como buen peregrino<br>que se acerca al jazm\u00edn prudente de los a\u00f1os.<\/p>\n\n\n\n<p>Hoy te acompa\u00f1a&nbsp;Juan Le\u00f3n, por ese r\u00edo<br>que a todos nos devora, altivo y asesino,<br>con su lluvia de cuervos estimando sus da\u00f1os.<\/p>\n\n\n\n<p>(Sonetario. Editorial Nazar\u00ed. 2020)<\/p>\n\n\n\n<figure class=\"wp-block-image size-full\"><img loading=\"lazy\" decoding=\"async\" width=\"2000\" height=\"1417\" src=\"https:\/\/olvidosdegranada.es\/wp-content\/uploads\/egea19-scaled.jpg\" alt=\"\" class=\"wp-image-5042\" srcset=\"https:\/\/olvidosdegranada.es\/wp-content\/uploads\/egea19-scaled.jpg 2000w, https:\/\/olvidosdegranada.es\/wp-content\/uploads\/egea19-300x213.jpg 300w, https:\/\/olvidosdegranada.es\/wp-content\/uploads\/egea19-1024x726.jpg 1024w, https:\/\/olvidosdegranada.es\/wp-content\/uploads\/egea19-150x106.jpg 150w, https:\/\/olvidosdegranada.es\/wp-content\/uploads\/egea19-768x544.jpg 768w, https:\/\/olvidosdegranada.es\/wp-content\/uploads\/egea19-1536x1089.jpg 1536w, https:\/\/olvidosdegranada.es\/wp-content\/uploads\/egea19-2048x1452.jpg 2048w\" sizes=\"auto, (max-width: 2000px) 100vw, 2000px\" \/><\/figure>\n\n\n<!--nextpage-->\n\n\n\n<p><\/p>\n\n\n\n<p><strong>Los d\u00edas con provecho <\/strong><\/p>\n\n\n\n<p class=\"has-text-align-right\"><em>A Quisquete y a Javier Egea<\/em><\/p>\n\n\n\n<p>Ten\u00edamos la vida por delante y el mundo parec\u00eda estar hecho a nuestra medida. Las horas, los d\u00edas, los inviernos y los veranos ajustaban su paso al ritmo voraz de nuestra marcha.<\/p>\n\n\n\n<p>Eran los a\u00f1os en que aprendimos a ser artistas y ciudadanos.<\/p>\n\n\n\n<p>En las ma\u00f1anas de verano, Luis pasaba por mi casa y r\u00e1pidamente nos lanz\u00e1bamos a la calle. La primera meta volante la ten\u00edamos en Servigraf, una imprenta que era tambi\u00e9n nuestra sede permanente. Despu\u00e9s, recog\u00edamos a Quisquete en su oficina de la Plaza de la Romanilla y pas\u00e1bamos el control de avituallamiento con Mariano en la cafeter\u00eda Goya. De vuelta, cumpl\u00edamos visita a nuestros h\u00e9roes marginales del mercado de San Agust\u00edn: un aprendiz de unos sesenta a\u00f1os que ten\u00eda una oreja m\u00e1s grande que otra; el Perejilo, que durante un buen tiempo areng\u00f3 a las hordas a comerse vivo al traidor de Jes\u00fas de Nazaret, y de forma muy especial a Miguel el Guardacoches, por el que sent\u00edamos verdadera admiraci\u00f3n. Dej\u00e1bamos a Mariano en su Facultad, a Javier en su oficina y Luis me dejaba a mi en el estudio, pintando hasta la hora del almuerzo. Sobre las cuatro de la tarde acud\u00edamos puntuales a la Piscina Granada, en donde gandule\u00e1bamos aproximadamente hasta las ocho, hora en que volv\u00edamos a casa para vernos m\u00e1s tarde cenando en El Tiro o en el Toll\u00edn y las copas consecuentes en El 32, el Avellano, el Planta Baja o en La Tertulia.<\/p>\n\n\n\n<p>As\u00ed rodaba la rueda de los d\u00edas.<\/p>\n\n\n\n<p>Pero a pesar de toda esa indolencia, del <em>Tour<\/em> de Perico Delgado y de las motos de Sito Pons, tuvimos tiempo de escribir <em>Tropo Mare<\/em> y <em>El Jard\u00edn extranjero<\/em>, de pintar <em>Ir\u00e9 a Santiago<\/em>, de inventarnos la colecci\u00f3n Maillot Amarillo y de que Mariano nos descubriera los secretos de Passolini, de Bola de Nieve y de la \u00d3pera.<\/p>\n\n\n\n<p>Respir\u00e1bamos el mismo aire, entend\u00edamos el mundo de la misma forma.<\/p>\n\n\n\n<p>Durante los cinco a\u00f1os que siguieron a la muerte de Javier, cada 29 de julio me dirig\u00eda temprano al cementerio para dejar un libro suyo sobre el m\u00e1rmol de su tumba, con la esperanza de que alguien siguiera viviendo en sus versos el compromiso con ese \u00abpeque\u00f1o pueblo en armas contra la soledad\u00bb que fue para \u00e9l la poes\u00eda. Es decir, su propia vida.<\/p>\n\n\n\n<p class=\"has-medium-font-size\">(Ideal de Granada, julio 2009)<\/p>\n\n\n\n<hr class=\"wp-block-separator has-alpha-channel-opacity\"\/>\n\n\n\n<p><\/p>\n\n\n\n<p><strong>Los veranos, el verano<\/strong><\/p>\n\n\n\n<p>Los mejores recuerdos suceden siempre en verano. El verano eterno de las horas sin tiempo de la infancia; el de la adolescencia, l\u00e1nguida y hormonada; el de la juventud vigorosa a la sombra de los altos \u00e1lamos. Los veranos luminosos de cloro, cobalto y piel; s\u00edntesis de la vida misma, ida y vuelta, fulgor y muerte en ochenta d\u00edas.<\/p>\n\n\n\n<p>Con el paso de los a\u00f1os, los recuerdos se atropellan como en un tr\u00e1velin de fechas imprecisas. Si acaso, se agrupan sin orden en d\u00e9cadas o en edades biol\u00f3gicas, olvidando y reconstruyendo el pasado seg\u00fan convenga. Por ejemplo, los ochenta son para m\u00ed un largo verano de diez o doce a\u00f1os vivido en compa\u00f1\u00eda de un grupo estable de amigos junto a los que me form\u00e9 como ciudadano y como artista. Eran los a\u00f1os del m\u00fasculo y del comienzo de todo, porque todo estaba por hacer. Tambi\u00e9n el amor. Un largo verano que emerge de un \u00e1lbum de fotos felices, en las que se repiten los mismos rostros de j\u00f3venes sonrientes. El rostro de Javier Egea, con su gorra de marinero de caseta de feria; el de Luis, ligeramente distra\u00eddo contando s\u00edlabas; el de Mariano, con su cosmogon\u00eda del saber plegada y desplegada en sus revistas; el rostro de Mar\u00eda Jos\u00e9, terso y distante, no s\u00e9 si enamorada; el de Mari Carmen, ligeramente melanc\u00f3lico y a punto de enfadarse. Y tambi\u00e9n B\u00e1rbara, Irene, las titas y los primos Arredondo y la Boni, una perra callejera que anid\u00f3 para siempre en mis cuadros. En algunas fotos de aquellos veranos se aprecia un aire como de siesta o duermevela, que estar\u00eda muy presente en mis obras de entonces. En otras fotos anteriores, las de los primeros ochenta, el ambiente es decididamente explosivo y feliz. Unas y otras reflejan con precisi\u00f3n el tr\u00e1nsito de la euforia al desencanto de aquellos a\u00f1os, que tiene su expresi\u00f3n m\u00e1s n\u00edtida en ciertas fotos y dibujos del final de la d\u00e9cada en las que aparecen con un protagonismo desolador las ruinas del pasado industrial y algunos edificios de los suburbios fronterizos con la Vega de Granada.<\/p>\n\n\n\n<p class=\"has-medium-font-size\">(<em>Granada Hoy<\/em>, agosto 2018)<\/p>\n\n\n\n<p><\/p>\n\n\n<div  id=\"jtg-5052\" class=\"modula modula-gallery modula-creative-gallery\" data-config=\"{&quot;height&quot;:800,&quot;tabletHeight&quot;:800,&quot;mobileHeight&quot;:800,&quot;desktopHeight&quot;:800,&quot;enableTwitter&quot;:false,&quot;enableWhatsapp&quot;:false,&quot;enableFacebook&quot;:false,&quot;enablePinterest&quot;:false,&quot;enableLinkedin&quot;:false,&quot;enableEmail&quot;:false,&quot;randomFactor&quot;:0.5,&quot;type&quot;:&quot;creative-gallery&quot;,&quot;columns&quot;:12,&quot;gutter&quot;:10,&quot;mobileGutter&quot;:10,&quot;tabletGutter&quot;:10,&quot;desktopGutter&quot;:10,&quot;enableResponsive&quot;:&quot;0&quot;,&quot;tabletColumns&quot;:2,&quot;mobileColumns&quot;:1,&quot;lazyLoad&quot;:0,&quot;lightboxOpts&quot;:{&quot;animated&quot;:true,&quot;Thumbs&quot;:{&quot;type&quot;:&quot;modern&quot;,&quot;showOnStart&quot;:false},&quot;Toolbar&quot;:{&quot;display&quot;:{&quot;right&quot;:[&quot;close&quot;]},&quot;enabled&quot;:true},&quot;Carousel&quot;:{&quot;Panzoom&quot;:{&quot;touch&quot;:true},&quot;infinite&quot;:false},&quot;keyboard&quot;:{&quot;Escape&quot;:&quot;close&quot;,&quot;Delete&quot;:&quot;close&quot;,&quot;Backspace&quot;:&quot;close&quot;,&quot;PageUp&quot;:&quot;next&quot;,&quot;PageDown&quot;:&quot;prev&quot;,&quot;ArrowUp&quot;:&quot;prev&quot;,&quot;ArrowDown&quot;:&quot;next&quot;,&quot;ArrowRight&quot;:&quot;next&quot;,&quot;ArrowLeft&quot;:&quot;prev&quot;},&quot;wheel&quot;:&quot;slide&quot;,&quot;touch&quot;:true,&quot;backdropClick&quot;:&quot;close&quot;,&quot;l10n&quot;:{&quot;CLOSE&quot;:&quot;Cerrar&quot;,&quot;NEXT&quot;:&quot;Siguiente&quot;,&quot;PREV&quot;:&quot;Anterior&quot;,&quot;Error&quot;:&quot;No se ha podido cargar el contenido solicitado. Por favor, int\\u00e9ntalo de nuevo m\\u00e1s tarde.&quot;,&quot;PLAY_START&quot;:&quot;Empezar la presentaci\\u00f3n&quot;,&quot;PLAY_STOP&quot;:&quot;Pausar la presentaci\\u00f3n&quot;,&quot;FULL_SCREEN&quot;:&quot;Pantalla completa&quot;,&quot;THUMBS&quot;:&quot;Miniaturas&quot;,&quot;DOWNLOAD&quot;:&quot;Descargar&quot;,&quot;SHARE&quot;:&quot;Compartir&quot;,&quot;ZOOM&quot;:&quot;Zoom&quot;,&quot;EMAIL&quot;:&quot;Here is the link to the image : %%image_link%% and this is the link to the gallery : %%gallery_link%%&quot;,&quot;MODAL&quot;:&quot;Puedes cerrar este contenido emergente con la tecla ESC&quot;,&quot;ERROR&quot;:&quot;Algo ha ido mal, pro favor, prueba de nuevo m\\u00e1s tarde&quot;,&quot;IMAGE_ERROR&quot;:&quot;Imagen no encontrada&quot;,&quot;ELEMENT_NOT_FOUND&quot;:&quot;No se ha encontrado el elemento HTML&quot;,&quot;AJAX_NOT_FOUND&quot;:&quot;Error al cargar AJAX: No encontrado&quot;,&quot;AJAX_FORBIDDEN&quot;:&quot;Error al cargar AJAX: Prohibido&quot;,&quot;IFRAME_ERROR&quot;:&quot;Error al cargar la p\\u00e1gina&quot;,&quot;TOGGLE_ZOOM&quot;:&quot;Alternar nivel de ampliar\\\/acercar&quot;,&quot;TOGGLE_THUMBS&quot;:&quot;Alternar miniaturas&quot;,&quot;TOGGLE_SLIDESHOW&quot;:&quot;Alternar diapositiva&quot;,&quot;TOGGLE_FULLSCREEN&quot;:&quot;Cambiar al modo de pantalla completa&quot;},&quot;Images&quot;:{&quot;Panzoom&quot;:{&quot;maxScale&quot;:2}},&quot;mainClass&quot;:&quot;modula-fancybox-container modula-lightbox-jtg-5052&quot;,&quot;Html&quot;:{&quot;videoAutoplay&quot;:0,&quot;videoTpl&quot;:&quot;&lt;video class=\\&quot;fancybox__html5video\\&quot; controls muted playsinline controlsList controlsList=\\&quot;nodownload\\&quot; poster=\\&quot;{{poster}}\\&quot; src=\\&quot;{{src}}\\&quot; type=\\&quot;{{format}}\\&quot; &gt;  Sorry, your browser doesn&#039;t support embedded videos, &lt;a href=\\&quot;{{src}}\\&quot;&gt; download &lt;\\\/a&gt; and watch with your favorite video player! &lt;\\\/video&gt;&quot;}},&quot;inView&quot;:false,&quot;email_subject&quot;:&quot;Check out this awesome image !!&quot;,&quot;email_message&quot;:&quot;Here is the link to the image : %%image_link%% and this is the link to the gallery : %%gallery_link%%&quot;,&quot;lightbox&quot;:&quot;fancybox&quot;,&quot;lightbox_devices&quot;:&quot;both&quot;}\">\n\n\t\n\t<div  class=\"modula-items\">\n\t\t<div class=\"modula-item effect-pufrobo\" >\n\t<div class=\"modula-item-overlay\"><\/div>\n\n\t<div class=\"modula-item-content\">\n\n\t\t<a data-image-id=\"5053\" role=\"button\" tabindex=\"0\" rel=\"jtg-5052\" data-caption=\"\" aria-label=\"Abrir la imagen en una caja de luz\" class=\"tile-inner modula-item-link\"><\/a><img loading=\"lazy\" decoding=\"async\" class=\"pic wp-image-5053\"  data-valign=\"middle\" data-halign=\"center\" alt=\"\" data-full=\"https:\/\/olvidosdegranada.es\/wp-content\/uploads\/cuaderno-del-rio-varios-001.jpg\" title=\"cuaderno del ri\u0301o varios-001\" crop=\"\" width=\"249\" height=\"300\" src=\"https:\/\/olvidosdegranada.es\/wp-content\/uploads\/cuaderno-del-rio-varios-001-249x300.jpg\" data-src=\"https:\/\/olvidosdegranada.es\/wp-content\/uploads\/cuaderno-del-rio-varios-001-249x300.jpg\" data-caption=\"\" srcset=\"https:\/\/olvidosdegranada.es\/wp-content\/uploads\/cuaderno-del-rio-varios-001.jpg 1214w, https:\/\/olvidosdegranada.es\/wp-content\/uploads\/cuaderno-del-rio-varios-001-249x300.jpg 249w, https:\/\/olvidosdegranada.es\/wp-content\/uploads\/cuaderno-del-rio-varios-001-849x1024.jpg 849w, https:\/\/olvidosdegranada.es\/wp-content\/uploads\/cuaderno-del-rio-varios-001-124x150.jpg 124w, https:\/\/olvidosdegranada.es\/wp-content\/uploads\/cuaderno-del-rio-varios-001-768x927.jpg 768w\" sizes=\"auto, (max-width: 249px) 100vw, 249px\" \/>\n\t\t<div class=\"figc no-description\">\n\t\t\t<div class=\"figc-inner\">\n\t\t\t\t\t\t\t\t\t\t\t\t\t\t\t<\/div>\n\t\t<\/div>\n\n\t<\/div>\n\n<\/div><div class=\"modula-item effect-pufrobo\" >\n\t<div class=\"modula-item-overlay\"><\/div>\n\n\t<div class=\"modula-item-content\">\n\n\t\t<a data-image-id=\"5055\" role=\"button\" tabindex=\"0\" rel=\"jtg-5052\" data-caption=\"\" aria-label=\"Abrir la imagen en una caja de luz\" class=\"tile-inner modula-item-link\"><\/a><img loading=\"lazy\" decoding=\"async\" class=\"pic wp-image-5055\"  data-valign=\"middle\" data-halign=\"center\" alt=\"\" data-full=\"https:\/\/olvidosdegranada.es\/wp-content\/uploads\/POLAROID-4.jpg\" title=\"POLAROID 4\" crop=\"\" width=\"300\" height=\"250\" src=\"https:\/\/olvidosdegranada.es\/wp-content\/uploads\/POLAROID-4-300x250.jpg\" data-src=\"https:\/\/olvidosdegranada.es\/wp-content\/uploads\/POLAROID-4-300x250.jpg\" data-caption=\"\" srcset=\"https:\/\/olvidosdegranada.es\/wp-content\/uploads\/POLAROID-4.jpg 1476w, https:\/\/olvidosdegranada.es\/wp-content\/uploads\/POLAROID-4-300x250.jpg 300w, https:\/\/olvidosdegranada.es\/wp-content\/uploads\/POLAROID-4-1024x854.jpg 1024w, https:\/\/olvidosdegranada.es\/wp-content\/uploads\/POLAROID-4-150x125.jpg 150w, https:\/\/olvidosdegranada.es\/wp-content\/uploads\/POLAROID-4-768x641.jpg 768w\" sizes=\"auto, (max-width: 300px) 100vw, 300px\" \/>\n\t\t<div class=\"figc no-description\">\n\t\t\t<div class=\"figc-inner\">\n\t\t\t\t\t\t\t\t\t\t\t\t\t\t\t<\/div>\n\t\t<\/div>\n\n\t<\/div>\n\n<\/div><div class=\"modula-item effect-pufrobo\" >\n\t<div class=\"modula-item-overlay\"><\/div>\n\n\t<div class=\"modula-item-content\">\n\n\t\t<a data-image-id=\"5056\" role=\"button\" tabindex=\"0\" rel=\"jtg-5052\" data-caption=\"\" aria-label=\"Abrir la imagen en una caja de luz\" class=\"tile-inner modula-item-link\"><\/a><img loading=\"lazy\" decoding=\"async\" class=\"pic wp-image-5056\"  data-valign=\"middle\" data-halign=\"center\" alt=\"\" data-full=\"https:\/\/olvidosdegranada.es\/wp-content\/uploads\/POLAROID-5-11.jpg\" title=\"POLAROID 5-11\" crop=\"\" width=\"300\" height=\"250\" src=\"https:\/\/olvidosdegranada.es\/wp-content\/uploads\/POLAROID-5-11-300x250.jpg\" data-src=\"https:\/\/olvidosdegranada.es\/wp-content\/uploads\/POLAROID-5-11-300x250.jpg\" data-caption=\"\" srcset=\"https:\/\/olvidosdegranada.es\/wp-content\/uploads\/POLAROID-5-11.jpg 1476w, https:\/\/olvidosdegranada.es\/wp-content\/uploads\/POLAROID-5-11-300x250.jpg 300w, https:\/\/olvidosdegranada.es\/wp-content\/uploads\/POLAROID-5-11-1024x854.jpg 1024w, https:\/\/olvidosdegranada.es\/wp-content\/uploads\/POLAROID-5-11-150x125.jpg 150w, https:\/\/olvidosdegranada.es\/wp-content\/uploads\/POLAROID-5-11-768x641.jpg 768w\" sizes=\"auto, (max-width: 300px) 100vw, 300px\" \/>\n\t\t<div class=\"figc no-description\">\n\t\t\t<div class=\"figc-inner\">\n\t\t\t\t\t\t\t\t\t\t\t\t\t\t\t<\/div>\n\t\t<\/div>\n\n\t<\/div>\n\n<\/div><div class=\"modula-item effect-pufrobo\" >\n\t<div class=\"modula-item-overlay\"><\/div>\n\n\t<div class=\"modula-item-content\">\n\n\t\t<a data-image-id=\"5057\" role=\"button\" tabindex=\"0\" rel=\"jtg-5052\" data-caption=\"\" aria-label=\"Abrir la imagen en una caja de luz\" class=\"tile-inner modula-item-link\"><\/a><img loading=\"lazy\" decoding=\"async\" class=\"pic wp-image-5057\"  data-valign=\"middle\" data-halign=\"center\" alt=\"\" data-full=\"https:\/\/olvidosdegranada.es\/wp-content\/uploads\/QUISQUETE-1983.jpg\" title=\"QUISQUETE 1983\" crop=\"\" width=\"211\" height=\"300\" src=\"https:\/\/olvidosdegranada.es\/wp-content\/uploads\/QUISQUETE-1983-211x300.jpg\" data-src=\"https:\/\/olvidosdegranada.es\/wp-content\/uploads\/QUISQUETE-1983-211x300.jpg\" data-caption=\"\" srcset=\"https:\/\/olvidosdegranada.es\/wp-content\/uploads\/QUISQUETE-1983.jpg 1038w, https:\/\/olvidosdegranada.es\/wp-content\/uploads\/QUISQUETE-1983-211x300.jpg 211w, https:\/\/olvidosdegranada.es\/wp-content\/uploads\/QUISQUETE-1983-720x1024.jpg 720w, https:\/\/olvidosdegranada.es\/wp-content\/uploads\/QUISQUETE-1983-105x150.jpg 105w, https:\/\/olvidosdegranada.es\/wp-content\/uploads\/QUISQUETE-1983-768x1092.jpg 768w\" sizes=\"auto, (max-width: 211px) 100vw, 211px\" \/>\n\t\t<div class=\"figc no-description\">\n\t\t\t<div class=\"figc-inner\">\n\t\t\t\t\t\t\t\t\t\t\t\t\t\t\t<\/div>\n\t\t<\/div>\n\n\t<\/div>\n\n<\/div>\t\t\n\t<\/div>\n\n\t\n\t\n\t<script type=\"application\/ld+json\">\n\t{\n\t\t\"@context\": \"https:\/\/schema.org\",\n\t\t\"@type\"   : \"ImageGallery\",\n\t\t\"id\"      : \"https:\/\/olvidosdegranada.es\/index.php\/2024\/11\/18\/zaidin-25-anos-sin-javier-egea\/#modula-gallery-5052\",\n\t\t\"url\"     : \"https:\/\/olvidosdegranada.es\/index.php\/2024\/11\/18\/zaidin-25-anos-sin-javier-egea\/\"\n\t}\n\n\t<\/script>\n\n\t\n<\/div>\n\n\n\n<!--nextpage-->\n\n\n\n<p class=\"has-text-align-right\"><em>Presentar a un poeta puede ser (sin duda, lo es muchas veces) un ejercicio insano, cuando no grotesco, casi de espect\u00e1culo de variet\u00e9s \u2013con todos mis respetos para los espect\u00e1culos de variet\u00e9s.<\/em><br>Juan Carlos Rodr\u00edguez: \u201cComo si os contara una historia\u201d<a id=\"_ftnref1\" href=\"#_ftn1\">[1]<\/a><\/p>\n\n\n\n<p>En la primavera de 1980, Francisco Javier Egea se march\u00f3 al Cabo de Gata y se instal\u00f3 en una fonda junto al mar en la Isleta del Moro con una selecci\u00f3n de libros de su propia colecci\u00f3n po\u00e9tica y el primer volumen de <em>Teor\u00eda e Historia de la producci\u00f3n ideol\u00f3gica<\/em> de Juan Carlos Rodr\u00edguez tomado en pr\u00e9stamo de mi biblioteca. Su intenci\u00f3n era la de dar a su escritura un giro radical (copernicano, dir\u00eda alguien m\u00e1s sofisticado) en busca de una nueva po\u00e9tica que, siguiendo la ense\u00f1anza te\u00f3rica de nuestro com\u00fan compa\u00f1ero de la Agrupaci\u00f3n Antonio Gramsci del PCE, dotara a sus versos de la carga ideol\u00f3gica y materialista de la que antes carec\u00edan. Llevaba adem\u00e1s en la cabeza la idea de eliminar de su firma literaria el primer nombre propio y dejarla as\u00ed reducida ya para siempre a la m\u00e1s corta y art\u00edstica de Javier Egea con que desde entonces lo conocer\u00edamos.<\/p>\n\n\n\n<p>El resultado de aquel retiro voluntario del mundanal y ruidoso ambiente literario de la Granada reci\u00e9n salida de la dictadura y todav\u00eda algo reticente a los nuevos aires pol\u00edticos de la democracia fue, en palabras de quien no en vano est\u00e1 considerado como inspirador te\u00f3rico del movimiento <em>La otra sentimentalidad<\/em>, el profesor Rodr\u00edguez, \u00abno un poeta m\u00e1s maduro, no un poeta m\u00e1s evolucionado, sino una cosa completa, radicalmente distinta. No <em>Evoluci\u00f3n<\/em> sino <em>Ruptura<\/em>. Un poeta situado en un horizonte materialista, un poeta \u201cotro\u201d\u00bb. Es decir, en oto\u00f1o no s\u00f3lo volvi\u00f3 Egea con nueva firma y nuevo libro, sino convertido tambi\u00e9n en un nuevo poeta, un poeta que no se mov\u00eda ya \u00aben la ideolog\u00eda de la <em>palabra po\u00e9tica<\/em>\u00bb, como se\u00f1al\u00f3 Juan Carlos en la presentaci\u00f3n de la primera lectura p\u00fablica de <em>Troppo mare<\/em>, sino \u00aben la consciencia de que la palabra no es nunca inocente, que la poes\u00eda es siempre ideol\u00f3gica, que la ideolog\u00eda es siempre inconsciente y que el inconsciente no hace otra cosa que trabajarnos y producirnos como explotaci\u00f3n y como muerte\u00bb.&nbsp;<\/p>\n\n\n\n<p>Era la tarde del 28 de noviembre de 1980 y est\u00e1bamos en la sala de Caballeros XXIV del Palacio de la Madraza, poco tiempo despu\u00e9s del regreso a Granada de nuestro entra\u00f1able amigo y antiguo compa\u00f1ero de agrupaci\u00f3n, convertido ya en el nuevo Javier Egea, al que nosotros segu\u00edamos cari\u00f1osamente llamando Quisquete en la intimidad. Tras varios a\u00f1os de silencio po\u00e9tico, quer\u00eda \u00e9l dar a conocer algunos poemas de su m\u00e1s reciente producci\u00f3n en el marco del Aula de Poes\u00eda de la Universidad, entonces dirigida por \u00c1lvaro Salvador, y tuvo a bien elegirnos para su presentaci\u00f3n a Juan Carlos y a m\u00ed. Acordamos que Juan Carlos se encargara del an\u00e1lisis de la obra, desde un punto de vista te\u00f3rico-literario, mientras yo circunscribir\u00eda mi intervenci\u00f3n al autor como persona, desde el punto de vista de la amistad y la camarader\u00eda. No debe por ello extra\u00f1ar que el presentador cr\u00edtico terminara su turno proclamando sin rodeos que Javier hab\u00eda regresado de Almer\u00eda \u00abconvertido en el poeta que siempre quiso ser, habiendo roto al fin con la c\u00e1rcel del rito y el mito de la palabra po\u00e9tica, para dar el salto a la poes\u00eda como pr\u00e1ctica ideol\u00f3gica\u00bb, cuando el presentador periodista que yo era hab\u00eda concluido el suyo (m\u00edo) cantando y tamborileando sobre la noble mesa de la antigua madraza, sin asomo de verg\u00fcenza y al ritmo de una vieja copla que aprend\u00ed de mi madre y que no tuve reparo en intercalar por dos veces en una semblanza pseudo-biogr\u00e1fica escrita especialmente para la ocasi\u00f3n, versificada en romance y con pretensiones de divertir.<\/p>\n\n\n\n<p>Ahora, 43 a\u00f1os despu\u00e9s<a id=\"_ftnref2\" href=\"#_ftn2\">[2]<\/a>, y cuando soy el \u00fanico de los participantes en aquella presentaci\u00f3n y lectura del \u00abrenacimiento po\u00e9tico sin vuelta atr\u00e1s\u00bb de Javier Egea<a id=\"_ftnref3\" href=\"#_ftn3\">[3]<\/a> que puede dar a\u00fan testimonio de lo all\u00ed acontecido, me atrevo a rescatar aquel poemilla para darle acomodo en este <em>Caj\u00f3n de sastre<\/em> que la Academia ha tenido a bien reglarme y que aqu\u00ed expongo al fin al juicio de sus posibles lectores.<\/p>\n\n\n\n<p><strong><em>Romancillo para la lectura de Javier Egea&nbsp;<\/em><\/strong><\/p>\n\n\n\n<p>Con mi respeto al maestro,<br>a quien mi acuerdo he de dar,<br>quitarle hierro al asunto<br>t\u00f3came a m\u00ed lo intentar.<\/p>\n\n\n\n<p>Hay en Gran\u00e1 un poeta<br>de escritura tan genial<br>que entre cientos de colegas<br>tengo yo a bien destacar.<br><br>Egea por parte de padre,<br>Javier por lo bautismal,<br>mas ni aquello ni estotro<br>se le acostumbra llamar.<br><br>Cachondo entre los cachondos,<br>y serio a marcha cabal,<br>que seriedad y cachondeo<br>sabe bien compaginar.<br><br>Medio achavetao, piripi,<br>de gorra y barba total,<br>chulap\u00f3n y m\u00e1s pinchete<br>que el gato de la pos\u00e1.<br><br>(Cantando y tamborileando en la mesa:)<br>\u201cDicen que tienes pica-pica,<br>como el gato de la pos\u00e1,<br>ret\u00edrate de mi vera,<br>me lo vayas a pegar.<br>Marineritooo,<br>que vas por los mares<br>y en todos los puertos<br>tienes un amor,<br>pon-pon-pon-p\u00f3n\u201d.<br><br>Artista entre los artistas<br>y militante cabal,<br>que militancia y poes\u00eda<br>sabe bien compaginar.<br><br>Comprometido hace a\u00f1os,<br>ve la clandestinidad<br>no del todo superada<br>pa desdicha personal.<br><br>Mas no se arredra por ello<br>y pa&#8217;lante siempre va,<br>pinturero como nadie<br>y con cara de ganar.<br><br>(Cantando y con tamborileo:)<br>\u00abEstudiantillooo,<br>que vas por los bares<br>y en todas las tascas<br>tienes un foll\u00f3n,<br>pon-pon-pon-p\u00f3n.\u00bb<br><br>Egea por parte de padre,<br>Javier por lo bautismal,<br>mas ni aquello ni estotro<br>se le acostumbra nombrar.<br><br>Y ya no sigo, se\u00f1ores,<br>que aqu\u00ed me mandan callar,<br>pues con tanta pista dada<br>qui\u00e9n no lo puede acertar.&nbsp;<br>&nbsp;&nbsp;&nbsp;&nbsp;&nbsp;&nbsp;&nbsp;&nbsp;&nbsp;&nbsp;&nbsp;&nbsp;&nbsp;&nbsp;&nbsp;&nbsp;&nbsp;&nbsp;&nbsp;&nbsp;&nbsp;&nbsp;&nbsp;&nbsp;&nbsp;&nbsp;&nbsp;&nbsp;&nbsp;&nbsp;&nbsp;&nbsp;&nbsp;&nbsp;&nbsp;&nbsp;&nbsp;&nbsp;&nbsp;<br>Naturalmente les hablo<br>del Quisquete universal,<br>poeta de pluma en ristre<br>que bien lejos llegar\u00e1<br>y que con gusto may\u00fasculo<br>hoy tengo a bien presentar.<\/p>\n\n\n\n<p>(Granada, 28 de noviembre de 1980)<\/p>\n\n\n\n<hr class=\"wp-block-separator has-alpha-channel-opacity\"\/>\n\n\n\n<p class=\"has-small-font-size\"><a href=\"#_ftnref1\" id=\"_ftn1\">[1]<\/a> Texto \u201cdicho\u201d en el Palacio de la Madraza a prop\u00f3sito de una lectura po\u00e9tica de Javier Egea e incluido en <em>Dichos y escritos (Sobre \u201cLa otra sentimentalidad\u201d y otros textos fechados de po\u00e9tica)<\/em>, Madrid, Hiperi\u00f3n, 1999.<\/p>\n\n\n\n<p class=\"has-small-font-size\"><a href=\"#_ftnref2\" id=\"_ftn2\">[2]<\/a> 44 ya en el momento de esta lectura<\/p>\n\n\n\n<p class=\"has-small-font-size\"><a href=\"#_ftnref3\" id=\"_ftn3\">[3]<\/a> As\u00ed lo califica Jairo Garc\u00eda Jaramillo en el pr\u00f3logo al volumen II de la <em>Poes\u00eda completa<\/em> de Javier Egea (Madrid, Bartleby Editores, 2012, p. 12).<\/p>\n\n\n\n<figure class=\"wp-block-image size-full is-resized\"><img loading=\"lazy\" decoding=\"async\" width=\"230\" height=\"311\" src=\"https:\/\/olvidosdegranada.es\/wp-content\/uploads\/0000812708_230x230_jpg000.jpg\" alt=\"\" class=\"wp-image-5041\" style=\"width:381px;height:auto\" srcset=\"https:\/\/olvidosdegranada.es\/wp-content\/uploads\/0000812708_230x230_jpg000.jpg 230w, https:\/\/olvidosdegranada.es\/wp-content\/uploads\/0000812708_230x230_jpg000-222x300.jpg 222w, https:\/\/olvidosdegranada.es\/wp-content\/uploads\/0000812708_230x230_jpg000-111x150.jpg 111w\" sizes=\"auto, (max-width: 230px) 100vw, 230px\" \/><\/figure>\n\n\n<!--nextpage-->\n\n\n\n<p>Tras estas intervenciones de voces autorizadas, s\u00f3lo quiero poner una nota de afecto sincero recordando a mi hermano, Quisquete, apoy\u00e1ndome en algunas palabras suyas, transcritas en el libro <em>Javier Egea, 1969-1999 Taller del autor<\/em>, que eran anotaciones muy personales de sus carpetas, ilusiones, pensamientos, detalles sensibles, del cual leer\u00e9 algunos fragmentos, para:<\/p>\n\n\n\n<p>1.- Destacar que la poes\u00eda fue su vida, que desde el inicio se traz\u00f3 un destino. En 1969 para preparar un recital escribe:<\/p>\n\n\n\n<p>(<em>Porque<\/em>) <em>He aprendido en la vida que es mi deber propagar la sonrisa, propagar en mis versos una l\u00e1grima cierta que brote entre sus letras, para que alguien se sienta m\u00e1s fuerte, tan fuerte, que pueda romper el hilo m\u00e1s delgado con sus manos.<\/em><br><em>Y yo quiero cumplir mi destino con mis versos.<\/em><br><em>Aunque el viento se aleje, aunque me arda el pecho, aunque sienta en mis manos la furia del deseo, cumplir\u00e9 mi destino: VIVIR, LUCHAR, PROPAGAR UN ALIENTO, AYUDAR AL QUE NUNCA ABRI\u00d3 LA BOCA.<\/em><\/p>\n\n\n\n<p>Y puedo decir que siempre fue fiel a esa idea.<\/p>\n\n\n\n<p>2.- Adem\u00e1s, resaltar la influencia que tuvo la m\u00fasica en su vida y obras. Recojo parte de lo que prepar\u00f3 para una tertulia en la Casa de Porras en 1994:<\/p>\n\n\n\n<p><em>Tendr\u00eda que remontarme a mi m\u00e1s tierna y perversa infancia para localizar mis primeros contactos con la poes\u00eda. Y de inmediato me llega el sonido claro de una voz, la de mi madre, que entona, acompa\u00f1\u00e1ndose al piano, alguna canci\u00f3n napolitana. Aquellas melod\u00edas contaban historias de nostalgias y ausencias y amores apasionados. (\u2026) Ya antes, antes siquiera de comprender las palabras de las canciones, oigo tambi\u00e9n el est\u00edmulo adormecedor de su voz susurrando nanas de letras c\u00e1lidas con las que se iban cerrando aquellos ojos m\u00edos de mil novecientos cincuenta y tantos llenos ya de un asombro y un miedo infinitos. Fue sin duda esta confluencia de m\u00fasica y letra la que inconscientemente me impregn\u00f3 de eso que m\u00e1s tarde supe que llamaban poes\u00eda, con sus ritmos, sus rimas, sus cadencias y su discurso ideol\u00f3gico.<\/em><\/p>\n\n\n\n<p> En otro momento dice:<\/p>\n\n\n\n<p><em>Para escribir una obra necesito una tonalidad musical y un paisaje de fondo. Es entonces cuando me meto de lleno en una aventura que voy descubriendo poco a poco, Concibo el libro como un todo. Es una aventura con principio y con final.<\/em><\/p>\n\n\n\n<p>3.- Tambi\u00e9n quiero resaltar el valor de su autoformaci\u00f3n. Continuamente ten\u00eda en sus manos unas cuartillas en las que tomar notas de un libro, desde autores cl\u00e1sicos a los contempor\u00e1neos y se relacionaba con el mundo de la cultura, como habr\u00e9is podido ver en las fotograf\u00edas expuestas.<\/p>\n\n\n\n<p>Quisquete dej\u00f3 voluntariamente nuestro mundo finito. Si despu\u00e9s existe otra dimensi\u00f3n c\u00f3smica, cu\u00e1ntica, infinita \u2026 a la que pueda llegar la energ\u00eda que se desprende de los aqu\u00ed reunidos por la emoci\u00f3n que provocan sus versos \u00e9l vibrar\u00eda percibiendo cumplido su destino.<\/p>\n\n\n\n<p class=\"has-medium-font-size\">Bibliograf\u00eda: <em>Javier Egea Taller del Autor (1969-1999), Volumen I.<\/em> Edici\u00f3n de Jos\u00e9 Luis Alc\u00e1ntara y Antonio Hern\u00e1ndez Garc\u00eda.Ed.Bartleby. 2015.<\/p>\n\n\n\n<figure class=\"wp-block-image size-full\"><img loading=\"lazy\" decoding=\"async\" width=\"780\" height=\"517\" src=\"https:\/\/olvidosdegranada.es\/wp-content\/uploads\/acequia.jpg\" alt=\"\" class=\"wp-image-5044\" srcset=\"https:\/\/olvidosdegranada.es\/wp-content\/uploads\/acequia.jpg 780w, https:\/\/olvidosdegranada.es\/wp-content\/uploads\/acequia-300x199.jpg 300w, https:\/\/olvidosdegranada.es\/wp-content\/uploads\/acequia-150x99.jpg 150w, https:\/\/olvidosdegranada.es\/wp-content\/uploads\/acequia-768x509.jpg 768w\" sizes=\"auto, (max-width: 780px) 100vw, 780px\" \/><\/figure>\n","protected":false},"excerpt":{"rendered":"<p>HOMENAJE A JAVIER EGEA25 ANIVERSARIO DE SU AUSENCIA El pasado 11 de noviembre de 2024 &#8230; <\/p>\n<p class=\"read-more-container\"><a title=\"Zaid\u00edn: 25 a\u00f1os sin Javier Egea\" class=\"read-more button\" href=\"https:\/\/olvidosdegranada.es\/index.php\/2024\/11\/18\/zaidin-25-anos-sin-javier-egea\/#more-5004\" aria-label=\"Leer m\u00e1s sobre Zaid\u00edn: 25 a\u00f1os sin Javier Egea\">Leer m\u00e1s<\/a><\/p>\n","protected":false},"author":4,"featured_media":0,"comment_status":"open","ping_status":"closed","sticky":false,"template":"","format":"standard","meta":{"_acf_changed":false,"_jetpack_newsletter_access":"","_jetpack_dont_email_post_to_subs":false,"_jetpack_newsletter_tier_id":0,"_jetpack_memberships_contains_paywalled_content":false,"_jetpack_feature_clip_id":0,"_jetpack_memberships_contains_paid_content":false,"footnotes":"","jetpack_post_was_ever_published":false},"categories":[10,5],"tags":[139],"class_list":["post-5004","post","type-post","status-publish","format-standard","hentry","category-memoria-de-granada","category-piezas-procesos","tag-poesia-javier-egea","infinite-scroll-item","generate-columns","tablet-grid-50","mobile-grid-100","grid-parent","grid-33","no-featured-image-padding"],"acf":[],"yoast_head":"<!-- This site is optimized with the Yoast SEO plugin v28.3 - https:\/\/yoast.com\/product\/yoast-seo-wordpress\/ -->\n<title>Zaid\u00edn: 25 a\u00f1os sin Javier Egea - Olvidos de Granada<\/title>\n<meta name=\"description\" content=\"HOMENAJE A JAVIER EGEA25 ANIVERSARIO DE SU AUSENCIA El pasado 11 de noviembre de 2024 se celebr\u00f3 el acto de Homenaje al poeta Javier Egea en el 25\" \/>\n<meta name=\"robots\" content=\"index, follow, max-snippet:-1, max-image-preview:large, max-video-preview:-1\" \/>\n<link rel=\"canonical\" href=\"https:\/\/olvidosdegranada.es\/index.php\/2024\/11\/18\/zaidin-25-anos-sin-javier-egea\/\" \/>\n<meta property=\"og:locale\" content=\"es_ES\" \/>\n<meta property=\"og:type\" content=\"article\" \/>\n<meta property=\"og:title\" content=\"Zaid\u00edn: 25 a\u00f1os sin Javier Egea - Olvidos de Granada\" \/>\n<meta property=\"og:description\" content=\"HOMENAJE A JAVIER EGEA25 ANIVERSARIO DE SU AUSENCIA El pasado 11 de noviembre de 2024 se celebr\u00f3 el acto de Homenaje al poeta Javier Egea en el 25\" \/>\n<meta property=\"og:url\" content=\"https:\/\/olvidosdegranada.es\/index.php\/2024\/11\/18\/zaidin-25-anos-sin-javier-egea\/\" \/>\n<meta property=\"og:site_name\" content=\"Olvidos de Granada\" \/>\n<meta property=\"article:publisher\" content=\"https:\/\/www.facebook.com\/OLVIDOSDIGITAL\" \/>\n<meta property=\"article:published_time\" content=\"2024-11-18T00:04:36+00:00\" \/>\n<meta property=\"article:modified_time\" content=\"2024-11-21T11:15:50+00:00\" \/>\n<meta property=\"og:image\" content=\"https:\/\/olvidosdegranada.es\/wp-content\/uploads\/image-43.png\" \/>\n\t<meta property=\"og:image:width\" content=\"874\" \/>\n\t<meta property=\"og:image:height\" content=\"618\" \/>\n\t<meta property=\"og:image:type\" content=\"image\/png\" \/>\n<meta name=\"author\" content=\"Alfonso Salazar\" \/>\n<meta name=\"twitter:card\" content=\"summary_large_image\" \/>\n<meta name=\"twitter:creator\" content=\"@olvidospuntoes\" \/>\n<meta name=\"twitter:site\" content=\"@olvidospuntoes\" \/>\n<meta name=\"twitter:label1\" content=\"Escrito por\" \/>\n\t<meta name=\"twitter:data1\" content=\"Alfonso Salazar\" \/>\n\t<meta name=\"twitter:label2\" content=\"Tiempo de lectura\" \/>\n\t<meta name=\"twitter:data2\" content=\"19 minutos\" \/>\n<script type=\"application\/ld+json\" class=\"yoast-schema-graph\">{\"@context\":\"https:\\\/\\\/schema.org\",\"@graph\":[{\"@type\":\"Article\",\"@id\":\"https:\\\/\\\/olvidosdegranada.es\\\/index.php\\\/2024\\\/11\\\/18\\\/zaidin-25-anos-sin-javier-egea\\\/#article\",\"isPartOf\":{\"@id\":\"https:\\\/\\\/olvidosdegranada.es\\\/index.php\\\/2024\\\/11\\\/18\\\/zaidin-25-anos-sin-javier-egea\\\/\"},\"author\":{\"name\":\"Alfonso Salazar\",\"@id\":\"https:\\\/\\\/olvidosdegranada.es\\\/#\\\/schema\\\/person\\\/2e10b199a19cf21e8fd2391979d33083\"},\"headline\":\"Zaid\u00edn: 25 a\u00f1os sin Javier Egea\",\"datePublished\":\"2024-11-18T00:04:36+00:00\",\"dateModified\":\"2024-11-21T11:15:50+00:00\",\"mainEntityOfPage\":{\"@id\":\"https:\\\/\\\/olvidosdegranada.es\\\/index.php\\\/2024\\\/11\\\/18\\\/zaidin-25-anos-sin-javier-egea\\\/\"},\"wordCount\":4188,\"commentCount\":0,\"publisher\":{\"@id\":\"https:\\\/\\\/olvidosdegranada.es\\\/#organization\"},\"image\":{\"@id\":\"https:\\\/\\\/olvidosdegranada.es\\\/index.php\\\/2024\\\/11\\\/18\\\/zaidin-25-anos-sin-javier-egea\\\/#primaryimage\"},\"thumbnailUrl\":\"https:\\\/\\\/olvidosdegranada.es\\\/wp-content\\\/uploads\\\/image-43.png\",\"keywords\":[\"poes\u00eda; Javier Egea\"],\"articleSection\":[\"Memoria de Granada\",\"Piezas y Procesos\"],\"inLanguage\":\"es\",\"potentialAction\":[{\"@type\":\"CommentAction\",\"name\":\"Comment\",\"target\":[\"https:\\\/\\\/olvidosdegranada.es\\\/index.php\\\/2024\\\/11\\\/18\\\/zaidin-25-anos-sin-javier-egea\\\/#respond\"]}]},{\"@type\":\"WebPage\",\"@id\":\"https:\\\/\\\/olvidosdegranada.es\\\/index.php\\\/2024\\\/11\\\/18\\\/zaidin-25-anos-sin-javier-egea\\\/\",\"url\":\"https:\\\/\\\/olvidosdegranada.es\\\/index.php\\\/2024\\\/11\\\/18\\\/zaidin-25-anos-sin-javier-egea\\\/\",\"name\":\"Zaid\u00edn: 25 a\u00f1os sin Javier Egea - Olvidos de Granada\",\"isPartOf\":{\"@id\":\"https:\\\/\\\/olvidosdegranada.es\\\/#website\"},\"primaryImageOfPage\":{\"@id\":\"https:\\\/\\\/olvidosdegranada.es\\\/index.php\\\/2024\\\/11\\\/18\\\/zaidin-25-anos-sin-javier-egea\\\/#primaryimage\"},\"image\":{\"@id\":\"https:\\\/\\\/olvidosdegranada.es\\\/index.php\\\/2024\\\/11\\\/18\\\/zaidin-25-anos-sin-javier-egea\\\/#primaryimage\"},\"thumbnailUrl\":\"https:\\\/\\\/olvidosdegranada.es\\\/wp-content\\\/uploads\\\/image-43.png\",\"datePublished\":\"2024-11-18T00:04:36+00:00\",\"dateModified\":\"2024-11-21T11:15:50+00:00\",\"description\":\"HOMENAJE A JAVIER EGEA25 ANIVERSARIO DE SU AUSENCIA El pasado 11 de noviembre de 2024 se celebr\u00f3 el acto de Homenaje al poeta Javier Egea en el 25\",\"breadcrumb\":{\"@id\":\"https:\\\/\\\/olvidosdegranada.es\\\/index.php\\\/2024\\\/11\\\/18\\\/zaidin-25-anos-sin-javier-egea\\\/#breadcrumb\"},\"inLanguage\":\"es\",\"potentialAction\":[{\"@type\":\"ReadAction\",\"target\":[\"https:\\\/\\\/olvidosdegranada.es\\\/index.php\\\/2024\\\/11\\\/18\\\/zaidin-25-anos-sin-javier-egea\\\/\"]}]},{\"@type\":\"ImageObject\",\"inLanguage\":\"es\",\"@id\":\"https:\\\/\\\/olvidosdegranada.es\\\/index.php\\\/2024\\\/11\\\/18\\\/zaidin-25-anos-sin-javier-egea\\\/#primaryimage\",\"url\":\"https:\\\/\\\/olvidosdegranada.es\\\/wp-content\\\/uploads\\\/image-43.png\",\"contentUrl\":\"https:\\\/\\\/olvidosdegranada.es\\\/wp-content\\\/uploads\\\/image-43.png\",\"width\":874,\"height\":618},{\"@type\":\"BreadcrumbList\",\"@id\":\"https:\\\/\\\/olvidosdegranada.es\\\/index.php\\\/2024\\\/11\\\/18\\\/zaidin-25-anos-sin-javier-egea\\\/#breadcrumb\",\"itemListElement\":[{\"@type\":\"ListItem\",\"position\":1,\"name\":\"Portada\",\"item\":\"https:\\\/\\\/olvidosdegranada.es\\\/\"},{\"@type\":\"ListItem\",\"position\":2,\"name\":\"Zaid\u00edn: 25 a\u00f1os sin Javier Egea\"}]},{\"@type\":\"WebSite\",\"@id\":\"https:\\\/\\\/olvidosdegranada.es\\\/#website\",\"url\":\"https:\\\/\\\/olvidosdegranada.es\\\/\",\"name\":\"Olvidos de Granada\",\"description\":\"Revista de acciones culturales\",\"publisher\":{\"@id\":\"https:\\\/\\\/olvidosdegranada.es\\\/#organization\"},\"potentialAction\":[{\"@type\":\"SearchAction\",\"target\":{\"@type\":\"EntryPoint\",\"urlTemplate\":\"https:\\\/\\\/olvidosdegranada.es\\\/?s={search_term_string}\"},\"query-input\":{\"@type\":\"PropertyValueSpecification\",\"valueRequired\":true,\"valueName\":\"search_term_string\"}}],\"inLanguage\":\"es\"},{\"@type\":\"Organization\",\"@id\":\"https:\\\/\\\/olvidosdegranada.es\\\/#organization\",\"name\":\"Olvidos de Granada\",\"url\":\"https:\\\/\\\/olvidosdegranada.es\\\/\",\"logo\":{\"@type\":\"ImageObject\",\"inLanguage\":\"es\",\"@id\":\"https:\\\/\\\/olvidosdegranada.es\\\/#\\\/schema\\\/logo\\\/image\\\/\",\"url\":\"https:\\\/\\\/olvidosdegranada.es\\\/wp-content\\\/uploads\\\/2020\\\/12\\\/Recurso-9.png\",\"contentUrl\":\"https:\\\/\\\/olvidosdegranada.es\\\/wp-content\\\/uploads\\\/2020\\\/12\\\/Recurso-9.png\",\"width\":700,\"height\":227,\"caption\":\"Olvidos de Granada\"},\"image\":{\"@id\":\"https:\\\/\\\/olvidosdegranada.es\\\/#\\\/schema\\\/logo\\\/image\\\/\"},\"sameAs\":[\"https:\\\/\\\/www.facebook.com\\\/OLVIDOSDIGITAL\",\"https:\\\/\\\/x.com\\\/olvidospuntoes\"]},{\"@type\":\"Person\",\"@id\":\"https:\\\/\\\/olvidosdegranada.es\\\/#\\\/schema\\\/person\\\/2e10b199a19cf21e8fd2391979d33083\",\"name\":\"Alfonso Salazar\",\"image\":{\"@type\":\"ImageObject\",\"inLanguage\":\"es\",\"@id\":\"https:\\\/\\\/secure.gravatar.com\\\/avatar\\\/8768a2dca789940dbdaf5fdd283c795998719eb61dc0c2c16eb3decaaf6b3304?s=96&d=mm&r=g\",\"url\":\"https:\\\/\\\/secure.gravatar.com\\\/avatar\\\/8768a2dca789940dbdaf5fdd283c795998719eb61dc0c2c16eb3decaaf6b3304?s=96&d=mm&r=g\",\"contentUrl\":\"https:\\\/\\\/secure.gravatar.com\\\/avatar\\\/8768a2dca789940dbdaf5fdd283c795998719eb61dc0c2c16eb3decaaf6b3304?s=96&d=mm&r=g\",\"caption\":\"Alfonso Salazar\"},\"url\":\"https:\\\/\\\/olvidosdegranada.es\\\/index.php\\\/author\\\/alfonso-salazar\\\/\"}]}<\/script>\n<!-- \/ Yoast SEO plugin. -->","yoast_head_json":{"title":"Zaid\u00edn: 25 a\u00f1os sin Javier Egea - Olvidos de Granada","description":"HOMENAJE A JAVIER EGEA25 ANIVERSARIO DE SU AUSENCIA El pasado 11 de noviembre de 2024 se celebr\u00f3 el acto de Homenaje al poeta Javier Egea en el 25","robots":{"index":"index","follow":"follow","max-snippet":"max-snippet:-1","max-image-preview":"max-image-preview:large","max-video-preview":"max-video-preview:-1"},"canonical":"https:\/\/olvidosdegranada.es\/index.php\/2024\/11\/18\/zaidin-25-anos-sin-javier-egea\/","og_locale":"es_ES","og_type":"article","og_title":"Zaid\u00edn: 25 a\u00f1os sin Javier Egea - Olvidos de Granada","og_description":"HOMENAJE A JAVIER EGEA25 ANIVERSARIO DE SU AUSENCIA El pasado 11 de noviembre de 2024 se celebr\u00f3 el acto de Homenaje al poeta Javier Egea en el 25","og_url":"https:\/\/olvidosdegranada.es\/index.php\/2024\/11\/18\/zaidin-25-anos-sin-javier-egea\/","og_site_name":"Olvidos de Granada","article_publisher":"https:\/\/www.facebook.com\/OLVIDOSDIGITAL","article_published_time":"2024-11-18T00:04:36+00:00","article_modified_time":"2024-11-21T11:15:50+00:00","og_image":[{"width":874,"height":618,"url":"https:\/\/olvidosdegranada.es\/wp-content\/uploads\/image-43.png","type":"image\/png"}],"author":"Alfonso Salazar","twitter_card":"summary_large_image","twitter_creator":"@olvidospuntoes","twitter_site":"@olvidospuntoes","twitter_misc":{"Escrito por":"Alfonso Salazar","Tiempo de lectura":"19 minutos"},"schema":{"@context":"https:\/\/schema.org","@graph":[{"@type":"Article","@id":"https:\/\/olvidosdegranada.es\/index.php\/2024\/11\/18\/zaidin-25-anos-sin-javier-egea\/#article","isPartOf":{"@id":"https:\/\/olvidosdegranada.es\/index.php\/2024\/11\/18\/zaidin-25-anos-sin-javier-egea\/"},"author":{"name":"Alfonso Salazar","@id":"https:\/\/olvidosdegranada.es\/#\/schema\/person\/2e10b199a19cf21e8fd2391979d33083"},"headline":"Zaid\u00edn: 25 a\u00f1os sin Javier Egea","datePublished":"2024-11-18T00:04:36+00:00","dateModified":"2024-11-21T11:15:50+00:00","mainEntityOfPage":{"@id":"https:\/\/olvidosdegranada.es\/index.php\/2024\/11\/18\/zaidin-25-anos-sin-javier-egea\/"},"wordCount":4188,"commentCount":0,"publisher":{"@id":"https:\/\/olvidosdegranada.es\/#organization"},"image":{"@id":"https:\/\/olvidosdegranada.es\/index.php\/2024\/11\/18\/zaidin-25-anos-sin-javier-egea\/#primaryimage"},"thumbnailUrl":"https:\/\/olvidosdegranada.es\/wp-content\/uploads\/image-43.png","keywords":["poes\u00eda; Javier Egea"],"articleSection":["Memoria de Granada","Piezas y Procesos"],"inLanguage":"es","potentialAction":[{"@type":"CommentAction","name":"Comment","target":["https:\/\/olvidosdegranada.es\/index.php\/2024\/11\/18\/zaidin-25-anos-sin-javier-egea\/#respond"]}]},{"@type":"WebPage","@id":"https:\/\/olvidosdegranada.es\/index.php\/2024\/11\/18\/zaidin-25-anos-sin-javier-egea\/","url":"https:\/\/olvidosdegranada.es\/index.php\/2024\/11\/18\/zaidin-25-anos-sin-javier-egea\/","name":"Zaid\u00edn: 25 a\u00f1os sin Javier Egea - Olvidos de Granada","isPartOf":{"@id":"https:\/\/olvidosdegranada.es\/#website"},"primaryImageOfPage":{"@id":"https:\/\/olvidosdegranada.es\/index.php\/2024\/11\/18\/zaidin-25-anos-sin-javier-egea\/#primaryimage"},"image":{"@id":"https:\/\/olvidosdegranada.es\/index.php\/2024\/11\/18\/zaidin-25-anos-sin-javier-egea\/#primaryimage"},"thumbnailUrl":"https:\/\/olvidosdegranada.es\/wp-content\/uploads\/image-43.png","datePublished":"2024-11-18T00:04:36+00:00","dateModified":"2024-11-21T11:15:50+00:00","description":"HOMENAJE A JAVIER EGEA25 ANIVERSARIO DE SU AUSENCIA El pasado 11 de noviembre de 2024 se celebr\u00f3 el acto de Homenaje al poeta Javier Egea en el 25","breadcrumb":{"@id":"https:\/\/olvidosdegranada.es\/index.php\/2024\/11\/18\/zaidin-25-anos-sin-javier-egea\/#breadcrumb"},"inLanguage":"es","potentialAction":[{"@type":"ReadAction","target":["https:\/\/olvidosdegranada.es\/index.php\/2024\/11\/18\/zaidin-25-anos-sin-javier-egea\/"]}]},{"@type":"ImageObject","inLanguage":"es","@id":"https:\/\/olvidosdegranada.es\/index.php\/2024\/11\/18\/zaidin-25-anos-sin-javier-egea\/#primaryimage","url":"https:\/\/olvidosdegranada.es\/wp-content\/uploads\/image-43.png","contentUrl":"https:\/\/olvidosdegranada.es\/wp-content\/uploads\/image-43.png","width":874,"height":618},{"@type":"BreadcrumbList","@id":"https:\/\/olvidosdegranada.es\/index.php\/2024\/11\/18\/zaidin-25-anos-sin-javier-egea\/#breadcrumb","itemListElement":[{"@type":"ListItem","position":1,"name":"Portada","item":"https:\/\/olvidosdegranada.es\/"},{"@type":"ListItem","position":2,"name":"Zaid\u00edn: 25 a\u00f1os sin Javier Egea"}]},{"@type":"WebSite","@id":"https:\/\/olvidosdegranada.es\/#website","url":"https:\/\/olvidosdegranada.es\/","name":"Olvidos de Granada","description":"Revista de acciones culturales","publisher":{"@id":"https:\/\/olvidosdegranada.es\/#organization"},"potentialAction":[{"@type":"SearchAction","target":{"@type":"EntryPoint","urlTemplate":"https:\/\/olvidosdegranada.es\/?s={search_term_string}"},"query-input":{"@type":"PropertyValueSpecification","valueRequired":true,"valueName":"search_term_string"}}],"inLanguage":"es"},{"@type":"Organization","@id":"https:\/\/olvidosdegranada.es\/#organization","name":"Olvidos de Granada","url":"https:\/\/olvidosdegranada.es\/","logo":{"@type":"ImageObject","inLanguage":"es","@id":"https:\/\/olvidosdegranada.es\/#\/schema\/logo\/image\/","url":"https:\/\/olvidosdegranada.es\/wp-content\/uploads\/2020\/12\/Recurso-9.png","contentUrl":"https:\/\/olvidosdegranada.es\/wp-content\/uploads\/2020\/12\/Recurso-9.png","width":700,"height":227,"caption":"Olvidos de Granada"},"image":{"@id":"https:\/\/olvidosdegranada.es\/#\/schema\/logo\/image\/"},"sameAs":["https:\/\/www.facebook.com\/OLVIDOSDIGITAL","https:\/\/x.com\/olvidospuntoes"]},{"@type":"Person","@id":"https:\/\/olvidosdegranada.es\/#\/schema\/person\/2e10b199a19cf21e8fd2391979d33083","name":"Alfonso Salazar","image":{"@type":"ImageObject","inLanguage":"es","@id":"https:\/\/secure.gravatar.com\/avatar\/8768a2dca789940dbdaf5fdd283c795998719eb61dc0c2c16eb3decaaf6b3304?s=96&d=mm&r=g","url":"https:\/\/secure.gravatar.com\/avatar\/8768a2dca789940dbdaf5fdd283c795998719eb61dc0c2c16eb3decaaf6b3304?s=96&d=mm&r=g","contentUrl":"https:\/\/secure.gravatar.com\/avatar\/8768a2dca789940dbdaf5fdd283c795998719eb61dc0c2c16eb3decaaf6b3304?s=96&d=mm&r=g","caption":"Alfonso Salazar"},"url":"https:\/\/olvidosdegranada.es\/index.php\/author\/alfonso-salazar\/"}]}},"jetpack_sharing_enabled":true,"jetpack_featured_media_url":"","_links":{"self":[{"href":"https:\/\/olvidosdegranada.es\/index.php\/wp-json\/wp\/v2\/posts\/5004","targetHints":{"allow":["GET"]}}],"collection":[{"href":"https:\/\/olvidosdegranada.es\/index.php\/wp-json\/wp\/v2\/posts"}],"about":[{"href":"https:\/\/olvidosdegranada.es\/index.php\/wp-json\/wp\/v2\/types\/post"}],"author":[{"embeddable":true,"href":"https:\/\/olvidosdegranada.es\/index.php\/wp-json\/wp\/v2\/users\/4"}],"replies":[{"embeddable":true,"href":"https:\/\/olvidosdegranada.es\/index.php\/wp-json\/wp\/v2\/comments?post=5004"}],"version-history":[{"count":12,"href":"https:\/\/olvidosdegranada.es\/index.php\/wp-json\/wp\/v2\/posts\/5004\/revisions"}],"predecessor-version":[{"id":5058,"href":"https:\/\/olvidosdegranada.es\/index.php\/wp-json\/wp\/v2\/posts\/5004\/revisions\/5058"}],"wp:attachment":[{"href":"https:\/\/olvidosdegranada.es\/index.php\/wp-json\/wp\/v2\/media?parent=5004"}],"wp:term":[{"taxonomy":"category","embeddable":true,"href":"https:\/\/olvidosdegranada.es\/index.php\/wp-json\/wp\/v2\/categories?post=5004"},{"taxonomy":"post_tag","embeddable":true,"href":"https:\/\/olvidosdegranada.es\/index.php\/wp-json\/wp\/v2\/tags?post=5004"}],"curies":[{"name":"wp","href":"https:\/\/api.w.org\/{rel}","templated":true}]}}