{"id":4752,"date":"2024-05-21T19:10:55","date_gmt":"2024-05-21T19:10:55","guid":{"rendered":"https:\/\/olvidosdegranada.es\/?p=4752"},"modified":"2025-07-22T22:20:45","modified_gmt":"2025-07-22T20:20:45","slug":"porque-unos-labios-dicen-elena-martin-vivaldi","status":"publish","type":"post","link":"https:\/\/olvidosdegranada.es\/index.php\/2024\/05\/21\/porque-unos-labios-dicen-elena-martin-vivaldi\/","title":{"rendered":"Porque unos labios dicen: Elena Mart\u00edn Vivaldi"},"content":{"rendered":"\n<p><strong>Para hablar de Elena Mart\u00edn Vivaldi, para rememorarla, qu\u00e9 mejor que tras el recientemente 25\u00ba Aniversario de su fallecimiento y con el t\u00edtulo de uno de sus poemas:&nbsp;<em>Porque unos labios dicen<\/em> (de <em>Durante este tiempo, <\/em>1972), poema que dedic\u00f3 a Vicente Aleixandre. Y tambi\u00e9n recordando la cita del poeta sevillano, que ella dispuso en este poema: \u00abMi nombre fue un sonido\/ por unos labios&#8230;\u00bb. Su vida y su obra caminan juntas, se construyen unidas. Vivir es lo que hace Elena Mart\u00edn Vivaldi al escribir.<\/strong><\/p>\n\n\n\n<p>Elena Mart\u00edn Vivaldi naci\u00f3 en Granada en 1907 y nos dej\u00f3 en marzo de 1998. Fue una mujer que sigilosamente habit\u00f3 casi todo el siglo XX, 91 a\u00f1os. Vivi\u00f3 y escribi\u00f3 como quiso: sin hacer ruido. Su vida y su poes\u00eda son contenidas pero repletas de fuerza. Todos los que la conocieron de cerca lo atestiguan. Yo, a\u00fan la recuerdo paseando por la calle Recogidas y por Puerta Real, cerca de su casa de la calle Mart\u00ednez Campos. Desprend\u00eda humanidad y elegancia.<\/p>\n\n\n\n<figure class=\"wp-block-image size-full\"><img loading=\"lazy\" decoding=\"async\" width=\"664\" height=\"373\" src=\"https:\/\/olvidosdegranada.es\/wp-content\/uploads\/image-28.png\" alt=\"\" class=\"wp-image-4754\" srcset=\"https:\/\/olvidosdegranada.es\/wp-content\/uploads\/image-28.png 664w, https:\/\/olvidosdegranada.es\/wp-content\/uploads\/image-28-300x169.png 300w, https:\/\/olvidosdegranada.es\/wp-content\/uploads\/image-28-150x84.png 150w\" sizes=\"auto, (max-width: 664px) 100vw, 664px\" \/><\/figure>\n\n\n\n<p class=\"has-small-font-size\">Fotograf\u00eda RG Granada Hoy<\/p>\n\n\n\n<p>Proced\u00eda de una familia progresista y universitaria. Su padre, catedr\u00e1tico de Ginecolog\u00eda, fue el primer alcalde republicano de Granada. Vivi\u00f3 su infancia en la casa que con anterioridad hab\u00eda pertenecido a Francisco Ayala. Pose\u00eda un cuidado jard\u00edn que el granadino describir\u00eda en su libro,\u00a0<em>El Jard\u00edn de las Delicias<\/em>. Recibi\u00f3 el apoyo de una familia liberal. Fue una mujer universitaria, muy formada e independiente. No debemos olvidar el provincianismo de la Granada que le toc\u00f3 vivir. Con sus ideas, era todo un dilema. Una sociedad que no le gustaba, deb\u00eda abrirse camino en un mundo hecho para los hombres y que ella no comprend\u00eda. Dilema que le llev\u00f3 a escribir y a contar, con toda sinceridad y generosidad. Su poes\u00eda tiene el deseo de transmitir. Para sobrevivir tiene que escribir, nos lo dej\u00f3 dicho. Nos regala una poes\u00eda desnuda e intimista. Elena estudi\u00f3 Filosof\u00eda y Letras en la Universidad de Granada (1931-1938). En 1942 gan\u00f3 por oposici\u00f3n una plaza al cuerpo de Bibliotecas, Archivos y Museos. Estuvo destinada en Huelva y Sevilla antes de ser destinada a Granada, donde ejerci\u00f3 como bibliotecaria en la Universidad de Granada hasta su jubilaci\u00f3n. Profesi\u00f3n que le hizo muy feliz por su amor a los libros. Fue en la Biblioteca de la Facultad de Derecho, su \u00faltimo destino, donde escribi\u00f3 un poema emblem\u00e1tico de su po\u00e9tica: <em>Ginkgo Biloba (\u00c1rbol centenario)<\/em>, del Jard\u00edn Bot\u00e1nico, que ve\u00eda desde la ventana en donde trabajaba. Y que se ha quedado inmortalizado como homenaje a la poeta. Su poes\u00eda dedicada a los \u00e1rboles es numerosa: <em>Tilos<\/em>, <em>A un chopo amarillo<\/em>, <em>El magnolio<\/em>, entre otros.<\/p>\n\n\n\n<p>Sus poemas est\u00e1n escritos en versos con una gran carga l\u00edrica, repleta de im\u00e1genes, rebosante de s\u00edmbolos, donde los elementos de la naturaleza son sus protagonistas principales. Su estaci\u00f3n favorita fue la primavera:<\/p>\n\n\n\n<blockquote class=\"wp-block-quote is-layout-flow wp-block-quote-is-layout-flow\">\n<p>D\u00e9jame, en esta hora tibia de primavera<br>so\u00f1ar que t\u00fa eres s\u00f3lo el amor que yo tengo<br>y abrirle a mi tristeza las p\u00e1ginas primeras<br>que vayan relatando mi vida como un cuento.<\/p>\n<cite>(<em>I<\/em>, de\u00a0<em>Primeros poemas, <\/em>1942-1944)<\/cite><\/blockquote>\n\n\n\n<p>Derrama sus versos en una naturaleza plena, impresionista por la presencia de los colores, en especial los amarillos:<\/p>\n\n\n\n<blockquote class=\"wp-block-quote is-layout-flow wp-block-quote-is-layout-flow\">\n<p>Y se le han puesto amarillas<br>las hojas a mi deseo;<br>en medio del jard\u00edn, yo<br>\u2014\u00a1qu\u00e9 amarillo!\u2014 lo contemplo.<br>(del poema\u00a0`<em>Amarillo` <\/em>(de\u00a0<em>El alma desvelada,<\/em>1953)<br><\/p>\n<\/blockquote>\n\n\n\n<p>Imprescindible destacar su amor por \u00e9sta, la urgencia que le lleva a ampararse, a refugiarse en ella. Le inspira para sobrellevar el peso de la vida, la soledad, el desenga\u00f1o y el desamor. En sus poemas adquieren protagonismo los jardines, los \u00e1rboles, las flores, los colores&#8230; Unas veces, en mundos llenos de luz y vitalidad y otros matizados con sombras y oscuridades. Ella ilumina, matiza, sombrea, diluye y apaga cuando su estado, su \u00e1nimo lo requiere. As\u00ed, sus versos se construyen en un di\u00e1logo personal con las calles, las plazas, el mar, la luna, los edificios, las ventanas, el paso de las estaciones, con las obras de sus poetas preferidos, de personajes conocidos, de mujeres importantes. Escribe una poes\u00eda de ciudad, urbana, en donde el paisaje de Granada siempre est\u00e1 de fondo. Su biograf\u00eda, transformada en escritura.<\/p>\n\n\n\n<figure class=\"wp-block-image size-full is-resized\"><img loading=\"lazy\" decoding=\"async\" width=\"501\" height=\"368\" src=\"https:\/\/olvidosdegranada.es\/wp-content\/uploads\/image-30.png\" alt=\"\" class=\"wp-image-4756\" style=\"width:466px;height:auto\" srcset=\"https:\/\/olvidosdegranada.es\/wp-content\/uploads\/image-30.png 501w, https:\/\/olvidosdegranada.es\/wp-content\/uploads\/image-30-300x220.png 300w, https:\/\/olvidosdegranada.es\/wp-content\/uploads\/image-30-150x110.png 150w\" sizes=\"auto, (max-width: 501px) 100vw, 501px\" \/><\/figure>\n\n\n\n<p>Comenz\u00f3 a escribir pronto, pero no fue hasta 1945 cuando comienza a publicar. Fue la revista\u00a0<em>Espada\u00f1a\u00a0<\/em>la que dio la noticia de la aparici\u00f3n de su primer libro:\u00a0<em>Escalera de luna\u00a0<\/em>(1945). La poeta ten\u00eda entonces 38 a\u00f1os. Es cuando su vida y su obra al un\u00edsono crean un mundo propio. Ya de ni\u00f1a la llamaron \u00abla ni\u00f1a de jard\u00edn propio\u00bb, y gust\u00f3 tambi\u00e9n del libro\u00a0<em>Habitaci\u00f3n propia<\/em>, de Virginia Woolf, a la que tanto admir\u00f3. Ten\u00eda un libro de ella en su mesilla el d\u00eda que muri\u00f3.<\/p>\n\n\n\n<p>A partir de aqu\u00ed llegar\u00edan ininterrumpidamente sus numerosos poemarios:\u00a0<em>El alma desvelada\u00a0<\/em>(1953),\u00a0<em>Cumplida soledad\u00a0<\/em>(1958),\u00a0<em>Arco en desenlace\u00a0<\/em>(1963),\u00a0<em>Materia de esperanza\u00a0<\/em>(1968),\u00a0<em>Diario incompleto de abril\u00a0<\/em>(1971),\u00a0<em>Durante este tiempo\u00a0<\/em>(1972),\u00a0<em>Primeros poemas\u00a0<\/em>(1977),\u00a0<em>Nocturnos\u00a0<\/em>(1981),\u00a0<em>Y era su nombre mar\u00a0<\/em>(1981). En 1985 la colecci\u00f3n granadina Silene y el Ayuntamiento de Granada reunieron toda su poes\u00eda:\u00a0<em>Tiempos a la orilla\u00a0<\/em>(1942-1984). Fue muy importante esta publicaci\u00f3n para mayor reconocimiento de la poeta. Era muy merecida. Son dos vol\u00famenes que compilan toda la obra de la autora hasta ese momento con varias composiciones in\u00e9ditas. En 1985 aparecen\u00a0<em>Desenga\u00f1os del amor fingido<\/em>, y en 1990, en\u00a0<em>Con solo esta palabra<\/em>, rinde homenaje a Federico Garc\u00eda Lorca. En prosa escribir\u00e1\u00a0<em>Los idiomas del silencio\u00a0<\/em>(2005). Fue elegida Hija predilecta de Granada, varios colegios llevan su nombre as\u00ed con esculturas en distintos puntos de Granada y una calle, tambi\u00e9n, le dedica su nombre.<\/p>\n\n\n\n<p>En su po\u00e9tica hay unos temas que siempre van a estar presentes. El tema de la soledad aparece ya desde su primer libro, asume la soledad como destino. As\u00ed en el\u00a0<em>Soneto de la oscura morada<\/em> (de\u00a0<em>Escalera de luna)<\/em>, ella misma escribir\u00eda \u00abbuscadme en el dolor\u00bb. En el poema\u00a0<em>Lluvia con variaciones <\/em>(de\u00a0<em>Durante este tiempo)<\/em>, se defin\u00eda como \u00abelenamente triste\u00bb. Pero sabemos que Mart\u00edn Vivaldi fue una mujer alegre, amiga de sus amigos de tertulia, con gran sentido del humor y amante de los placeres. Del mismo libro, su poema\u00a0<em>Otro domingo\u2019<\/em> <\/p>\n\n\n\n<blockquote class=\"wp-block-quote is-layout-flow wp-block-quote-is-layout-flow\">\n<p>Y estoy sola<br>y quisiera<br>que el tel\u00e9fono hablara,<br>que hablaran los extra\u00f1os&#8230;<\/p>\n<\/blockquote>\n\n\n\n<p>Describe a una mujer que siente la ausencia y la necesidad de afectos. Su voz femenina, sutil, solidaria, generosa, atrevida, discurre por sus versos. El tema del desenga\u00f1o, tanto por el tiempo que le toc\u00f3 vivir como en el \u00e1mbito privado, convergen en su escritura. As\u00ed en sus poemas\u00a0<em>Presencia en soledad<\/em> y\u00a0<em>Todo<\/em> (de\u00a0<em>El alma desvelada)<\/em>, nos muestra de una forma desgarradora el recuerdo del dolor. Ambos presididos por el adverbio de negaci\u00f3n: Del primero:<\/p>\n\n\n\n<blockquote class=\"wp-block-quote is-layout-flow wp-block-quote-is-layout-flow\">\n<p>T\u00fa puedes decir que no, y esconderte<\/p>\n<\/blockquote>\n\n\n\n<p>y del otro:<\/p>\n\n\n\n<blockquote class=\"wp-block-quote is-layout-flow wp-block-quote-is-layout-flow\">\n<p>La vida con su no<br>anudando, sin prisas, mi garganta.<\/p>\n<\/blockquote>\n\n\n\n<p>Sin sobrecargas ret\u00f3ricas consigue con su forma de escribir, transmitir lo implacable y conmovedor de su insatisfacci\u00f3n. Esta habilidad de manejar, de dominar sutilmente a las palabras es lo que envuelve el tono melanc\u00f3lico y urgente que est\u00e1 presente en su poes\u00eda:<\/p>\n\n\n\n<blockquote class=\"wp-block-quote is-layout-flow wp-block-quote-is-layout-flow\">\n<p>Te llamaba con el sol,<br>con la luna te llamaba&#8230;<\/p>\n<\/blockquote>\n\n\n\n<p>del poema \u2018<em>Desde una soledad\u2019<\/em> (de\u00a0<em>Arco en desenlace)<\/em>. Con sus poemas sin secretos, descarnados a veces, reflexiona sobre la existencia:<\/p>\n\n\n\n<blockquote class=\"wp-block-quote is-layout-flow wp-block-quote-is-layout-flow\">\n<p>Va la noche buscando una palabra<br>donde esconder el fr\u00edo de sus p\u00e1rpados<br>(de <em>Nocturno 2<\/em>).<\/p>\n<\/blockquote>\n\n\n\n<p>En estos versos el calor m\u00e1s humano necesita la palabra y la voz. As\u00ed \u00a0el poema <em>Amanecer en el mar<\/em> (de <em>Y era su nombre mar)<\/em>:<\/p>\n\n\n\n<blockquote class=\"wp-block-quote is-layout-flow wp-block-quote-is-layout-flow\">\n<p>Todo en el aire era voz,<br>grito azul, anunciaci\u00f3n.<\/p>\n<\/blockquote>\n\n\n\n<p>Por la fecha en que naci\u00f3 podr\u00eda pertenecer a la generaci\u00f3n literaria de Luis Felipe Vivanco (1907), Juan Luis Panero (1909), Luis Rosales (1910), Gabriel Celaya (1911), o Dionisio Ridruejo (1912), lo que se conoce como Generaci\u00f3n del 36. Es dif\u00edcil enmarcarla. Su poes\u00eda est\u00e1 lejos de las modas, de la tendencia de la moda garcilasista, del tremendismo, del formalismo afectado de Espada\u00f1a.<\/p>\n\n\n\n<p>Los estudiosos que se han acercado a su obra: Jos\u00e9 Espada, Rafael Guill\u00e9n, Antonio Carvajal, Genara Pulido, Jos\u00e9 Ortega, \u00c1ngeles Mora, Rafael Ju\u00e1rez, Luis Garc\u00eda Montero, Jos\u00e9 Guti\u00e9rrez, Manuel Mart\u00ednez, Andrea Villarrubia, entre otros, coinciden en lo inclasificable de su po\u00e9tica, debido a su propia y especial\u00edsima voz creadora. Entronca con toda la tradici\u00f3n l\u00edrica, para culminar con los poetas del 27. Durante los a\u00f1os cincuenta particip\u00f3 en las inquietudes del grupo \u201cVersos al aire libre\u201d, en cuyas tertulias participaban los poetas Miguel Ruiz del Castillo, Rafael Guill\u00e9n, J. G. Ladr\u00f3n de Guevara, Juan Guti\u00e9rrez Padial, Julio Alfredo Egea, Trina Mercader, Mar\u00eda de los Reyes y Jos\u00e9 Carlos Gallardo, entre otros.<\/p>\n\n\n\n<p>Elena Mart\u00edn Vivaldi escribe una poes\u00eda intimista que desnuda para nosotros, y para contarnos la historia de la b\u00fasqueda de su identidad. Ella ten\u00eda la necesidad de transmitir. Con voz de mujer se acerca a la solidaridad femenina, a la de los que est\u00e1n solos, a todo lo humano que golpea, a la frustraci\u00f3n, a la maternidad. Lo hace ampar\u00e1ndose en espacios naturales, en \u00e1mbitos privados, donde se pueden intercambiar papeles, tender manos, encender luces, ventanas iluminadas para vencer el insomnio y pensar que no se est\u00e1 solo, para que el desgarro sea m\u00e1s leve.<\/p>\n\n\n\n<p>Elena Mart\u00edn Vivaldi se dej\u00f3 llevar por los vientos del verso libre, con un lenguaje nada ret\u00f3rico, sino con un lenguaje com\u00fan, pero que resuelve con im\u00e1genes eficaces, que no efectistas. Es como dir\u00eda ella: \u00ab&#8230;yo quisiera decirte, hablarte de esas cosas que pasan un d\u00eda y otro en nuestra vida\u00bb. Y nos lo cuenta con la contenci\u00f3n que Garcilaso hab\u00eda dejado escrita: \u00abSalid sin duelo, l\u00e1grimas corriendo\u00bb. Y as\u00ed es, \u201cmisteriosamente feliz\u201d Elena Mart\u00edn Vivaldi que con su poes\u00eda nos dedica sus confidencias como ella hab\u00eda querido vivirlas y escribirlas. As\u00ed escribe en el poema <em>D\u00eda 23<\/em> (de <em>Diario incompleto de abril)<\/em>:<\/p>\n\n\n\n<blockquote class=\"wp-block-quote is-layout-flow wp-block-quote-is-layout-flow\">\n<p>Te ped\u00eda tan poco, abril, mi vida.<br>\u00bfO es que te ped\u00eda tanto?<br>Y me dejaste sola,<br>con las manos abiertas<br>y el llanto desolado en las pupilas.<\/p>\n<\/blockquote>\n","protected":false},"excerpt":{"rendered":"<p>Para hablar de Elena Mart\u00edn Vivaldi, para rememorarla, qu\u00e9 mejor que tras el recientemente 25\u00ba &#8230; <\/p>\n<p class=\"read-more-container\"><a title=\"Porque unos labios dicen: Elena Mart\u00edn Vivaldi\" class=\"read-more button\" href=\"https:\/\/olvidosdegranada.es\/index.php\/2024\/05\/21\/porque-unos-labios-dicen-elena-martin-vivaldi\/#more-4752\" aria-label=\"Leer m\u00e1s sobre Porque unos labios dicen: Elena Mart\u00edn Vivaldi\">Leer m\u00e1s<\/a><\/p>\n","protected":false},"author":4,"featured_media":0,"comment_status":"open","ping_status":"closed","sticky":false,"template":"","format":"standard","meta":{"_acf_changed":false,"_jetpack_newsletter_access":"","_jetpack_dont_email_post_to_subs":false,"_jetpack_newsletter_tier_id":0,"_jetpack_memberships_contains_paywalled_content":false,"_jetpack_feature_clip_id":0,"_jetpack_memberships_contains_paid_content":false,"footnotes":"","jetpack_post_was_ever_published":false},"categories":[10,3],"tags":[133,53],"class_list":["post-4752","post","type-post","status-publish","format-standard","hentry","category-memoria-de-granada","category-palabras","tag-memoria-granada","tag-poesia","infinite-scroll-item","generate-columns","tablet-grid-50","mobile-grid-100","grid-parent","grid-33","no-featured-image-padding"],"acf":[],"yoast_head":"<!-- This site is optimized with the Yoast SEO plugin v28.3 - https:\/\/yoast.com\/product\/yoast-seo-wordpress\/ -->\n<title>Porque unos labios dicen: Elena Mart\u00edn Vivaldi - Olvidos de Granada<\/title>\n<meta name=\"description\" content=\"Carmen Canet Para hablar de Elena Mart\u00edn Vivaldi, para rememorarla, qu\u00e9 mejor que tras el recientemente 25\u00ba Aniversario de su fallecimiento y con el t\u00edtulo de uno de\" \/>\n<meta name=\"robots\" content=\"index, follow, max-snippet:-1, max-image-preview:large, max-video-preview:-1\" \/>\n<link rel=\"canonical\" href=\"https:\/\/olvidosdegranada.es\/index.php\/2024\/05\/21\/porque-unos-labios-dicen-elena-martin-vivaldi\/\" \/>\n<meta property=\"og:locale\" content=\"es_ES\" \/>\n<meta property=\"og:type\" content=\"article\" \/>\n<meta property=\"og:title\" content=\"Porque unos labios dicen: Elena Mart\u00edn Vivaldi - Olvidos de Granada\" \/>\n<meta property=\"og:description\" content=\"Carmen Canet Para hablar de Elena Mart\u00edn Vivaldi, para rememorarla, qu\u00e9 mejor que tras el recientemente 25\u00ba Aniversario de su fallecimiento y con el t\u00edtulo de uno de\" \/>\n<meta property=\"og:url\" content=\"https:\/\/olvidosdegranada.es\/index.php\/2024\/05\/21\/porque-unos-labios-dicen-elena-martin-vivaldi\/\" \/>\n<meta property=\"og:site_name\" content=\"Olvidos de Granada\" \/>\n<meta property=\"article:publisher\" content=\"https:\/\/www.facebook.com\/OLVIDOSDIGITAL\" \/>\n<meta property=\"article:published_time\" content=\"2024-05-21T19:10:55+00:00\" \/>\n<meta property=\"article:modified_time\" content=\"2025-07-22T20:20:45+00:00\" \/>\n<meta property=\"og:image\" content=\"https:\/\/olvidosdegranada.es\/wp-content\/uploads\/image-28.png\" \/>\n\t<meta property=\"og:image:width\" content=\"664\" \/>\n\t<meta property=\"og:image:height\" content=\"373\" \/>\n\t<meta property=\"og:image:type\" content=\"image\/png\" \/>\n<meta name=\"author\" content=\"Alfonso Salazar\" \/>\n<meta name=\"twitter:card\" content=\"summary_large_image\" \/>\n<meta name=\"twitter:creator\" content=\"@olvidospuntoes\" \/>\n<meta name=\"twitter:site\" content=\"@olvidospuntoes\" \/>\n<meta name=\"twitter:label1\" content=\"Escrito por\" \/>\n\t<meta name=\"twitter:data1\" content=\"Alfonso Salazar\" \/>\n\t<meta name=\"twitter:label2\" content=\"Tiempo de lectura\" \/>\n\t<meta name=\"twitter:data2\" content=\"8 minutos\" \/>\n<script type=\"application\/ld+json\" class=\"yoast-schema-graph\">{\"@context\":\"https:\\\/\\\/schema.org\",\"@graph\":[{\"@type\":\"Article\",\"@id\":\"https:\\\/\\\/olvidosdegranada.es\\\/index.php\\\/2024\\\/05\\\/21\\\/porque-unos-labios-dicen-elena-martin-vivaldi\\\/#article\",\"isPartOf\":{\"@id\":\"https:\\\/\\\/olvidosdegranada.es\\\/index.php\\\/2024\\\/05\\\/21\\\/porque-unos-labios-dicen-elena-martin-vivaldi\\\/\"},\"author\":{\"name\":\"Alfonso Salazar\",\"@id\":\"https:\\\/\\\/olvidosdegranada.es\\\/#\\\/schema\\\/person\\\/2e10b199a19cf21e8fd2391979d33083\"},\"headline\":\"Porque unos labios dicen: Elena Mart\u00edn Vivaldi\",\"datePublished\":\"2024-05-21T19:10:55+00:00\",\"dateModified\":\"2025-07-22T20:20:45+00:00\",\"mainEntityOfPage\":{\"@id\":\"https:\\\/\\\/olvidosdegranada.es\\\/index.php\\\/2024\\\/05\\\/21\\\/porque-unos-labios-dicen-elena-martin-vivaldi\\\/\"},\"wordCount\":1754,\"commentCount\":0,\"publisher\":{\"@id\":\"https:\\\/\\\/olvidosdegranada.es\\\/#organization\"},\"image\":{\"@id\":\"https:\\\/\\\/olvidosdegranada.es\\\/index.php\\\/2024\\\/05\\\/21\\\/porque-unos-labios-dicen-elena-martin-vivaldi\\\/#primaryimage\"},\"thumbnailUrl\":\"https:\\\/\\\/olvidosdegranada.es\\\/wp-content\\\/uploads\\\/image-28.png\",\"keywords\":[\"Memoria Granada\",\"Poes\u00eda\"],\"articleSection\":[\"Memoria de Granada\",\"Palabras\"],\"inLanguage\":\"es\",\"potentialAction\":[{\"@type\":\"CommentAction\",\"name\":\"Comment\",\"target\":[\"https:\\\/\\\/olvidosdegranada.es\\\/index.php\\\/2024\\\/05\\\/21\\\/porque-unos-labios-dicen-elena-martin-vivaldi\\\/#respond\"]}]},{\"@type\":\"WebPage\",\"@id\":\"https:\\\/\\\/olvidosdegranada.es\\\/index.php\\\/2024\\\/05\\\/21\\\/porque-unos-labios-dicen-elena-martin-vivaldi\\\/\",\"url\":\"https:\\\/\\\/olvidosdegranada.es\\\/index.php\\\/2024\\\/05\\\/21\\\/porque-unos-labios-dicen-elena-martin-vivaldi\\\/\",\"name\":\"Porque unos labios dicen: Elena Mart\u00edn Vivaldi - Olvidos de Granada\",\"isPartOf\":{\"@id\":\"https:\\\/\\\/olvidosdegranada.es\\\/#website\"},\"primaryImageOfPage\":{\"@id\":\"https:\\\/\\\/olvidosdegranada.es\\\/index.php\\\/2024\\\/05\\\/21\\\/porque-unos-labios-dicen-elena-martin-vivaldi\\\/#primaryimage\"},\"image\":{\"@id\":\"https:\\\/\\\/olvidosdegranada.es\\\/index.php\\\/2024\\\/05\\\/21\\\/porque-unos-labios-dicen-elena-martin-vivaldi\\\/#primaryimage\"},\"thumbnailUrl\":\"https:\\\/\\\/olvidosdegranada.es\\\/wp-content\\\/uploads\\\/image-28.png\",\"datePublished\":\"2024-05-21T19:10:55+00:00\",\"dateModified\":\"2025-07-22T20:20:45+00:00\",\"description\":\"Carmen Canet Para hablar de Elena Mart\u00edn Vivaldi, para rememorarla, qu\u00e9 mejor que tras el recientemente 25\u00ba Aniversario de su fallecimiento y con el t\u00edtulo de uno de\",\"breadcrumb\":{\"@id\":\"https:\\\/\\\/olvidosdegranada.es\\\/index.php\\\/2024\\\/05\\\/21\\\/porque-unos-labios-dicen-elena-martin-vivaldi\\\/#breadcrumb\"},\"inLanguage\":\"es\",\"potentialAction\":[{\"@type\":\"ReadAction\",\"target\":[\"https:\\\/\\\/olvidosdegranada.es\\\/index.php\\\/2024\\\/05\\\/21\\\/porque-unos-labios-dicen-elena-martin-vivaldi\\\/\"]}]},{\"@type\":\"ImageObject\",\"inLanguage\":\"es\",\"@id\":\"https:\\\/\\\/olvidosdegranada.es\\\/index.php\\\/2024\\\/05\\\/21\\\/porque-unos-labios-dicen-elena-martin-vivaldi\\\/#primaryimage\",\"url\":\"https:\\\/\\\/olvidosdegranada.es\\\/wp-content\\\/uploads\\\/image-28.png\",\"contentUrl\":\"https:\\\/\\\/olvidosdegranada.es\\\/wp-content\\\/uploads\\\/image-28.png\",\"width\":664,\"height\":373},{\"@type\":\"BreadcrumbList\",\"@id\":\"https:\\\/\\\/olvidosdegranada.es\\\/index.php\\\/2024\\\/05\\\/21\\\/porque-unos-labios-dicen-elena-martin-vivaldi\\\/#breadcrumb\",\"itemListElement\":[{\"@type\":\"ListItem\",\"position\":1,\"name\":\"Portada\",\"item\":\"https:\\\/\\\/olvidosdegranada.es\\\/\"},{\"@type\":\"ListItem\",\"position\":2,\"name\":\"Porque unos labios dicen: Elena Mart\u00edn Vivaldi\"}]},{\"@type\":\"WebSite\",\"@id\":\"https:\\\/\\\/olvidosdegranada.es\\\/#website\",\"url\":\"https:\\\/\\\/olvidosdegranada.es\\\/\",\"name\":\"Olvidos de Granada\",\"description\":\"Revista de acciones culturales\",\"publisher\":{\"@id\":\"https:\\\/\\\/olvidosdegranada.es\\\/#organization\"},\"potentialAction\":[{\"@type\":\"SearchAction\",\"target\":{\"@type\":\"EntryPoint\",\"urlTemplate\":\"https:\\\/\\\/olvidosdegranada.es\\\/?s={search_term_string}\"},\"query-input\":{\"@type\":\"PropertyValueSpecification\",\"valueRequired\":true,\"valueName\":\"search_term_string\"}}],\"inLanguage\":\"es\"},{\"@type\":\"Organization\",\"@id\":\"https:\\\/\\\/olvidosdegranada.es\\\/#organization\",\"name\":\"Olvidos de Granada\",\"url\":\"https:\\\/\\\/olvidosdegranada.es\\\/\",\"logo\":{\"@type\":\"ImageObject\",\"inLanguage\":\"es\",\"@id\":\"https:\\\/\\\/olvidosdegranada.es\\\/#\\\/schema\\\/logo\\\/image\\\/\",\"url\":\"https:\\\/\\\/olvidosdegranada.es\\\/wp-content\\\/uploads\\\/2020\\\/12\\\/Recurso-9.png\",\"contentUrl\":\"https:\\\/\\\/olvidosdegranada.es\\\/wp-content\\\/uploads\\\/2020\\\/12\\\/Recurso-9.png\",\"width\":700,\"height\":227,\"caption\":\"Olvidos de Granada\"},\"image\":{\"@id\":\"https:\\\/\\\/olvidosdegranada.es\\\/#\\\/schema\\\/logo\\\/image\\\/\"},\"sameAs\":[\"https:\\\/\\\/www.facebook.com\\\/OLVIDOSDIGITAL\",\"https:\\\/\\\/x.com\\\/olvidospuntoes\"]},{\"@type\":\"Person\",\"@id\":\"https:\\\/\\\/olvidosdegranada.es\\\/#\\\/schema\\\/person\\\/2e10b199a19cf21e8fd2391979d33083\",\"name\":\"Alfonso Salazar\",\"image\":{\"@type\":\"ImageObject\",\"inLanguage\":\"es\",\"@id\":\"https:\\\/\\\/secure.gravatar.com\\\/avatar\\\/8768a2dca789940dbdaf5fdd283c795998719eb61dc0c2c16eb3decaaf6b3304?s=96&d=mm&r=g\",\"url\":\"https:\\\/\\\/secure.gravatar.com\\\/avatar\\\/8768a2dca789940dbdaf5fdd283c795998719eb61dc0c2c16eb3decaaf6b3304?s=96&d=mm&r=g\",\"contentUrl\":\"https:\\\/\\\/secure.gravatar.com\\\/avatar\\\/8768a2dca789940dbdaf5fdd283c795998719eb61dc0c2c16eb3decaaf6b3304?s=96&d=mm&r=g\",\"caption\":\"Alfonso Salazar\"},\"url\":\"https:\\\/\\\/olvidosdegranada.es\\\/index.php\\\/author\\\/alfonso-salazar\\\/\"}]}<\/script>\n<!-- \/ Yoast SEO plugin. -->","yoast_head_json":{"title":"Porque unos labios dicen: Elena Mart\u00edn Vivaldi - Olvidos de Granada","description":"Carmen Canet Para hablar de Elena Mart\u00edn Vivaldi, para rememorarla, qu\u00e9 mejor que tras el recientemente 25\u00ba Aniversario de su fallecimiento y con el t\u00edtulo de uno de","robots":{"index":"index","follow":"follow","max-snippet":"max-snippet:-1","max-image-preview":"max-image-preview:large","max-video-preview":"max-video-preview:-1"},"canonical":"https:\/\/olvidosdegranada.es\/index.php\/2024\/05\/21\/porque-unos-labios-dicen-elena-martin-vivaldi\/","og_locale":"es_ES","og_type":"article","og_title":"Porque unos labios dicen: Elena Mart\u00edn Vivaldi - Olvidos de Granada","og_description":"Carmen Canet Para hablar de Elena Mart\u00edn Vivaldi, para rememorarla, qu\u00e9 mejor que tras el recientemente 25\u00ba Aniversario de su fallecimiento y con el t\u00edtulo de uno de","og_url":"https:\/\/olvidosdegranada.es\/index.php\/2024\/05\/21\/porque-unos-labios-dicen-elena-martin-vivaldi\/","og_site_name":"Olvidos de Granada","article_publisher":"https:\/\/www.facebook.com\/OLVIDOSDIGITAL","article_published_time":"2024-05-21T19:10:55+00:00","article_modified_time":"2025-07-22T20:20:45+00:00","og_image":[{"width":664,"height":373,"url":"https:\/\/olvidosdegranada.es\/wp-content\/uploads\/image-28.png","type":"image\/png"}],"author":"Alfonso Salazar","twitter_card":"summary_large_image","twitter_creator":"@olvidospuntoes","twitter_site":"@olvidospuntoes","twitter_misc":{"Escrito por":"Alfonso Salazar","Tiempo de lectura":"8 minutos"},"schema":{"@context":"https:\/\/schema.org","@graph":[{"@type":"Article","@id":"https:\/\/olvidosdegranada.es\/index.php\/2024\/05\/21\/porque-unos-labios-dicen-elena-martin-vivaldi\/#article","isPartOf":{"@id":"https:\/\/olvidosdegranada.es\/index.php\/2024\/05\/21\/porque-unos-labios-dicen-elena-martin-vivaldi\/"},"author":{"name":"Alfonso Salazar","@id":"https:\/\/olvidosdegranada.es\/#\/schema\/person\/2e10b199a19cf21e8fd2391979d33083"},"headline":"Porque unos labios dicen: Elena Mart\u00edn Vivaldi","datePublished":"2024-05-21T19:10:55+00:00","dateModified":"2025-07-22T20:20:45+00:00","mainEntityOfPage":{"@id":"https:\/\/olvidosdegranada.es\/index.php\/2024\/05\/21\/porque-unos-labios-dicen-elena-martin-vivaldi\/"},"wordCount":1754,"commentCount":0,"publisher":{"@id":"https:\/\/olvidosdegranada.es\/#organization"},"image":{"@id":"https:\/\/olvidosdegranada.es\/index.php\/2024\/05\/21\/porque-unos-labios-dicen-elena-martin-vivaldi\/#primaryimage"},"thumbnailUrl":"https:\/\/olvidosdegranada.es\/wp-content\/uploads\/image-28.png","keywords":["Memoria Granada","Poes\u00eda"],"articleSection":["Memoria de Granada","Palabras"],"inLanguage":"es","potentialAction":[{"@type":"CommentAction","name":"Comment","target":["https:\/\/olvidosdegranada.es\/index.php\/2024\/05\/21\/porque-unos-labios-dicen-elena-martin-vivaldi\/#respond"]}]},{"@type":"WebPage","@id":"https:\/\/olvidosdegranada.es\/index.php\/2024\/05\/21\/porque-unos-labios-dicen-elena-martin-vivaldi\/","url":"https:\/\/olvidosdegranada.es\/index.php\/2024\/05\/21\/porque-unos-labios-dicen-elena-martin-vivaldi\/","name":"Porque unos labios dicen: Elena Mart\u00edn Vivaldi - Olvidos de Granada","isPartOf":{"@id":"https:\/\/olvidosdegranada.es\/#website"},"primaryImageOfPage":{"@id":"https:\/\/olvidosdegranada.es\/index.php\/2024\/05\/21\/porque-unos-labios-dicen-elena-martin-vivaldi\/#primaryimage"},"image":{"@id":"https:\/\/olvidosdegranada.es\/index.php\/2024\/05\/21\/porque-unos-labios-dicen-elena-martin-vivaldi\/#primaryimage"},"thumbnailUrl":"https:\/\/olvidosdegranada.es\/wp-content\/uploads\/image-28.png","datePublished":"2024-05-21T19:10:55+00:00","dateModified":"2025-07-22T20:20:45+00:00","description":"Carmen Canet Para hablar de Elena Mart\u00edn Vivaldi, para rememorarla, qu\u00e9 mejor que tras el recientemente 25\u00ba Aniversario de su fallecimiento y con el t\u00edtulo de uno de","breadcrumb":{"@id":"https:\/\/olvidosdegranada.es\/index.php\/2024\/05\/21\/porque-unos-labios-dicen-elena-martin-vivaldi\/#breadcrumb"},"inLanguage":"es","potentialAction":[{"@type":"ReadAction","target":["https:\/\/olvidosdegranada.es\/index.php\/2024\/05\/21\/porque-unos-labios-dicen-elena-martin-vivaldi\/"]}]},{"@type":"ImageObject","inLanguage":"es","@id":"https:\/\/olvidosdegranada.es\/index.php\/2024\/05\/21\/porque-unos-labios-dicen-elena-martin-vivaldi\/#primaryimage","url":"https:\/\/olvidosdegranada.es\/wp-content\/uploads\/image-28.png","contentUrl":"https:\/\/olvidosdegranada.es\/wp-content\/uploads\/image-28.png","width":664,"height":373},{"@type":"BreadcrumbList","@id":"https:\/\/olvidosdegranada.es\/index.php\/2024\/05\/21\/porque-unos-labios-dicen-elena-martin-vivaldi\/#breadcrumb","itemListElement":[{"@type":"ListItem","position":1,"name":"Portada","item":"https:\/\/olvidosdegranada.es\/"},{"@type":"ListItem","position":2,"name":"Porque unos labios dicen: Elena Mart\u00edn Vivaldi"}]},{"@type":"WebSite","@id":"https:\/\/olvidosdegranada.es\/#website","url":"https:\/\/olvidosdegranada.es\/","name":"Olvidos de Granada","description":"Revista de acciones culturales","publisher":{"@id":"https:\/\/olvidosdegranada.es\/#organization"},"potentialAction":[{"@type":"SearchAction","target":{"@type":"EntryPoint","urlTemplate":"https:\/\/olvidosdegranada.es\/?s={search_term_string}"},"query-input":{"@type":"PropertyValueSpecification","valueRequired":true,"valueName":"search_term_string"}}],"inLanguage":"es"},{"@type":"Organization","@id":"https:\/\/olvidosdegranada.es\/#organization","name":"Olvidos de Granada","url":"https:\/\/olvidosdegranada.es\/","logo":{"@type":"ImageObject","inLanguage":"es","@id":"https:\/\/olvidosdegranada.es\/#\/schema\/logo\/image\/","url":"https:\/\/olvidosdegranada.es\/wp-content\/uploads\/2020\/12\/Recurso-9.png","contentUrl":"https:\/\/olvidosdegranada.es\/wp-content\/uploads\/2020\/12\/Recurso-9.png","width":700,"height":227,"caption":"Olvidos de Granada"},"image":{"@id":"https:\/\/olvidosdegranada.es\/#\/schema\/logo\/image\/"},"sameAs":["https:\/\/www.facebook.com\/OLVIDOSDIGITAL","https:\/\/x.com\/olvidospuntoes"]},{"@type":"Person","@id":"https:\/\/olvidosdegranada.es\/#\/schema\/person\/2e10b199a19cf21e8fd2391979d33083","name":"Alfonso Salazar","image":{"@type":"ImageObject","inLanguage":"es","@id":"https:\/\/secure.gravatar.com\/avatar\/8768a2dca789940dbdaf5fdd283c795998719eb61dc0c2c16eb3decaaf6b3304?s=96&d=mm&r=g","url":"https:\/\/secure.gravatar.com\/avatar\/8768a2dca789940dbdaf5fdd283c795998719eb61dc0c2c16eb3decaaf6b3304?s=96&d=mm&r=g","contentUrl":"https:\/\/secure.gravatar.com\/avatar\/8768a2dca789940dbdaf5fdd283c795998719eb61dc0c2c16eb3decaaf6b3304?s=96&d=mm&r=g","caption":"Alfonso Salazar"},"url":"https:\/\/olvidosdegranada.es\/index.php\/author\/alfonso-salazar\/"}]}},"jetpack_sharing_enabled":true,"jetpack_featured_media_url":"","_links":{"self":[{"href":"https:\/\/olvidosdegranada.es\/index.php\/wp-json\/wp\/v2\/posts\/4752","targetHints":{"allow":["GET"]}}],"collection":[{"href":"https:\/\/olvidosdegranada.es\/index.php\/wp-json\/wp\/v2\/posts"}],"about":[{"href":"https:\/\/olvidosdegranada.es\/index.php\/wp-json\/wp\/v2\/types\/post"}],"author":[{"embeddable":true,"href":"https:\/\/olvidosdegranada.es\/index.php\/wp-json\/wp\/v2\/users\/4"}],"replies":[{"embeddable":true,"href":"https:\/\/olvidosdegranada.es\/index.php\/wp-json\/wp\/v2\/comments?post=4752"}],"version-history":[{"count":3,"href":"https:\/\/olvidosdegranada.es\/index.php\/wp-json\/wp\/v2\/posts\/4752\/revisions"}],"predecessor-version":[{"id":4790,"href":"https:\/\/olvidosdegranada.es\/index.php\/wp-json\/wp\/v2\/posts\/4752\/revisions\/4790"}],"wp:attachment":[{"href":"https:\/\/olvidosdegranada.es\/index.php\/wp-json\/wp\/v2\/media?parent=4752"}],"wp:term":[{"taxonomy":"category","embeddable":true,"href":"https:\/\/olvidosdegranada.es\/index.php\/wp-json\/wp\/v2\/categories?post=4752"},{"taxonomy":"post_tag","embeddable":true,"href":"https:\/\/olvidosdegranada.es\/index.php\/wp-json\/wp\/v2\/tags?post=4752"}],"curies":[{"name":"wp","href":"https:\/\/api.w.org\/{rel}","templated":true}]}}