{"id":4464,"date":"2024-03-28T10:22:49","date_gmt":"2024-03-28T10:22:49","guid":{"rendered":"https:\/\/olvidosdegranada.es\/?p=4464"},"modified":"2024-04-07T20:46:12","modified_gmt":"2024-04-07T20:46:12","slug":"mientras-por-competir-con-tu-cabello-de-luis-de-gongora","status":"publish","type":"post","link":"https:\/\/olvidosdegranada.es\/index.php\/2024\/03\/28\/mientras-por-competir-con-tu-cabello-de-luis-de-gongora\/","title":{"rendered":"Mientras por competir con tu cabello"},"content":{"rendered":"\n<p>Mientras por competir con tu cabello,<br>oro bru\u00f1ido, el sol relumbra en vano;<br>mientras con menosprecio en medio el llano<br>mira tu blanca frente el lilio bello;<\/p>\n\n\n\n<p>mientras a cada labio, por cogello,<br>siguen m\u00e1s ojos que al clavel temprano,<br>y mientras triunfa con desd\u00e9n lozano<br>del luciente cristal tu gentil cuello;<\/p>\n\n\n\n<p>goza cuello, cabello, labio y frente,<br>antes que lo que fue en tu edad dorada<br>oro, lirio, clavel, cristal luciente,<\/p>\n\n\n\n<p>no s\u00f3lo en plata o v\u00efola troncada<br>se vuelva, mas t\u00fa y ello, juntamente,<br>en tierra, en humo, en polvo, en sombra, en nada.<\/p>\n\n\n\n<hr class=\"wp-block-separator has-alpha-channel-opacity\"\/>\n\n\n\n<p><em>Luis de G\u00f3ngora y Argote (C\u00f3rdoba, 1561-1627)<\/em><\/p>\n","protected":false},"excerpt":{"rendered":"<p>Mientras por competir con tu cabello,oro bru\u00f1ido, el sol relumbra en vano;mientras con menosprecio en &#8230; <\/p>\n<p class=\"read-more-container\"><a title=\"Mientras por competir con tu cabello\" class=\"read-more button\" href=\"https:\/\/olvidosdegranada.es\/index.php\/2024\/03\/28\/mientras-por-competir-con-tu-cabello-de-luis-de-gongora\/#more-4464\" aria-label=\"Leer m\u00e1s sobre Mientras por competir con tu cabello\">Leer m\u00e1s<\/a><\/p>\n","protected":false},"author":1,"featured_media":0,"comment_status":"open","ping_status":"closed","sticky":false,"template":"","format":"standard","meta":{"_acf_changed":false,"_jetpack_newsletter_access":"","_jetpack_dont_email_post_to_subs":false,"_jetpack_newsletter_tier_id":0,"_jetpack_memberships_contains_paywalled_content":false,"_jetpack_feature_clip_id":0,"_jetpack_memberships_contains_paid_content":false,"footnotes":"","jetpack_post_was_ever_published":false},"categories":[131],"tags":[],"class_list":["post-4464","post","type-post","status-publish","format-standard","hentry","category-sonetos","infinite-scroll-item","generate-columns","tablet-grid-50","mobile-grid-100","grid-parent","grid-33","no-featured-image-padding"],"acf":[],"yoast_head":"<!-- This site is optimized with the Yoast SEO plugin v28.3 - https:\/\/yoast.com\/product\/yoast-seo-wordpress\/ -->\n<title>Mientras por competir con tu cabello - Olvidos de Granada<\/title>\n<meta name=\"description\" content=\"Luis de G\u00f3ngora y Argote Mientras por competir con tu cabello,oro bru\u00f1ido, el sol relumbra en vano;mientras con menosprecio en medio el llanomira tu blanca frente el lilio bello;\" \/>\n<meta name=\"robots\" content=\"index, follow, max-snippet:-1, max-image-preview:large, max-video-preview:-1\" \/>\n<link rel=\"canonical\" href=\"https:\/\/olvidosdegranada.es\/index.php\/2024\/03\/28\/mientras-por-competir-con-tu-cabello-de-luis-de-gongora\/\" \/>\n<meta property=\"og:locale\" content=\"es_ES\" \/>\n<meta property=\"og:type\" content=\"article\" \/>\n<meta property=\"og:title\" content=\"Mientras por competir con tu cabello - Olvidos de Granada\" \/>\n<meta property=\"og:description\" content=\"Luis de G\u00f3ngora y Argote Mientras por competir con tu cabello,oro bru\u00f1ido, el sol relumbra en vano;mientras con menosprecio en medio el llanomira tu blanca frente el lilio bello;\" \/>\n<meta property=\"og:url\" content=\"https:\/\/olvidosdegranada.es\/index.php\/2024\/03\/28\/mientras-por-competir-con-tu-cabello-de-luis-de-gongora\/\" \/>\n<meta property=\"og:site_name\" content=\"Olvidos de Granada\" \/>\n<meta property=\"article:publisher\" content=\"https:\/\/www.facebook.com\/OLVIDOSDIGITAL\" \/>\n<meta property=\"article:published_time\" content=\"2024-03-28T10:22:49+00:00\" \/>\n<meta property=\"article:modified_time\" content=\"2024-04-07T20:46:12+00:00\" \/>\n<meta property=\"og:image\" content=\"https:\/\/olvidosdegranada.es\/wp-content\/uploads\/2020\/12\/Recurso-9.png\" \/>\n\t<meta property=\"og:image:width\" content=\"700\" \/>\n\t<meta property=\"og:image:height\" content=\"227\" \/>\n\t<meta property=\"og:image:type\" content=\"image\/png\" \/>\n<meta name=\"author\" content=\"admin\" \/>\n<meta name=\"twitter:card\" content=\"summary_large_image\" \/>\n<meta name=\"twitter:creator\" content=\"@olvidospuntoes\" \/>\n<meta name=\"twitter:site\" content=\"@olvidospuntoes\" \/>\n<meta name=\"twitter:label1\" content=\"Escrito por\" \/>\n\t<meta name=\"twitter:data1\" content=\"admin\" \/>\n\t<meta name=\"twitter:label2\" content=\"Tiempo de lectura\" \/>\n\t<meta name=\"twitter:data2\" content=\"1 minuto\" \/>\n<script type=\"application\/ld+json\" class=\"yoast-schema-graph\">{\"@context\":\"https:\\\/\\\/schema.org\",\"@graph\":[{\"@type\":\"Article\",\"@id\":\"https:\\\/\\\/olvidosdegranada.es\\\/index.php\\\/2024\\\/03\\\/28\\\/mientras-por-competir-con-tu-cabello-de-luis-de-gongora\\\/#article\",\"isPartOf\":{\"@id\":\"https:\\\/\\\/olvidosdegranada.es\\\/index.php\\\/2024\\\/03\\\/28\\\/mientras-por-competir-con-tu-cabello-de-luis-de-gongora\\\/\"},\"author\":{\"name\":\"admin\",\"@id\":\"https:\\\/\\\/olvidosdegranada.es\\\/#\\\/schema\\\/person\\\/d49d9006f876d09eb11991e4209ba86e\"},\"headline\":\"Mientras por competir con tu cabello\",\"datePublished\":\"2024-03-28T10:22:49+00:00\",\"dateModified\":\"2024-04-07T20:46:12+00:00\",\"mainEntityOfPage\":{\"@id\":\"https:\\\/\\\/olvidosdegranada.es\\\/index.php\\\/2024\\\/03\\\/28\\\/mientras-por-competir-con-tu-cabello-de-luis-de-gongora\\\/\"},\"wordCount\":112,\"commentCount\":0,\"publisher\":{\"@id\":\"https:\\\/\\\/olvidosdegranada.es\\\/#organization\"},\"articleSection\":[\"Soneto500\"],\"inLanguage\":\"es\",\"potentialAction\":[{\"@type\":\"CommentAction\",\"name\":\"Comment\",\"target\":[\"https:\\\/\\\/olvidosdegranada.es\\\/index.php\\\/2024\\\/03\\\/28\\\/mientras-por-competir-con-tu-cabello-de-luis-de-gongora\\\/#respond\"]}]},{\"@type\":\"WebPage\",\"@id\":\"https:\\\/\\\/olvidosdegranada.es\\\/index.php\\\/2024\\\/03\\\/28\\\/mientras-por-competir-con-tu-cabello-de-luis-de-gongora\\\/\",\"url\":\"https:\\\/\\\/olvidosdegranada.es\\\/index.php\\\/2024\\\/03\\\/28\\\/mientras-por-competir-con-tu-cabello-de-luis-de-gongora\\\/\",\"name\":\"Mientras por competir con tu cabello - Olvidos de Granada\",\"isPartOf\":{\"@id\":\"https:\\\/\\\/olvidosdegranada.es\\\/#website\"},\"datePublished\":\"2024-03-28T10:22:49+00:00\",\"dateModified\":\"2024-04-07T20:46:12+00:00\",\"description\":\"Luis de G\u00f3ngora y Argote Mientras por competir con tu cabello,oro bru\u00f1ido, el sol relumbra en vano;mientras con menosprecio en medio el llanomira tu blanca frente el lilio bello;\",\"breadcrumb\":{\"@id\":\"https:\\\/\\\/olvidosdegranada.es\\\/index.php\\\/2024\\\/03\\\/28\\\/mientras-por-competir-con-tu-cabello-de-luis-de-gongora\\\/#breadcrumb\"},\"inLanguage\":\"es\",\"potentialAction\":[{\"@type\":\"ReadAction\",\"target\":[\"https:\\\/\\\/olvidosdegranada.es\\\/index.php\\\/2024\\\/03\\\/28\\\/mientras-por-competir-con-tu-cabello-de-luis-de-gongora\\\/\"]}]},{\"@type\":\"BreadcrumbList\",\"@id\":\"https:\\\/\\\/olvidosdegranada.es\\\/index.php\\\/2024\\\/03\\\/28\\\/mientras-por-competir-con-tu-cabello-de-luis-de-gongora\\\/#breadcrumb\",\"itemListElement\":[{\"@type\":\"ListItem\",\"position\":1,\"name\":\"Portada\",\"item\":\"https:\\\/\\\/olvidosdegranada.es\\\/\"},{\"@type\":\"ListItem\",\"position\":2,\"name\":\"Mientras por competir con tu cabello\"}]},{\"@type\":\"WebSite\",\"@id\":\"https:\\\/\\\/olvidosdegranada.es\\\/#website\",\"url\":\"https:\\\/\\\/olvidosdegranada.es\\\/\",\"name\":\"Olvidos de Granada\",\"description\":\"Revista de acciones culturales\",\"publisher\":{\"@id\":\"https:\\\/\\\/olvidosdegranada.es\\\/#organization\"},\"potentialAction\":[{\"@type\":\"SearchAction\",\"target\":{\"@type\":\"EntryPoint\",\"urlTemplate\":\"https:\\\/\\\/olvidosdegranada.es\\\/?s={search_term_string}\"},\"query-input\":{\"@type\":\"PropertyValueSpecification\",\"valueRequired\":true,\"valueName\":\"search_term_string\"}}],\"inLanguage\":\"es\"},{\"@type\":\"Organization\",\"@id\":\"https:\\\/\\\/olvidosdegranada.es\\\/#organization\",\"name\":\"Olvidos de Granada\",\"url\":\"https:\\\/\\\/olvidosdegranada.es\\\/\",\"logo\":{\"@type\":\"ImageObject\",\"inLanguage\":\"es\",\"@id\":\"https:\\\/\\\/olvidosdegranada.es\\\/#\\\/schema\\\/logo\\\/image\\\/\",\"url\":\"https:\\\/\\\/olvidosdegranada.es\\\/wp-content\\\/uploads\\\/2020\\\/12\\\/Recurso-9.png\",\"contentUrl\":\"https:\\\/\\\/olvidosdegranada.es\\\/wp-content\\\/uploads\\\/2020\\\/12\\\/Recurso-9.png\",\"width\":700,\"height\":227,\"caption\":\"Olvidos de Granada\"},\"image\":{\"@id\":\"https:\\\/\\\/olvidosdegranada.es\\\/#\\\/schema\\\/logo\\\/image\\\/\"},\"sameAs\":[\"https:\\\/\\\/www.facebook.com\\\/OLVIDOSDIGITAL\",\"https:\\\/\\\/x.com\\\/olvidospuntoes\"]},{\"@type\":\"Person\",\"@id\":\"https:\\\/\\\/olvidosdegranada.es\\\/#\\\/schema\\\/person\\\/d49d9006f876d09eb11991e4209ba86e\",\"name\":\"admin\",\"image\":{\"@type\":\"ImageObject\",\"inLanguage\":\"es\",\"@id\":\"https:\\\/\\\/secure.gravatar.com\\\/avatar\\\/6841bef74a46032347ab171a5b1b96035599438130924d4e02f5492088f66813?s=96&d=mm&r=g\",\"url\":\"https:\\\/\\\/secure.gravatar.com\\\/avatar\\\/6841bef74a46032347ab171a5b1b96035599438130924d4e02f5492088f66813?s=96&d=mm&r=g\",\"contentUrl\":\"https:\\\/\\\/secure.gravatar.com\\\/avatar\\\/6841bef74a46032347ab171a5b1b96035599438130924d4e02f5492088f66813?s=96&d=mm&r=g\",\"caption\":\"admin\"},\"sameAs\":[\"https:\\\/\\\/olvidosdegranada.es\"],\"url\":\"https:\\\/\\\/olvidosdegranada.es\\\/index.php\\\/author\\\/alfonsosalazarmendias_5ho2eadb\\\/\"}]}<\/script>\n<!-- \/ Yoast SEO plugin. -->","yoast_head_json":{"title":"Mientras por competir con tu cabello - Olvidos de Granada","description":"Luis de G\u00f3ngora y Argote Mientras por competir con tu cabello,oro bru\u00f1ido, el sol relumbra en vano;mientras con menosprecio en medio el llanomira tu blanca frente el lilio bello;","robots":{"index":"index","follow":"follow","max-snippet":"max-snippet:-1","max-image-preview":"max-image-preview:large","max-video-preview":"max-video-preview:-1"},"canonical":"https:\/\/olvidosdegranada.es\/index.php\/2024\/03\/28\/mientras-por-competir-con-tu-cabello-de-luis-de-gongora\/","og_locale":"es_ES","og_type":"article","og_title":"Mientras por competir con tu cabello - Olvidos de Granada","og_description":"Luis de G\u00f3ngora y Argote Mientras por competir con tu cabello,oro bru\u00f1ido, el sol relumbra en vano;mientras con menosprecio en medio el llanomira tu blanca frente el lilio bello;","og_url":"https:\/\/olvidosdegranada.es\/index.php\/2024\/03\/28\/mientras-por-competir-con-tu-cabello-de-luis-de-gongora\/","og_site_name":"Olvidos de Granada","article_publisher":"https:\/\/www.facebook.com\/OLVIDOSDIGITAL","article_published_time":"2024-03-28T10:22:49+00:00","article_modified_time":"2024-04-07T20:46:12+00:00","og_image":[{"width":700,"height":227,"url":"https:\/\/olvidosdegranada.es\/wp-content\/uploads\/2020\/12\/Recurso-9.png","type":"image\/png"}],"author":"admin","twitter_card":"summary_large_image","twitter_creator":"@olvidospuntoes","twitter_site":"@olvidospuntoes","twitter_misc":{"Escrito por":"admin","Tiempo de lectura":"1 minuto"},"schema":{"@context":"https:\/\/schema.org","@graph":[{"@type":"Article","@id":"https:\/\/olvidosdegranada.es\/index.php\/2024\/03\/28\/mientras-por-competir-con-tu-cabello-de-luis-de-gongora\/#article","isPartOf":{"@id":"https:\/\/olvidosdegranada.es\/index.php\/2024\/03\/28\/mientras-por-competir-con-tu-cabello-de-luis-de-gongora\/"},"author":{"name":"admin","@id":"https:\/\/olvidosdegranada.es\/#\/schema\/person\/d49d9006f876d09eb11991e4209ba86e"},"headline":"Mientras por competir con tu cabello","datePublished":"2024-03-28T10:22:49+00:00","dateModified":"2024-04-07T20:46:12+00:00","mainEntityOfPage":{"@id":"https:\/\/olvidosdegranada.es\/index.php\/2024\/03\/28\/mientras-por-competir-con-tu-cabello-de-luis-de-gongora\/"},"wordCount":112,"commentCount":0,"publisher":{"@id":"https:\/\/olvidosdegranada.es\/#organization"},"articleSection":["Soneto500"],"inLanguage":"es","potentialAction":[{"@type":"CommentAction","name":"Comment","target":["https:\/\/olvidosdegranada.es\/index.php\/2024\/03\/28\/mientras-por-competir-con-tu-cabello-de-luis-de-gongora\/#respond"]}]},{"@type":"WebPage","@id":"https:\/\/olvidosdegranada.es\/index.php\/2024\/03\/28\/mientras-por-competir-con-tu-cabello-de-luis-de-gongora\/","url":"https:\/\/olvidosdegranada.es\/index.php\/2024\/03\/28\/mientras-por-competir-con-tu-cabello-de-luis-de-gongora\/","name":"Mientras por competir con tu cabello - Olvidos de Granada","isPartOf":{"@id":"https:\/\/olvidosdegranada.es\/#website"},"datePublished":"2024-03-28T10:22:49+00:00","dateModified":"2024-04-07T20:46:12+00:00","description":"Luis de G\u00f3ngora y Argote Mientras por competir con tu cabello,oro bru\u00f1ido, el sol relumbra en vano;mientras con menosprecio en medio el llanomira tu blanca frente el lilio bello;","breadcrumb":{"@id":"https:\/\/olvidosdegranada.es\/index.php\/2024\/03\/28\/mientras-por-competir-con-tu-cabello-de-luis-de-gongora\/#breadcrumb"},"inLanguage":"es","potentialAction":[{"@type":"ReadAction","target":["https:\/\/olvidosdegranada.es\/index.php\/2024\/03\/28\/mientras-por-competir-con-tu-cabello-de-luis-de-gongora\/"]}]},{"@type":"BreadcrumbList","@id":"https:\/\/olvidosdegranada.es\/index.php\/2024\/03\/28\/mientras-por-competir-con-tu-cabello-de-luis-de-gongora\/#breadcrumb","itemListElement":[{"@type":"ListItem","position":1,"name":"Portada","item":"https:\/\/olvidosdegranada.es\/"},{"@type":"ListItem","position":2,"name":"Mientras por competir con tu cabello"}]},{"@type":"WebSite","@id":"https:\/\/olvidosdegranada.es\/#website","url":"https:\/\/olvidosdegranada.es\/","name":"Olvidos de Granada","description":"Revista de acciones culturales","publisher":{"@id":"https:\/\/olvidosdegranada.es\/#organization"},"potentialAction":[{"@type":"SearchAction","target":{"@type":"EntryPoint","urlTemplate":"https:\/\/olvidosdegranada.es\/?s={search_term_string}"},"query-input":{"@type":"PropertyValueSpecification","valueRequired":true,"valueName":"search_term_string"}}],"inLanguage":"es"},{"@type":"Organization","@id":"https:\/\/olvidosdegranada.es\/#organization","name":"Olvidos de Granada","url":"https:\/\/olvidosdegranada.es\/","logo":{"@type":"ImageObject","inLanguage":"es","@id":"https:\/\/olvidosdegranada.es\/#\/schema\/logo\/image\/","url":"https:\/\/olvidosdegranada.es\/wp-content\/uploads\/2020\/12\/Recurso-9.png","contentUrl":"https:\/\/olvidosdegranada.es\/wp-content\/uploads\/2020\/12\/Recurso-9.png","width":700,"height":227,"caption":"Olvidos de Granada"},"image":{"@id":"https:\/\/olvidosdegranada.es\/#\/schema\/logo\/image\/"},"sameAs":["https:\/\/www.facebook.com\/OLVIDOSDIGITAL","https:\/\/x.com\/olvidospuntoes"]},{"@type":"Person","@id":"https:\/\/olvidosdegranada.es\/#\/schema\/person\/d49d9006f876d09eb11991e4209ba86e","name":"admin","image":{"@type":"ImageObject","inLanguage":"es","@id":"https:\/\/secure.gravatar.com\/avatar\/6841bef74a46032347ab171a5b1b96035599438130924d4e02f5492088f66813?s=96&d=mm&r=g","url":"https:\/\/secure.gravatar.com\/avatar\/6841bef74a46032347ab171a5b1b96035599438130924d4e02f5492088f66813?s=96&d=mm&r=g","contentUrl":"https:\/\/secure.gravatar.com\/avatar\/6841bef74a46032347ab171a5b1b96035599438130924d4e02f5492088f66813?s=96&d=mm&r=g","caption":"admin"},"sameAs":["https:\/\/olvidosdegranada.es"],"url":"https:\/\/olvidosdegranada.es\/index.php\/author\/alfonsosalazarmendias_5ho2eadb\/"}]}},"jetpack_sharing_enabled":true,"jetpack_featured_media_url":"","_links":{"self":[{"href":"https:\/\/olvidosdegranada.es\/index.php\/wp-json\/wp\/v2\/posts\/4464","targetHints":{"allow":["GET"]}}],"collection":[{"href":"https:\/\/olvidosdegranada.es\/index.php\/wp-json\/wp\/v2\/posts"}],"about":[{"href":"https:\/\/olvidosdegranada.es\/index.php\/wp-json\/wp\/v2\/types\/post"}],"author":[{"embeddable":true,"href":"https:\/\/olvidosdegranada.es\/index.php\/wp-json\/wp\/v2\/users\/1"}],"replies":[{"embeddable":true,"href":"https:\/\/olvidosdegranada.es\/index.php\/wp-json\/wp\/v2\/comments?post=4464"}],"version-history":[{"count":2,"href":"https:\/\/olvidosdegranada.es\/index.php\/wp-json\/wp\/v2\/posts\/4464\/revisions"}],"predecessor-version":[{"id":4635,"href":"https:\/\/olvidosdegranada.es\/index.php\/wp-json\/wp\/v2\/posts\/4464\/revisions\/4635"}],"wp:attachment":[{"href":"https:\/\/olvidosdegranada.es\/index.php\/wp-json\/wp\/v2\/media?parent=4464"}],"wp:term":[{"taxonomy":"category","embeddable":true,"href":"https:\/\/olvidosdegranada.es\/index.php\/wp-json\/wp\/v2\/categories?post=4464"},{"taxonomy":"post_tag","embeddable":true,"href":"https:\/\/olvidosdegranada.es\/index.php\/wp-json\/wp\/v2\/tags?post=4464"}],"curies":[{"name":"wp","href":"https:\/\/api.w.org\/{rel}","templated":true}]}}