{"id":4435,"date":"2024-03-28T09:54:50","date_gmt":"2024-03-28T09:54:50","guid":{"rendered":"https:\/\/olvidosdegranada.es\/?p=4435"},"modified":"2024-04-08T00:08:37","modified_gmt":"2024-04-08T00:08:37","slug":"soneto-monosilabo-de-jose-hierro","status":"publish","type":"post","link":"https:\/\/olvidosdegranada.es\/index.php\/2024\/03\/28\/soneto-monosilabo-de-jose-hierro\/","title":{"rendered":"Soneto monos\u00edlabo"},"content":{"rendered":"\n<p>D\u00ed<br>fe<br>de<br>m\u00ed<\/p>\n\n\n\n<p>y<br>s\u00e9<br>qu\u00e9<br>fui.<\/p>\n\n\n\n<p>No<br>s\u00e9<br>hoy<\/p>\n\n\n\n<p>lo<br>que<br>soy.<\/p>\n\n\n\n<hr class=\"wp-block-separator has-alpha-channel-opacity\"\/>\n\n\n\n<p><em>Jos\u00e9 Hierro (Madrid, 1922-2002)<\/em><\/p>\n","protected":false},"excerpt":{"rendered":"<p>D\u00edfedem\u00ed ys\u00e9qu\u00e9fui. Nos\u00e9hoy loquesoy. Jos\u00e9 Hierro (Madrid, 1922-2002)<\/p>\n","protected":false},"author":1,"featured_media":0,"comment_status":"open","ping_status":"closed","sticky":false,"template":"","format":"standard","meta":{"_acf_changed":false,"_jetpack_newsletter_access":"","_jetpack_dont_email_post_to_subs":false,"_jetpack_newsletter_tier_id":0,"_jetpack_memberships_contains_paywalled_content":false,"_jetpack_feature_clip_id":0,"_jetpack_memberships_contains_paid_content":false,"footnotes":"","jetpack_post_was_ever_published":false},"categories":[131],"tags":[],"class_list":["post-4435","post","type-post","status-publish","format-standard","hentry","category-sonetos","infinite-scroll-item","generate-columns","tablet-grid-50","mobile-grid-100","grid-parent","grid-33","no-featured-image-padding"],"acf":[],"yoast_head":"<!-- This site is optimized with the Yoast SEO plugin v28.3 - https:\/\/yoast.com\/product\/yoast-seo-wordpress\/ -->\n<title>Soneto monos\u00edlabo - Olvidos de Granada<\/title>\n<meta name=\"description\" content=\"Jos\u00e9 Hierro D\u00edfedem\u00ed  ys\u00e9qu\u00e9fui.  Nos\u00e9hoy  loquesoy.    Jos\u00e9 Hierro (Madrid, 1922-2002)\" \/>\n<meta name=\"robots\" content=\"index, follow, max-snippet:-1, max-image-preview:large, max-video-preview:-1\" \/>\n<link rel=\"canonical\" href=\"https:\/\/olvidosdegranada.es\/index.php\/2024\/03\/28\/soneto-monosilabo-de-jose-hierro\/\" \/>\n<meta property=\"og:locale\" content=\"es_ES\" \/>\n<meta property=\"og:type\" content=\"article\" \/>\n<meta property=\"og:title\" content=\"Soneto monos\u00edlabo - Olvidos de Granada\" \/>\n<meta property=\"og:description\" content=\"Jos\u00e9 Hierro D\u00edfedem\u00ed  ys\u00e9qu\u00e9fui.  Nos\u00e9hoy  loquesoy.    Jos\u00e9 Hierro (Madrid, 1922-2002)\" \/>\n<meta property=\"og:url\" content=\"https:\/\/olvidosdegranada.es\/index.php\/2024\/03\/28\/soneto-monosilabo-de-jose-hierro\/\" \/>\n<meta property=\"og:site_name\" content=\"Olvidos de Granada\" \/>\n<meta property=\"article:publisher\" content=\"https:\/\/www.facebook.com\/OLVIDOSDIGITAL\" \/>\n<meta property=\"article:published_time\" content=\"2024-03-28T09:54:50+00:00\" \/>\n<meta property=\"article:modified_time\" content=\"2024-04-08T00:08:37+00:00\" \/>\n<meta property=\"og:image\" content=\"https:\/\/olvidosdegranada.es\/wp-content\/uploads\/2020\/12\/Recurso-9.png\" \/>\n\t<meta property=\"og:image:width\" content=\"700\" \/>\n\t<meta property=\"og:image:height\" content=\"227\" \/>\n\t<meta property=\"og:image:type\" content=\"image\/png\" \/>\n<meta name=\"author\" content=\"admin\" \/>\n<meta name=\"twitter:card\" content=\"summary_large_image\" \/>\n<meta name=\"twitter:creator\" content=\"@olvidospuntoes\" \/>\n<meta name=\"twitter:site\" content=\"@olvidospuntoes\" \/>\n<meta name=\"twitter:label1\" content=\"Escrito por\" \/>\n\t<meta name=\"twitter:data1\" content=\"admin\" \/>\n\t<meta name=\"twitter:label2\" content=\"Tiempo de lectura\" \/>\n\t<meta name=\"twitter:data2\" content=\"1 minuto\" \/>\n<script type=\"application\/ld+json\" class=\"yoast-schema-graph\">{\"@context\":\"https:\\\/\\\/schema.org\",\"@graph\":[{\"@type\":\"Article\",\"@id\":\"https:\\\/\\\/olvidosdegranada.es\\\/index.php\\\/2024\\\/03\\\/28\\\/soneto-monosilabo-de-jose-hierro\\\/#article\",\"isPartOf\":{\"@id\":\"https:\\\/\\\/olvidosdegranada.es\\\/index.php\\\/2024\\\/03\\\/28\\\/soneto-monosilabo-de-jose-hierro\\\/\"},\"author\":{\"name\":\"admin\",\"@id\":\"https:\\\/\\\/olvidosdegranada.es\\\/#\\\/schema\\\/person\\\/d49d9006f876d09eb11991e4209ba86e\"},\"headline\":\"Soneto monos\u00edlabo\",\"datePublished\":\"2024-03-28T09:54:50+00:00\",\"dateModified\":\"2024-04-08T00:08:37+00:00\",\"mainEntityOfPage\":{\"@id\":\"https:\\\/\\\/olvidosdegranada.es\\\/index.php\\\/2024\\\/03\\\/28\\\/soneto-monosilabo-de-jose-hierro\\\/\"},\"wordCount\":15,\"commentCount\":0,\"publisher\":{\"@id\":\"https:\\\/\\\/olvidosdegranada.es\\\/#organization\"},\"articleSection\":[\"Soneto500\"],\"inLanguage\":\"es\",\"potentialAction\":[{\"@type\":\"CommentAction\",\"name\":\"Comment\",\"target\":[\"https:\\\/\\\/olvidosdegranada.es\\\/index.php\\\/2024\\\/03\\\/28\\\/soneto-monosilabo-de-jose-hierro\\\/#respond\"]}]},{\"@type\":\"WebPage\",\"@id\":\"https:\\\/\\\/olvidosdegranada.es\\\/index.php\\\/2024\\\/03\\\/28\\\/soneto-monosilabo-de-jose-hierro\\\/\",\"url\":\"https:\\\/\\\/olvidosdegranada.es\\\/index.php\\\/2024\\\/03\\\/28\\\/soneto-monosilabo-de-jose-hierro\\\/\",\"name\":\"Soneto monos\u00edlabo - Olvidos de Granada\",\"isPartOf\":{\"@id\":\"https:\\\/\\\/olvidosdegranada.es\\\/#website\"},\"datePublished\":\"2024-03-28T09:54:50+00:00\",\"dateModified\":\"2024-04-08T00:08:37+00:00\",\"description\":\"Jos\u00e9 Hierro D\u00edfedem\u00ed ys\u00e9qu\u00e9fui. Nos\u00e9hoy loquesoy. Jos\u00e9 Hierro (Madrid, 1922-2002)\",\"breadcrumb\":{\"@id\":\"https:\\\/\\\/olvidosdegranada.es\\\/index.php\\\/2024\\\/03\\\/28\\\/soneto-monosilabo-de-jose-hierro\\\/#breadcrumb\"},\"inLanguage\":\"es\",\"potentialAction\":[{\"@type\":\"ReadAction\",\"target\":[\"https:\\\/\\\/olvidosdegranada.es\\\/index.php\\\/2024\\\/03\\\/28\\\/soneto-monosilabo-de-jose-hierro\\\/\"]}]},{\"@type\":\"BreadcrumbList\",\"@id\":\"https:\\\/\\\/olvidosdegranada.es\\\/index.php\\\/2024\\\/03\\\/28\\\/soneto-monosilabo-de-jose-hierro\\\/#breadcrumb\",\"itemListElement\":[{\"@type\":\"ListItem\",\"position\":1,\"name\":\"Portada\",\"item\":\"https:\\\/\\\/olvidosdegranada.es\\\/\"},{\"@type\":\"ListItem\",\"position\":2,\"name\":\"Soneto monos\u00edlabo\"}]},{\"@type\":\"WebSite\",\"@id\":\"https:\\\/\\\/olvidosdegranada.es\\\/#website\",\"url\":\"https:\\\/\\\/olvidosdegranada.es\\\/\",\"name\":\"Olvidos de Granada\",\"description\":\"Revista de acciones culturales\",\"publisher\":{\"@id\":\"https:\\\/\\\/olvidosdegranada.es\\\/#organization\"},\"potentialAction\":[{\"@type\":\"SearchAction\",\"target\":{\"@type\":\"EntryPoint\",\"urlTemplate\":\"https:\\\/\\\/olvidosdegranada.es\\\/?s={search_term_string}\"},\"query-input\":{\"@type\":\"PropertyValueSpecification\",\"valueRequired\":true,\"valueName\":\"search_term_string\"}}],\"inLanguage\":\"es\"},{\"@type\":\"Organization\",\"@id\":\"https:\\\/\\\/olvidosdegranada.es\\\/#organization\",\"name\":\"Olvidos de Granada\",\"url\":\"https:\\\/\\\/olvidosdegranada.es\\\/\",\"logo\":{\"@type\":\"ImageObject\",\"inLanguage\":\"es\",\"@id\":\"https:\\\/\\\/olvidosdegranada.es\\\/#\\\/schema\\\/logo\\\/image\\\/\",\"url\":\"https:\\\/\\\/olvidosdegranada.es\\\/wp-content\\\/uploads\\\/2020\\\/12\\\/Recurso-9.png\",\"contentUrl\":\"https:\\\/\\\/olvidosdegranada.es\\\/wp-content\\\/uploads\\\/2020\\\/12\\\/Recurso-9.png\",\"width\":700,\"height\":227,\"caption\":\"Olvidos de Granada\"},\"image\":{\"@id\":\"https:\\\/\\\/olvidosdegranada.es\\\/#\\\/schema\\\/logo\\\/image\\\/\"},\"sameAs\":[\"https:\\\/\\\/www.facebook.com\\\/OLVIDOSDIGITAL\",\"https:\\\/\\\/x.com\\\/olvidospuntoes\"]},{\"@type\":\"Person\",\"@id\":\"https:\\\/\\\/olvidosdegranada.es\\\/#\\\/schema\\\/person\\\/d49d9006f876d09eb11991e4209ba86e\",\"name\":\"admin\",\"image\":{\"@type\":\"ImageObject\",\"inLanguage\":\"es\",\"@id\":\"https:\\\/\\\/secure.gravatar.com\\\/avatar\\\/6841bef74a46032347ab171a5b1b96035599438130924d4e02f5492088f66813?s=96&d=mm&r=g\",\"url\":\"https:\\\/\\\/secure.gravatar.com\\\/avatar\\\/6841bef74a46032347ab171a5b1b96035599438130924d4e02f5492088f66813?s=96&d=mm&r=g\",\"contentUrl\":\"https:\\\/\\\/secure.gravatar.com\\\/avatar\\\/6841bef74a46032347ab171a5b1b96035599438130924d4e02f5492088f66813?s=96&d=mm&r=g\",\"caption\":\"admin\"},\"sameAs\":[\"https:\\\/\\\/olvidosdegranada.es\"],\"url\":\"https:\\\/\\\/olvidosdegranada.es\\\/index.php\\\/author\\\/alfonsosalazarmendias_5ho2eadb\\\/\"}]}<\/script>\n<!-- \/ Yoast SEO plugin. -->","yoast_head_json":{"title":"Soneto monos\u00edlabo - Olvidos de Granada","description":"Jos\u00e9 Hierro D\u00edfedem\u00ed  ys\u00e9qu\u00e9fui.  Nos\u00e9hoy  loquesoy.    Jos\u00e9 Hierro (Madrid, 1922-2002)","robots":{"index":"index","follow":"follow","max-snippet":"max-snippet:-1","max-image-preview":"max-image-preview:large","max-video-preview":"max-video-preview:-1"},"canonical":"https:\/\/olvidosdegranada.es\/index.php\/2024\/03\/28\/soneto-monosilabo-de-jose-hierro\/","og_locale":"es_ES","og_type":"article","og_title":"Soneto monos\u00edlabo - Olvidos de Granada","og_description":"Jos\u00e9 Hierro D\u00edfedem\u00ed  ys\u00e9qu\u00e9fui.  Nos\u00e9hoy  loquesoy.    Jos\u00e9 Hierro (Madrid, 1922-2002)","og_url":"https:\/\/olvidosdegranada.es\/index.php\/2024\/03\/28\/soneto-monosilabo-de-jose-hierro\/","og_site_name":"Olvidos de Granada","article_publisher":"https:\/\/www.facebook.com\/OLVIDOSDIGITAL","article_published_time":"2024-03-28T09:54:50+00:00","article_modified_time":"2024-04-08T00:08:37+00:00","og_image":[{"width":700,"height":227,"url":"https:\/\/olvidosdegranada.es\/wp-content\/uploads\/2020\/12\/Recurso-9.png","type":"image\/png"}],"author":"admin","twitter_card":"summary_large_image","twitter_creator":"@olvidospuntoes","twitter_site":"@olvidospuntoes","twitter_misc":{"Escrito por":"admin","Tiempo de lectura":"1 minuto"},"schema":{"@context":"https:\/\/schema.org","@graph":[{"@type":"Article","@id":"https:\/\/olvidosdegranada.es\/index.php\/2024\/03\/28\/soneto-monosilabo-de-jose-hierro\/#article","isPartOf":{"@id":"https:\/\/olvidosdegranada.es\/index.php\/2024\/03\/28\/soneto-monosilabo-de-jose-hierro\/"},"author":{"name":"admin","@id":"https:\/\/olvidosdegranada.es\/#\/schema\/person\/d49d9006f876d09eb11991e4209ba86e"},"headline":"Soneto monos\u00edlabo","datePublished":"2024-03-28T09:54:50+00:00","dateModified":"2024-04-08T00:08:37+00:00","mainEntityOfPage":{"@id":"https:\/\/olvidosdegranada.es\/index.php\/2024\/03\/28\/soneto-monosilabo-de-jose-hierro\/"},"wordCount":15,"commentCount":0,"publisher":{"@id":"https:\/\/olvidosdegranada.es\/#organization"},"articleSection":["Soneto500"],"inLanguage":"es","potentialAction":[{"@type":"CommentAction","name":"Comment","target":["https:\/\/olvidosdegranada.es\/index.php\/2024\/03\/28\/soneto-monosilabo-de-jose-hierro\/#respond"]}]},{"@type":"WebPage","@id":"https:\/\/olvidosdegranada.es\/index.php\/2024\/03\/28\/soneto-monosilabo-de-jose-hierro\/","url":"https:\/\/olvidosdegranada.es\/index.php\/2024\/03\/28\/soneto-monosilabo-de-jose-hierro\/","name":"Soneto monos\u00edlabo - Olvidos de Granada","isPartOf":{"@id":"https:\/\/olvidosdegranada.es\/#website"},"datePublished":"2024-03-28T09:54:50+00:00","dateModified":"2024-04-08T00:08:37+00:00","description":"Jos\u00e9 Hierro D\u00edfedem\u00ed ys\u00e9qu\u00e9fui. Nos\u00e9hoy loquesoy. Jos\u00e9 Hierro (Madrid, 1922-2002)","breadcrumb":{"@id":"https:\/\/olvidosdegranada.es\/index.php\/2024\/03\/28\/soneto-monosilabo-de-jose-hierro\/#breadcrumb"},"inLanguage":"es","potentialAction":[{"@type":"ReadAction","target":["https:\/\/olvidosdegranada.es\/index.php\/2024\/03\/28\/soneto-monosilabo-de-jose-hierro\/"]}]},{"@type":"BreadcrumbList","@id":"https:\/\/olvidosdegranada.es\/index.php\/2024\/03\/28\/soneto-monosilabo-de-jose-hierro\/#breadcrumb","itemListElement":[{"@type":"ListItem","position":1,"name":"Portada","item":"https:\/\/olvidosdegranada.es\/"},{"@type":"ListItem","position":2,"name":"Soneto monos\u00edlabo"}]},{"@type":"WebSite","@id":"https:\/\/olvidosdegranada.es\/#website","url":"https:\/\/olvidosdegranada.es\/","name":"Olvidos de Granada","description":"Revista de acciones culturales","publisher":{"@id":"https:\/\/olvidosdegranada.es\/#organization"},"potentialAction":[{"@type":"SearchAction","target":{"@type":"EntryPoint","urlTemplate":"https:\/\/olvidosdegranada.es\/?s={search_term_string}"},"query-input":{"@type":"PropertyValueSpecification","valueRequired":true,"valueName":"search_term_string"}}],"inLanguage":"es"},{"@type":"Organization","@id":"https:\/\/olvidosdegranada.es\/#organization","name":"Olvidos de Granada","url":"https:\/\/olvidosdegranada.es\/","logo":{"@type":"ImageObject","inLanguage":"es","@id":"https:\/\/olvidosdegranada.es\/#\/schema\/logo\/image\/","url":"https:\/\/olvidosdegranada.es\/wp-content\/uploads\/2020\/12\/Recurso-9.png","contentUrl":"https:\/\/olvidosdegranada.es\/wp-content\/uploads\/2020\/12\/Recurso-9.png","width":700,"height":227,"caption":"Olvidos de Granada"},"image":{"@id":"https:\/\/olvidosdegranada.es\/#\/schema\/logo\/image\/"},"sameAs":["https:\/\/www.facebook.com\/OLVIDOSDIGITAL","https:\/\/x.com\/olvidospuntoes"]},{"@type":"Person","@id":"https:\/\/olvidosdegranada.es\/#\/schema\/person\/d49d9006f876d09eb11991e4209ba86e","name":"admin","image":{"@type":"ImageObject","inLanguage":"es","@id":"https:\/\/secure.gravatar.com\/avatar\/6841bef74a46032347ab171a5b1b96035599438130924d4e02f5492088f66813?s=96&d=mm&r=g","url":"https:\/\/secure.gravatar.com\/avatar\/6841bef74a46032347ab171a5b1b96035599438130924d4e02f5492088f66813?s=96&d=mm&r=g","contentUrl":"https:\/\/secure.gravatar.com\/avatar\/6841bef74a46032347ab171a5b1b96035599438130924d4e02f5492088f66813?s=96&d=mm&r=g","caption":"admin"},"sameAs":["https:\/\/olvidosdegranada.es"],"url":"https:\/\/olvidosdegranada.es\/index.php\/author\/alfonsosalazarmendias_5ho2eadb\/"}]}},"jetpack_sharing_enabled":true,"jetpack_featured_media_url":"","_links":{"self":[{"href":"https:\/\/olvidosdegranada.es\/index.php\/wp-json\/wp\/v2\/posts\/4435","targetHints":{"allow":["GET"]}}],"collection":[{"href":"https:\/\/olvidosdegranada.es\/index.php\/wp-json\/wp\/v2\/posts"}],"about":[{"href":"https:\/\/olvidosdegranada.es\/index.php\/wp-json\/wp\/v2\/types\/post"}],"author":[{"embeddable":true,"href":"https:\/\/olvidosdegranada.es\/index.php\/wp-json\/wp\/v2\/users\/1"}],"replies":[{"embeddable":true,"href":"https:\/\/olvidosdegranada.es\/index.php\/wp-json\/wp\/v2\/comments?post=4435"}],"version-history":[{"count":2,"href":"https:\/\/olvidosdegranada.es\/index.php\/wp-json\/wp\/v2\/posts\/4435\/revisions"}],"predecessor-version":[{"id":4649,"href":"https:\/\/olvidosdegranada.es\/index.php\/wp-json\/wp\/v2\/posts\/4435\/revisions\/4649"}],"wp:attachment":[{"href":"https:\/\/olvidosdegranada.es\/index.php\/wp-json\/wp\/v2\/media?parent=4435"}],"wp:term":[{"taxonomy":"category","embeddable":true,"href":"https:\/\/olvidosdegranada.es\/index.php\/wp-json\/wp\/v2\/categories?post=4435"},{"taxonomy":"post_tag","embeddable":true,"href":"https:\/\/olvidosdegranada.es\/index.php\/wp-json\/wp\/v2\/tags?post=4435"}],"curies":[{"name":"wp","href":"https:\/\/api.w.org\/{rel}","templated":true}]}}