{"id":4417,"date":"2024-03-28T09:40:44","date_gmt":"2024-03-28T09:40:44","guid":{"rendered":"https:\/\/olvidosdegranada.es\/?p=4417"},"modified":"2024-04-08T00:12:52","modified_gmt":"2024-04-08T00:12:52","slug":"alfa-y-omega-de-manuel-machado","status":"publish","type":"post","link":"https:\/\/olvidosdegranada.es\/index.php\/2024\/03\/28\/alfa-y-omega-de-manuel-machado\/","title":{"rendered":"Alfa y Omega"},"content":{"rendered":"\n<p>Cabe la vida entera en un soneto<br>empezado con l\u00e1nguido descuido,<br>y, apenas iniciado, ha transcurrido<br>la infancia, imagen del primer cuarteto.<\/p>\n\n\n\n<p>Llega la juventud con el secreto<br>de la vida, que pasa inadvertido,<br>y que se va tambi\u00e9n, que ya se ha ido,<br>antes de entrar en el primer terceto.<\/p>\n\n\n\n<p>Maduros, a mirar a ayer tornamos<br>a\u00f1orantes y, ansiosos, a ma\u00f1ana,<br>y as\u00ed el primer terceto malgastamos.<\/p>\n\n\n\n<p>Y cuando en el terceto \u00faltimo entramos,<br>es para ver con experiencia vana<br>que se acaba el soneto\u2026 Y que nos vamos.<\/p>\n\n\n\n<hr class=\"wp-block-separator has-alpha-channel-opacity\"\/>\n\n\n\n<p><em>Manuel Machado&nbsp;(Sevilla, 1874-Madrid, 1947). Phoenix.<\/em><\/p>\n","protected":false},"excerpt":{"rendered":"<p>Cabe la vida entera en un sonetoempezado con l\u00e1nguido descuido,y, apenas iniciado, ha transcurridola infancia, &#8230; <\/p>\n<p class=\"read-more-container\"><a title=\"Alfa y Omega\" class=\"read-more button\" href=\"https:\/\/olvidosdegranada.es\/index.php\/2024\/03\/28\/alfa-y-omega-de-manuel-machado\/#more-4417\" aria-label=\"Leer m\u00e1s sobre Alfa y Omega\">Leer m\u00e1s<\/a><\/p>\n","protected":false},"author":1,"featured_media":0,"comment_status":"open","ping_status":"closed","sticky":false,"template":"","format":"standard","meta":{"_acf_changed":false,"_jetpack_newsletter_access":"","_jetpack_dont_email_post_to_subs":false,"_jetpack_newsletter_tier_id":0,"_jetpack_memberships_contains_paywalled_content":false,"_jetpack_feature_clip_id":0,"_jetpack_memberships_contains_paid_content":false,"footnotes":"","jetpack_post_was_ever_published":false},"categories":[131],"tags":[],"class_list":["post-4417","post","type-post","status-publish","format-standard","hentry","category-sonetos","infinite-scroll-item","generate-columns","tablet-grid-50","mobile-grid-100","grid-parent","grid-33","no-featured-image-padding"],"acf":[],"yoast_head":"<!-- This site is optimized with the Yoast SEO plugin v28.3 - https:\/\/yoast.com\/product\/yoast-seo-wordpress\/ -->\n<title>Alfa y Omega - Olvidos de Granada<\/title>\n<meta name=\"description\" content=\"Manuel Machado Cabe la vida entera en un sonetoempezado con l\u00e1nguido descuido,y, apenas iniciado, ha transcurridola infancia, imagen del primer cuarteto. Llega la\" \/>\n<meta name=\"robots\" content=\"index, follow, max-snippet:-1, max-image-preview:large, max-video-preview:-1\" \/>\n<link rel=\"canonical\" href=\"https:\/\/olvidosdegranada.es\/index.php\/2024\/03\/28\/alfa-y-omega-de-manuel-machado\/\" \/>\n<meta property=\"og:locale\" content=\"es_ES\" \/>\n<meta property=\"og:type\" content=\"article\" \/>\n<meta property=\"og:title\" content=\"Alfa y Omega - Olvidos de Granada\" \/>\n<meta property=\"og:description\" content=\"Manuel Machado Cabe la vida entera en un sonetoempezado con l\u00e1nguido descuido,y, apenas iniciado, ha transcurridola infancia, imagen del primer cuarteto. Llega la\" \/>\n<meta property=\"og:url\" content=\"https:\/\/olvidosdegranada.es\/index.php\/2024\/03\/28\/alfa-y-omega-de-manuel-machado\/\" \/>\n<meta property=\"og:site_name\" content=\"Olvidos de Granada\" \/>\n<meta property=\"article:publisher\" content=\"https:\/\/www.facebook.com\/OLVIDOSDIGITAL\" \/>\n<meta property=\"article:published_time\" content=\"2024-03-28T09:40:44+00:00\" \/>\n<meta property=\"article:modified_time\" content=\"2024-04-08T00:12:52+00:00\" \/>\n<meta property=\"og:image\" content=\"https:\/\/olvidosdegranada.es\/wp-content\/uploads\/2020\/12\/Recurso-9.png\" \/>\n\t<meta property=\"og:image:width\" content=\"700\" \/>\n\t<meta property=\"og:image:height\" content=\"227\" \/>\n\t<meta property=\"og:image:type\" content=\"image\/png\" \/>\n<meta name=\"author\" content=\"admin\" \/>\n<meta name=\"twitter:card\" content=\"summary_large_image\" \/>\n<meta name=\"twitter:creator\" content=\"@olvidospuntoes\" \/>\n<meta name=\"twitter:site\" content=\"@olvidospuntoes\" \/>\n<meta name=\"twitter:label1\" content=\"Escrito por\" \/>\n\t<meta name=\"twitter:data1\" content=\"admin\" \/>\n\t<meta name=\"twitter:label2\" content=\"Tiempo de lectura\" \/>\n\t<meta name=\"twitter:data2\" content=\"1 minuto\" \/>\n<script type=\"application\/ld+json\" class=\"yoast-schema-graph\">{\"@context\":\"https:\\\/\\\/schema.org\",\"@graph\":[{\"@type\":\"Article\",\"@id\":\"https:\\\/\\\/olvidosdegranada.es\\\/index.php\\\/2024\\\/03\\\/28\\\/alfa-y-omega-de-manuel-machado\\\/#article\",\"isPartOf\":{\"@id\":\"https:\\\/\\\/olvidosdegranada.es\\\/index.php\\\/2024\\\/03\\\/28\\\/alfa-y-omega-de-manuel-machado\\\/\"},\"author\":{\"name\":\"admin\",\"@id\":\"https:\\\/\\\/olvidosdegranada.es\\\/#\\\/schema\\\/person\\\/d49d9006f876d09eb11991e4209ba86e\"},\"headline\":\"Alfa y Omega\",\"datePublished\":\"2024-03-28T09:40:44+00:00\",\"dateModified\":\"2024-04-08T00:12:52+00:00\",\"mainEntityOfPage\":{\"@id\":\"https:\\\/\\\/olvidosdegranada.es\\\/index.php\\\/2024\\\/03\\\/28\\\/alfa-y-omega-de-manuel-machado\\\/\"},\"wordCount\":98,\"commentCount\":0,\"publisher\":{\"@id\":\"https:\\\/\\\/olvidosdegranada.es\\\/#organization\"},\"articleSection\":[\"Soneto500\"],\"inLanguage\":\"es\",\"potentialAction\":[{\"@type\":\"CommentAction\",\"name\":\"Comment\",\"target\":[\"https:\\\/\\\/olvidosdegranada.es\\\/index.php\\\/2024\\\/03\\\/28\\\/alfa-y-omega-de-manuel-machado\\\/#respond\"]}]},{\"@type\":\"WebPage\",\"@id\":\"https:\\\/\\\/olvidosdegranada.es\\\/index.php\\\/2024\\\/03\\\/28\\\/alfa-y-omega-de-manuel-machado\\\/\",\"url\":\"https:\\\/\\\/olvidosdegranada.es\\\/index.php\\\/2024\\\/03\\\/28\\\/alfa-y-omega-de-manuel-machado\\\/\",\"name\":\"Alfa y Omega - Olvidos de Granada\",\"isPartOf\":{\"@id\":\"https:\\\/\\\/olvidosdegranada.es\\\/#website\"},\"datePublished\":\"2024-03-28T09:40:44+00:00\",\"dateModified\":\"2024-04-08T00:12:52+00:00\",\"description\":\"Manuel Machado Cabe la vida entera en un sonetoempezado con l\u00e1nguido descuido,y, apenas iniciado, ha transcurridola infancia, imagen del primer cuarteto. Llega la\",\"breadcrumb\":{\"@id\":\"https:\\\/\\\/olvidosdegranada.es\\\/index.php\\\/2024\\\/03\\\/28\\\/alfa-y-omega-de-manuel-machado\\\/#breadcrumb\"},\"inLanguage\":\"es\",\"potentialAction\":[{\"@type\":\"ReadAction\",\"target\":[\"https:\\\/\\\/olvidosdegranada.es\\\/index.php\\\/2024\\\/03\\\/28\\\/alfa-y-omega-de-manuel-machado\\\/\"]}]},{\"@type\":\"BreadcrumbList\",\"@id\":\"https:\\\/\\\/olvidosdegranada.es\\\/index.php\\\/2024\\\/03\\\/28\\\/alfa-y-omega-de-manuel-machado\\\/#breadcrumb\",\"itemListElement\":[{\"@type\":\"ListItem\",\"position\":1,\"name\":\"Portada\",\"item\":\"https:\\\/\\\/olvidosdegranada.es\\\/\"},{\"@type\":\"ListItem\",\"position\":2,\"name\":\"Alfa y Omega\"}]},{\"@type\":\"WebSite\",\"@id\":\"https:\\\/\\\/olvidosdegranada.es\\\/#website\",\"url\":\"https:\\\/\\\/olvidosdegranada.es\\\/\",\"name\":\"Olvidos de Granada\",\"description\":\"Revista de acciones culturales\",\"publisher\":{\"@id\":\"https:\\\/\\\/olvidosdegranada.es\\\/#organization\"},\"potentialAction\":[{\"@type\":\"SearchAction\",\"target\":{\"@type\":\"EntryPoint\",\"urlTemplate\":\"https:\\\/\\\/olvidosdegranada.es\\\/?s={search_term_string}\"},\"query-input\":{\"@type\":\"PropertyValueSpecification\",\"valueRequired\":true,\"valueName\":\"search_term_string\"}}],\"inLanguage\":\"es\"},{\"@type\":\"Organization\",\"@id\":\"https:\\\/\\\/olvidosdegranada.es\\\/#organization\",\"name\":\"Olvidos de Granada\",\"url\":\"https:\\\/\\\/olvidosdegranada.es\\\/\",\"logo\":{\"@type\":\"ImageObject\",\"inLanguage\":\"es\",\"@id\":\"https:\\\/\\\/olvidosdegranada.es\\\/#\\\/schema\\\/logo\\\/image\\\/\",\"url\":\"https:\\\/\\\/olvidosdegranada.es\\\/wp-content\\\/uploads\\\/2020\\\/12\\\/Recurso-9.png\",\"contentUrl\":\"https:\\\/\\\/olvidosdegranada.es\\\/wp-content\\\/uploads\\\/2020\\\/12\\\/Recurso-9.png\",\"width\":700,\"height\":227,\"caption\":\"Olvidos de Granada\"},\"image\":{\"@id\":\"https:\\\/\\\/olvidosdegranada.es\\\/#\\\/schema\\\/logo\\\/image\\\/\"},\"sameAs\":[\"https:\\\/\\\/www.facebook.com\\\/OLVIDOSDIGITAL\",\"https:\\\/\\\/x.com\\\/olvidospuntoes\"]},{\"@type\":\"Person\",\"@id\":\"https:\\\/\\\/olvidosdegranada.es\\\/#\\\/schema\\\/person\\\/d49d9006f876d09eb11991e4209ba86e\",\"name\":\"admin\",\"image\":{\"@type\":\"ImageObject\",\"inLanguage\":\"es\",\"@id\":\"https:\\\/\\\/secure.gravatar.com\\\/avatar\\\/6841bef74a46032347ab171a5b1b96035599438130924d4e02f5492088f66813?s=96&d=mm&r=g\",\"url\":\"https:\\\/\\\/secure.gravatar.com\\\/avatar\\\/6841bef74a46032347ab171a5b1b96035599438130924d4e02f5492088f66813?s=96&d=mm&r=g\",\"contentUrl\":\"https:\\\/\\\/secure.gravatar.com\\\/avatar\\\/6841bef74a46032347ab171a5b1b96035599438130924d4e02f5492088f66813?s=96&d=mm&r=g\",\"caption\":\"admin\"},\"sameAs\":[\"https:\\\/\\\/olvidosdegranada.es\"],\"url\":\"https:\\\/\\\/olvidosdegranada.es\\\/index.php\\\/author\\\/alfonsosalazarmendias_5ho2eadb\\\/\"}]}<\/script>\n<!-- \/ Yoast SEO plugin. -->","yoast_head_json":{"title":"Alfa y Omega - Olvidos de Granada","description":"Manuel Machado Cabe la vida entera en un sonetoempezado con l\u00e1nguido descuido,y, apenas iniciado, ha transcurridola infancia, imagen del primer cuarteto. Llega la","robots":{"index":"index","follow":"follow","max-snippet":"max-snippet:-1","max-image-preview":"max-image-preview:large","max-video-preview":"max-video-preview:-1"},"canonical":"https:\/\/olvidosdegranada.es\/index.php\/2024\/03\/28\/alfa-y-omega-de-manuel-machado\/","og_locale":"es_ES","og_type":"article","og_title":"Alfa y Omega - Olvidos de Granada","og_description":"Manuel Machado Cabe la vida entera en un sonetoempezado con l\u00e1nguido descuido,y, apenas iniciado, ha transcurridola infancia, imagen del primer cuarteto. Llega la","og_url":"https:\/\/olvidosdegranada.es\/index.php\/2024\/03\/28\/alfa-y-omega-de-manuel-machado\/","og_site_name":"Olvidos de Granada","article_publisher":"https:\/\/www.facebook.com\/OLVIDOSDIGITAL","article_published_time":"2024-03-28T09:40:44+00:00","article_modified_time":"2024-04-08T00:12:52+00:00","og_image":[{"width":700,"height":227,"url":"https:\/\/olvidosdegranada.es\/wp-content\/uploads\/2020\/12\/Recurso-9.png","type":"image\/png"}],"author":"admin","twitter_card":"summary_large_image","twitter_creator":"@olvidospuntoes","twitter_site":"@olvidospuntoes","twitter_misc":{"Escrito por":"admin","Tiempo de lectura":"1 minuto"},"schema":{"@context":"https:\/\/schema.org","@graph":[{"@type":"Article","@id":"https:\/\/olvidosdegranada.es\/index.php\/2024\/03\/28\/alfa-y-omega-de-manuel-machado\/#article","isPartOf":{"@id":"https:\/\/olvidosdegranada.es\/index.php\/2024\/03\/28\/alfa-y-omega-de-manuel-machado\/"},"author":{"name":"admin","@id":"https:\/\/olvidosdegranada.es\/#\/schema\/person\/d49d9006f876d09eb11991e4209ba86e"},"headline":"Alfa y Omega","datePublished":"2024-03-28T09:40:44+00:00","dateModified":"2024-04-08T00:12:52+00:00","mainEntityOfPage":{"@id":"https:\/\/olvidosdegranada.es\/index.php\/2024\/03\/28\/alfa-y-omega-de-manuel-machado\/"},"wordCount":98,"commentCount":0,"publisher":{"@id":"https:\/\/olvidosdegranada.es\/#organization"},"articleSection":["Soneto500"],"inLanguage":"es","potentialAction":[{"@type":"CommentAction","name":"Comment","target":["https:\/\/olvidosdegranada.es\/index.php\/2024\/03\/28\/alfa-y-omega-de-manuel-machado\/#respond"]}]},{"@type":"WebPage","@id":"https:\/\/olvidosdegranada.es\/index.php\/2024\/03\/28\/alfa-y-omega-de-manuel-machado\/","url":"https:\/\/olvidosdegranada.es\/index.php\/2024\/03\/28\/alfa-y-omega-de-manuel-machado\/","name":"Alfa y Omega - Olvidos de Granada","isPartOf":{"@id":"https:\/\/olvidosdegranada.es\/#website"},"datePublished":"2024-03-28T09:40:44+00:00","dateModified":"2024-04-08T00:12:52+00:00","description":"Manuel Machado Cabe la vida entera en un sonetoempezado con l\u00e1nguido descuido,y, apenas iniciado, ha transcurridola infancia, imagen del primer cuarteto. Llega la","breadcrumb":{"@id":"https:\/\/olvidosdegranada.es\/index.php\/2024\/03\/28\/alfa-y-omega-de-manuel-machado\/#breadcrumb"},"inLanguage":"es","potentialAction":[{"@type":"ReadAction","target":["https:\/\/olvidosdegranada.es\/index.php\/2024\/03\/28\/alfa-y-omega-de-manuel-machado\/"]}]},{"@type":"BreadcrumbList","@id":"https:\/\/olvidosdegranada.es\/index.php\/2024\/03\/28\/alfa-y-omega-de-manuel-machado\/#breadcrumb","itemListElement":[{"@type":"ListItem","position":1,"name":"Portada","item":"https:\/\/olvidosdegranada.es\/"},{"@type":"ListItem","position":2,"name":"Alfa y Omega"}]},{"@type":"WebSite","@id":"https:\/\/olvidosdegranada.es\/#website","url":"https:\/\/olvidosdegranada.es\/","name":"Olvidos de Granada","description":"Revista de acciones culturales","publisher":{"@id":"https:\/\/olvidosdegranada.es\/#organization"},"potentialAction":[{"@type":"SearchAction","target":{"@type":"EntryPoint","urlTemplate":"https:\/\/olvidosdegranada.es\/?s={search_term_string}"},"query-input":{"@type":"PropertyValueSpecification","valueRequired":true,"valueName":"search_term_string"}}],"inLanguage":"es"},{"@type":"Organization","@id":"https:\/\/olvidosdegranada.es\/#organization","name":"Olvidos de Granada","url":"https:\/\/olvidosdegranada.es\/","logo":{"@type":"ImageObject","inLanguage":"es","@id":"https:\/\/olvidosdegranada.es\/#\/schema\/logo\/image\/","url":"https:\/\/olvidosdegranada.es\/wp-content\/uploads\/2020\/12\/Recurso-9.png","contentUrl":"https:\/\/olvidosdegranada.es\/wp-content\/uploads\/2020\/12\/Recurso-9.png","width":700,"height":227,"caption":"Olvidos de Granada"},"image":{"@id":"https:\/\/olvidosdegranada.es\/#\/schema\/logo\/image\/"},"sameAs":["https:\/\/www.facebook.com\/OLVIDOSDIGITAL","https:\/\/x.com\/olvidospuntoes"]},{"@type":"Person","@id":"https:\/\/olvidosdegranada.es\/#\/schema\/person\/d49d9006f876d09eb11991e4209ba86e","name":"admin","image":{"@type":"ImageObject","inLanguage":"es","@id":"https:\/\/secure.gravatar.com\/avatar\/6841bef74a46032347ab171a5b1b96035599438130924d4e02f5492088f66813?s=96&d=mm&r=g","url":"https:\/\/secure.gravatar.com\/avatar\/6841bef74a46032347ab171a5b1b96035599438130924d4e02f5492088f66813?s=96&d=mm&r=g","contentUrl":"https:\/\/secure.gravatar.com\/avatar\/6841bef74a46032347ab171a5b1b96035599438130924d4e02f5492088f66813?s=96&d=mm&r=g","caption":"admin"},"sameAs":["https:\/\/olvidosdegranada.es"],"url":"https:\/\/olvidosdegranada.es\/index.php\/author\/alfonsosalazarmendias_5ho2eadb\/"}]}},"jetpack_sharing_enabled":true,"jetpack_featured_media_url":"","_links":{"self":[{"href":"https:\/\/olvidosdegranada.es\/index.php\/wp-json\/wp\/v2\/posts\/4417","targetHints":{"allow":["GET"]}}],"collection":[{"href":"https:\/\/olvidosdegranada.es\/index.php\/wp-json\/wp\/v2\/posts"}],"about":[{"href":"https:\/\/olvidosdegranada.es\/index.php\/wp-json\/wp\/v2\/types\/post"}],"author":[{"embeddable":true,"href":"https:\/\/olvidosdegranada.es\/index.php\/wp-json\/wp\/v2\/users\/1"}],"replies":[{"embeddable":true,"href":"https:\/\/olvidosdegranada.es\/index.php\/wp-json\/wp\/v2\/comments?post=4417"}],"version-history":[{"count":2,"href":"https:\/\/olvidosdegranada.es\/index.php\/wp-json\/wp\/v2\/posts\/4417\/revisions"}],"predecessor-version":[{"id":4658,"href":"https:\/\/olvidosdegranada.es\/index.php\/wp-json\/wp\/v2\/posts\/4417\/revisions\/4658"}],"wp:attachment":[{"href":"https:\/\/olvidosdegranada.es\/index.php\/wp-json\/wp\/v2\/media?parent=4417"}],"wp:term":[{"taxonomy":"category","embeddable":true,"href":"https:\/\/olvidosdegranada.es\/index.php\/wp-json\/wp\/v2\/categories?post=4417"},{"taxonomy":"post_tag","embeddable":true,"href":"https:\/\/olvidosdegranada.es\/index.php\/wp-json\/wp\/v2\/tags?post=4417"}],"curies":[{"name":"wp","href":"https:\/\/api.w.org\/{rel}","templated":true}]}}