{"id":4396,"date":"2024-03-28T09:23:08","date_gmt":"2024-03-28T09:23:08","guid":{"rendered":"https:\/\/olvidosdegranada.es\/?p=4396"},"modified":"2024-04-08T00:17:00","modified_gmt":"2024-04-08T00:17:00","slug":"el-poeta-pide-a-su-amor-que-le-escriba-de-federico-garcia-lorca","status":"publish","type":"post","link":"https:\/\/olvidosdegranada.es\/index.php\/2024\/03\/28\/el-poeta-pide-a-su-amor-que-le-escriba-de-federico-garcia-lorca\/","title":{"rendered":"El poeta pide a su amor que le escriba"},"content":{"rendered":"\n<p>Amor de mis entra\u00f1as, viva muerte,<br>en vano espero tu palabra escrita<br>y pienso, con la flor que se marchita,<br>que si vivo sin m\u00ed quiero perderte.<\/p>\n\n\n\n<p>El aire es inmortal. La piedra inerte<br>ni conoce la sombra ni la evita.<br>Coraz\u00f3n interior no necesita<br>la miel helada que la luna vierte.<\/p>\n\n\n\n<p>Pero yo te sufr\u00ed. Rasgu\u00e9 mis venas,<br>tigre y paloma, sobre tu cintura<br>en duelo de mordiscos y azucenas.<\/p>\n\n\n\n<p>Llena pues de palabras mi locura<br>o d\u00e9jame vivir en mi serena<br>noche del alma para siempre oscura.<\/p>\n\n\n\n<hr class=\"wp-block-separator has-alpha-channel-opacity\"\/>\n\n\n\n<p><em>Federico Garc\u00eda Lorca (Granada, 1898-1936). Sonetos del amor oscuro.<\/em><\/p>\n","protected":false},"excerpt":{"rendered":"<p>Amor de mis entra\u00f1as, viva muerte,en vano espero tu palabra escritay pienso, con la flor &#8230; <\/p>\n<p class=\"read-more-container\"><a title=\"El poeta pide a su amor que le escriba\" class=\"read-more button\" href=\"https:\/\/olvidosdegranada.es\/index.php\/2024\/03\/28\/el-poeta-pide-a-su-amor-que-le-escriba-de-federico-garcia-lorca\/#more-4396\" aria-label=\"Leer m\u00e1s sobre El poeta pide a su amor que le escriba\">Leer m\u00e1s<\/a><\/p>\n","protected":false},"author":1,"featured_media":0,"comment_status":"open","ping_status":"closed","sticky":false,"template":"","format":"standard","meta":{"_acf_changed":false,"_jetpack_newsletter_access":"","_jetpack_dont_email_post_to_subs":false,"_jetpack_newsletter_tier_id":0,"_jetpack_memberships_contains_paywalled_content":false,"_jetpack_feature_clip_id":0,"_jetpack_memberships_contains_paid_content":false,"footnotes":"","jetpack_post_was_ever_published":false},"categories":[131],"tags":[],"class_list":["post-4396","post","type-post","status-publish","format-standard","hentry","category-sonetos","infinite-scroll-item","generate-columns","tablet-grid-50","mobile-grid-100","grid-parent","grid-33","no-featured-image-padding"],"acf":[],"yoast_head":"<!-- This site is optimized with the Yoast SEO plugin v28.3 - https:\/\/yoast.com\/product\/yoast-seo-wordpress\/ -->\n<title>El poeta pide a su amor que le escriba - Olvidos de Granada<\/title>\n<meta name=\"description\" content=\"Federico Garc\u00eda Lorca Amor de mis entra\u00f1as, viva muerte,en vano espero tu palabra escritay pienso, con la flor que se marchita,que si vivo sin m\u00ed quiero perderte. El aire es\" \/>\n<meta name=\"robots\" content=\"index, follow, max-snippet:-1, max-image-preview:large, max-video-preview:-1\" \/>\n<link rel=\"canonical\" href=\"https:\/\/olvidosdegranada.es\/index.php\/2024\/03\/28\/el-poeta-pide-a-su-amor-que-le-escriba-de-federico-garcia-lorca\/\" \/>\n<meta property=\"og:locale\" content=\"es_ES\" \/>\n<meta property=\"og:type\" content=\"article\" \/>\n<meta property=\"og:title\" content=\"El poeta pide a su amor que le escriba - Olvidos de Granada\" \/>\n<meta property=\"og:description\" content=\"Federico Garc\u00eda Lorca Amor de mis entra\u00f1as, viva muerte,en vano espero tu palabra escritay pienso, con la flor que se marchita,que si vivo sin m\u00ed quiero perderte. El aire es\" \/>\n<meta property=\"og:url\" content=\"https:\/\/olvidosdegranada.es\/index.php\/2024\/03\/28\/el-poeta-pide-a-su-amor-que-le-escriba-de-federico-garcia-lorca\/\" \/>\n<meta property=\"og:site_name\" content=\"Olvidos de Granada\" \/>\n<meta property=\"article:publisher\" content=\"https:\/\/www.facebook.com\/OLVIDOSDIGITAL\" \/>\n<meta property=\"article:published_time\" content=\"2024-03-28T09:23:08+00:00\" \/>\n<meta property=\"article:modified_time\" content=\"2024-04-08T00:17:00+00:00\" \/>\n<meta property=\"og:image\" content=\"https:\/\/olvidosdegranada.es\/wp-content\/uploads\/2020\/12\/Recurso-9.png\" \/>\n\t<meta property=\"og:image:width\" content=\"700\" \/>\n\t<meta property=\"og:image:height\" content=\"227\" \/>\n\t<meta property=\"og:image:type\" content=\"image\/png\" \/>\n<meta name=\"author\" content=\"admin\" \/>\n<meta name=\"twitter:card\" content=\"summary_large_image\" \/>\n<meta name=\"twitter:creator\" content=\"@olvidospuntoes\" \/>\n<meta name=\"twitter:site\" content=\"@olvidospuntoes\" \/>\n<meta name=\"twitter:label1\" content=\"Escrito por\" \/>\n\t<meta name=\"twitter:data1\" content=\"admin\" \/>\n\t<meta name=\"twitter:label2\" content=\"Tiempo de lectura\" \/>\n\t<meta name=\"twitter:data2\" content=\"1 minuto\" \/>\n<script type=\"application\/ld+json\" class=\"yoast-schema-graph\">{\"@context\":\"https:\\\/\\\/schema.org\",\"@graph\":[{\"@type\":\"Article\",\"@id\":\"https:\\\/\\\/olvidosdegranada.es\\\/index.php\\\/2024\\\/03\\\/28\\\/el-poeta-pide-a-su-amor-que-le-escriba-de-federico-garcia-lorca\\\/#article\",\"isPartOf\":{\"@id\":\"https:\\\/\\\/olvidosdegranada.es\\\/index.php\\\/2024\\\/03\\\/28\\\/el-poeta-pide-a-su-amor-que-le-escriba-de-federico-garcia-lorca\\\/\"},\"author\":{\"name\":\"admin\",\"@id\":\"https:\\\/\\\/olvidosdegranada.es\\\/#\\\/schema\\\/person\\\/d49d9006f876d09eb11991e4209ba86e\"},\"headline\":\"El poeta pide a su amor que le escriba\",\"datePublished\":\"2024-03-28T09:23:08+00:00\",\"dateModified\":\"2024-04-08T00:17:00+00:00\",\"mainEntityOfPage\":{\"@id\":\"https:\\\/\\\/olvidosdegranada.es\\\/index.php\\\/2024\\\/03\\\/28\\\/el-poeta-pide-a-su-amor-que-le-escriba-de-federico-garcia-lorca\\\/\"},\"wordCount\":105,\"commentCount\":0,\"publisher\":{\"@id\":\"https:\\\/\\\/olvidosdegranada.es\\\/#organization\"},\"articleSection\":[\"Soneto500\"],\"inLanguage\":\"es\",\"potentialAction\":[{\"@type\":\"CommentAction\",\"name\":\"Comment\",\"target\":[\"https:\\\/\\\/olvidosdegranada.es\\\/index.php\\\/2024\\\/03\\\/28\\\/el-poeta-pide-a-su-amor-que-le-escriba-de-federico-garcia-lorca\\\/#respond\"]}]},{\"@type\":\"WebPage\",\"@id\":\"https:\\\/\\\/olvidosdegranada.es\\\/index.php\\\/2024\\\/03\\\/28\\\/el-poeta-pide-a-su-amor-que-le-escriba-de-federico-garcia-lorca\\\/\",\"url\":\"https:\\\/\\\/olvidosdegranada.es\\\/index.php\\\/2024\\\/03\\\/28\\\/el-poeta-pide-a-su-amor-que-le-escriba-de-federico-garcia-lorca\\\/\",\"name\":\"El poeta pide a su amor que le escriba - Olvidos de Granada\",\"isPartOf\":{\"@id\":\"https:\\\/\\\/olvidosdegranada.es\\\/#website\"},\"datePublished\":\"2024-03-28T09:23:08+00:00\",\"dateModified\":\"2024-04-08T00:17:00+00:00\",\"description\":\"Federico Garc\u00eda Lorca Amor de mis entra\u00f1as, viva muerte,en vano espero tu palabra escritay pienso, con la flor que se marchita,que si vivo sin m\u00ed quiero perderte. El aire es\",\"breadcrumb\":{\"@id\":\"https:\\\/\\\/olvidosdegranada.es\\\/index.php\\\/2024\\\/03\\\/28\\\/el-poeta-pide-a-su-amor-que-le-escriba-de-federico-garcia-lorca\\\/#breadcrumb\"},\"inLanguage\":\"es\",\"potentialAction\":[{\"@type\":\"ReadAction\",\"target\":[\"https:\\\/\\\/olvidosdegranada.es\\\/index.php\\\/2024\\\/03\\\/28\\\/el-poeta-pide-a-su-amor-que-le-escriba-de-federico-garcia-lorca\\\/\"]}]},{\"@type\":\"BreadcrumbList\",\"@id\":\"https:\\\/\\\/olvidosdegranada.es\\\/index.php\\\/2024\\\/03\\\/28\\\/el-poeta-pide-a-su-amor-que-le-escriba-de-federico-garcia-lorca\\\/#breadcrumb\",\"itemListElement\":[{\"@type\":\"ListItem\",\"position\":1,\"name\":\"Portada\",\"item\":\"https:\\\/\\\/olvidosdegranada.es\\\/\"},{\"@type\":\"ListItem\",\"position\":2,\"name\":\"El poeta pide a su amor que le escriba\"}]},{\"@type\":\"WebSite\",\"@id\":\"https:\\\/\\\/olvidosdegranada.es\\\/#website\",\"url\":\"https:\\\/\\\/olvidosdegranada.es\\\/\",\"name\":\"Olvidos de Granada\",\"description\":\"Revista de acciones culturales\",\"publisher\":{\"@id\":\"https:\\\/\\\/olvidosdegranada.es\\\/#organization\"},\"potentialAction\":[{\"@type\":\"SearchAction\",\"target\":{\"@type\":\"EntryPoint\",\"urlTemplate\":\"https:\\\/\\\/olvidosdegranada.es\\\/?s={search_term_string}\"},\"query-input\":{\"@type\":\"PropertyValueSpecification\",\"valueRequired\":true,\"valueName\":\"search_term_string\"}}],\"inLanguage\":\"es\"},{\"@type\":\"Organization\",\"@id\":\"https:\\\/\\\/olvidosdegranada.es\\\/#organization\",\"name\":\"Olvidos de Granada\",\"url\":\"https:\\\/\\\/olvidosdegranada.es\\\/\",\"logo\":{\"@type\":\"ImageObject\",\"inLanguage\":\"es\",\"@id\":\"https:\\\/\\\/olvidosdegranada.es\\\/#\\\/schema\\\/logo\\\/image\\\/\",\"url\":\"https:\\\/\\\/olvidosdegranada.es\\\/wp-content\\\/uploads\\\/2020\\\/12\\\/Recurso-9.png\",\"contentUrl\":\"https:\\\/\\\/olvidosdegranada.es\\\/wp-content\\\/uploads\\\/2020\\\/12\\\/Recurso-9.png\",\"width\":700,\"height\":227,\"caption\":\"Olvidos de Granada\"},\"image\":{\"@id\":\"https:\\\/\\\/olvidosdegranada.es\\\/#\\\/schema\\\/logo\\\/image\\\/\"},\"sameAs\":[\"https:\\\/\\\/www.facebook.com\\\/OLVIDOSDIGITAL\",\"https:\\\/\\\/x.com\\\/olvidospuntoes\"]},{\"@type\":\"Person\",\"@id\":\"https:\\\/\\\/olvidosdegranada.es\\\/#\\\/schema\\\/person\\\/d49d9006f876d09eb11991e4209ba86e\",\"name\":\"admin\",\"image\":{\"@type\":\"ImageObject\",\"inLanguage\":\"es\",\"@id\":\"https:\\\/\\\/secure.gravatar.com\\\/avatar\\\/6841bef74a46032347ab171a5b1b96035599438130924d4e02f5492088f66813?s=96&d=mm&r=g\",\"url\":\"https:\\\/\\\/secure.gravatar.com\\\/avatar\\\/6841bef74a46032347ab171a5b1b96035599438130924d4e02f5492088f66813?s=96&d=mm&r=g\",\"contentUrl\":\"https:\\\/\\\/secure.gravatar.com\\\/avatar\\\/6841bef74a46032347ab171a5b1b96035599438130924d4e02f5492088f66813?s=96&d=mm&r=g\",\"caption\":\"admin\"},\"sameAs\":[\"https:\\\/\\\/olvidosdegranada.es\"],\"url\":\"https:\\\/\\\/olvidosdegranada.es\\\/index.php\\\/author\\\/alfonsosalazarmendias_5ho2eadb\\\/\"}]}<\/script>\n<!-- \/ Yoast SEO plugin. -->","yoast_head_json":{"title":"El poeta pide a su amor que le escriba - Olvidos de Granada","description":"Federico Garc\u00eda Lorca Amor de mis entra\u00f1as, viva muerte,en vano espero tu palabra escritay pienso, con la flor que se marchita,que si vivo sin m\u00ed quiero perderte. El aire es","robots":{"index":"index","follow":"follow","max-snippet":"max-snippet:-1","max-image-preview":"max-image-preview:large","max-video-preview":"max-video-preview:-1"},"canonical":"https:\/\/olvidosdegranada.es\/index.php\/2024\/03\/28\/el-poeta-pide-a-su-amor-que-le-escriba-de-federico-garcia-lorca\/","og_locale":"es_ES","og_type":"article","og_title":"El poeta pide a su amor que le escriba - Olvidos de Granada","og_description":"Federico Garc\u00eda Lorca Amor de mis entra\u00f1as, viva muerte,en vano espero tu palabra escritay pienso, con la flor que se marchita,que si vivo sin m\u00ed quiero perderte. El aire es","og_url":"https:\/\/olvidosdegranada.es\/index.php\/2024\/03\/28\/el-poeta-pide-a-su-amor-que-le-escriba-de-federico-garcia-lorca\/","og_site_name":"Olvidos de Granada","article_publisher":"https:\/\/www.facebook.com\/OLVIDOSDIGITAL","article_published_time":"2024-03-28T09:23:08+00:00","article_modified_time":"2024-04-08T00:17:00+00:00","og_image":[{"width":700,"height":227,"url":"https:\/\/olvidosdegranada.es\/wp-content\/uploads\/2020\/12\/Recurso-9.png","type":"image\/png"}],"author":"admin","twitter_card":"summary_large_image","twitter_creator":"@olvidospuntoes","twitter_site":"@olvidospuntoes","twitter_misc":{"Escrito por":"admin","Tiempo de lectura":"1 minuto"},"schema":{"@context":"https:\/\/schema.org","@graph":[{"@type":"Article","@id":"https:\/\/olvidosdegranada.es\/index.php\/2024\/03\/28\/el-poeta-pide-a-su-amor-que-le-escriba-de-federico-garcia-lorca\/#article","isPartOf":{"@id":"https:\/\/olvidosdegranada.es\/index.php\/2024\/03\/28\/el-poeta-pide-a-su-amor-que-le-escriba-de-federico-garcia-lorca\/"},"author":{"name":"admin","@id":"https:\/\/olvidosdegranada.es\/#\/schema\/person\/d49d9006f876d09eb11991e4209ba86e"},"headline":"El poeta pide a su amor que le escriba","datePublished":"2024-03-28T09:23:08+00:00","dateModified":"2024-04-08T00:17:00+00:00","mainEntityOfPage":{"@id":"https:\/\/olvidosdegranada.es\/index.php\/2024\/03\/28\/el-poeta-pide-a-su-amor-que-le-escriba-de-federico-garcia-lorca\/"},"wordCount":105,"commentCount":0,"publisher":{"@id":"https:\/\/olvidosdegranada.es\/#organization"},"articleSection":["Soneto500"],"inLanguage":"es","potentialAction":[{"@type":"CommentAction","name":"Comment","target":["https:\/\/olvidosdegranada.es\/index.php\/2024\/03\/28\/el-poeta-pide-a-su-amor-que-le-escriba-de-federico-garcia-lorca\/#respond"]}]},{"@type":"WebPage","@id":"https:\/\/olvidosdegranada.es\/index.php\/2024\/03\/28\/el-poeta-pide-a-su-amor-que-le-escriba-de-federico-garcia-lorca\/","url":"https:\/\/olvidosdegranada.es\/index.php\/2024\/03\/28\/el-poeta-pide-a-su-amor-que-le-escriba-de-federico-garcia-lorca\/","name":"El poeta pide a su amor que le escriba - Olvidos de Granada","isPartOf":{"@id":"https:\/\/olvidosdegranada.es\/#website"},"datePublished":"2024-03-28T09:23:08+00:00","dateModified":"2024-04-08T00:17:00+00:00","description":"Federico Garc\u00eda Lorca Amor de mis entra\u00f1as, viva muerte,en vano espero tu palabra escritay pienso, con la flor que se marchita,que si vivo sin m\u00ed quiero perderte. El aire es","breadcrumb":{"@id":"https:\/\/olvidosdegranada.es\/index.php\/2024\/03\/28\/el-poeta-pide-a-su-amor-que-le-escriba-de-federico-garcia-lorca\/#breadcrumb"},"inLanguage":"es","potentialAction":[{"@type":"ReadAction","target":["https:\/\/olvidosdegranada.es\/index.php\/2024\/03\/28\/el-poeta-pide-a-su-amor-que-le-escriba-de-federico-garcia-lorca\/"]}]},{"@type":"BreadcrumbList","@id":"https:\/\/olvidosdegranada.es\/index.php\/2024\/03\/28\/el-poeta-pide-a-su-amor-que-le-escriba-de-federico-garcia-lorca\/#breadcrumb","itemListElement":[{"@type":"ListItem","position":1,"name":"Portada","item":"https:\/\/olvidosdegranada.es\/"},{"@type":"ListItem","position":2,"name":"El poeta pide a su amor que le escriba"}]},{"@type":"WebSite","@id":"https:\/\/olvidosdegranada.es\/#website","url":"https:\/\/olvidosdegranada.es\/","name":"Olvidos de Granada","description":"Revista de acciones culturales","publisher":{"@id":"https:\/\/olvidosdegranada.es\/#organization"},"potentialAction":[{"@type":"SearchAction","target":{"@type":"EntryPoint","urlTemplate":"https:\/\/olvidosdegranada.es\/?s={search_term_string}"},"query-input":{"@type":"PropertyValueSpecification","valueRequired":true,"valueName":"search_term_string"}}],"inLanguage":"es"},{"@type":"Organization","@id":"https:\/\/olvidosdegranada.es\/#organization","name":"Olvidos de Granada","url":"https:\/\/olvidosdegranada.es\/","logo":{"@type":"ImageObject","inLanguage":"es","@id":"https:\/\/olvidosdegranada.es\/#\/schema\/logo\/image\/","url":"https:\/\/olvidosdegranada.es\/wp-content\/uploads\/2020\/12\/Recurso-9.png","contentUrl":"https:\/\/olvidosdegranada.es\/wp-content\/uploads\/2020\/12\/Recurso-9.png","width":700,"height":227,"caption":"Olvidos de Granada"},"image":{"@id":"https:\/\/olvidosdegranada.es\/#\/schema\/logo\/image\/"},"sameAs":["https:\/\/www.facebook.com\/OLVIDOSDIGITAL","https:\/\/x.com\/olvidospuntoes"]},{"@type":"Person","@id":"https:\/\/olvidosdegranada.es\/#\/schema\/person\/d49d9006f876d09eb11991e4209ba86e","name":"admin","image":{"@type":"ImageObject","inLanguage":"es","@id":"https:\/\/secure.gravatar.com\/avatar\/6841bef74a46032347ab171a5b1b96035599438130924d4e02f5492088f66813?s=96&d=mm&r=g","url":"https:\/\/secure.gravatar.com\/avatar\/6841bef74a46032347ab171a5b1b96035599438130924d4e02f5492088f66813?s=96&d=mm&r=g","contentUrl":"https:\/\/secure.gravatar.com\/avatar\/6841bef74a46032347ab171a5b1b96035599438130924d4e02f5492088f66813?s=96&d=mm&r=g","caption":"admin"},"sameAs":["https:\/\/olvidosdegranada.es"],"url":"https:\/\/olvidosdegranada.es\/index.php\/author\/alfonsosalazarmendias_5ho2eadb\/"}]}},"jetpack_sharing_enabled":true,"jetpack_featured_media_url":"","_links":{"self":[{"href":"https:\/\/olvidosdegranada.es\/index.php\/wp-json\/wp\/v2\/posts\/4396","targetHints":{"allow":["GET"]}}],"collection":[{"href":"https:\/\/olvidosdegranada.es\/index.php\/wp-json\/wp\/v2\/posts"}],"about":[{"href":"https:\/\/olvidosdegranada.es\/index.php\/wp-json\/wp\/v2\/types\/post"}],"author":[{"embeddable":true,"href":"https:\/\/olvidosdegranada.es\/index.php\/wp-json\/wp\/v2\/users\/1"}],"replies":[{"embeddable":true,"href":"https:\/\/olvidosdegranada.es\/index.php\/wp-json\/wp\/v2\/comments?post=4396"}],"version-history":[{"count":3,"href":"https:\/\/olvidosdegranada.es\/index.php\/wp-json\/wp\/v2\/posts\/4396\/revisions"}],"predecessor-version":[{"id":4666,"href":"https:\/\/olvidosdegranada.es\/index.php\/wp-json\/wp\/v2\/posts\/4396\/revisions\/4666"}],"wp:attachment":[{"href":"https:\/\/olvidosdegranada.es\/index.php\/wp-json\/wp\/v2\/media?parent=4396"}],"wp:term":[{"taxonomy":"category","embeddable":true,"href":"https:\/\/olvidosdegranada.es\/index.php\/wp-json\/wp\/v2\/categories?post=4396"},{"taxonomy":"post_tag","embeddable":true,"href":"https:\/\/olvidosdegranada.es\/index.php\/wp-json\/wp\/v2\/tags?post=4396"}],"curies":[{"name":"wp","href":"https:\/\/api.w.org\/{rel}","templated":true}]}}