{"id":4329,"date":"2024-04-02T16:55:17","date_gmt":"2024-04-02T16:55:17","guid":{"rendered":"https:\/\/olvidosdegranada.es\/?p=4329"},"modified":"2025-07-22T22:21:29","modified_gmt":"2025-07-22T20:21:29","slug":"algo-mas-que-la-vida","status":"publish","type":"post","link":"https:\/\/olvidosdegranada.es\/index.php\/2024\/04\/02\/algo-mas-que-la-vida\/","title":{"rendered":"Algo m\u00e1s que la vida"},"content":{"rendered":"\n<p><\/p>\n\n\n\n<p class=\"has-text-align-right\"><em>A Mariano Maresca<\/em><\/p>\n\n\n\n<p>Pedir a nuestra vida<br>algo m\u00e1s que la vida.<\/p>\n\n\n\n<p><br>\u00bfLe pedir\u00edas a tus ojos,<br>a esos ojos clavados en mi cuello como una victoria,<br>algo m\u00e1s que la luz del sol,<br>el don de la hermosura<br>o la fascinaci\u00f3n profunda y l\u00edquida<br>de la corriente<br>que hasta nosotros mismos nos arrastra?<\/p>\n\n\n\n<p><br>Absurdo habr\u00eda de ser un sol nocturno,<br>una estela diurna, brillante y luminosa,<br>una hermosura ciega o la tristeza<br>de saber que hemos sido una huella de humo<br>borrada por los a\u00f1os.<\/p>\n\n\n\n<p><br>Absurdo ser\u00eda entonces<br>pedir a nuestra vida<br>que retomara el curso<br>del lecho donde el agua<br>hace tiempo no corre,<br>pedir a nuestra vida<br>algo m\u00e1s que la vida.<\/p>\n\n\n\n<p><br>Absurdamente pido en esta hora,<br>triste y hermosa hora de nuevo declinando,<br>cuando no est\u00e1n tus ojos<br>y sin embargo brillas<br>como una luz ardiente en mi recuerdo,<br>que los soles nocturnos renazcan lentamente,<br>que las estrellas bailen al son de mediod\u00eda,<br>que la hermosura traiga la grandeza<br>de saber que queremos seguir siendo nosotros<br>a pesar de los cuerdos reveses de la historia.<\/p>\n\n\n\n<p><br>Porque te espero ahora y porque siento<br>que amar no es otra cosa que perecer de nuevo,<br>voy a pedir ahora, mir\u00e1ndome en tus ojos,<br>a los torpes resortes que la vida me ofrece<br>algo m\u00e1s.<br>Algo m\u00e1s que esa triste y diaria presencia<br>de un rostro que surgiendo detr\u00e1s de cada espejo<br>me saluda y me llama, me esconde, me derrota.<\/p>\n","protected":false},"excerpt":{"rendered":"<p>A Mariano Maresca Pedir a nuestra vidaalgo m\u00e1s que la vida. \u00bfLe pedir\u00edas a tus &#8230; <\/p>\n<p class=\"read-more-container\"><a title=\"Algo m\u00e1s que la vida\" class=\"read-more button\" href=\"https:\/\/olvidosdegranada.es\/index.php\/2024\/04\/02\/algo-mas-que-la-vida\/#more-4329\" aria-label=\"Leer m\u00e1s sobre Algo m\u00e1s que la vida\">Leer m\u00e1s<\/a><\/p>\n","protected":false},"author":4,"featured_media":0,"comment_status":"open","ping_status":"closed","sticky":false,"template":"","format":"standard","meta":{"_acf_changed":false,"_jetpack_newsletter_access":"","_jetpack_dont_email_post_to_subs":false,"_jetpack_newsletter_tier_id":0,"_jetpack_memberships_contains_paywalled_content":false,"_jetpack_feature_clip_id":0,"_jetpack_memberships_contains_paid_content":false,"footnotes":"","jetpack_post_was_ever_published":false},"categories":[6,3],"tags":[53],"class_list":["post-4329","post","type-post","status-publish","format-standard","hentry","category-memoria-de-olvidos","category-palabras","tag-poesia","infinite-scroll-item","generate-columns","tablet-grid-50","mobile-grid-100","grid-parent","grid-33","no-featured-image-padding"],"acf":[],"yoast_head":"<!-- This site is optimized with the Yoast SEO plugin v28.3 - https:\/\/yoast.com\/product\/yoast-seo-wordpress\/ -->\n<title>Algo m\u00e1s que la vida - Olvidos de Granada<\/title>\n<meta name=\"description\" content=\"\u00c1lvaro Salvador A Mariano Maresca Pedir a nuestra vidaalgo m\u00e1s que la vida. \u00bfLe pedir\u00edas a tus ojos,a esos ojos clavados en mi cuello como una victoria,algo m\u00e1s que la\" \/>\n<meta name=\"robots\" content=\"index, follow, max-snippet:-1, max-image-preview:large, max-video-preview:-1\" \/>\n<link rel=\"canonical\" href=\"https:\/\/olvidosdegranada.es\/index.php\/2024\/04\/02\/algo-mas-que-la-vida\/\" \/>\n<meta property=\"og:locale\" content=\"es_ES\" \/>\n<meta property=\"og:type\" content=\"article\" \/>\n<meta property=\"og:title\" content=\"Algo m\u00e1s que la vida - Olvidos de Granada\" \/>\n<meta property=\"og:description\" content=\"\u00c1lvaro Salvador A Mariano Maresca Pedir a nuestra vidaalgo m\u00e1s que la vida. \u00bfLe pedir\u00edas a tus ojos,a esos ojos clavados en mi cuello como una victoria,algo m\u00e1s que la\" \/>\n<meta property=\"og:url\" content=\"https:\/\/olvidosdegranada.es\/index.php\/2024\/04\/02\/algo-mas-que-la-vida\/\" \/>\n<meta property=\"og:site_name\" content=\"Olvidos de Granada\" \/>\n<meta property=\"article:publisher\" content=\"https:\/\/www.facebook.com\/OLVIDOSDIGITAL\" \/>\n<meta property=\"article:published_time\" content=\"2024-04-02T16:55:17+00:00\" \/>\n<meta property=\"article:modified_time\" content=\"2025-07-22T20:21:29+00:00\" \/>\n<meta property=\"og:image\" content=\"https:\/\/olvidosdegranada.es\/wp-content\/uploads\/2020\/12\/Recurso-9.png\" \/>\n\t<meta property=\"og:image:width\" content=\"700\" \/>\n\t<meta property=\"og:image:height\" content=\"227\" \/>\n\t<meta property=\"og:image:type\" content=\"image\/png\" \/>\n<meta name=\"author\" content=\"Alfonso Salazar\" \/>\n<meta name=\"twitter:card\" content=\"summary_large_image\" \/>\n<meta name=\"twitter:creator\" content=\"@olvidospuntoes\" \/>\n<meta name=\"twitter:site\" content=\"@olvidospuntoes\" \/>\n<meta name=\"twitter:label1\" content=\"Escrito por\" \/>\n\t<meta name=\"twitter:data1\" content=\"Alfonso Salazar\" \/>\n\t<meta name=\"twitter:label2\" content=\"Tiempo de lectura\" \/>\n\t<meta name=\"twitter:data2\" content=\"2 minutos\" \/>\n<script type=\"application\/ld+json\" class=\"yoast-schema-graph\">{\"@context\":\"https:\\\/\\\/schema.org\",\"@graph\":[{\"@type\":\"Article\",\"@id\":\"https:\\\/\\\/olvidosdegranada.es\\\/index.php\\\/2024\\\/04\\\/02\\\/algo-mas-que-la-vida\\\/#article\",\"isPartOf\":{\"@id\":\"https:\\\/\\\/olvidosdegranada.es\\\/index.php\\\/2024\\\/04\\\/02\\\/algo-mas-que-la-vida\\\/\"},\"author\":{\"name\":\"Alfonso Salazar\",\"@id\":\"https:\\\/\\\/olvidosdegranada.es\\\/#\\\/schema\\\/person\\\/2e10b199a19cf21e8fd2391979d33083\"},\"headline\":\"Algo m\u00e1s que la vida\",\"datePublished\":\"2024-04-02T16:55:17+00:00\",\"dateModified\":\"2025-07-22T20:21:29+00:00\",\"mainEntityOfPage\":{\"@id\":\"https:\\\/\\\/olvidosdegranada.es\\\/index.php\\\/2024\\\/04\\\/02\\\/algo-mas-que-la-vida\\\/\"},\"wordCount\":243,\"commentCount\":0,\"publisher\":{\"@id\":\"https:\\\/\\\/olvidosdegranada.es\\\/#organization\"},\"keywords\":[\"Poes\u00eda\"],\"articleSection\":[\"Memoria de Olvidos\",\"Palabras\"],\"inLanguage\":\"es\",\"potentialAction\":[{\"@type\":\"CommentAction\",\"name\":\"Comment\",\"target\":[\"https:\\\/\\\/olvidosdegranada.es\\\/index.php\\\/2024\\\/04\\\/02\\\/algo-mas-que-la-vida\\\/#respond\"]}]},{\"@type\":\"WebPage\",\"@id\":\"https:\\\/\\\/olvidosdegranada.es\\\/index.php\\\/2024\\\/04\\\/02\\\/algo-mas-que-la-vida\\\/\",\"url\":\"https:\\\/\\\/olvidosdegranada.es\\\/index.php\\\/2024\\\/04\\\/02\\\/algo-mas-que-la-vida\\\/\",\"name\":\"Algo m\u00e1s que la vida - Olvidos de Granada\",\"isPartOf\":{\"@id\":\"https:\\\/\\\/olvidosdegranada.es\\\/#website\"},\"datePublished\":\"2024-04-02T16:55:17+00:00\",\"dateModified\":\"2025-07-22T20:21:29+00:00\",\"description\":\"\u00c1lvaro Salvador A Mariano Maresca Pedir a nuestra vidaalgo m\u00e1s que la vida. \u00bfLe pedir\u00edas a tus ojos,a esos ojos clavados en mi cuello como una victoria,algo m\u00e1s que la\",\"breadcrumb\":{\"@id\":\"https:\\\/\\\/olvidosdegranada.es\\\/index.php\\\/2024\\\/04\\\/02\\\/algo-mas-que-la-vida\\\/#breadcrumb\"},\"inLanguage\":\"es\",\"potentialAction\":[{\"@type\":\"ReadAction\",\"target\":[\"https:\\\/\\\/olvidosdegranada.es\\\/index.php\\\/2024\\\/04\\\/02\\\/algo-mas-que-la-vida\\\/\"]}]},{\"@type\":\"BreadcrumbList\",\"@id\":\"https:\\\/\\\/olvidosdegranada.es\\\/index.php\\\/2024\\\/04\\\/02\\\/algo-mas-que-la-vida\\\/#breadcrumb\",\"itemListElement\":[{\"@type\":\"ListItem\",\"position\":1,\"name\":\"Portada\",\"item\":\"https:\\\/\\\/olvidosdegranada.es\\\/\"},{\"@type\":\"ListItem\",\"position\":2,\"name\":\"Algo m\u00e1s que la vida\"}]},{\"@type\":\"WebSite\",\"@id\":\"https:\\\/\\\/olvidosdegranada.es\\\/#website\",\"url\":\"https:\\\/\\\/olvidosdegranada.es\\\/\",\"name\":\"Olvidos de Granada\",\"description\":\"Revista de acciones culturales\",\"publisher\":{\"@id\":\"https:\\\/\\\/olvidosdegranada.es\\\/#organization\"},\"potentialAction\":[{\"@type\":\"SearchAction\",\"target\":{\"@type\":\"EntryPoint\",\"urlTemplate\":\"https:\\\/\\\/olvidosdegranada.es\\\/?s={search_term_string}\"},\"query-input\":{\"@type\":\"PropertyValueSpecification\",\"valueRequired\":true,\"valueName\":\"search_term_string\"}}],\"inLanguage\":\"es\"},{\"@type\":\"Organization\",\"@id\":\"https:\\\/\\\/olvidosdegranada.es\\\/#organization\",\"name\":\"Olvidos de Granada\",\"url\":\"https:\\\/\\\/olvidosdegranada.es\\\/\",\"logo\":{\"@type\":\"ImageObject\",\"inLanguage\":\"es\",\"@id\":\"https:\\\/\\\/olvidosdegranada.es\\\/#\\\/schema\\\/logo\\\/image\\\/\",\"url\":\"https:\\\/\\\/olvidosdegranada.es\\\/wp-content\\\/uploads\\\/2020\\\/12\\\/Recurso-9.png\",\"contentUrl\":\"https:\\\/\\\/olvidosdegranada.es\\\/wp-content\\\/uploads\\\/2020\\\/12\\\/Recurso-9.png\",\"width\":700,\"height\":227,\"caption\":\"Olvidos de Granada\"},\"image\":{\"@id\":\"https:\\\/\\\/olvidosdegranada.es\\\/#\\\/schema\\\/logo\\\/image\\\/\"},\"sameAs\":[\"https:\\\/\\\/www.facebook.com\\\/OLVIDOSDIGITAL\",\"https:\\\/\\\/x.com\\\/olvidospuntoes\"]},{\"@type\":\"Person\",\"@id\":\"https:\\\/\\\/olvidosdegranada.es\\\/#\\\/schema\\\/person\\\/2e10b199a19cf21e8fd2391979d33083\",\"name\":\"Alfonso Salazar\",\"image\":{\"@type\":\"ImageObject\",\"inLanguage\":\"es\",\"@id\":\"https:\\\/\\\/secure.gravatar.com\\\/avatar\\\/8768a2dca789940dbdaf5fdd283c795998719eb61dc0c2c16eb3decaaf6b3304?s=96&d=mm&r=g\",\"url\":\"https:\\\/\\\/secure.gravatar.com\\\/avatar\\\/8768a2dca789940dbdaf5fdd283c795998719eb61dc0c2c16eb3decaaf6b3304?s=96&d=mm&r=g\",\"contentUrl\":\"https:\\\/\\\/secure.gravatar.com\\\/avatar\\\/8768a2dca789940dbdaf5fdd283c795998719eb61dc0c2c16eb3decaaf6b3304?s=96&d=mm&r=g\",\"caption\":\"Alfonso Salazar\"},\"url\":\"https:\\\/\\\/olvidosdegranada.es\\\/index.php\\\/author\\\/alfonso-salazar\\\/\"}]}<\/script>\n<!-- \/ Yoast SEO plugin. -->","yoast_head_json":{"title":"Algo m\u00e1s que la vida - Olvidos de Granada","description":"\u00c1lvaro Salvador A Mariano Maresca Pedir a nuestra vidaalgo m\u00e1s que la vida. \u00bfLe pedir\u00edas a tus ojos,a esos ojos clavados en mi cuello como una victoria,algo m\u00e1s que la","robots":{"index":"index","follow":"follow","max-snippet":"max-snippet:-1","max-image-preview":"max-image-preview:large","max-video-preview":"max-video-preview:-1"},"canonical":"https:\/\/olvidosdegranada.es\/index.php\/2024\/04\/02\/algo-mas-que-la-vida\/","og_locale":"es_ES","og_type":"article","og_title":"Algo m\u00e1s que la vida - Olvidos de Granada","og_description":"\u00c1lvaro Salvador A Mariano Maresca Pedir a nuestra vidaalgo m\u00e1s que la vida. \u00bfLe pedir\u00edas a tus ojos,a esos ojos clavados en mi cuello como una victoria,algo m\u00e1s que la","og_url":"https:\/\/olvidosdegranada.es\/index.php\/2024\/04\/02\/algo-mas-que-la-vida\/","og_site_name":"Olvidos de Granada","article_publisher":"https:\/\/www.facebook.com\/OLVIDOSDIGITAL","article_published_time":"2024-04-02T16:55:17+00:00","article_modified_time":"2025-07-22T20:21:29+00:00","og_image":[{"width":700,"height":227,"url":"https:\/\/olvidosdegranada.es\/wp-content\/uploads\/2020\/12\/Recurso-9.png","type":"image\/png"}],"author":"Alfonso Salazar","twitter_card":"summary_large_image","twitter_creator":"@olvidospuntoes","twitter_site":"@olvidospuntoes","twitter_misc":{"Escrito por":"Alfonso Salazar","Tiempo de lectura":"2 minutos"},"schema":{"@context":"https:\/\/schema.org","@graph":[{"@type":"Article","@id":"https:\/\/olvidosdegranada.es\/index.php\/2024\/04\/02\/algo-mas-que-la-vida\/#article","isPartOf":{"@id":"https:\/\/olvidosdegranada.es\/index.php\/2024\/04\/02\/algo-mas-que-la-vida\/"},"author":{"name":"Alfonso Salazar","@id":"https:\/\/olvidosdegranada.es\/#\/schema\/person\/2e10b199a19cf21e8fd2391979d33083"},"headline":"Algo m\u00e1s que la vida","datePublished":"2024-04-02T16:55:17+00:00","dateModified":"2025-07-22T20:21:29+00:00","mainEntityOfPage":{"@id":"https:\/\/olvidosdegranada.es\/index.php\/2024\/04\/02\/algo-mas-que-la-vida\/"},"wordCount":243,"commentCount":0,"publisher":{"@id":"https:\/\/olvidosdegranada.es\/#organization"},"keywords":["Poes\u00eda"],"articleSection":["Memoria de Olvidos","Palabras"],"inLanguage":"es","potentialAction":[{"@type":"CommentAction","name":"Comment","target":["https:\/\/olvidosdegranada.es\/index.php\/2024\/04\/02\/algo-mas-que-la-vida\/#respond"]}]},{"@type":"WebPage","@id":"https:\/\/olvidosdegranada.es\/index.php\/2024\/04\/02\/algo-mas-que-la-vida\/","url":"https:\/\/olvidosdegranada.es\/index.php\/2024\/04\/02\/algo-mas-que-la-vida\/","name":"Algo m\u00e1s que la vida - Olvidos de Granada","isPartOf":{"@id":"https:\/\/olvidosdegranada.es\/#website"},"datePublished":"2024-04-02T16:55:17+00:00","dateModified":"2025-07-22T20:21:29+00:00","description":"\u00c1lvaro Salvador A Mariano Maresca Pedir a nuestra vidaalgo m\u00e1s que la vida. \u00bfLe pedir\u00edas a tus ojos,a esos ojos clavados en mi cuello como una victoria,algo m\u00e1s que la","breadcrumb":{"@id":"https:\/\/olvidosdegranada.es\/index.php\/2024\/04\/02\/algo-mas-que-la-vida\/#breadcrumb"},"inLanguage":"es","potentialAction":[{"@type":"ReadAction","target":["https:\/\/olvidosdegranada.es\/index.php\/2024\/04\/02\/algo-mas-que-la-vida\/"]}]},{"@type":"BreadcrumbList","@id":"https:\/\/olvidosdegranada.es\/index.php\/2024\/04\/02\/algo-mas-que-la-vida\/#breadcrumb","itemListElement":[{"@type":"ListItem","position":1,"name":"Portada","item":"https:\/\/olvidosdegranada.es\/"},{"@type":"ListItem","position":2,"name":"Algo m\u00e1s que la vida"}]},{"@type":"WebSite","@id":"https:\/\/olvidosdegranada.es\/#website","url":"https:\/\/olvidosdegranada.es\/","name":"Olvidos de Granada","description":"Revista de acciones culturales","publisher":{"@id":"https:\/\/olvidosdegranada.es\/#organization"},"potentialAction":[{"@type":"SearchAction","target":{"@type":"EntryPoint","urlTemplate":"https:\/\/olvidosdegranada.es\/?s={search_term_string}"},"query-input":{"@type":"PropertyValueSpecification","valueRequired":true,"valueName":"search_term_string"}}],"inLanguage":"es"},{"@type":"Organization","@id":"https:\/\/olvidosdegranada.es\/#organization","name":"Olvidos de Granada","url":"https:\/\/olvidosdegranada.es\/","logo":{"@type":"ImageObject","inLanguage":"es","@id":"https:\/\/olvidosdegranada.es\/#\/schema\/logo\/image\/","url":"https:\/\/olvidosdegranada.es\/wp-content\/uploads\/2020\/12\/Recurso-9.png","contentUrl":"https:\/\/olvidosdegranada.es\/wp-content\/uploads\/2020\/12\/Recurso-9.png","width":700,"height":227,"caption":"Olvidos de Granada"},"image":{"@id":"https:\/\/olvidosdegranada.es\/#\/schema\/logo\/image\/"},"sameAs":["https:\/\/www.facebook.com\/OLVIDOSDIGITAL","https:\/\/x.com\/olvidospuntoes"]},{"@type":"Person","@id":"https:\/\/olvidosdegranada.es\/#\/schema\/person\/2e10b199a19cf21e8fd2391979d33083","name":"Alfonso Salazar","image":{"@type":"ImageObject","inLanguage":"es","@id":"https:\/\/secure.gravatar.com\/avatar\/8768a2dca789940dbdaf5fdd283c795998719eb61dc0c2c16eb3decaaf6b3304?s=96&d=mm&r=g","url":"https:\/\/secure.gravatar.com\/avatar\/8768a2dca789940dbdaf5fdd283c795998719eb61dc0c2c16eb3decaaf6b3304?s=96&d=mm&r=g","contentUrl":"https:\/\/secure.gravatar.com\/avatar\/8768a2dca789940dbdaf5fdd283c795998719eb61dc0c2c16eb3decaaf6b3304?s=96&d=mm&r=g","caption":"Alfonso Salazar"},"url":"https:\/\/olvidosdegranada.es\/index.php\/author\/alfonso-salazar\/"}]}},"jetpack_sharing_enabled":true,"jetpack_featured_media_url":"","_links":{"self":[{"href":"https:\/\/olvidosdegranada.es\/index.php\/wp-json\/wp\/v2\/posts\/4329","targetHints":{"allow":["GET"]}}],"collection":[{"href":"https:\/\/olvidosdegranada.es\/index.php\/wp-json\/wp\/v2\/posts"}],"about":[{"href":"https:\/\/olvidosdegranada.es\/index.php\/wp-json\/wp\/v2\/types\/post"}],"author":[{"embeddable":true,"href":"https:\/\/olvidosdegranada.es\/index.php\/wp-json\/wp\/v2\/users\/4"}],"replies":[{"embeddable":true,"href":"https:\/\/olvidosdegranada.es\/index.php\/wp-json\/wp\/v2\/comments?post=4329"}],"version-history":[{"count":1,"href":"https:\/\/olvidosdegranada.es\/index.php\/wp-json\/wp\/v2\/posts\/4329\/revisions"}],"predecessor-version":[{"id":4330,"href":"https:\/\/olvidosdegranada.es\/index.php\/wp-json\/wp\/v2\/posts\/4329\/revisions\/4330"}],"wp:attachment":[{"href":"https:\/\/olvidosdegranada.es\/index.php\/wp-json\/wp\/v2\/media?parent=4329"}],"wp:term":[{"taxonomy":"category","embeddable":true,"href":"https:\/\/olvidosdegranada.es\/index.php\/wp-json\/wp\/v2\/categories?post=4329"},{"taxonomy":"post_tag","embeddable":true,"href":"https:\/\/olvidosdegranada.es\/index.php\/wp-json\/wp\/v2\/tags?post=4329"}],"curies":[{"name":"wp","href":"https:\/\/api.w.org\/{rel}","templated":true}]}}