{"id":4214,"date":"2024-02-26T13:53:52","date_gmt":"2024-02-26T13:53:52","guid":{"rendered":"https:\/\/olvidosdegranada.es\/?p=4214"},"modified":"2024-02-11T14:35:56","modified_gmt":"2024-02-11T14:35:56","slug":"aeropuertos-el-mal-terminal","status":"publish","type":"post","link":"https:\/\/olvidosdegranada.es\/index.php\/2024\/02\/26\/aeropuertos-el-mal-terminal\/","title":{"rendered":"Aeropuertos, el Mal Terminal"},"content":{"rendered":"\n<p><\/p>\n\n\n\n<p>Las terminales modernas se han convertido en enormes supermercados por los que no se puede evitar circular. El viajero est\u00e1 atrapado en una red de tiendas que ofrecen los productos de consumo m\u00e1s prescindibles. La obscenidad de nuestra sociedad de mercado se muestra en esos sitios sin tapujos: el consumo de inutilidades como fin \u00faltimo de nuestras vidas; la circulaci\u00f3n entre las mercanc\u00edas como \u00fanica forma de \u201cpasar el tiempo\u201d; el progreso y el crecimiento como horizonte ideal \u00fanico de nuestras existencias. Una vez franqueados esos laberintos del consumo el viajero accede a su terminal de embarque en la que tendr\u00e1 que esperar pacientemente el momento de despegar. Entretanto, podr\u00e1 solazarse con el espect\u00e1culo de sus semejantes arrastrando sus <em>trolleys<\/em> acompa\u00f1ados de ese ruido mec\u00e1nico y circular que despu\u00e9s prolongar\u00e1n en los centros tur\u00edsticos de algunas ciudades para tortura de los \u00faltimos vecinos que todav\u00eda resisten a la expulsi\u00f3n tur\u00edstica de sus hogares. Los nuevos n\u00f3madas voraces de exotismo invadir\u00e1n como sucesivas plagas las ciudades con encanto hasta no dejar tras su paso m\u00e1s que algunas franquicias repetidas id\u00e9nticamente como espejos all\u00e1 donde vayan.<\/p>\n\n\n\n<p><a><\/a>Pero si el viajero ocioso que espera su vuelo se fija un instante en esas masas que se desplazan sin descanso por la terminal, podr\u00e1 observar el curioso fen\u00f3meno de la m\u00e1s o menos leve inclinaci\u00f3n que suelen llevar los pasajeros arrastrando sus equipajes. Aunque una sonrisa est\u00fapida acompa\u00f1e su errar por el aeropuerto, como si adivinaran los inmensos placeres que les esperan en su destino, esa leve inclinaci\u00f3n los convierte a su pesar en nuevos esclavos a cuestas con su carga.&nbsp; El fen\u00f3meno lo coment\u00f3 ya W.G. Sebald a finales del pasado siglo en un breve texto titulado <em>El arte de volar<\/em>:<\/p>\n\n\n\n<p>\u201cSobredimensionadas, las vastas instalaciones aeroportuarias de Zurich-Kloten me dan una vez m\u00e1s la impresi\u00f3n de que el futuro ya comenz\u00f3 y que la gente que en grupos a menudo desordenados recorren los gigantescos halls climatizados son la vanguardia de un nueva raza de n\u00f3madas. Una extra\u00f1a determinaci\u00f3n parece animarles. Todos est\u00e1n ligeramente inclinados hacia adelante, como los personajes del <em>G\u00e9nesis de Viena<\/em> precipit\u00e1ndose desde hace siglos hacia su propio final.\u201d<\/p>\n\n\n\n<figure class=\"wp-block-image size-full\"><img loading=\"lazy\" decoding=\"async\" width=\"513\" height=\"377\" src=\"https:\/\/olvidosdegranada.es\/wp-content\/uploads\/image-15.png\" alt=\"\" class=\"wp-image-4215\" srcset=\"https:\/\/olvidosdegranada.es\/wp-content\/uploads\/\/image-15.png 513w, https:\/\/olvidosdegranada.es\/wp-content\/uploads\/\/image-15-300x220.png 300w, https:\/\/olvidosdegranada.es\/wp-content\/uploads\/\/image-15-150x110.png 150w\" sizes=\"auto, (max-width: 513px) 100vw, 513px\" \/><\/figure>\n\n\n\n<p>El <em>G\u00e9nesis de Viena<\/em> (<em>Wiener Genesis<\/em>) al que hace referencia Sebald es un manuscrito ilustrado elaborado en la regi\u00f3n sirio-palestina en la primera mitad del siglo VI y conservado en la \u00d6sterreichische Nationalbibliothek de Viena. Es el c\u00f3dex b\u00edblico ilustrado m\u00e1s antiguo que existe en buen estado de conservaci\u00f3n. Su texto es un fragmento del Libro del G\u00e9nesis en la traducci\u00f3n griega de la Sextante. Es muy probable que Sebald conociera la existencia de la imagen gracias al texto de Walter Benjamin sobre Karl Krauss. En dicho texto Benjamin define esta ilustraci\u00f3n como la imagen misma del estado de culpabilidad: \u201ccomo si estuvieran afectados por el Gran Mal [la epilepsia], se inclinan los unos sobre los otros en una carrera precipitada\u201d. Y recuerda que el expresionismo, educado en esas miniaturas medievales, trat\u00f3 de dar cuenta del estado en el que se encontraban las masas despu\u00e9s de la guerra y de ese \u201cpoder sin nombre ante el que se curvan los hombres: la culpabilidad\u201d.<\/p>\n\n\n\n<p>\u00bfSer\u00e1 pues la culpabilidad la que empuja las espaldas de los viajeros en las terminales de los aeropuertos? \u00bfSer\u00e1n conscientes tal vez del proceso de destrucci\u00f3n que conllevan sus constantes desplazamientos? Podemos dudarlo. La pandemia que nos iba a hacer m\u00e1s virtuosos&nbsp; se revel\u00f3 como el desencadenante de una furia imparable de consumo y una irrefrenable pulsi\u00f3n de viajar. Lo que no quiere decir que estos viajeros inclinados arrastrando su carga no se dirijan, sin saberlo, hacia su precipitado final.<\/p>\n","protected":false},"excerpt":{"rendered":"<p>Las terminales modernas se han convertido en enormes supermercados por los que no se puede &#8230; <\/p>\n<p class=\"read-more-container\"><a title=\"Aeropuertos, el Mal Terminal\" class=\"read-more button\" href=\"https:\/\/olvidosdegranada.es\/index.php\/2024\/02\/26\/aeropuertos-el-mal-terminal\/#more-4214\" aria-label=\"Leer m\u00e1s sobre Aeropuertos, el Mal Terminal\">Leer m\u00e1s<\/a><\/p>\n","protected":false},"author":4,"featured_media":0,"comment_status":"open","ping_status":"closed","sticky":false,"template":"","format":"standard","meta":{"_acf_changed":false,"_jetpack_newsletter_access":"","_jetpack_dont_email_post_to_subs":false,"_jetpack_newsletter_tier_id":0,"_jetpack_memberships_contains_paywalled_content":false,"_jetpack_feature_clip_id":0,"_jetpack_memberships_contains_paid_content":false,"footnotes":"","jetpack_post_was_ever_published":false},"categories":[3],"tags":[57],"class_list":["post-4214","post","type-post","status-publish","format-standard","hentry","category-palabras","tag-filosofia","infinite-scroll-item","generate-columns","tablet-grid-50","mobile-grid-100","grid-parent","grid-33","no-featured-image-padding"],"acf":[],"yoast_head":"<!-- This site is optimized with the Yoast SEO plugin v28.3 - https:\/\/yoast.com\/product\/yoast-seo-wordpress\/ -->\n<title>Aeropuertos, el Mal Terminal - Olvidos de Granada<\/title>\n<meta name=\"description\" content=\"Victoriano Alcantud Las terminales modernas se han convertido en enormes supermercados por los que no se puede evitar circular. El viajero est\u00e1 atrapado en una red de tiendas\" \/>\n<meta name=\"robots\" content=\"index, follow, max-snippet:-1, max-image-preview:large, max-video-preview:-1\" \/>\n<link rel=\"canonical\" href=\"https:\/\/olvidosdegranada.es\/index.php\/2024\/02\/26\/aeropuertos-el-mal-terminal\/\" \/>\n<meta property=\"og:locale\" content=\"es_ES\" \/>\n<meta property=\"og:type\" content=\"article\" \/>\n<meta property=\"og:title\" content=\"Aeropuertos, el Mal Terminal - Olvidos de Granada\" \/>\n<meta property=\"og:description\" content=\"Victoriano Alcantud Las terminales modernas se han convertido en enormes supermercados por los que no se puede evitar circular. El viajero est\u00e1 atrapado en una red de tiendas\" \/>\n<meta property=\"og:url\" content=\"https:\/\/olvidosdegranada.es\/index.php\/2024\/02\/26\/aeropuertos-el-mal-terminal\/\" \/>\n<meta property=\"og:site_name\" content=\"Olvidos de Granada\" \/>\n<meta property=\"article:publisher\" content=\"https:\/\/www.facebook.com\/OLVIDOSDIGITAL\" \/>\n<meta property=\"article:published_time\" content=\"2024-02-26T13:53:52+00:00\" \/>\n<meta property=\"og:image\" content=\"https:\/\/olvidosdegranada.es\/wp-content\/uploads\/image-15.png\" \/>\n<meta name=\"author\" content=\"Alfonso Salazar\" \/>\n<meta name=\"twitter:card\" content=\"summary_large_image\" \/>\n<meta name=\"twitter:creator\" content=\"@olvidospuntoes\" \/>\n<meta name=\"twitter:site\" content=\"@olvidospuntoes\" \/>\n<meta name=\"twitter:label1\" content=\"Escrito por\" \/>\n\t<meta name=\"twitter:data1\" content=\"Alfonso Salazar\" \/>\n\t<meta name=\"twitter:label2\" content=\"Tiempo de lectura\" \/>\n\t<meta name=\"twitter:data2\" content=\"3 minutos\" \/>\n<script type=\"application\/ld+json\" class=\"yoast-schema-graph\">{\"@context\":\"https:\\\/\\\/schema.org\",\"@graph\":[{\"@type\":\"Article\",\"@id\":\"https:\\\/\\\/olvidosdegranada.es\\\/index.php\\\/2024\\\/02\\\/26\\\/aeropuertos-el-mal-terminal\\\/#article\",\"isPartOf\":{\"@id\":\"https:\\\/\\\/olvidosdegranada.es\\\/index.php\\\/2024\\\/02\\\/26\\\/aeropuertos-el-mal-terminal\\\/\"},\"author\":{\"name\":\"Alfonso Salazar\",\"@id\":\"https:\\\/\\\/olvidosdegranada.es\\\/#\\\/schema\\\/person\\\/2e10b199a19cf21e8fd2391979d33083\"},\"headline\":\"Aeropuertos, el Mal Terminal\",\"datePublished\":\"2024-02-26T13:53:52+00:00\",\"mainEntityOfPage\":{\"@id\":\"https:\\\/\\\/olvidosdegranada.es\\\/index.php\\\/2024\\\/02\\\/26\\\/aeropuertos-el-mal-terminal\\\/\"},\"wordCount\":652,\"commentCount\":0,\"publisher\":{\"@id\":\"https:\\\/\\\/olvidosdegranada.es\\\/#organization\"},\"image\":{\"@id\":\"https:\\\/\\\/olvidosdegranada.es\\\/index.php\\\/2024\\\/02\\\/26\\\/aeropuertos-el-mal-terminal\\\/#primaryimage\"},\"thumbnailUrl\":\"https:\\\/\\\/olvidosdegranada.es\\\/wp-content\\\/uploads\\\/image-15.png\",\"keywords\":[\"Filosof\u00eda\"],\"articleSection\":[\"Palabras\"],\"inLanguage\":\"es\",\"potentialAction\":[{\"@type\":\"CommentAction\",\"name\":\"Comment\",\"target\":[\"https:\\\/\\\/olvidosdegranada.es\\\/index.php\\\/2024\\\/02\\\/26\\\/aeropuertos-el-mal-terminal\\\/#respond\"]}]},{\"@type\":\"WebPage\",\"@id\":\"https:\\\/\\\/olvidosdegranada.es\\\/index.php\\\/2024\\\/02\\\/26\\\/aeropuertos-el-mal-terminal\\\/\",\"url\":\"https:\\\/\\\/olvidosdegranada.es\\\/index.php\\\/2024\\\/02\\\/26\\\/aeropuertos-el-mal-terminal\\\/\",\"name\":\"Aeropuertos, el Mal Terminal - Olvidos de Granada\",\"isPartOf\":{\"@id\":\"https:\\\/\\\/olvidosdegranada.es\\\/#website\"},\"primaryImageOfPage\":{\"@id\":\"https:\\\/\\\/olvidosdegranada.es\\\/index.php\\\/2024\\\/02\\\/26\\\/aeropuertos-el-mal-terminal\\\/#primaryimage\"},\"image\":{\"@id\":\"https:\\\/\\\/olvidosdegranada.es\\\/index.php\\\/2024\\\/02\\\/26\\\/aeropuertos-el-mal-terminal\\\/#primaryimage\"},\"thumbnailUrl\":\"https:\\\/\\\/olvidosdegranada.es\\\/wp-content\\\/uploads\\\/image-15.png\",\"datePublished\":\"2024-02-26T13:53:52+00:00\",\"description\":\"Victoriano Alcantud Las terminales modernas se han convertido en enormes supermercados por los que no se puede evitar circular. El viajero est\u00e1 atrapado en una red de tiendas\",\"breadcrumb\":{\"@id\":\"https:\\\/\\\/olvidosdegranada.es\\\/index.php\\\/2024\\\/02\\\/26\\\/aeropuertos-el-mal-terminal\\\/#breadcrumb\"},\"inLanguage\":\"es\",\"potentialAction\":[{\"@type\":\"ReadAction\",\"target\":[\"https:\\\/\\\/olvidosdegranada.es\\\/index.php\\\/2024\\\/02\\\/26\\\/aeropuertos-el-mal-terminal\\\/\"]}]},{\"@type\":\"ImageObject\",\"inLanguage\":\"es\",\"@id\":\"https:\\\/\\\/olvidosdegranada.es\\\/index.php\\\/2024\\\/02\\\/26\\\/aeropuertos-el-mal-terminal\\\/#primaryimage\",\"url\":\"https:\\\/\\\/olvidosdegranada.es\\\/wp-content\\\/uploads\\\/image-15.png\",\"contentUrl\":\"https:\\\/\\\/olvidosdegranada.es\\\/wp-content\\\/uploads\\\/image-15.png\",\"width\":513,\"height\":377},{\"@type\":\"BreadcrumbList\",\"@id\":\"https:\\\/\\\/olvidosdegranada.es\\\/index.php\\\/2024\\\/02\\\/26\\\/aeropuertos-el-mal-terminal\\\/#breadcrumb\",\"itemListElement\":[{\"@type\":\"ListItem\",\"position\":1,\"name\":\"Portada\",\"item\":\"https:\\\/\\\/olvidosdegranada.es\\\/\"},{\"@type\":\"ListItem\",\"position\":2,\"name\":\"Aeropuertos, el Mal Terminal\"}]},{\"@type\":\"WebSite\",\"@id\":\"https:\\\/\\\/olvidosdegranada.es\\\/#website\",\"url\":\"https:\\\/\\\/olvidosdegranada.es\\\/\",\"name\":\"Olvidos de Granada\",\"description\":\"Revista de acciones culturales\",\"publisher\":{\"@id\":\"https:\\\/\\\/olvidosdegranada.es\\\/#organization\"},\"potentialAction\":[{\"@type\":\"SearchAction\",\"target\":{\"@type\":\"EntryPoint\",\"urlTemplate\":\"https:\\\/\\\/olvidosdegranada.es\\\/?s={search_term_string}\"},\"query-input\":{\"@type\":\"PropertyValueSpecification\",\"valueRequired\":true,\"valueName\":\"search_term_string\"}}],\"inLanguage\":\"es\"},{\"@type\":\"Organization\",\"@id\":\"https:\\\/\\\/olvidosdegranada.es\\\/#organization\",\"name\":\"Olvidos de Granada\",\"url\":\"https:\\\/\\\/olvidosdegranada.es\\\/\",\"logo\":{\"@type\":\"ImageObject\",\"inLanguage\":\"es\",\"@id\":\"https:\\\/\\\/olvidosdegranada.es\\\/#\\\/schema\\\/logo\\\/image\\\/\",\"url\":\"https:\\\/\\\/olvidosdegranada.es\\\/wp-content\\\/uploads\\\/2020\\\/12\\\/Recurso-9.png\",\"contentUrl\":\"https:\\\/\\\/olvidosdegranada.es\\\/wp-content\\\/uploads\\\/2020\\\/12\\\/Recurso-9.png\",\"width\":700,\"height\":227,\"caption\":\"Olvidos de Granada\"},\"image\":{\"@id\":\"https:\\\/\\\/olvidosdegranada.es\\\/#\\\/schema\\\/logo\\\/image\\\/\"},\"sameAs\":[\"https:\\\/\\\/www.facebook.com\\\/OLVIDOSDIGITAL\",\"https:\\\/\\\/x.com\\\/olvidospuntoes\"]},{\"@type\":\"Person\",\"@id\":\"https:\\\/\\\/olvidosdegranada.es\\\/#\\\/schema\\\/person\\\/2e10b199a19cf21e8fd2391979d33083\",\"name\":\"Alfonso Salazar\",\"image\":{\"@type\":\"ImageObject\",\"inLanguage\":\"es\",\"@id\":\"https:\\\/\\\/secure.gravatar.com\\\/avatar\\\/8768a2dca789940dbdaf5fdd283c795998719eb61dc0c2c16eb3decaaf6b3304?s=96&d=mm&r=g\",\"url\":\"https:\\\/\\\/secure.gravatar.com\\\/avatar\\\/8768a2dca789940dbdaf5fdd283c795998719eb61dc0c2c16eb3decaaf6b3304?s=96&d=mm&r=g\",\"contentUrl\":\"https:\\\/\\\/secure.gravatar.com\\\/avatar\\\/8768a2dca789940dbdaf5fdd283c795998719eb61dc0c2c16eb3decaaf6b3304?s=96&d=mm&r=g\",\"caption\":\"Alfonso Salazar\"},\"url\":\"https:\\\/\\\/olvidosdegranada.es\\\/index.php\\\/author\\\/alfonso-salazar\\\/\"}]}<\/script>\n<!-- \/ Yoast SEO plugin. -->","yoast_head_json":{"title":"Aeropuertos, el Mal Terminal - Olvidos de Granada","description":"Victoriano Alcantud Las terminales modernas se han convertido en enormes supermercados por los que no se puede evitar circular. El viajero est\u00e1 atrapado en una red de tiendas","robots":{"index":"index","follow":"follow","max-snippet":"max-snippet:-1","max-image-preview":"max-image-preview:large","max-video-preview":"max-video-preview:-1"},"canonical":"https:\/\/olvidosdegranada.es\/index.php\/2024\/02\/26\/aeropuertos-el-mal-terminal\/","og_locale":"es_ES","og_type":"article","og_title":"Aeropuertos, el Mal Terminal - Olvidos de Granada","og_description":"Victoriano Alcantud Las terminales modernas se han convertido en enormes supermercados por los que no se puede evitar circular. El viajero est\u00e1 atrapado en una red de tiendas","og_url":"https:\/\/olvidosdegranada.es\/index.php\/2024\/02\/26\/aeropuertos-el-mal-terminal\/","og_site_name":"Olvidos de Granada","article_publisher":"https:\/\/www.facebook.com\/OLVIDOSDIGITAL","article_published_time":"2024-02-26T13:53:52+00:00","og_image":[{"url":"https:\/\/olvidosdegranada.es\/wp-content\/uploads\/image-15.png","type":"","width":"","height":""}],"author":"Alfonso Salazar","twitter_card":"summary_large_image","twitter_creator":"@olvidospuntoes","twitter_site":"@olvidospuntoes","twitter_misc":{"Escrito por":"Alfonso Salazar","Tiempo de lectura":"3 minutos"},"schema":{"@context":"https:\/\/schema.org","@graph":[{"@type":"Article","@id":"https:\/\/olvidosdegranada.es\/index.php\/2024\/02\/26\/aeropuertos-el-mal-terminal\/#article","isPartOf":{"@id":"https:\/\/olvidosdegranada.es\/index.php\/2024\/02\/26\/aeropuertos-el-mal-terminal\/"},"author":{"name":"Alfonso Salazar","@id":"https:\/\/olvidosdegranada.es\/#\/schema\/person\/2e10b199a19cf21e8fd2391979d33083"},"headline":"Aeropuertos, el Mal Terminal","datePublished":"2024-02-26T13:53:52+00:00","mainEntityOfPage":{"@id":"https:\/\/olvidosdegranada.es\/index.php\/2024\/02\/26\/aeropuertos-el-mal-terminal\/"},"wordCount":652,"commentCount":0,"publisher":{"@id":"https:\/\/olvidosdegranada.es\/#organization"},"image":{"@id":"https:\/\/olvidosdegranada.es\/index.php\/2024\/02\/26\/aeropuertos-el-mal-terminal\/#primaryimage"},"thumbnailUrl":"https:\/\/olvidosdegranada.es\/wp-content\/uploads\/image-15.png","keywords":["Filosof\u00eda"],"articleSection":["Palabras"],"inLanguage":"es","potentialAction":[{"@type":"CommentAction","name":"Comment","target":["https:\/\/olvidosdegranada.es\/index.php\/2024\/02\/26\/aeropuertos-el-mal-terminal\/#respond"]}]},{"@type":"WebPage","@id":"https:\/\/olvidosdegranada.es\/index.php\/2024\/02\/26\/aeropuertos-el-mal-terminal\/","url":"https:\/\/olvidosdegranada.es\/index.php\/2024\/02\/26\/aeropuertos-el-mal-terminal\/","name":"Aeropuertos, el Mal Terminal - Olvidos de Granada","isPartOf":{"@id":"https:\/\/olvidosdegranada.es\/#website"},"primaryImageOfPage":{"@id":"https:\/\/olvidosdegranada.es\/index.php\/2024\/02\/26\/aeropuertos-el-mal-terminal\/#primaryimage"},"image":{"@id":"https:\/\/olvidosdegranada.es\/index.php\/2024\/02\/26\/aeropuertos-el-mal-terminal\/#primaryimage"},"thumbnailUrl":"https:\/\/olvidosdegranada.es\/wp-content\/uploads\/image-15.png","datePublished":"2024-02-26T13:53:52+00:00","description":"Victoriano Alcantud Las terminales modernas se han convertido en enormes supermercados por los que no se puede evitar circular. El viajero est\u00e1 atrapado en una red de tiendas","breadcrumb":{"@id":"https:\/\/olvidosdegranada.es\/index.php\/2024\/02\/26\/aeropuertos-el-mal-terminal\/#breadcrumb"},"inLanguage":"es","potentialAction":[{"@type":"ReadAction","target":["https:\/\/olvidosdegranada.es\/index.php\/2024\/02\/26\/aeropuertos-el-mal-terminal\/"]}]},{"@type":"ImageObject","inLanguage":"es","@id":"https:\/\/olvidosdegranada.es\/index.php\/2024\/02\/26\/aeropuertos-el-mal-terminal\/#primaryimage","url":"https:\/\/olvidosdegranada.es\/wp-content\/uploads\/image-15.png","contentUrl":"https:\/\/olvidosdegranada.es\/wp-content\/uploads\/image-15.png","width":513,"height":377},{"@type":"BreadcrumbList","@id":"https:\/\/olvidosdegranada.es\/index.php\/2024\/02\/26\/aeropuertos-el-mal-terminal\/#breadcrumb","itemListElement":[{"@type":"ListItem","position":1,"name":"Portada","item":"https:\/\/olvidosdegranada.es\/"},{"@type":"ListItem","position":2,"name":"Aeropuertos, el Mal Terminal"}]},{"@type":"WebSite","@id":"https:\/\/olvidosdegranada.es\/#website","url":"https:\/\/olvidosdegranada.es\/","name":"Olvidos de Granada","description":"Revista de acciones culturales","publisher":{"@id":"https:\/\/olvidosdegranada.es\/#organization"},"potentialAction":[{"@type":"SearchAction","target":{"@type":"EntryPoint","urlTemplate":"https:\/\/olvidosdegranada.es\/?s={search_term_string}"},"query-input":{"@type":"PropertyValueSpecification","valueRequired":true,"valueName":"search_term_string"}}],"inLanguage":"es"},{"@type":"Organization","@id":"https:\/\/olvidosdegranada.es\/#organization","name":"Olvidos de Granada","url":"https:\/\/olvidosdegranada.es\/","logo":{"@type":"ImageObject","inLanguage":"es","@id":"https:\/\/olvidosdegranada.es\/#\/schema\/logo\/image\/","url":"https:\/\/olvidosdegranada.es\/wp-content\/uploads\/2020\/12\/Recurso-9.png","contentUrl":"https:\/\/olvidosdegranada.es\/wp-content\/uploads\/2020\/12\/Recurso-9.png","width":700,"height":227,"caption":"Olvidos de Granada"},"image":{"@id":"https:\/\/olvidosdegranada.es\/#\/schema\/logo\/image\/"},"sameAs":["https:\/\/www.facebook.com\/OLVIDOSDIGITAL","https:\/\/x.com\/olvidospuntoes"]},{"@type":"Person","@id":"https:\/\/olvidosdegranada.es\/#\/schema\/person\/2e10b199a19cf21e8fd2391979d33083","name":"Alfonso Salazar","image":{"@type":"ImageObject","inLanguage":"es","@id":"https:\/\/secure.gravatar.com\/avatar\/8768a2dca789940dbdaf5fdd283c795998719eb61dc0c2c16eb3decaaf6b3304?s=96&d=mm&r=g","url":"https:\/\/secure.gravatar.com\/avatar\/8768a2dca789940dbdaf5fdd283c795998719eb61dc0c2c16eb3decaaf6b3304?s=96&d=mm&r=g","contentUrl":"https:\/\/secure.gravatar.com\/avatar\/8768a2dca789940dbdaf5fdd283c795998719eb61dc0c2c16eb3decaaf6b3304?s=96&d=mm&r=g","caption":"Alfonso Salazar"},"url":"https:\/\/olvidosdegranada.es\/index.php\/author\/alfonso-salazar\/"}]}},"jetpack_sharing_enabled":true,"jetpack_featured_media_url":"","_links":{"self":[{"href":"https:\/\/olvidosdegranada.es\/index.php\/wp-json\/wp\/v2\/posts\/4214","targetHints":{"allow":["GET"]}}],"collection":[{"href":"https:\/\/olvidosdegranada.es\/index.php\/wp-json\/wp\/v2\/posts"}],"about":[{"href":"https:\/\/olvidosdegranada.es\/index.php\/wp-json\/wp\/v2\/types\/post"}],"author":[{"embeddable":true,"href":"https:\/\/olvidosdegranada.es\/index.php\/wp-json\/wp\/v2\/users\/4"}],"replies":[{"embeddable":true,"href":"https:\/\/olvidosdegranada.es\/index.php\/wp-json\/wp\/v2\/comments?post=4214"}],"version-history":[{"count":3,"href":"https:\/\/olvidosdegranada.es\/index.php\/wp-json\/wp\/v2\/posts\/4214\/revisions"}],"predecessor-version":[{"id":4229,"href":"https:\/\/olvidosdegranada.es\/index.php\/wp-json\/wp\/v2\/posts\/4214\/revisions\/4229"}],"wp:attachment":[{"href":"https:\/\/olvidosdegranada.es\/index.php\/wp-json\/wp\/v2\/media?parent=4214"}],"wp:term":[{"taxonomy":"category","embeddable":true,"href":"https:\/\/olvidosdegranada.es\/index.php\/wp-json\/wp\/v2\/categories?post=4214"},{"taxonomy":"post_tag","embeddable":true,"href":"https:\/\/olvidosdegranada.es\/index.php\/wp-json\/wp\/v2\/tags?post=4214"}],"curies":[{"name":"wp","href":"https:\/\/api.w.org\/{rel}","templated":true}]}}