{"id":4011,"date":"2023-12-17T14:37:00","date_gmt":"2023-12-17T14:37:00","guid":{"rendered":"https:\/\/olvidosdegranada.es\/?p=4011"},"modified":"2023-12-17T17:39:04","modified_gmt":"2023-12-17T17:39:04","slug":"sobre-la-escritura-de-dionisia-garcia","status":"publish","type":"post","link":"https:\/\/olvidosdegranada.es\/index.php\/2023\/12\/17\/sobre-la-escritura-de-dionisia-garcia\/","title":{"rendered":"Sobre la escritura de Dionisia Garc\u00eda"},"content":{"rendered":"\n<p>De un homenaje en el Ateneo de Granada<\/p>\n\n\n\n<figure class=\"wp-block-image size-full is-resized\"><img loading=\"lazy\" decoding=\"async\" width=\"598\" height=\"483\" src=\"https:\/\/olvidosdegranada.es\/wp-content\/uploads\/logo-ateneo.jpg\" alt=\"\" class=\"wp-image-3997\" style=\"width:135px;height:auto\" srcset=\"https:\/\/olvidosdegranada.es\/wp-content\/uploads\/\/logo-ateneo.jpg 598w, https:\/\/olvidosdegranada.es\/wp-content\/uploads\/\/logo-ateneo-300x242.jpg 300w, https:\/\/olvidosdegranada.es\/wp-content\/uploads\/\/logo-ateneo-150x121.jpg 150w\" sizes=\"auto, (max-width: 598px) 100vw, 598px\" \/><\/figure>\n\n\n\n<p><strong>La literatura de Dionisia Garc\u00eda pertenece a ese tipo de escritura amable y serena pero que son declaraciones de intenciones. Su pasi\u00f3n por la vida, por las cosas sencillas y cotidianas queda patente, lo hace de manera armoniosa y pausada, siempre caminando a nuestro mismo lado, sin subir el tono, con ritmo de paseo. Y este trayecto de su pensamiento se abre a la atm\u00f3sfera humana que ella desprende y alienta a trav\u00e9s de sus palabras que son una cartograf\u00eda de lo elemental. Agradece todo a la vida, desde su primera obra hasta la \u00faltima. Es as\u00ed como escribe, con todas las ganas de comprender mejor el mundo y, poder detenerse a valorarlo&nbsp; y convocarnos a que no lo desatendamos.<\/strong><\/p>\n\n\n\n<figure class=\"wp-block-image size-large is-resized\"><img loading=\"lazy\" decoding=\"async\" width=\"885\" height=\"1024\" src=\"https:\/\/olvidosdegranada.es\/wp-content\/uploads\/Dionisia-Garcia-AB.1-885x1024.jpg\" alt=\"\" class=\"wp-image-4012\" style=\"width:612px;height:auto\" srcset=\"https:\/\/olvidosdegranada.es\/wp-content\/uploads\/\/Dionisia-Garcia-AB.1-885x1024.jpg 885w, https:\/\/olvidosdegranada.es\/wp-content\/uploads\/\/Dionisia-Garcia-AB.1-259x300.jpg 259w, https:\/\/olvidosdegranada.es\/wp-content\/uploads\/\/Dionisia-Garcia-AB.1-130x150.jpg 130w, https:\/\/olvidosdegranada.es\/wp-content\/uploads\/\/Dionisia-Garcia-AB.1-768x889.jpg 768w, https:\/\/olvidosdegranada.es\/wp-content\/uploads\/\/Dionisia-Garcia-AB.1-1327x1536.jpg 1327w, https:\/\/olvidosdegranada.es\/wp-content\/uploads\/\/Dionisia-Garcia-AB.1.jpg 1582w\" sizes=\"auto, (max-width: 885px) 100vw, 885px\" \/><\/figure>\n\n\n\n<p>A Dionisia Garc\u00eda (Fuente-\u00c1lamo, Albacete, 1929) se le acaba de conceder el <strong>Premio Nacional de la Cr\u00edtica 2023<\/strong> en su modalidad de Poes\u00eda por su libro <em>Clamor en la memoria<\/em> (Renacimiento, 2022). Est\u00e1 afincada en Murcia desde hace m\u00e1s de cuatro d\u00e9cadas. Tiene una dilatada y prol\u00edfica carrera literaria: escribe poes\u00eda, narrativa, aforismos, ensayo y cr\u00edtica literaria. Desde su primer poemario <em>El vaho de los espejos<\/em> (1976)&nbsp; hasta <em>Clamor en la memoria (<\/em>2022), tiene publicados numerosos poemarios, entre los cuales citaremos, <em>Mnemosine<\/em> (1981), <em>Diario abierto<\/em> (1989), <em>Lugares de paso<\/em> (1999), <em>Anche se al buio<\/em> (A\u00fan a oscuras) (2001), <em>El enga\u00f1o de los d\u00edas<\/em> (2006), <em>Se\u00f1ales<\/em> (2012), entre otros. Dos antolog\u00edas que recogen su poes\u00eda <em>Tiempos del cantar. Poes\u00eda <\/em>1976\u20131993 (1995)&nbsp; y <em>Cordialmente suya<\/em>. Poes\u00eda 1976 \u2013 2007 (2008), y, tambi\u00e9n, su poes\u00eda completa recopilada bajo el t\u00edtulo, <em>Atardece despacio<\/em> <em>(1976-2017)<\/em> (2017). Ha publicado varios libros de relatos, una biograf\u00eda novelada, <em>&nbsp;Correo interior<\/em> (2009), y un libro de cuentos,&nbsp; <em>El sue\u00f1o de Pietro Urbina<\/em> (2019). Tiene ensayos y comentarios cr\u00edticos sobre escritores cl\u00e1sicos y contempor\u00e1neos, recogidos en&nbsp; <em>P\u00e1ginas dispersas<\/em> (2008), entre otros.&nbsp; Dentro del g\u00e9nero afor\u00edstico, <em>Ideario de oto\u00f1o<\/em> (1987, 1994), <em>Voces detenidas<\/em> (2004), <em>El caracol dorado<\/em> (2011), <em>Vuelo hacia dentro<\/em> (2022), <em>El hilo de la cometa. Antolog\u00eda esencial (1987-2011),<\/em> y <em>El pensamiento escondido<\/em> (2022),&nbsp; en donde se recoge su obra afor\u00edstica reunida. Adem\u00e1s de su colaboraci\u00f3n cr\u00edtica en distintos medios, sus poemas han sido incluidos en antolog\u00edas y revistas fuera y dentro de nuestro pa\u00eds, y traducidos a varios idiomas. Es miembro&nbsp; de la Academia de Bellas Artes de San Telmo (M\u00e1laga). Actualmente sigue escribiendo, con proyectos literarios de pr\u00f3xima publicaci\u00f3n. Como homenaje a su dilatada carrera, la Universidad de Murcia cre\u00f3 en el a\u00f1o 2000&nbsp; el Premio de Poes\u00eda Dionisia Garc\u00eda.<\/p>\n\n\n\n<p>Bajo el t\u00edtulo <em>Tiempos del cantar. Poes\u00eda 1977-1993<\/em> (El Bardo, Barcelona, 1995), aparece su primera antolog\u00eda. Contiene&nbsp; un estudio preliminar de Ana C\u00e1rceles, y un ep\u00edlogo de Miguel Espinosa que complementan una semblanza de la autora junto a la poes\u00eda publicada durante este periodo de tiempo.<\/p>\n\n\n\n<p>Ya en <em>Cordialmente suya<\/em>, segunda antolog\u00eda de su Poes\u00eda que abarca de 1976-2007 (Renacimiento, Sevilla, 2008). W. Michael Murdrovic, recoge una selecci\u00f3n de sus libros, desde <em>Lugares de paso<\/em> (1999) hasta <em>El \u00e1rbol<\/em> (2007).&nbsp; Escribe en el&nbsp; pr\u00f3logo: \u201cCronol\u00f3gicamente e hist\u00f3ricamente, al igual que sus coet\u00e1neas (Mar\u00eda Victoria&nbsp; Atencia y Francisca Aguirre, entre otras) Dionisia Garc\u00eda pertenecer\u00eda a la segunda generaci\u00f3n de posguerra, es decir, al grupo de escritores que empez\u00f3 a publicar durante los a\u00f1os 50 y que Andrew P, Debicki ha denominado como \u201cpoetas del conocimiento\u201d. Pero como muchas otras mujeres y la mayor\u00eda de sus poetas coet\u00e1neas, Dionisia Garc\u00eda empez\u00f3 a publicar tard\u00edamente, seg\u00fan las normas patriarcales. Por tanto, su estreno l\u00edrico coincide con la vuelta a las po\u00e9ticas de la poes\u00eda del conocimiento que se efectu\u00f3 en los a\u00f1os 80 con el surgimiento de la llamada \u201cpoes\u00eda de la experiencia\u201d. Sin embargo, D. Garc\u00eda tambi\u00e9n aprecia y siente la influencia de la generaci\u00f3n de la preguerra. Por lo tanto, podr\u00edamos afirmar que la poes\u00eda de Dionisia Garc\u00eda es una poes\u00eda tejida por diversos hilos, de manera que obtiene una textura ricamente variada.\u201d. Con estas palabras introductorias de W. M. Murdrovic, y todos los cr\u00edticos que nos hemos acercado a su obra coincidimos en que su escritura parte de la experiencia cotidiana, dejando constancia de todo cuanto concierne al ser humano, con el prop\u00f3sito de atender las peque\u00f1as cosas que, a veces, por el ritmo ligero de la vida, desatendemos, en donde sus temas centrales son el amor, el paso del tiempo, la naturaleza, la amistad, la literatura. Es en el mundo de los afectos, de lo diario en donde su mirada repara.<\/p>\n\n\n\n<p>En su dilatada obra po\u00e9tica tiene versos memorables. As\u00ed, nos escribe desde su primer libro, <em>El vaho en los espejos<\/em>: \u201cSe qued\u00f3 atr\u00e1s la noche\/ y el hueco quebrantado;\/ se quedaron los hitos; sin se\u00f1alar las letras\/ se quedaron.\u201d; \u201cEl vaho en los espejos\/ es oportuna niebla\/que roba identidades:\/ nuestra marca,\/ nuestro cuidado arm\u00f3nico; sentimos inquietud\/ y buscamos los bordes\/ inmersos en angustia fugaz: somos, \u00e9ramos, fuimos.\u201d; \u201cTiemblo\/ al pensar que, alg\u00fan d\u00eda, ya no ver\u00e9 las lilas de los huertos\/ y no oler\u00e9 la tierra\/ en caricia que esponja\/ ni cruzar\u00e9 palabras\/ en ma\u00f1anas de sol o niebla, \/ hermosas e incitantes.\u201d; En <em>Interludio (De las palabras y los d\u00edas)<\/em>: \u201cEn la noche, el latido de nuestros cuerpos\/ ha festejado encuentro. En el abrazo surges,\/ y tu espalda recibe la sombra del cuarto.\u201d; De <em>Diario abierto<\/em>: \u201cEn el viejo aparador cerrado.\/ A trav\u00e9s del cristal se distinguen las copas\/ junto al vaso opalino y las tazas de loza y porcelana,\u201d; \u201cEn las horas se agolpa la tristeza\/ por el tiempo pasado,\/ por la vida que pude yo acrecer en incansable lucha.\u201d; De&nbsp; <em>Lugares de paso<\/em>: \u201cQui\u00e9n pudiera dormir sin haber sido,\/ sin llevar a la noche tantas escenas muertas\/ que tornan nuestros sue\u00f1os infelices.\u201d; \u201cYa con el tiempo justo y vigilante.\/ Obligada en un mundo que perece\/ y veo hacerse trizas sin mover una mano.\u201d; De <em>Se\u00f1ales<\/em>: \u201cLos d\u00edas se detienen si te acercas y cantas,\/ si quieres recibir el natural prodigio.\u201d; o \u201cAbracemos lo incierto. Es la batalla nuestra.\u201d. Hasta <em>Clamor en la memoria<\/em>, 2022, su \u00faltimo libro con el que ha obtenido el Premio de la Cr\u00edtica Nacional, dedicado a su marido, in memoriam, y a sus cuatro hijos. La poeta nos dice en las palabras preliminares: \u201cNo es f\u00e1cil escribir sobre un suceso cuando el referente, la persona amada, ya no est\u00e1. Es por ello que he procurado mantener velada la herida, el dolor por su ausencia, a trav\u00e9s de la palabra\u201d. Es un poemario intimista, breves historias escritas en verso con un sentido homenaje a su amado. Termina con este poema, a modo de coda, titulado \u2018Luz\u2019: \u201cApagar\u00e9 muy pronto,\/ -Cuando quieras, no importa-\/ me dijiste con calma.\/ Absorta en la lectura,\/ olvid\u00e9 la promesa.\/ (\u2026)\/ \u00c9l me bes\u00f3\/ y dijo solamente:\/ \u201chasta ma\u00f1ana\u201d.<\/p>\n\n\n\n<p>&nbsp;En el \u00e1mbito de la escritura breve, Dionisia Garc\u00eda ha sido pionera en el siglo XX. Podr\u00edamos decir que es la primera mujer aforista espa\u00f1ola porque es la \u00fanica que comenz\u00f3 a publicar aforismos en 1987 y ha continuado haci\u00e9ndolo hasta la fecha.<\/p>\n\n\n\n<p>Tiene publicados los libros de aforismos que siguen:<\/p>\n\n\n\n<p><em>Ideario de oto\u00f1o<\/em> (1987, Fundaci\u00f3n Caja Mediterr\u00e1nea, Alicante, 1994, una segunda edici\u00f3n aumentada, Diputaci\u00f3n de Albacete). Prologado&nbsp;&nbsp; por Carlos Garc\u00eda Gual. Con frases como: \u201cEl cautiverio, ni para los p\u00e1jaros\u201d; \u201cLa cometa me recuerda lo que quise haber sido\u201d.<\/p>\n\n\n\n<p><em>&nbsp;Voces detenidas<\/em> (2004, Renacimiento, Sevilla). Dionisia Garc\u00eda interroga esas inc\u00f3gnitas de la condici\u00f3n humana: \u201cSeamos serios: la mujer sigue siendo silenciada en muchas listas.\u201d; \u201cAmemos el silencio, y algo se oir\u00e1\u201d<\/p>\n\n\n\n<p>&nbsp;<em>El caracol dorado<\/em> (2011, Renacimiento, Sevilla).&nbsp; Desde la Nota de autora, nos invita a que reparemos en aspectos del mundo que descuidamos: \u201cSe nos va la vida en controversias in\u00fatiles, en lugar de abrazarnos\u201d; \u201cSi arreglamos nuestros peque\u00f1os mundos, el mundo grande notar\u00e1 el beneficio\u201d.<\/p>\n\n\n\n<p><em>Vuelo hacia dentro<\/em> (2022, Libros del Aire, Cantabria).Su \u00faltima entrega afor\u00edstica. Son reflexiones que comparte con nosotros en un viaje interior que tienen las dosis de concisi\u00f3n e&nbsp; iron\u00eda. As\u00ed: \u201cCada noche me despido de m\u00ed, por si acaso.\u201d; \u201cAfanados por encontrar vida en otro planeta, en lugar de cuidar de \u00e9ste\u201d.<\/p>\n\n\n\n<p><em>El hilo de la cometa<\/em>, <em>Antolog\u00eda esencial (1987-2011), <\/em>(2019, Libros al Albur, Sevilla). Con selecci\u00f3n y pr\u00f3logo de mi autor\u00eda. Recoge aforismos de sus tres primeros libros.<\/p>\n\n\n\n<p>&nbsp;<em>El pensamiento escondido <\/em>(Renacimiento, 2022), con Pr\u00f3logo&nbsp; de mi autor\u00eda. Contiene su obra afor\u00edstica completa, excepto su \u00faltima entrega.<\/p>\n\n\n\n<p>Sus aforismos&nbsp; son verdaderos trozos y trazos de la vida de una escritora que transita por la vida de una manera plena. Lo hace por caminos que tendr\u00edamos que disfrutar mejor y saborear sin prisa, por eso nos apunta que \u201cVivir despacio es una aventura pendiente\u201d.<\/p>\n\n\n\n<p>En sus libros observamos que la escritura de Dionisia Garc\u00eda tiene un estilo claro, un lenguaje elegante, sencillo, sentido y po\u00e9tico en donde lo simb\u00f3lico y metapo\u00e9tico es una constante en su literatura. Sus versos nos sorprenden&nbsp; porque elevan lo cotidiano y lo diario como esa \u201ccometa\u201d lanzada hacia lo m\u00e1s alto, con pocas palabras pero de largo alcance, en donde los temas del d\u00eda a d\u00eda se vuelven asuntos pr\u00f3ximos, instantes que atraviesan el tiempo. La condici\u00f3n humana repleta de cercan\u00eda y coherencia, enhebran sus libros.La forma diar\u00edstica, conversacional y confesional est\u00e1n presentes. Son b\u00fasquedas en el atlas de la existencia, primores de la geograf\u00eda de lo cotidiano que olvidamos y que ella nos sugiere desde&nbsp; el bagaje que dan los a\u00f1os, se\u00f1alando lo importantes que son: \u201cQuienes aprecian la vida en sus detalles, y gozan de lo cotidiano, caminan hacia la longevidad, y sufren menos deterioro\u201d, \u201cEl vino, una flor, los colores, el paisaje, y tantas otras cosas, se convierten en esenciales a ciertas edades\u201d o \u201cApresar un d\u00eda hermoso, soleado, pac\u00edfico, inaugural, y poseerlo como resultado a nuestras oscuridades\u201d. En su escritura sigue record\u00e1ndonos que no perdamos ning\u00fan momento de nuestro tiempo, que nos asombremos cada hora como si fuera la primera vez que la vivimos.<\/p>\n\n\n\n<p>&nbsp;Dionisia Garc\u00eda cultiva paralelamente a la poes\u00eda, los relatos, el aforismo, la cr\u00edtica y el ensayo, como ya hemos advertido en el inicio. Diremos que tanto sus versos como sus frases son&nbsp; verdaderas confidencias sobre el \u201ccamino transitado\u201d.&nbsp; Sus pensamientos&nbsp; van cayendo sobre el papel, son pinceladas en donde ella dibuja esos mundos paralelos, vida y obra, inseparables en su escritura.&nbsp; Nos recuerda \u201clos combates del camino\u201d, \u201clos impulsos que nos da la vida\u201d, e \u201cinduce a seguir el rastro de las cosas del mundo\u201d. Son \u201ccanciones del tiempo\u201d en las que, a veces, \u201clas cosas son extraordinarias\u201d, y otras,&nbsp; son \u201cel reflejo apacible de la vida\u201d, fieles al intento de beneficiar al coraz\u00f3n humano a trav\u00e9s de las palabras, siempre \u201ccon olor a comienzo\u201d. Ella traza estas reflexiones, sin \u00e9nfasis&nbsp; dejando que fluyan.<\/p>\n\n\n\n<p>Dionisia Garc\u00eda es una mujer&nbsp; dialogante que se detiene en todas las estaciones de la vida. Lo hace de una manera honda y apasionada mientras nos advierte: \u201cCu\u00e1nta extra\u00f1eza los unos con los otros, con lo bonito que ser\u00eda jugar \u2018al patio de mi casa\u2019, mano con mano.\u201d. Detalla la realidad y lo hace de forma simple para no complicarnos y sabemos que esto no es f\u00e1cil, s\u00f3lo con un buen manejo del lenguaje&nbsp; y con las herramientas que lega el oficio y la experiencia. Si tuvi\u00e9ramos que hacer un autorretrato de nuestra autora, \u00e9ste tendr\u00eda como rasgos principales la lucidez, la elegancia, la delicadeza junto a su humanismo y sencillez. Dionisia Garc\u00eda es hospitalaria, discreta, cercana y una excelente conversadora. Una estela autobiogr\u00e1fica impregna toda su obra, desprende \u201caromas a lilas\u201d, a \u201cpan reci\u00e9n horneado\u201d, a \u201camaneceres prodigiosos\u201d. Por ello nos deja escrito: \u201cEn el otro mundo, me gustar\u00eda caer en el apartado de <em>aprender <\/em>por tantas cosas como van a quedar pendientes\u201d.<\/p>\n","protected":false},"excerpt":{"rendered":"<p>De un homenaje en el Ateneo de Granada La literatura de Dionisia Garc\u00eda pertenece a &#8230; <\/p>\n<p class=\"read-more-container\"><a title=\"Sobre la escritura de Dionisia Garc\u00eda\" class=\"read-more button\" href=\"https:\/\/olvidosdegranada.es\/index.php\/2023\/12\/17\/sobre-la-escritura-de-dionisia-garcia\/#more-4011\" aria-label=\"Leer m\u00e1s sobre Sobre la escritura de Dionisia Garc\u00eda\">Leer m\u00e1s<\/a><\/p>\n","protected":false},"author":4,"featured_media":0,"comment_status":"open","ping_status":"closed","sticky":false,"template":"","format":"standard","meta":{"_acf_changed":false,"_jetpack_newsletter_access":"","_jetpack_dont_email_post_to_subs":false,"_jetpack_newsletter_tier_id":0,"_jetpack_memberships_contains_paywalled_content":false,"_jetpack_feature_clip_id":0,"_jetpack_memberships_contains_paid_content":false,"footnotes":"","jetpack_post_was_ever_published":false},"categories":[3],"tags":[],"class_list":["post-4011","post","type-post","status-publish","format-standard","hentry","category-palabras","infinite-scroll-item","generate-columns","tablet-grid-50","mobile-grid-100","grid-parent","grid-33","no-featured-image-padding"],"acf":[],"yoast_head":"<!-- This site is optimized with the Yoast SEO plugin v28.3 - https:\/\/yoast.com\/product\/yoast-seo-wordpress\/ -->\n<title>Sobre la escritura de Dionisia Garc\u00eda - Olvidos de Granada<\/title>\n<meta name=\"description\" content=\"Carmen Canet De un homenaje en el Ateneo de Granada La literatura de Dionisia Garc\u00eda pertenece a ese tipo de escritura amable y serena pero que son declaraciones de\" \/>\n<meta name=\"robots\" content=\"index, follow, max-snippet:-1, max-image-preview:large, max-video-preview:-1\" \/>\n<link rel=\"canonical\" href=\"https:\/\/olvidosdegranada.es\/index.php\/2023\/12\/17\/sobre-la-escritura-de-dionisia-garcia\/\" \/>\n<meta property=\"og:locale\" content=\"es_ES\" \/>\n<meta property=\"og:type\" content=\"article\" \/>\n<meta property=\"og:title\" content=\"Sobre la escritura de Dionisia Garc\u00eda - Olvidos de Granada\" \/>\n<meta property=\"og:description\" content=\"Carmen Canet De un homenaje en el Ateneo de Granada La literatura de Dionisia Garc\u00eda pertenece a ese tipo de escritura amable y serena pero que son declaraciones de\" \/>\n<meta property=\"og:url\" content=\"https:\/\/olvidosdegranada.es\/index.php\/2023\/12\/17\/sobre-la-escritura-de-dionisia-garcia\/\" \/>\n<meta property=\"og:site_name\" content=\"Olvidos de Granada\" \/>\n<meta property=\"article:publisher\" content=\"https:\/\/www.facebook.com\/OLVIDOSDIGITAL\" \/>\n<meta property=\"article:published_time\" content=\"2023-12-17T14:37:00+00:00\" \/>\n<meta property=\"article:modified_time\" content=\"2023-12-17T17:39:04+00:00\" \/>\n<meta property=\"og:image\" content=\"https:\/\/olvidosdegranada.es\/wp-content\/uploads\/logo-ateneo.jpg\" \/>\n<meta name=\"author\" content=\"Alfonso Salazar\" \/>\n<meta name=\"twitter:card\" content=\"summary_large_image\" \/>\n<meta name=\"twitter:creator\" content=\"@olvidospuntoes\" \/>\n<meta name=\"twitter:site\" content=\"@olvidospuntoes\" \/>\n<meta name=\"twitter:label1\" content=\"Escrito por\" \/>\n\t<meta name=\"twitter:data1\" content=\"Alfonso Salazar\" \/>\n\t<meta name=\"twitter:label2\" content=\"Tiempo de lectura\" \/>\n\t<meta name=\"twitter:data2\" content=\"10 minutos\" \/>\n<script type=\"application\/ld+json\" class=\"yoast-schema-graph\">{\"@context\":\"https:\\\/\\\/schema.org\",\"@graph\":[{\"@type\":\"Article\",\"@id\":\"https:\\\/\\\/olvidosdegranada.es\\\/index.php\\\/2023\\\/12\\\/17\\\/sobre-la-escritura-de-dionisia-garcia\\\/#article\",\"isPartOf\":{\"@id\":\"https:\\\/\\\/olvidosdegranada.es\\\/index.php\\\/2023\\\/12\\\/17\\\/sobre-la-escritura-de-dionisia-garcia\\\/\"},\"author\":{\"name\":\"Alfonso Salazar\",\"@id\":\"https:\\\/\\\/olvidosdegranada.es\\\/#\\\/schema\\\/person\\\/2e10b199a19cf21e8fd2391979d33083\"},\"headline\":\"Sobre la escritura de Dionisia Garc\u00eda\",\"datePublished\":\"2023-12-17T14:37:00+00:00\",\"dateModified\":\"2023-12-17T17:39:04+00:00\",\"mainEntityOfPage\":{\"@id\":\"https:\\\/\\\/olvidosdegranada.es\\\/index.php\\\/2023\\\/12\\\/17\\\/sobre-la-escritura-de-dionisia-garcia\\\/\"},\"wordCount\":2105,\"commentCount\":0,\"publisher\":{\"@id\":\"https:\\\/\\\/olvidosdegranada.es\\\/#organization\"},\"image\":{\"@id\":\"https:\\\/\\\/olvidosdegranada.es\\\/index.php\\\/2023\\\/12\\\/17\\\/sobre-la-escritura-de-dionisia-garcia\\\/#primaryimage\"},\"thumbnailUrl\":\"https:\\\/\\\/olvidosdegranada.es\\\/wp-content\\\/uploads\\\/logo-ateneo.jpg\",\"articleSection\":[\"Palabras\"],\"inLanguage\":\"es\",\"potentialAction\":[{\"@type\":\"CommentAction\",\"name\":\"Comment\",\"target\":[\"https:\\\/\\\/olvidosdegranada.es\\\/index.php\\\/2023\\\/12\\\/17\\\/sobre-la-escritura-de-dionisia-garcia\\\/#respond\"]}]},{\"@type\":\"WebPage\",\"@id\":\"https:\\\/\\\/olvidosdegranada.es\\\/index.php\\\/2023\\\/12\\\/17\\\/sobre-la-escritura-de-dionisia-garcia\\\/\",\"url\":\"https:\\\/\\\/olvidosdegranada.es\\\/index.php\\\/2023\\\/12\\\/17\\\/sobre-la-escritura-de-dionisia-garcia\\\/\",\"name\":\"Sobre la escritura de Dionisia Garc\u00eda - Olvidos de Granada\",\"isPartOf\":{\"@id\":\"https:\\\/\\\/olvidosdegranada.es\\\/#website\"},\"primaryImageOfPage\":{\"@id\":\"https:\\\/\\\/olvidosdegranada.es\\\/index.php\\\/2023\\\/12\\\/17\\\/sobre-la-escritura-de-dionisia-garcia\\\/#primaryimage\"},\"image\":{\"@id\":\"https:\\\/\\\/olvidosdegranada.es\\\/index.php\\\/2023\\\/12\\\/17\\\/sobre-la-escritura-de-dionisia-garcia\\\/#primaryimage\"},\"thumbnailUrl\":\"https:\\\/\\\/olvidosdegranada.es\\\/wp-content\\\/uploads\\\/logo-ateneo.jpg\",\"datePublished\":\"2023-12-17T14:37:00+00:00\",\"dateModified\":\"2023-12-17T17:39:04+00:00\",\"description\":\"Carmen Canet De un homenaje en el Ateneo de Granada La literatura de Dionisia Garc\u00eda pertenece a ese tipo de escritura amable y serena pero que son declaraciones de\",\"breadcrumb\":{\"@id\":\"https:\\\/\\\/olvidosdegranada.es\\\/index.php\\\/2023\\\/12\\\/17\\\/sobre-la-escritura-de-dionisia-garcia\\\/#breadcrumb\"},\"inLanguage\":\"es\",\"potentialAction\":[{\"@type\":\"ReadAction\",\"target\":[\"https:\\\/\\\/olvidosdegranada.es\\\/index.php\\\/2023\\\/12\\\/17\\\/sobre-la-escritura-de-dionisia-garcia\\\/\"]}]},{\"@type\":\"ImageObject\",\"inLanguage\":\"es\",\"@id\":\"https:\\\/\\\/olvidosdegranada.es\\\/index.php\\\/2023\\\/12\\\/17\\\/sobre-la-escritura-de-dionisia-garcia\\\/#primaryimage\",\"url\":\"https:\\\/\\\/olvidosdegranada.es\\\/wp-content\\\/uploads\\\/logo-ateneo.jpg\",\"contentUrl\":\"https:\\\/\\\/olvidosdegranada.es\\\/wp-content\\\/uploads\\\/logo-ateneo.jpg\",\"width\":598,\"height\":483},{\"@type\":\"BreadcrumbList\",\"@id\":\"https:\\\/\\\/olvidosdegranada.es\\\/index.php\\\/2023\\\/12\\\/17\\\/sobre-la-escritura-de-dionisia-garcia\\\/#breadcrumb\",\"itemListElement\":[{\"@type\":\"ListItem\",\"position\":1,\"name\":\"Portada\",\"item\":\"https:\\\/\\\/olvidosdegranada.es\\\/\"},{\"@type\":\"ListItem\",\"position\":2,\"name\":\"Sobre la escritura de Dionisia Garc\u00eda\"}]},{\"@type\":\"WebSite\",\"@id\":\"https:\\\/\\\/olvidosdegranada.es\\\/#website\",\"url\":\"https:\\\/\\\/olvidosdegranada.es\\\/\",\"name\":\"Olvidos de Granada\",\"description\":\"Revista de acciones culturales\",\"publisher\":{\"@id\":\"https:\\\/\\\/olvidosdegranada.es\\\/#organization\"},\"potentialAction\":[{\"@type\":\"SearchAction\",\"target\":{\"@type\":\"EntryPoint\",\"urlTemplate\":\"https:\\\/\\\/olvidosdegranada.es\\\/?s={search_term_string}\"},\"query-input\":{\"@type\":\"PropertyValueSpecification\",\"valueRequired\":true,\"valueName\":\"search_term_string\"}}],\"inLanguage\":\"es\"},{\"@type\":\"Organization\",\"@id\":\"https:\\\/\\\/olvidosdegranada.es\\\/#organization\",\"name\":\"Olvidos de Granada\",\"url\":\"https:\\\/\\\/olvidosdegranada.es\\\/\",\"logo\":{\"@type\":\"ImageObject\",\"inLanguage\":\"es\",\"@id\":\"https:\\\/\\\/olvidosdegranada.es\\\/#\\\/schema\\\/logo\\\/image\\\/\",\"url\":\"https:\\\/\\\/olvidosdegranada.es\\\/wp-content\\\/uploads\\\/2020\\\/12\\\/Recurso-9.png\",\"contentUrl\":\"https:\\\/\\\/olvidosdegranada.es\\\/wp-content\\\/uploads\\\/2020\\\/12\\\/Recurso-9.png\",\"width\":700,\"height\":227,\"caption\":\"Olvidos de Granada\"},\"image\":{\"@id\":\"https:\\\/\\\/olvidosdegranada.es\\\/#\\\/schema\\\/logo\\\/image\\\/\"},\"sameAs\":[\"https:\\\/\\\/www.facebook.com\\\/OLVIDOSDIGITAL\",\"https:\\\/\\\/x.com\\\/olvidospuntoes\"]},{\"@type\":\"Person\",\"@id\":\"https:\\\/\\\/olvidosdegranada.es\\\/#\\\/schema\\\/person\\\/2e10b199a19cf21e8fd2391979d33083\",\"name\":\"Alfonso Salazar\",\"image\":{\"@type\":\"ImageObject\",\"inLanguage\":\"es\",\"@id\":\"https:\\\/\\\/secure.gravatar.com\\\/avatar\\\/8768a2dca789940dbdaf5fdd283c795998719eb61dc0c2c16eb3decaaf6b3304?s=96&d=mm&r=g\",\"url\":\"https:\\\/\\\/secure.gravatar.com\\\/avatar\\\/8768a2dca789940dbdaf5fdd283c795998719eb61dc0c2c16eb3decaaf6b3304?s=96&d=mm&r=g\",\"contentUrl\":\"https:\\\/\\\/secure.gravatar.com\\\/avatar\\\/8768a2dca789940dbdaf5fdd283c795998719eb61dc0c2c16eb3decaaf6b3304?s=96&d=mm&r=g\",\"caption\":\"Alfonso Salazar\"},\"url\":\"https:\\\/\\\/olvidosdegranada.es\\\/index.php\\\/author\\\/alfonso-salazar\\\/\"}]}<\/script>\n<!-- \/ Yoast SEO plugin. -->","yoast_head_json":{"title":"Sobre la escritura de Dionisia Garc\u00eda - Olvidos de Granada","description":"Carmen Canet De un homenaje en el Ateneo de Granada La literatura de Dionisia Garc\u00eda pertenece a ese tipo de escritura amable y serena pero que son declaraciones de","robots":{"index":"index","follow":"follow","max-snippet":"max-snippet:-1","max-image-preview":"max-image-preview:large","max-video-preview":"max-video-preview:-1"},"canonical":"https:\/\/olvidosdegranada.es\/index.php\/2023\/12\/17\/sobre-la-escritura-de-dionisia-garcia\/","og_locale":"es_ES","og_type":"article","og_title":"Sobre la escritura de Dionisia Garc\u00eda - Olvidos de Granada","og_description":"Carmen Canet De un homenaje en el Ateneo de Granada La literatura de Dionisia Garc\u00eda pertenece a ese tipo de escritura amable y serena pero que son declaraciones de","og_url":"https:\/\/olvidosdegranada.es\/index.php\/2023\/12\/17\/sobre-la-escritura-de-dionisia-garcia\/","og_site_name":"Olvidos de Granada","article_publisher":"https:\/\/www.facebook.com\/OLVIDOSDIGITAL","article_published_time":"2023-12-17T14:37:00+00:00","article_modified_time":"2023-12-17T17:39:04+00:00","og_image":[{"url":"https:\/\/olvidosdegranada.es\/wp-content\/uploads\/logo-ateneo.jpg","type":"","width":"","height":""}],"author":"Alfonso Salazar","twitter_card":"summary_large_image","twitter_creator":"@olvidospuntoes","twitter_site":"@olvidospuntoes","twitter_misc":{"Escrito por":"Alfonso Salazar","Tiempo de lectura":"10 minutos"},"schema":{"@context":"https:\/\/schema.org","@graph":[{"@type":"Article","@id":"https:\/\/olvidosdegranada.es\/index.php\/2023\/12\/17\/sobre-la-escritura-de-dionisia-garcia\/#article","isPartOf":{"@id":"https:\/\/olvidosdegranada.es\/index.php\/2023\/12\/17\/sobre-la-escritura-de-dionisia-garcia\/"},"author":{"name":"Alfonso Salazar","@id":"https:\/\/olvidosdegranada.es\/#\/schema\/person\/2e10b199a19cf21e8fd2391979d33083"},"headline":"Sobre la escritura de Dionisia Garc\u00eda","datePublished":"2023-12-17T14:37:00+00:00","dateModified":"2023-12-17T17:39:04+00:00","mainEntityOfPage":{"@id":"https:\/\/olvidosdegranada.es\/index.php\/2023\/12\/17\/sobre-la-escritura-de-dionisia-garcia\/"},"wordCount":2105,"commentCount":0,"publisher":{"@id":"https:\/\/olvidosdegranada.es\/#organization"},"image":{"@id":"https:\/\/olvidosdegranada.es\/index.php\/2023\/12\/17\/sobre-la-escritura-de-dionisia-garcia\/#primaryimage"},"thumbnailUrl":"https:\/\/olvidosdegranada.es\/wp-content\/uploads\/logo-ateneo.jpg","articleSection":["Palabras"],"inLanguage":"es","potentialAction":[{"@type":"CommentAction","name":"Comment","target":["https:\/\/olvidosdegranada.es\/index.php\/2023\/12\/17\/sobre-la-escritura-de-dionisia-garcia\/#respond"]}]},{"@type":"WebPage","@id":"https:\/\/olvidosdegranada.es\/index.php\/2023\/12\/17\/sobre-la-escritura-de-dionisia-garcia\/","url":"https:\/\/olvidosdegranada.es\/index.php\/2023\/12\/17\/sobre-la-escritura-de-dionisia-garcia\/","name":"Sobre la escritura de Dionisia Garc\u00eda - Olvidos de Granada","isPartOf":{"@id":"https:\/\/olvidosdegranada.es\/#website"},"primaryImageOfPage":{"@id":"https:\/\/olvidosdegranada.es\/index.php\/2023\/12\/17\/sobre-la-escritura-de-dionisia-garcia\/#primaryimage"},"image":{"@id":"https:\/\/olvidosdegranada.es\/index.php\/2023\/12\/17\/sobre-la-escritura-de-dionisia-garcia\/#primaryimage"},"thumbnailUrl":"https:\/\/olvidosdegranada.es\/wp-content\/uploads\/logo-ateneo.jpg","datePublished":"2023-12-17T14:37:00+00:00","dateModified":"2023-12-17T17:39:04+00:00","description":"Carmen Canet De un homenaje en el Ateneo de Granada La literatura de Dionisia Garc\u00eda pertenece a ese tipo de escritura amable y serena pero que son declaraciones de","breadcrumb":{"@id":"https:\/\/olvidosdegranada.es\/index.php\/2023\/12\/17\/sobre-la-escritura-de-dionisia-garcia\/#breadcrumb"},"inLanguage":"es","potentialAction":[{"@type":"ReadAction","target":["https:\/\/olvidosdegranada.es\/index.php\/2023\/12\/17\/sobre-la-escritura-de-dionisia-garcia\/"]}]},{"@type":"ImageObject","inLanguage":"es","@id":"https:\/\/olvidosdegranada.es\/index.php\/2023\/12\/17\/sobre-la-escritura-de-dionisia-garcia\/#primaryimage","url":"https:\/\/olvidosdegranada.es\/wp-content\/uploads\/logo-ateneo.jpg","contentUrl":"https:\/\/olvidosdegranada.es\/wp-content\/uploads\/logo-ateneo.jpg","width":598,"height":483},{"@type":"BreadcrumbList","@id":"https:\/\/olvidosdegranada.es\/index.php\/2023\/12\/17\/sobre-la-escritura-de-dionisia-garcia\/#breadcrumb","itemListElement":[{"@type":"ListItem","position":1,"name":"Portada","item":"https:\/\/olvidosdegranada.es\/"},{"@type":"ListItem","position":2,"name":"Sobre la escritura de Dionisia Garc\u00eda"}]},{"@type":"WebSite","@id":"https:\/\/olvidosdegranada.es\/#website","url":"https:\/\/olvidosdegranada.es\/","name":"Olvidos de Granada","description":"Revista de acciones culturales","publisher":{"@id":"https:\/\/olvidosdegranada.es\/#organization"},"potentialAction":[{"@type":"SearchAction","target":{"@type":"EntryPoint","urlTemplate":"https:\/\/olvidosdegranada.es\/?s={search_term_string}"},"query-input":{"@type":"PropertyValueSpecification","valueRequired":true,"valueName":"search_term_string"}}],"inLanguage":"es"},{"@type":"Organization","@id":"https:\/\/olvidosdegranada.es\/#organization","name":"Olvidos de Granada","url":"https:\/\/olvidosdegranada.es\/","logo":{"@type":"ImageObject","inLanguage":"es","@id":"https:\/\/olvidosdegranada.es\/#\/schema\/logo\/image\/","url":"https:\/\/olvidosdegranada.es\/wp-content\/uploads\/2020\/12\/Recurso-9.png","contentUrl":"https:\/\/olvidosdegranada.es\/wp-content\/uploads\/2020\/12\/Recurso-9.png","width":700,"height":227,"caption":"Olvidos de Granada"},"image":{"@id":"https:\/\/olvidosdegranada.es\/#\/schema\/logo\/image\/"},"sameAs":["https:\/\/www.facebook.com\/OLVIDOSDIGITAL","https:\/\/x.com\/olvidospuntoes"]},{"@type":"Person","@id":"https:\/\/olvidosdegranada.es\/#\/schema\/person\/2e10b199a19cf21e8fd2391979d33083","name":"Alfonso Salazar","image":{"@type":"ImageObject","inLanguage":"es","@id":"https:\/\/secure.gravatar.com\/avatar\/8768a2dca789940dbdaf5fdd283c795998719eb61dc0c2c16eb3decaaf6b3304?s=96&d=mm&r=g","url":"https:\/\/secure.gravatar.com\/avatar\/8768a2dca789940dbdaf5fdd283c795998719eb61dc0c2c16eb3decaaf6b3304?s=96&d=mm&r=g","contentUrl":"https:\/\/secure.gravatar.com\/avatar\/8768a2dca789940dbdaf5fdd283c795998719eb61dc0c2c16eb3decaaf6b3304?s=96&d=mm&r=g","caption":"Alfonso Salazar"},"url":"https:\/\/olvidosdegranada.es\/index.php\/author\/alfonso-salazar\/"}]}},"jetpack_sharing_enabled":true,"jetpack_featured_media_url":"","_links":{"self":[{"href":"https:\/\/olvidosdegranada.es\/index.php\/wp-json\/wp\/v2\/posts\/4011","targetHints":{"allow":["GET"]}}],"collection":[{"href":"https:\/\/olvidosdegranada.es\/index.php\/wp-json\/wp\/v2\/posts"}],"about":[{"href":"https:\/\/olvidosdegranada.es\/index.php\/wp-json\/wp\/v2\/types\/post"}],"author":[{"embeddable":true,"href":"https:\/\/olvidosdegranada.es\/index.php\/wp-json\/wp\/v2\/users\/4"}],"replies":[{"embeddable":true,"href":"https:\/\/olvidosdegranada.es\/index.php\/wp-json\/wp\/v2\/comments?post=4011"}],"version-history":[{"count":3,"href":"https:\/\/olvidosdegranada.es\/index.php\/wp-json\/wp\/v2\/posts\/4011\/revisions"}],"predecessor-version":[{"id":4015,"href":"https:\/\/olvidosdegranada.es\/index.php\/wp-json\/wp\/v2\/posts\/4011\/revisions\/4015"}],"wp:attachment":[{"href":"https:\/\/olvidosdegranada.es\/index.php\/wp-json\/wp\/v2\/media?parent=4011"}],"wp:term":[{"taxonomy":"category","embeddable":true,"href":"https:\/\/olvidosdegranada.es\/index.php\/wp-json\/wp\/v2\/categories?post=4011"},{"taxonomy":"post_tag","embeddable":true,"href":"https:\/\/olvidosdegranada.es\/index.php\/wp-json\/wp\/v2\/tags?post=4011"}],"curies":[{"name":"wp","href":"https:\/\/api.w.org\/{rel}","templated":true}]}}