{"id":3758,"date":"2022-06-04T17:45:00","date_gmt":"2022-06-04T17:45:00","guid":{"rendered":"https:\/\/olvidosdegranada.es\/?p=3758"},"modified":"2022-06-04T20:56:49","modified_gmt":"2022-06-04T20:56:49","slug":"chicles-futbol-y-playa","status":"publish","type":"post","link":"https:\/\/olvidosdegranada.es\/index.php\/2022\/06\/04\/chicles-futbol-y-playa\/","title":{"rendered":"Chicles, f\u00fatbol y playa"},"content":{"rendered":"\n<p><\/p>\n\n\n\n<p>Como en los textos que hablan de s\u00ed mismos, de su g\u00e9nesis, Siempre es verano cuenta de c\u00f3mo se escribe cuando el escritor recurre a su memoria. Es una novela, pero de alguna manera, es un formidable ejercicio que indaga en la ficci\u00f3n cuando se escribe de ficci\u00f3n y en la inagotable fuente de la experiencia propia para trabajar y cincelar la memoria inventada que nos agrupa a todos.<\/p>\n\n\n\n<p>Siempre es verano entronca en la tradici\u00f3n de las novelas de crecimiento, de las novelas de metamorfosis, la del ni\u00f1o que pasa a ser adolescente, la del adolescente que pasa a convertirse en adulto, la del adulto que se convierte en escritor y la del escritor que ajusta cuentas con un pasado nost\u00e1lgico, y que pudo ser enmendado, lo que nos lleva \u2014siempre la paradoja de la elecci\u00f3n en la vida\u2014 a que si hubiese habido enmienda constatar\u00edamos que el escritor que ahora nos contase ya no ser\u00eda el escritor que hay ahora. La enmienda del pasado habr\u00eda condicionado el futuro que es el presente. Paradojas.<\/p>\n\n\n\n<p>El escritor mira al chaval \u2014lo est\u00e1 imaginando, all\u00ed, en el paseo mar\u00edtimo, all\u00ed en la plazoleta, all\u00ed con un libro de poes\u00eda entre las piernas sudorosas del verano y la edad\u2014 y lo comenta, interviene, corrige, avanza la narraci\u00f3n, qu\u00e9 efectos tienen las decisiones tomadas entonces. El escritor consulta la memoria de su madre, extiende sus alas narrativas con la memoria de los dem\u00e1s. Siempre es verano es una investigaci\u00f3n, tambi\u00e9n, sobre la memoria mentirosa, sobre la memoria ajena, sobre las muchas memorias.<\/p>\n\n\n\n<p>Con elementos de la vida real, y mucha experiencia tomada de otros y mucha imaginaci\u00f3n, Alejandro Pedregosa entrevera el recuerdo de un verano, el despertar sexual de un chaval y una pandilla, el retrato de una \u00e9poca con cabinas de tel\u00e9fonos y cartas, de chicles, Casera cola y f\u00fatbol, que desemboca en el descubrimiento de la sexualidad (de la \u201cmacoca\u00bb ego\u00edsta a la primera masturbaci\u00f3n generosa para el cuerpo ajeno), de los secretos familiares y la revelaci\u00f3n que determinar\u00e1 una vida para siempre. Porque como bien dice el sabio abuelo de la novela, se trata de la exposici\u00f3n de esas \u00abvidas complicadas\u00bb, que a primera vista parecen vidas sencillas, vidas de barrio, pero son, como todas, vidas complicadas, donde hay accidentes, imponderables, pasiones y decisiones.<\/p>\n\n\n\n<p>Se ha escrito muchas veces sobre la adolescencia, los a\u00f1os de aprendizaje son un tema que ha presidido la novela desde las invenciones de finales del XVIII, pero aqu\u00ed la novedad (como suced\u00eda, pienso, en Escarcha de P\u00e9rez Z\u00fa\u00f1iga) es que la mirada se asienta en los a\u00f1os 80 del siglo XX, un pasado que ya no es inmediato, y que una generaci\u00f3n de escritores que frisa ahora la cincuentena se aprestan a tomar como territorio de la nostalgia, antes de que la globalizaci\u00f3n igualase las consciencias mundiales, en el mundo de la cadena \u00fanica de televisi\u00f3n, de la democracia reci\u00e9n inaugurada, de las clases obreras que aspiraron a ser burguesas, cuando tantos nos hicimos clase media que la clase media termin\u00f3 por buscar su curso y encontr\u00f3 su vac\u00edo.<\/p>\n\n\n\n<p>Pedregosa pisa este terreno y pisa la arena de la playa de ahora para volver a mirar atr\u00e1s a las playas de antes, pero con un tono contenido, a veces piadoso, en una escritura \u00e1gil, cap\u00edtulos cortos y tem\u00e1ticos, como los intensos veranos de hace casi cuarenta a\u00f1os. Los personajes, casi todos exentos de nombre, si acaso de mote, se convierten en prototipos: el abuelo, el hermano, la madre, el chaval\u2026 y as\u00ed son nombrados, como si se protegiese el secreto de testigos protegidos; solo se permite nombre y apellidos a las vecinas morosas, apodos para los peque\u00f1os delincuentes navaja en mano, si acaso la amiga que presta la casa para la consumaci\u00f3n. Pero los personajes principales, aquellos que soportan la carga, son nombres que describen papeles de la sociedad y de la biograf\u00eda.<\/p>\n\n\n\n<p>El escritor que cuenta la historia abunda en la mirada, a veces condescendiente, sobre el chaval que fue, sobre los pasos perdidos y los indestructibles recuerdos, sobre la formaci\u00f3n entonces de la cris\u00e1lida y la ruptura del capullo para descubrir a la mariposa que espera volar. Siempre es verano es una novela de veranos poco azules, m\u00e1s bien amarillentos, marrones, y tantas veces oscuros; pero es tambi\u00e9n una novela de barrio, de la frontera que separaba a los unos y a los otros, de las obsesiones por una marca de ropa, de la salvaci\u00f3n a trav\u00e9s del conocimiento, del futuro que pudo ser y no fue. Y a veces agradecemos que no fuese, que el escritor pueda mirar al chaval que fue y contarnos.<\/p>\n","protected":false},"excerpt":{"rendered":"<p>Como en los textos que hablan de s\u00ed mismos, de su g\u00e9nesis, Siempre es verano &#8230; <\/p>\n<p class=\"read-more-container\"><a title=\"Chicles, f\u00fatbol y playa\" class=\"read-more button\" href=\"https:\/\/olvidosdegranada.es\/index.php\/2022\/06\/04\/chicles-futbol-y-playa\/#more-3758\" aria-label=\"Leer m\u00e1s sobre Chicles, f\u00fatbol y playa\">Leer m\u00e1s<\/a><\/p>\n","protected":false},"author":4,"featured_media":3759,"comment_status":"open","ping_status":"closed","sticky":false,"template":"","format":"standard","meta":{"_acf_changed":false,"_jetpack_newsletter_access":"","_jetpack_dont_email_post_to_subs":false,"_jetpack_newsletter_tier_id":0,"_jetpack_memberships_contains_paywalled_content":false,"_jetpack_feature_clip_id":0,"_jetpack_memberships_contains_paid_content":false,"footnotes":"","jetpack_post_was_ever_published":false},"categories":[3],"tags":[],"class_list":["post-3758","post","type-post","status-publish","format-standard","has-post-thumbnail","hentry","category-palabras","infinite-scroll-item","generate-columns","tablet-grid-50","mobile-grid-100","grid-parent","grid-33","no-featured-image-padding"],"acf":[],"yoast_head":"<!-- This site is optimized with the Yoast SEO plugin v28.3 - https:\/\/yoast.com\/product\/yoast-seo-wordpress\/ -->\n<title>Chicles, f\u00fatbol y playa - Olvidos de Granada<\/title>\n<meta name=\"description\" content=\"Alfonso Salazar Como en los textos que hablan de s\u00ed mismos, de su g\u00e9nesis, Siempre es verano cuenta de c\u00f3mo se escribe cuando el escritor recurre a su memoria. Es una\" \/>\n<meta name=\"robots\" content=\"index, follow, max-snippet:-1, max-image-preview:large, max-video-preview:-1\" \/>\n<link rel=\"canonical\" href=\"https:\/\/olvidosdegranada.es\/index.php\/2022\/06\/04\/chicles-futbol-y-playa\/\" \/>\n<meta property=\"og:locale\" content=\"es_ES\" \/>\n<meta property=\"og:type\" content=\"article\" \/>\n<meta property=\"og:title\" content=\"Chicles, f\u00fatbol y playa - Olvidos de Granada\" \/>\n<meta property=\"og:description\" content=\"Alfonso Salazar Como en los textos que hablan de s\u00ed mismos, de su g\u00e9nesis, Siempre es verano cuenta de c\u00f3mo se escribe cuando el escritor recurre a su memoria. Es una\" \/>\n<meta property=\"og:url\" content=\"https:\/\/olvidosdegranada.es\/index.php\/2022\/06\/04\/chicles-futbol-y-playa\/\" \/>\n<meta property=\"og:site_name\" content=\"Olvidos de Granada\" \/>\n<meta property=\"article:publisher\" content=\"https:\/\/www.facebook.com\/OLVIDOSDIGITAL\" \/>\n<meta property=\"article:published_time\" content=\"2022-06-04T17:45:00+00:00\" \/>\n<meta property=\"article:modified_time\" content=\"2022-06-04T20:56:49+00:00\" \/>\n<meta property=\"og:image\" content=\"https:\/\/olvidosdegranada.es\/wp-content\/uploads\/siempre-es-verano.jpg\" \/>\n\t<meta property=\"og:image:width\" content=\"607\" \/>\n\t<meta property=\"og:image:height\" content=\"903\" \/>\n\t<meta property=\"og:image:type\" content=\"image\/jpeg\" \/>\n<meta name=\"author\" content=\"Alfonso Salazar\" \/>\n<meta name=\"twitter:card\" content=\"summary_large_image\" \/>\n<meta name=\"twitter:creator\" content=\"@olvidospuntoes\" \/>\n<meta name=\"twitter:site\" content=\"@olvidospuntoes\" \/>\n<meta name=\"twitter:label1\" content=\"Escrito por\" \/>\n\t<meta name=\"twitter:data1\" content=\"Alfonso Salazar\" \/>\n\t<meta name=\"twitter:label2\" content=\"Tiempo de lectura\" \/>\n\t<meta name=\"twitter:data2\" content=\"4 minutos\" \/>\n<script type=\"application\/ld+json\" class=\"yoast-schema-graph\">{\"@context\":\"https:\\\/\\\/schema.org\",\"@graph\":[{\"@type\":\"Article\",\"@id\":\"https:\\\/\\\/olvidosdegranada.es\\\/index.php\\\/2022\\\/06\\\/04\\\/chicles-futbol-y-playa\\\/#article\",\"isPartOf\":{\"@id\":\"https:\\\/\\\/olvidosdegranada.es\\\/index.php\\\/2022\\\/06\\\/04\\\/chicles-futbol-y-playa\\\/\"},\"author\":{\"name\":\"Alfonso Salazar\",\"@id\":\"https:\\\/\\\/olvidosdegranada.es\\\/#\\\/schema\\\/person\\\/2e10b199a19cf21e8fd2391979d33083\"},\"headline\":\"Chicles, f\u00fatbol y playa\",\"datePublished\":\"2022-06-04T17:45:00+00:00\",\"dateModified\":\"2022-06-04T20:56:49+00:00\",\"mainEntityOfPage\":{\"@id\":\"https:\\\/\\\/olvidosdegranada.es\\\/index.php\\\/2022\\\/06\\\/04\\\/chicles-futbol-y-playa\\\/\"},\"wordCount\":823,\"commentCount\":0,\"publisher\":{\"@id\":\"https:\\\/\\\/olvidosdegranada.es\\\/#organization\"},\"image\":{\"@id\":\"https:\\\/\\\/olvidosdegranada.es\\\/index.php\\\/2022\\\/06\\\/04\\\/chicles-futbol-y-playa\\\/#primaryimage\"},\"thumbnailUrl\":\"https:\\\/\\\/olvidosdegranada.es\\\/wp-content\\\/uploads\\\/siempre-es-verano.jpg\",\"articleSection\":[\"Palabras\"],\"inLanguage\":\"es\",\"potentialAction\":[{\"@type\":\"CommentAction\",\"name\":\"Comment\",\"target\":[\"https:\\\/\\\/olvidosdegranada.es\\\/index.php\\\/2022\\\/06\\\/04\\\/chicles-futbol-y-playa\\\/#respond\"]}]},{\"@type\":\"WebPage\",\"@id\":\"https:\\\/\\\/olvidosdegranada.es\\\/index.php\\\/2022\\\/06\\\/04\\\/chicles-futbol-y-playa\\\/\",\"url\":\"https:\\\/\\\/olvidosdegranada.es\\\/index.php\\\/2022\\\/06\\\/04\\\/chicles-futbol-y-playa\\\/\",\"name\":\"Chicles, f\u00fatbol y playa - Olvidos de Granada\",\"isPartOf\":{\"@id\":\"https:\\\/\\\/olvidosdegranada.es\\\/#website\"},\"primaryImageOfPage\":{\"@id\":\"https:\\\/\\\/olvidosdegranada.es\\\/index.php\\\/2022\\\/06\\\/04\\\/chicles-futbol-y-playa\\\/#primaryimage\"},\"image\":{\"@id\":\"https:\\\/\\\/olvidosdegranada.es\\\/index.php\\\/2022\\\/06\\\/04\\\/chicles-futbol-y-playa\\\/#primaryimage\"},\"thumbnailUrl\":\"https:\\\/\\\/olvidosdegranada.es\\\/wp-content\\\/uploads\\\/siempre-es-verano.jpg\",\"datePublished\":\"2022-06-04T17:45:00+00:00\",\"dateModified\":\"2022-06-04T20:56:49+00:00\",\"description\":\"Alfonso Salazar Como en los textos que hablan de s\u00ed mismos, de su g\u00e9nesis, Siempre es verano cuenta de c\u00f3mo se escribe cuando el escritor recurre a su memoria. Es una\",\"breadcrumb\":{\"@id\":\"https:\\\/\\\/olvidosdegranada.es\\\/index.php\\\/2022\\\/06\\\/04\\\/chicles-futbol-y-playa\\\/#breadcrumb\"},\"inLanguage\":\"es\",\"potentialAction\":[{\"@type\":\"ReadAction\",\"target\":[\"https:\\\/\\\/olvidosdegranada.es\\\/index.php\\\/2022\\\/06\\\/04\\\/chicles-futbol-y-playa\\\/\"]}]},{\"@type\":\"ImageObject\",\"inLanguage\":\"es\",\"@id\":\"https:\\\/\\\/olvidosdegranada.es\\\/index.php\\\/2022\\\/06\\\/04\\\/chicles-futbol-y-playa\\\/#primaryimage\",\"url\":\"https:\\\/\\\/olvidosdegranada.es\\\/wp-content\\\/uploads\\\/siempre-es-verano.jpg\",\"contentUrl\":\"https:\\\/\\\/olvidosdegranada.es\\\/wp-content\\\/uploads\\\/siempre-es-verano.jpg\",\"width\":607,\"height\":903},{\"@type\":\"BreadcrumbList\",\"@id\":\"https:\\\/\\\/olvidosdegranada.es\\\/index.php\\\/2022\\\/06\\\/04\\\/chicles-futbol-y-playa\\\/#breadcrumb\",\"itemListElement\":[{\"@type\":\"ListItem\",\"position\":1,\"name\":\"Portada\",\"item\":\"https:\\\/\\\/olvidosdegranada.es\\\/\"},{\"@type\":\"ListItem\",\"position\":2,\"name\":\"Chicles, f\u00fatbol y playa\"}]},{\"@type\":\"WebSite\",\"@id\":\"https:\\\/\\\/olvidosdegranada.es\\\/#website\",\"url\":\"https:\\\/\\\/olvidosdegranada.es\\\/\",\"name\":\"Olvidos de Granada\",\"description\":\"Revista de acciones culturales\",\"publisher\":{\"@id\":\"https:\\\/\\\/olvidosdegranada.es\\\/#organization\"},\"potentialAction\":[{\"@type\":\"SearchAction\",\"target\":{\"@type\":\"EntryPoint\",\"urlTemplate\":\"https:\\\/\\\/olvidosdegranada.es\\\/?s={search_term_string}\"},\"query-input\":{\"@type\":\"PropertyValueSpecification\",\"valueRequired\":true,\"valueName\":\"search_term_string\"}}],\"inLanguage\":\"es\"},{\"@type\":\"Organization\",\"@id\":\"https:\\\/\\\/olvidosdegranada.es\\\/#organization\",\"name\":\"Olvidos de Granada\",\"url\":\"https:\\\/\\\/olvidosdegranada.es\\\/\",\"logo\":{\"@type\":\"ImageObject\",\"inLanguage\":\"es\",\"@id\":\"https:\\\/\\\/olvidosdegranada.es\\\/#\\\/schema\\\/logo\\\/image\\\/\",\"url\":\"https:\\\/\\\/olvidosdegranada.es\\\/wp-content\\\/uploads\\\/2020\\\/12\\\/Recurso-9.png\",\"contentUrl\":\"https:\\\/\\\/olvidosdegranada.es\\\/wp-content\\\/uploads\\\/2020\\\/12\\\/Recurso-9.png\",\"width\":700,\"height\":227,\"caption\":\"Olvidos de Granada\"},\"image\":{\"@id\":\"https:\\\/\\\/olvidosdegranada.es\\\/#\\\/schema\\\/logo\\\/image\\\/\"},\"sameAs\":[\"https:\\\/\\\/www.facebook.com\\\/OLVIDOSDIGITAL\",\"https:\\\/\\\/x.com\\\/olvidospuntoes\"]},{\"@type\":\"Person\",\"@id\":\"https:\\\/\\\/olvidosdegranada.es\\\/#\\\/schema\\\/person\\\/2e10b199a19cf21e8fd2391979d33083\",\"name\":\"Alfonso Salazar\",\"image\":{\"@type\":\"ImageObject\",\"inLanguage\":\"es\",\"@id\":\"https:\\\/\\\/secure.gravatar.com\\\/avatar\\\/8768a2dca789940dbdaf5fdd283c795998719eb61dc0c2c16eb3decaaf6b3304?s=96&d=mm&r=g\",\"url\":\"https:\\\/\\\/secure.gravatar.com\\\/avatar\\\/8768a2dca789940dbdaf5fdd283c795998719eb61dc0c2c16eb3decaaf6b3304?s=96&d=mm&r=g\",\"contentUrl\":\"https:\\\/\\\/secure.gravatar.com\\\/avatar\\\/8768a2dca789940dbdaf5fdd283c795998719eb61dc0c2c16eb3decaaf6b3304?s=96&d=mm&r=g\",\"caption\":\"Alfonso Salazar\"},\"url\":\"https:\\\/\\\/olvidosdegranada.es\\\/index.php\\\/author\\\/alfonso-salazar\\\/\"}]}<\/script>\n<!-- \/ Yoast SEO plugin. -->","yoast_head_json":{"title":"Chicles, f\u00fatbol y playa - Olvidos de Granada","description":"Alfonso Salazar Como en los textos que hablan de s\u00ed mismos, de su g\u00e9nesis, Siempre es verano cuenta de c\u00f3mo se escribe cuando el escritor recurre a su memoria. Es una","robots":{"index":"index","follow":"follow","max-snippet":"max-snippet:-1","max-image-preview":"max-image-preview:large","max-video-preview":"max-video-preview:-1"},"canonical":"https:\/\/olvidosdegranada.es\/index.php\/2022\/06\/04\/chicles-futbol-y-playa\/","og_locale":"es_ES","og_type":"article","og_title":"Chicles, f\u00fatbol y playa - Olvidos de Granada","og_description":"Alfonso Salazar Como en los textos que hablan de s\u00ed mismos, de su g\u00e9nesis, Siempre es verano cuenta de c\u00f3mo se escribe cuando el escritor recurre a su memoria. Es una","og_url":"https:\/\/olvidosdegranada.es\/index.php\/2022\/06\/04\/chicles-futbol-y-playa\/","og_site_name":"Olvidos de Granada","article_publisher":"https:\/\/www.facebook.com\/OLVIDOSDIGITAL","article_published_time":"2022-06-04T17:45:00+00:00","article_modified_time":"2022-06-04T20:56:49+00:00","og_image":[{"width":607,"height":903,"url":"https:\/\/olvidosdegranada.es\/wp-content\/uploads\/siempre-es-verano.jpg","type":"image\/jpeg"}],"author":"Alfonso Salazar","twitter_card":"summary_large_image","twitter_creator":"@olvidospuntoes","twitter_site":"@olvidospuntoes","twitter_misc":{"Escrito por":"Alfonso Salazar","Tiempo de lectura":"4 minutos"},"schema":{"@context":"https:\/\/schema.org","@graph":[{"@type":"Article","@id":"https:\/\/olvidosdegranada.es\/index.php\/2022\/06\/04\/chicles-futbol-y-playa\/#article","isPartOf":{"@id":"https:\/\/olvidosdegranada.es\/index.php\/2022\/06\/04\/chicles-futbol-y-playa\/"},"author":{"name":"Alfonso Salazar","@id":"https:\/\/olvidosdegranada.es\/#\/schema\/person\/2e10b199a19cf21e8fd2391979d33083"},"headline":"Chicles, f\u00fatbol y playa","datePublished":"2022-06-04T17:45:00+00:00","dateModified":"2022-06-04T20:56:49+00:00","mainEntityOfPage":{"@id":"https:\/\/olvidosdegranada.es\/index.php\/2022\/06\/04\/chicles-futbol-y-playa\/"},"wordCount":823,"commentCount":0,"publisher":{"@id":"https:\/\/olvidosdegranada.es\/#organization"},"image":{"@id":"https:\/\/olvidosdegranada.es\/index.php\/2022\/06\/04\/chicles-futbol-y-playa\/#primaryimage"},"thumbnailUrl":"https:\/\/olvidosdegranada.es\/wp-content\/uploads\/siempre-es-verano.jpg","articleSection":["Palabras"],"inLanguage":"es","potentialAction":[{"@type":"CommentAction","name":"Comment","target":["https:\/\/olvidosdegranada.es\/index.php\/2022\/06\/04\/chicles-futbol-y-playa\/#respond"]}]},{"@type":"WebPage","@id":"https:\/\/olvidosdegranada.es\/index.php\/2022\/06\/04\/chicles-futbol-y-playa\/","url":"https:\/\/olvidosdegranada.es\/index.php\/2022\/06\/04\/chicles-futbol-y-playa\/","name":"Chicles, f\u00fatbol y playa - Olvidos de Granada","isPartOf":{"@id":"https:\/\/olvidosdegranada.es\/#website"},"primaryImageOfPage":{"@id":"https:\/\/olvidosdegranada.es\/index.php\/2022\/06\/04\/chicles-futbol-y-playa\/#primaryimage"},"image":{"@id":"https:\/\/olvidosdegranada.es\/index.php\/2022\/06\/04\/chicles-futbol-y-playa\/#primaryimage"},"thumbnailUrl":"https:\/\/olvidosdegranada.es\/wp-content\/uploads\/siempre-es-verano.jpg","datePublished":"2022-06-04T17:45:00+00:00","dateModified":"2022-06-04T20:56:49+00:00","description":"Alfonso Salazar Como en los textos que hablan de s\u00ed mismos, de su g\u00e9nesis, Siempre es verano cuenta de c\u00f3mo se escribe cuando el escritor recurre a su memoria. Es una","breadcrumb":{"@id":"https:\/\/olvidosdegranada.es\/index.php\/2022\/06\/04\/chicles-futbol-y-playa\/#breadcrumb"},"inLanguage":"es","potentialAction":[{"@type":"ReadAction","target":["https:\/\/olvidosdegranada.es\/index.php\/2022\/06\/04\/chicles-futbol-y-playa\/"]}]},{"@type":"ImageObject","inLanguage":"es","@id":"https:\/\/olvidosdegranada.es\/index.php\/2022\/06\/04\/chicles-futbol-y-playa\/#primaryimage","url":"https:\/\/olvidosdegranada.es\/wp-content\/uploads\/siempre-es-verano.jpg","contentUrl":"https:\/\/olvidosdegranada.es\/wp-content\/uploads\/siempre-es-verano.jpg","width":607,"height":903},{"@type":"BreadcrumbList","@id":"https:\/\/olvidosdegranada.es\/index.php\/2022\/06\/04\/chicles-futbol-y-playa\/#breadcrumb","itemListElement":[{"@type":"ListItem","position":1,"name":"Portada","item":"https:\/\/olvidosdegranada.es\/"},{"@type":"ListItem","position":2,"name":"Chicles, f\u00fatbol y playa"}]},{"@type":"WebSite","@id":"https:\/\/olvidosdegranada.es\/#website","url":"https:\/\/olvidosdegranada.es\/","name":"Olvidos de Granada","description":"Revista de acciones culturales","publisher":{"@id":"https:\/\/olvidosdegranada.es\/#organization"},"potentialAction":[{"@type":"SearchAction","target":{"@type":"EntryPoint","urlTemplate":"https:\/\/olvidosdegranada.es\/?s={search_term_string}"},"query-input":{"@type":"PropertyValueSpecification","valueRequired":true,"valueName":"search_term_string"}}],"inLanguage":"es"},{"@type":"Organization","@id":"https:\/\/olvidosdegranada.es\/#organization","name":"Olvidos de Granada","url":"https:\/\/olvidosdegranada.es\/","logo":{"@type":"ImageObject","inLanguage":"es","@id":"https:\/\/olvidosdegranada.es\/#\/schema\/logo\/image\/","url":"https:\/\/olvidosdegranada.es\/wp-content\/uploads\/2020\/12\/Recurso-9.png","contentUrl":"https:\/\/olvidosdegranada.es\/wp-content\/uploads\/2020\/12\/Recurso-9.png","width":700,"height":227,"caption":"Olvidos de Granada"},"image":{"@id":"https:\/\/olvidosdegranada.es\/#\/schema\/logo\/image\/"},"sameAs":["https:\/\/www.facebook.com\/OLVIDOSDIGITAL","https:\/\/x.com\/olvidospuntoes"]},{"@type":"Person","@id":"https:\/\/olvidosdegranada.es\/#\/schema\/person\/2e10b199a19cf21e8fd2391979d33083","name":"Alfonso Salazar","image":{"@type":"ImageObject","inLanguage":"es","@id":"https:\/\/secure.gravatar.com\/avatar\/8768a2dca789940dbdaf5fdd283c795998719eb61dc0c2c16eb3decaaf6b3304?s=96&d=mm&r=g","url":"https:\/\/secure.gravatar.com\/avatar\/8768a2dca789940dbdaf5fdd283c795998719eb61dc0c2c16eb3decaaf6b3304?s=96&d=mm&r=g","contentUrl":"https:\/\/secure.gravatar.com\/avatar\/8768a2dca789940dbdaf5fdd283c795998719eb61dc0c2c16eb3decaaf6b3304?s=96&d=mm&r=g","caption":"Alfonso Salazar"},"url":"https:\/\/olvidosdegranada.es\/index.php\/author\/alfonso-salazar\/"}]}},"jetpack_sharing_enabled":true,"jetpack_featured_media_url":"https:\/\/olvidosdegranada.es\/wp-content\/uploads\/siempre-es-verano.jpg","_links":{"self":[{"href":"https:\/\/olvidosdegranada.es\/index.php\/wp-json\/wp\/v2\/posts\/3758","targetHints":{"allow":["GET"]}}],"collection":[{"href":"https:\/\/olvidosdegranada.es\/index.php\/wp-json\/wp\/v2\/posts"}],"about":[{"href":"https:\/\/olvidosdegranada.es\/index.php\/wp-json\/wp\/v2\/types\/post"}],"author":[{"embeddable":true,"href":"https:\/\/olvidosdegranada.es\/index.php\/wp-json\/wp\/v2\/users\/4"}],"replies":[{"embeddable":true,"href":"https:\/\/olvidosdegranada.es\/index.php\/wp-json\/wp\/v2\/comments?post=3758"}],"version-history":[{"count":3,"href":"https:\/\/olvidosdegranada.es\/index.php\/wp-json\/wp\/v2\/posts\/3758\/revisions"}],"predecessor-version":[{"id":3762,"href":"https:\/\/olvidosdegranada.es\/index.php\/wp-json\/wp\/v2\/posts\/3758\/revisions\/3762"}],"wp:featuredmedia":[{"embeddable":true,"href":"https:\/\/olvidosdegranada.es\/index.php\/wp-json\/wp\/v2\/media\/3759"}],"wp:attachment":[{"href":"https:\/\/olvidosdegranada.es\/index.php\/wp-json\/wp\/v2\/media?parent=3758"}],"wp:term":[{"taxonomy":"category","embeddable":true,"href":"https:\/\/olvidosdegranada.es\/index.php\/wp-json\/wp\/v2\/categories?post=3758"},{"taxonomy":"post_tag","embeddable":true,"href":"https:\/\/olvidosdegranada.es\/index.php\/wp-json\/wp\/v2\/tags?post=3758"}],"curies":[{"name":"wp","href":"https:\/\/api.w.org\/{rel}","templated":true}]}}