{"id":3750,"date":"2022-06-04T17:52:43","date_gmt":"2022-06-04T17:52:43","guid":{"rendered":"https:\/\/olvidosdegranada.es\/?p=3750"},"modified":"2023-02-07T20:55:42","modified_gmt":"2023-02-07T20:55:42","slug":"poesia-compromiso-y-revolucion","status":"publish","type":"post","link":"https:\/\/olvidosdegranada.es\/index.php\/2022\/06\/04\/poesia-compromiso-y-revolucion\/","title":{"rendered":"Poes\u00eda, compromiso y revoluci\u00f3n"},"content":{"rendered":"\n<p><\/p>\n\n\n\n<p class=\"has-text-align-center has-medium-font-size\"><strong>Po\u00e9tica<\/strong><\/p>\n\n\n\n<p class=\"has-text-align-right has-medium-font-size\"><em>&nbsp;&nbsp;&nbsp;&nbsp;&nbsp;&nbsp;&nbsp;&nbsp;&nbsp;&nbsp;&nbsp;&nbsp; A Aurora de Albornoz<\/em><\/p>\n\n\n\n<p class=\"has-text-align-right has-medium-font-size\"><em>\u201c\u2026mas se fue desnudando.<\/em><br><em>Y yo le sonre\u00eda.\u201d<\/em><br>Juan Ram\u00f3n Jim\u00e9nez<\/p>\n\n\n\n<p class=\"has-medium-font-size\">Vino primera fr\u00edvola \u2013yo ni\u00f1o con ojeras\u2013<br>y nos puso en los dedos un sue\u00f1o de esperanza<br>o alguna perversi\u00f3n: sus velos y su danza<br>le ce\u00f1\u00edan las s\u00edlabas, los ritmos, las caderas.<br><br>Mas quisimos su cuerpo sobre las escombreras<br>porque tambi\u00e9n manchase su ropa en la tardanza<br>de luz y libertad: esa tierna venganza<br>de llevarla por calles y lunas prisioneras.<br><br>Luego nos visitaba con extra\u00f1os abrigos,<br>mas se fue desnudando, y yo le sonre\u00eda<br>con la sonrisa nueva de la complicidad.<br><br>Porque a pesar de todo nos hicimos amigos<br>y me mantengo firme gracias a ti, poes\u00eda,<br>peque\u00f1o pueblo en armas contra la soledad.<br><br>(Javier Egea, en <em>La otra sentimentalidad<\/em>, 1983)<\/p>\n\n\n\n<p><\/p>\n\n\n\n<p>El gran sonetista que fue Javier Egea se muestra excelso como pocas veces en este texto de 1983, posiblemente el soneto m\u00e1s conocido de todos los suyos y a la vez uno de sus mejores poemas, la famosa \u00abPo\u00e9tica\u00bb \u2014fechada el 19 de enero\u2014, con la cual recrea la famosa composici\u00f3n hom\u00f3nima de Juan Ram\u00f3n Jim\u00e9nez para hacer, como \u00e9l, un repaso a su trayectoria po\u00e9tica vali\u00e9ndose del viejo t\u00f3pico del <em>striptease<\/em> femenino. Si los poetas \u00c1lvaro Salvador y Luis Garc\u00eda Montero, los otros dos firmantes del manifiesto-antolog\u00eda <em>La otra sentimentalidad<\/em> (1983) en que el texto se incluy\u00f3, se val\u00edan de la prosa para meditar sobre sus convicciones literarias, Egea lo har\u00e1 a trav\u00e9s de este magistral poema en alejandrinos verdaderamente clave en el devenir de la poes\u00eda contempor\u00e1nea en nuestro pa\u00eds, donde hay una importante apuesta por la literatura como \u00abuna defensa contra las ofensas de la vida\u00bb, seg\u00fan la famosa sentencia de Cesare Pavese (2009:142).<\/p>\n\n\n\n<p>El joven Egea hab\u00eda nacido a la poes\u00eda asumiendo el inconsciente po\u00e9tico que flotaba en el ambiente, al dictado de que escribir poes\u00eda era un ejercicio <em>literario <\/em>destinado a <em>transmitir sentimientos <\/em>y <em>estados de \u00e1nimo<\/em>, frente a otros discursos en los que tendr\u00eda cabida lo intelectual, lo racional, etc. En su primera poes\u00eda se cumpl\u00eda de lleno la l\u00f3gica ideol\u00f3gica burguesa \u00absacralizadora de lo privado\u00bb, a la que el maestro generacional Juan Carlos Rodr\u00edguez (1999: 153-154) hab\u00eda llamado la \u00abgran mentira\u00bb del mito burgu\u00e9s de la \u00abPalabra Po\u00e9tica\u00bb, mito que, ocultando la realidad hist\u00f3rica e ideol\u00f3gica del hecho literario, impone m\u00e1s all\u00e1 de nuestra conciencia que la poes\u00eda es la <em>expresi\u00f3n libre <\/em>de la <em>verdad interior <\/em>de un <em>sujeto <\/em>igualmente libre (que la escritura es una verdad m\u00e1s o menos velada de esa \u00faltima verdad de fondo: el esp\u00edritu humano, el alma), con el fin de legitimar tal noci\u00f3n de \u00absujeto\u00bb, alrededor de la cual se levanta todo el constructo ideol\u00f3gico burgu\u00e9s. A este respecto, Egea comienza el soneto reconociendo haber superado ya esa poes\u00eda \u00abfr\u00edvola\u00bb (v. 1) en torno a una <em>subjetividad <\/em>adolescente que <em>sufre <\/em>por amor y solo en la escritura \u2014y entendida desde un cierto formalismo\u2014 encuentra el medio de paliar su \u00abdolorido sentir\u00bb, porque, como un rom\u00e1ntico (\u00abni\u00f1o con ojeras\u00bb, v. 1), se <em>siente <\/em>un incomprendido, un solitario, alguien que solo si <em>trasmite <\/em>por escrito esa <em>intimidad libre <\/em>y <em>privilegiada <\/em>de la que se cree portador, ser\u00e1 capaz de encontrar entre los lectores la comprensi\u00f3n que no halla en el resto de la sociedad.<\/p>\n\n\n\n<p>M\u00e1s adelante, en la l\u00f3gica interna de la poes\u00eda egeniana \u2014y de nuevo \u00e9l sabe reconocerlo en este deslumbrante autoan\u00e1lisis en verso\u2014 se producir\u00e1 un desplazamiento ideol\u00f3gico desde la esfera de lo privado a la esfera de lo p\u00fablico, cuyo resultado acabar\u00eda siendo una po\u00e9tica \u00abcomprometida\u00bb que respond\u00eda sin duda a una progresiva toma de conciencia pol\u00edtica tardofranquista, pero que se realizaba, en el fondo, dentro de los l\u00edmites de la misma ideolog\u00eda burguesa; el mito Poes\u00eda segu\u00eda siendo el sustrato b\u00e1sico, de alg\u00fan modo prolongando el horizonte de marginalidad en el que se hab\u00eda instalado a\u00f1os atr\u00e1s. Con respecto a esta cuesti\u00f3n, el propio J. C. Rodr\u00edguez (2001: 288-289) hab\u00eda explicado, en un trabajo ya cl\u00e1sico, que la poes\u00eda <em>social<\/em> o <em>comprometida<\/em> constituye, en realidad, otro mito m\u00e1s, puesto que<\/p>\n\n\n\n<p class=\"has-medium-font-size\">con la idea del compromiso jam\u00e1s se puso en duda la tradicional ideolog\u00eda burguesa del artista o del escritor. Muy al contrario: se les reconoc\u00eda de entrada a tales <em>Artistas <\/em>que ten\u00edan un \u00e1mbito propio [\u2026], solo que a continuaci\u00f3n se les ped\u00eda que, puesto que la Historia hab\u00eda sido tan tr\u00e1gica, tan urgente (la invasi\u00f3n de los nazis, el fascismo espa\u00f1ol, etc.), accedieran coyunturalmente a abandonar ese su \u00e1mbito propio del Arte y bajaran a la calle, es decir, se <em>comprometieran <\/em>con la nueva tragedia hist\u00f3rica. La pr\u00e1ctica del <em>compromiso <\/em>revelaba as\u00ed su profunda raigambre idealista: se trataba en suma, en ambas posturas, de variar de contenidos, nunca por supuesto de <em>revolucionar la \u201cescritura po\u00e9tica\u201d <\/em>en s\u00ed misma.<\/p>\n\n\n\n<p>Sin embargo, el acercamiento definitivo de Egea al pensamiento marxista de orientaci\u00f3n althusseriana \u2014simbolizado en el viaje al pueblo almeriense de la Isleta del Moro y en la escritura de <em>Troppo mare<\/em>\u2014 le llevar\u00e1, junto a los poetas con los que m\u00e1s tarde pondr\u00eda en marcha el grupo de \u00abLa otra sentimentalidad\u00bb, a ir plante\u00e1ndose el modo en que construir un nuevo tipo de discurso po\u00e9tico, disruptivo respecto a ese modo burgu\u00e9s de entender la poes\u00eda. Todo se dirigir\u00e1, en adelante, a luchar contra la ideolog\u00eda burguesa desde la propia poes\u00eda, pero siempre sin dejar de hacer poes\u00eda, al tiempo que, como consecuencia l\u00f3gica, empezar\u00e1 tambi\u00e9n el combate de Egea contra s\u00ed mismo, porque es ahora cuando advierte que todo cuanto ha escrito hasta entonces, aun concebido como un discurso <em>marginal<\/em>, <em>rebelde<\/em> o <em>comprometido<\/em>, era en la pr\u00e1ctica un ejercicio in\u00fatil ante una lucha <em>verdaderamente ideol\u00f3gica<\/em>, si de entrada le hac\u00eda el juego a la ideolog\u00eda burguesa al aceptar sus propias reglas.<\/p>\n\n\n\n<p>Resulta evidente que a partir de esta ruptura (de esa <em>coupure \u00e9pist\u00e9mologique<\/em> en el lenguaje de Althusser) ya consciente \u2014paralela a la que por esos mismos a\u00f1os llevaron a cabo otros j\u00f3venes poetas\u2014, su poes\u00eda se convertir\u00e1 en un objeto distinto por completo: entre los \u00abprimeros textos\u00bb del poeta y los \u00absegundos\u00bb que empezar\u00e1 a escribir ahora existe una distancia ideol\u00f3gica evidente. Por eso puede decirse que Javier Egea es <em>dos poetas <\/em>no solo distintos sino enfrentados entre s\u00ed, y no porque en su pr\u00e1ctica literaria se den dos \u00abtendencias\u00bb paralelas, ni porque sus primeros planteamientos \u00abevolucionen\u00bb hacia otros distintos, etc., sino porque una manera concreta de concebir y de escribir la poes\u00eda sustituy\u00f3 de ra\u00edz a otra. Son conocidas las palabras con que J. C. Rodr\u00edguez (1999: 155) present\u00f3 la primera lectura p\u00fablica de <em>Troppo mare<\/em>, haciendo hincapi\u00e9 en esta idea:<\/p>\n\n\n\n<p class=\"has-medium-font-size\">Ustedes van a escuchar hoy a \u00abotro poeta\u00bb. No un poeta m\u00e1s maduro, no un poeta m\u00e1s evolucionado, sino una cosa completa, radicalmente distinta. No <em>evoluci\u00f3n <\/em>sino <em>ruptura<\/em>. Un poeta situado en un horizonte materialista, un poeta \u00abotro\u00bb.<\/p>\n\n\n\n<p>En otro lugar (Garc\u00eda Jaramillo, 2005: 135-136) he invitado a prestar atenci\u00f3n no solo a los c\u00e9lebres versos finales que, seg\u00fan el propio testimonio del poeta, \u00abhermanan poes\u00eda y revoluci\u00f3n\u00bb (y que, por lo dem\u00e1s, recogen el aliento de otros del malogrado Pablo del \u00c1guila (Garc\u00eda Jaramillo, 2012: 373), sino tambi\u00e9n al importante verso duod\u00e9cimo que resume la compleja problem\u00e1tica te\u00f3rica esbozada m\u00e1s arriba: es clave ese \u00aba pesar de todo\u00bb (v. 12) que condensa finalmente las dudas respecto a sus posibilidades como poeta de <em>torsionar<\/em> un producto tan netamente burgu\u00e9s como la poes\u00eda para, a trav\u00e9s de \u00e9l y sin renunciar a \u00e9l, poder decir un discurso <em>otro<\/em>, haciendo posible el compromiso despu\u00e9s (o m\u00e1s all\u00e1) del compromiso, como pretendi\u00f3 en su madurez (Iravedra, 2010: 24-32).<\/p>\n\n\n\n<p>Estandarte del modo de pensar la literatura de todo un grupo de j\u00f3venes poetas, su poema dejaba atr\u00e1s un c\u00famulo de mitos y lugares comunes arrastrados durante siglos en torno a la escritura po\u00e9tica que ven\u00edan a ponerse ahora en solfa mediante una actitud cr\u00edtica con la que se subrayaba, siguiendo a Brecht, que sobreentender con frecuencia significa no querer entender. La poes\u00eda pod\u00eda servir como arma con que combatir la ideolog\u00eda que la produjo si se escrib\u00eda conscientemente: esa es la \u00abtierna venganza\u00bb (v. 7) de llevarla a territorios ideol\u00f3gicos que nunca antes hab\u00eda pisado. Por eso, la confianza que ahora tiene el poeta en la escritura le lleva a recibirla simb\u00f3licamente \u00abcon la sonrisa nueva de la complicidad\u00bb (v. 11), con el gesto sutil de quien sabe secretamente lo que ocurre entre bastidores. El caso es que al salir victorioso de su lucha a brazo partido contra la Poes\u00eda \u2014al menos de momento\u2014, Javier Egea encontraba la posibilidad de escribir la propia vida de una forma distinta: de ah\u00ed que en los memorables versos que cierran esta magn\u00edfica composici\u00f3n la poes\u00eda se mantenga como la \u00fanica convicci\u00f3n verdaderamente firme, como la herramienta con que enfrentarse a una situaci\u00f3n personal y colectiva siempre <em>conflictiva<\/em>: porque la \u00absoledad\u00bb (v. 14) es ah\u00ed un t\u00e9rmino polis\u00e9mico, que tiene un sentido ontol\u00f3gico y al mismo tiempo ideol\u00f3gico, en cuanto que el capitalismo como sistema de vida tambi\u00e9n nos a\u00edsla. No olvidemos que Marx y Engels, no por casualidad, cerraron el <em>Manifiesto comunista <\/em>pidiendo: \u00ab\u00a1Proletarios de todos los pa\u00edses, un\u00edos!\u00bb.<\/p>\n\n\n\n<p><\/p>\n\n\n\n<p><strong>Bibliograf\u00eda citada<\/strong><\/p>\n\n\n\n<p>Egea, Javier, Luis Garc\u00eda Montero y \u00c1lvaro Salvador (1983), <em>La otra sentimentalidad<\/em>, Granada, Don Quijote.<\/p>\n\n\n\n<p>Garc\u00eda Jaramillo, Jairo (2005), <em>La poes\u00eda de Javier Egea<\/em>, Granada, Zumaya, pr\u00f3l. de Miguel \u00c1ngel Garc\u00eda.<\/p>\n\n\n\n<p>Garc\u00eda Jaramillo, Jairo (2012), \u00abLa poes\u00eda no quiere adeptos, sino amantes. (Javier Egea en di\u00e1logo con la tradici\u00f3n)\u00bb, <em>La tinta en la clepsidra. Fuentes, historia y tradici\u00f3n en la literatura hisp\u00e1nica<\/em>, Barcelona: PPU, pp. 367-377.<\/p>\n\n\n\n<p>Iravedra, Araceli (2010), <em>El compromiso despu\u00e9s del compromiso. Poes\u00eda, democracia y globalizaci\u00f3n (1980-2005)<\/em>, Madrid: UNED.<\/p>\n\n\n\n<p>Pavese, Cesare (2009), <em>El oficio de vivir<\/em>, Barcelona: Seix-Barral.<\/p>\n\n\n\n<p>Rodr\u00edguez, Juan Carlos (1999), \u00abComo si os contara una historia\u00bb, <em>Dichos y escritos (Sobre \u2018La otra sentimentalidad\u2019 y otros textos fechados de po\u00e9tica)<\/em>, Madrid, Hiperi\u00f3n, pp. 151-156.<\/p>\n\n\n\n<p>Rodr\u00edguez, Juan Carlos (2001), \u201cEl mito de la poes\u00eda comprometida: Rafael Alberti\u201d, <em>La norma literaria<\/em>, Madrid, Debate, pp. 281-316.<\/p>\n","protected":false},"excerpt":{"rendered":"<p>Po\u00e9tica &nbsp;&nbsp;&nbsp;&nbsp;&nbsp;&nbsp;&nbsp;&nbsp;&nbsp;&nbsp;&nbsp;&nbsp; A Aurora de Albornoz \u201c\u2026mas se fue desnudando.Y yo le sonre\u00eda.\u201dJuan Ram\u00f3n Jim\u00e9nez &#8230; <\/p>\n<p class=\"read-more-container\"><a title=\"Poes\u00eda, compromiso y revoluci\u00f3n\" class=\"read-more button\" href=\"https:\/\/olvidosdegranada.es\/index.php\/2022\/06\/04\/poesia-compromiso-y-revolucion\/#more-3750\" aria-label=\"Leer m\u00e1s sobre Poes\u00eda, compromiso y revoluci\u00f3n\">Leer m\u00e1s<\/a><\/p>\n","protected":false},"author":4,"featured_media":3754,"comment_status":"open","ping_status":"closed","sticky":false,"template":"","format":"standard","meta":{"_acf_changed":false,"_jetpack_newsletter_access":"","_jetpack_dont_email_post_to_subs":false,"_jetpack_newsletter_tier_id":0,"_jetpack_memberships_contains_paywalled_content":false,"_jetpack_feature_clip_id":0,"_jetpack_memberships_contains_paid_content":false,"footnotes":"","jetpack_post_was_ever_published":false},"categories":[10,3],"tags":[],"class_list":["post-3750","post","type-post","status-publish","format-standard","has-post-thumbnail","hentry","category-memoria-de-granada","category-palabras","infinite-scroll-item","generate-columns","tablet-grid-50","mobile-grid-100","grid-parent","grid-33","no-featured-image-padding"],"acf":[],"yoast_head":"<!-- This site is optimized with the Yoast SEO plugin v28.3 - https:\/\/yoast.com\/product\/yoast-seo-wordpress\/ -->\n<title>Poes\u00eda, compromiso y revoluci\u00f3n - Olvidos de Granada<\/title>\n<meta name=\"description\" content=\"Jairo Garc\u00eda Jaramillo Po\u00e9tica &nbsp;&nbsp;&nbsp;&nbsp;&nbsp;&nbsp;&nbsp;&nbsp;&nbsp;&nbsp;&nbsp;&nbsp; A Aurora de Albornoz \u201c\u2026mas se fue desnudando.Y yo le sonre\u00eda.\u201dJuan Ram\u00f3n\" \/>\n<meta name=\"robots\" content=\"index, follow, max-snippet:-1, max-image-preview:large, max-video-preview:-1\" \/>\n<link rel=\"canonical\" href=\"https:\/\/olvidosdegranada.es\/index.php\/2022\/06\/04\/poesia-compromiso-y-revolucion\/\" \/>\n<meta property=\"og:locale\" content=\"es_ES\" \/>\n<meta property=\"og:type\" content=\"article\" \/>\n<meta property=\"og:title\" content=\"Poes\u00eda, compromiso y revoluci\u00f3n - Olvidos de Granada\" \/>\n<meta property=\"og:description\" content=\"Jairo Garc\u00eda Jaramillo Po\u00e9tica &nbsp;&nbsp;&nbsp;&nbsp;&nbsp;&nbsp;&nbsp;&nbsp;&nbsp;&nbsp;&nbsp;&nbsp; A Aurora de Albornoz \u201c\u2026mas se fue desnudando.Y yo le sonre\u00eda.\u201dJuan Ram\u00f3n\" \/>\n<meta property=\"og:url\" content=\"https:\/\/olvidosdegranada.es\/index.php\/2022\/06\/04\/poesia-compromiso-y-revolucion\/\" \/>\n<meta property=\"og:site_name\" content=\"Olvidos de Granada\" \/>\n<meta property=\"article:publisher\" content=\"https:\/\/www.facebook.com\/OLVIDOSDIGITAL\" \/>\n<meta property=\"article:published_time\" content=\"2022-06-04T17:52:43+00:00\" \/>\n<meta property=\"article:modified_time\" content=\"2023-02-07T20:55:42+00:00\" \/>\n<meta property=\"og:image\" content=\"https:\/\/olvidosdegranada.es\/wp-content\/uploads\/1975-JUAN-VIDA-Y-JAVIR-EGEA-EN-EL-CAMPO-SANCHEZ-HERRERA-FOTO-DE-MIKE-BOOTH-scaled.jpg\" \/>\n\t<meta property=\"og:image:width\" content=\"1458\" \/>\n\t<meta property=\"og:image:height\" content=\"2000\" \/>\n\t<meta property=\"og:image:type\" content=\"image\/jpeg\" \/>\n<meta name=\"author\" content=\"Alfonso Salazar\" \/>\n<meta name=\"twitter:card\" content=\"summary_large_image\" \/>\n<meta name=\"twitter:creator\" content=\"@olvidospuntoes\" \/>\n<meta name=\"twitter:site\" content=\"@olvidospuntoes\" \/>\n<meta name=\"twitter:label1\" content=\"Escrito por\" \/>\n\t<meta name=\"twitter:data1\" content=\"Alfonso Salazar\" \/>\n\t<meta name=\"twitter:label2\" content=\"Tiempo de lectura\" \/>\n\t<meta name=\"twitter:data2\" content=\"8 minutos\" \/>\n<script type=\"application\/ld+json\" class=\"yoast-schema-graph\">{\"@context\":\"https:\\\/\\\/schema.org\",\"@graph\":[{\"@type\":\"Article\",\"@id\":\"https:\\\/\\\/olvidosdegranada.es\\\/index.php\\\/2022\\\/06\\\/04\\\/poesia-compromiso-y-revolucion\\\/#article\",\"isPartOf\":{\"@id\":\"https:\\\/\\\/olvidosdegranada.es\\\/index.php\\\/2022\\\/06\\\/04\\\/poesia-compromiso-y-revolucion\\\/\"},\"author\":{\"name\":\"Alfonso Salazar\",\"@id\":\"https:\\\/\\\/olvidosdegranada.es\\\/#\\\/schema\\\/person\\\/2e10b199a19cf21e8fd2391979d33083\"},\"headline\":\"Poes\u00eda, compromiso y revoluci\u00f3n\",\"datePublished\":\"2022-06-04T17:52:43+00:00\",\"dateModified\":\"2023-02-07T20:55:42+00:00\",\"mainEntityOfPage\":{\"@id\":\"https:\\\/\\\/olvidosdegranada.es\\\/index.php\\\/2022\\\/06\\\/04\\\/poesia-compromiso-y-revolucion\\\/\"},\"wordCount\":1835,\"commentCount\":0,\"publisher\":{\"@id\":\"https:\\\/\\\/olvidosdegranada.es\\\/#organization\"},\"image\":{\"@id\":\"https:\\\/\\\/olvidosdegranada.es\\\/index.php\\\/2022\\\/06\\\/04\\\/poesia-compromiso-y-revolucion\\\/#primaryimage\"},\"thumbnailUrl\":\"https:\\\/\\\/olvidosdegranada.es\\\/wp-content\\\/uploads\\\/1975-JUAN-VIDA-Y-JAVIR-EGEA-EN-EL-CAMPO-SANCHEZ-HERRERA-FOTO-DE-MIKE-BOOTH-scaled.jpg\",\"articleSection\":[\"Memoria de Granada\",\"Palabras\"],\"inLanguage\":\"es\",\"potentialAction\":[{\"@type\":\"CommentAction\",\"name\":\"Comment\",\"target\":[\"https:\\\/\\\/olvidosdegranada.es\\\/index.php\\\/2022\\\/06\\\/04\\\/poesia-compromiso-y-revolucion\\\/#respond\"]}]},{\"@type\":\"WebPage\",\"@id\":\"https:\\\/\\\/olvidosdegranada.es\\\/index.php\\\/2022\\\/06\\\/04\\\/poesia-compromiso-y-revolucion\\\/\",\"url\":\"https:\\\/\\\/olvidosdegranada.es\\\/index.php\\\/2022\\\/06\\\/04\\\/poesia-compromiso-y-revolucion\\\/\",\"name\":\"Poes\u00eda, compromiso y revoluci\u00f3n - Olvidos de Granada\",\"isPartOf\":{\"@id\":\"https:\\\/\\\/olvidosdegranada.es\\\/#website\"},\"primaryImageOfPage\":{\"@id\":\"https:\\\/\\\/olvidosdegranada.es\\\/index.php\\\/2022\\\/06\\\/04\\\/poesia-compromiso-y-revolucion\\\/#primaryimage\"},\"image\":{\"@id\":\"https:\\\/\\\/olvidosdegranada.es\\\/index.php\\\/2022\\\/06\\\/04\\\/poesia-compromiso-y-revolucion\\\/#primaryimage\"},\"thumbnailUrl\":\"https:\\\/\\\/olvidosdegranada.es\\\/wp-content\\\/uploads\\\/1975-JUAN-VIDA-Y-JAVIR-EGEA-EN-EL-CAMPO-SANCHEZ-HERRERA-FOTO-DE-MIKE-BOOTH-scaled.jpg\",\"datePublished\":\"2022-06-04T17:52:43+00:00\",\"dateModified\":\"2023-02-07T20:55:42+00:00\",\"description\":\"Jairo Garc\u00eda Jaramillo Po\u00e9tica &nbsp;&nbsp;&nbsp;&nbsp;&nbsp;&nbsp;&nbsp;&nbsp;&nbsp;&nbsp;&nbsp;&nbsp; A Aurora de Albornoz \u201c\u2026mas se fue desnudando.Y yo le sonre\u00eda.\u201dJuan Ram\u00f3n\",\"breadcrumb\":{\"@id\":\"https:\\\/\\\/olvidosdegranada.es\\\/index.php\\\/2022\\\/06\\\/04\\\/poesia-compromiso-y-revolucion\\\/#breadcrumb\"},\"inLanguage\":\"es\",\"potentialAction\":[{\"@type\":\"ReadAction\",\"target\":[\"https:\\\/\\\/olvidosdegranada.es\\\/index.php\\\/2022\\\/06\\\/04\\\/poesia-compromiso-y-revolucion\\\/\"]}]},{\"@type\":\"ImageObject\",\"inLanguage\":\"es\",\"@id\":\"https:\\\/\\\/olvidosdegranada.es\\\/index.php\\\/2022\\\/06\\\/04\\\/poesia-compromiso-y-revolucion\\\/#primaryimage\",\"url\":\"https:\\\/\\\/olvidosdegranada.es\\\/wp-content\\\/uploads\\\/1975-JUAN-VIDA-Y-JAVIR-EGEA-EN-EL-CAMPO-SANCHEZ-HERRERA-FOTO-DE-MIKE-BOOTH-scaled.jpg\",\"contentUrl\":\"https:\\\/\\\/olvidosdegranada.es\\\/wp-content\\\/uploads\\\/1975-JUAN-VIDA-Y-JAVIR-EGEA-EN-EL-CAMPO-SANCHEZ-HERRERA-FOTO-DE-MIKE-BOOTH-scaled.jpg\",\"width\":1458,\"height\":2000,\"caption\":\"Javier Egea (izq) y Juan Vida (dcha) en el campo de f\u00fatbol S\u00e1nchez Herrera del Zaid\u00edn, hacia 1975. Foto Miguel Booth\"},{\"@type\":\"BreadcrumbList\",\"@id\":\"https:\\\/\\\/olvidosdegranada.es\\\/index.php\\\/2022\\\/06\\\/04\\\/poesia-compromiso-y-revolucion\\\/#breadcrumb\",\"itemListElement\":[{\"@type\":\"ListItem\",\"position\":1,\"name\":\"Portada\",\"item\":\"https:\\\/\\\/olvidosdegranada.es\\\/\"},{\"@type\":\"ListItem\",\"position\":2,\"name\":\"Poes\u00eda, compromiso y revoluci\u00f3n\"}]},{\"@type\":\"WebSite\",\"@id\":\"https:\\\/\\\/olvidosdegranada.es\\\/#website\",\"url\":\"https:\\\/\\\/olvidosdegranada.es\\\/\",\"name\":\"Olvidos de Granada\",\"description\":\"Revista de acciones culturales\",\"publisher\":{\"@id\":\"https:\\\/\\\/olvidosdegranada.es\\\/#organization\"},\"potentialAction\":[{\"@type\":\"SearchAction\",\"target\":{\"@type\":\"EntryPoint\",\"urlTemplate\":\"https:\\\/\\\/olvidosdegranada.es\\\/?s={search_term_string}\"},\"query-input\":{\"@type\":\"PropertyValueSpecification\",\"valueRequired\":true,\"valueName\":\"search_term_string\"}}],\"inLanguage\":\"es\"},{\"@type\":\"Organization\",\"@id\":\"https:\\\/\\\/olvidosdegranada.es\\\/#organization\",\"name\":\"Olvidos de Granada\",\"url\":\"https:\\\/\\\/olvidosdegranada.es\\\/\",\"logo\":{\"@type\":\"ImageObject\",\"inLanguage\":\"es\",\"@id\":\"https:\\\/\\\/olvidosdegranada.es\\\/#\\\/schema\\\/logo\\\/image\\\/\",\"url\":\"https:\\\/\\\/olvidosdegranada.es\\\/wp-content\\\/uploads\\\/2020\\\/12\\\/Recurso-9.png\",\"contentUrl\":\"https:\\\/\\\/olvidosdegranada.es\\\/wp-content\\\/uploads\\\/2020\\\/12\\\/Recurso-9.png\",\"width\":700,\"height\":227,\"caption\":\"Olvidos de Granada\"},\"image\":{\"@id\":\"https:\\\/\\\/olvidosdegranada.es\\\/#\\\/schema\\\/logo\\\/image\\\/\"},\"sameAs\":[\"https:\\\/\\\/www.facebook.com\\\/OLVIDOSDIGITAL\",\"https:\\\/\\\/x.com\\\/olvidospuntoes\"]},{\"@type\":\"Person\",\"@id\":\"https:\\\/\\\/olvidosdegranada.es\\\/#\\\/schema\\\/person\\\/2e10b199a19cf21e8fd2391979d33083\",\"name\":\"Alfonso Salazar\",\"image\":{\"@type\":\"ImageObject\",\"inLanguage\":\"es\",\"@id\":\"https:\\\/\\\/secure.gravatar.com\\\/avatar\\\/8768a2dca789940dbdaf5fdd283c795998719eb61dc0c2c16eb3decaaf6b3304?s=96&d=mm&r=g\",\"url\":\"https:\\\/\\\/secure.gravatar.com\\\/avatar\\\/8768a2dca789940dbdaf5fdd283c795998719eb61dc0c2c16eb3decaaf6b3304?s=96&d=mm&r=g\",\"contentUrl\":\"https:\\\/\\\/secure.gravatar.com\\\/avatar\\\/8768a2dca789940dbdaf5fdd283c795998719eb61dc0c2c16eb3decaaf6b3304?s=96&d=mm&r=g\",\"caption\":\"Alfonso Salazar\"},\"url\":\"https:\\\/\\\/olvidosdegranada.es\\\/index.php\\\/author\\\/alfonso-salazar\\\/\"}]}<\/script>\n<!-- \/ Yoast SEO plugin. -->","yoast_head_json":{"title":"Poes\u00eda, compromiso y revoluci\u00f3n - Olvidos de Granada","description":"Jairo Garc\u00eda Jaramillo Po\u00e9tica &nbsp;&nbsp;&nbsp;&nbsp;&nbsp;&nbsp;&nbsp;&nbsp;&nbsp;&nbsp;&nbsp;&nbsp; A Aurora de Albornoz \u201c\u2026mas se fue desnudando.Y yo le sonre\u00eda.\u201dJuan Ram\u00f3n","robots":{"index":"index","follow":"follow","max-snippet":"max-snippet:-1","max-image-preview":"max-image-preview:large","max-video-preview":"max-video-preview:-1"},"canonical":"https:\/\/olvidosdegranada.es\/index.php\/2022\/06\/04\/poesia-compromiso-y-revolucion\/","og_locale":"es_ES","og_type":"article","og_title":"Poes\u00eda, compromiso y revoluci\u00f3n - Olvidos de Granada","og_description":"Jairo Garc\u00eda Jaramillo Po\u00e9tica &nbsp;&nbsp;&nbsp;&nbsp;&nbsp;&nbsp;&nbsp;&nbsp;&nbsp;&nbsp;&nbsp;&nbsp; A Aurora de Albornoz \u201c\u2026mas se fue desnudando.Y yo le sonre\u00eda.\u201dJuan Ram\u00f3n","og_url":"https:\/\/olvidosdegranada.es\/index.php\/2022\/06\/04\/poesia-compromiso-y-revolucion\/","og_site_name":"Olvidos de Granada","article_publisher":"https:\/\/www.facebook.com\/OLVIDOSDIGITAL","article_published_time":"2022-06-04T17:52:43+00:00","article_modified_time":"2023-02-07T20:55:42+00:00","og_image":[{"width":1458,"height":2000,"url":"https:\/\/olvidosdegranada.es\/wp-content\/uploads\/1975-JUAN-VIDA-Y-JAVIR-EGEA-EN-EL-CAMPO-SANCHEZ-HERRERA-FOTO-DE-MIKE-BOOTH-scaled.jpg","type":"image\/jpeg"}],"author":"Alfonso Salazar","twitter_card":"summary_large_image","twitter_creator":"@olvidospuntoes","twitter_site":"@olvidospuntoes","twitter_misc":{"Escrito por":"Alfonso Salazar","Tiempo de lectura":"8 minutos"},"schema":{"@context":"https:\/\/schema.org","@graph":[{"@type":"Article","@id":"https:\/\/olvidosdegranada.es\/index.php\/2022\/06\/04\/poesia-compromiso-y-revolucion\/#article","isPartOf":{"@id":"https:\/\/olvidosdegranada.es\/index.php\/2022\/06\/04\/poesia-compromiso-y-revolucion\/"},"author":{"name":"Alfonso Salazar","@id":"https:\/\/olvidosdegranada.es\/#\/schema\/person\/2e10b199a19cf21e8fd2391979d33083"},"headline":"Poes\u00eda, compromiso y revoluci\u00f3n","datePublished":"2022-06-04T17:52:43+00:00","dateModified":"2023-02-07T20:55:42+00:00","mainEntityOfPage":{"@id":"https:\/\/olvidosdegranada.es\/index.php\/2022\/06\/04\/poesia-compromiso-y-revolucion\/"},"wordCount":1835,"commentCount":0,"publisher":{"@id":"https:\/\/olvidosdegranada.es\/#organization"},"image":{"@id":"https:\/\/olvidosdegranada.es\/index.php\/2022\/06\/04\/poesia-compromiso-y-revolucion\/#primaryimage"},"thumbnailUrl":"https:\/\/olvidosdegranada.es\/wp-content\/uploads\/1975-JUAN-VIDA-Y-JAVIR-EGEA-EN-EL-CAMPO-SANCHEZ-HERRERA-FOTO-DE-MIKE-BOOTH-scaled.jpg","articleSection":["Memoria de Granada","Palabras"],"inLanguage":"es","potentialAction":[{"@type":"CommentAction","name":"Comment","target":["https:\/\/olvidosdegranada.es\/index.php\/2022\/06\/04\/poesia-compromiso-y-revolucion\/#respond"]}]},{"@type":"WebPage","@id":"https:\/\/olvidosdegranada.es\/index.php\/2022\/06\/04\/poesia-compromiso-y-revolucion\/","url":"https:\/\/olvidosdegranada.es\/index.php\/2022\/06\/04\/poesia-compromiso-y-revolucion\/","name":"Poes\u00eda, compromiso y revoluci\u00f3n - Olvidos de Granada","isPartOf":{"@id":"https:\/\/olvidosdegranada.es\/#website"},"primaryImageOfPage":{"@id":"https:\/\/olvidosdegranada.es\/index.php\/2022\/06\/04\/poesia-compromiso-y-revolucion\/#primaryimage"},"image":{"@id":"https:\/\/olvidosdegranada.es\/index.php\/2022\/06\/04\/poesia-compromiso-y-revolucion\/#primaryimage"},"thumbnailUrl":"https:\/\/olvidosdegranada.es\/wp-content\/uploads\/1975-JUAN-VIDA-Y-JAVIR-EGEA-EN-EL-CAMPO-SANCHEZ-HERRERA-FOTO-DE-MIKE-BOOTH-scaled.jpg","datePublished":"2022-06-04T17:52:43+00:00","dateModified":"2023-02-07T20:55:42+00:00","description":"Jairo Garc\u00eda Jaramillo Po\u00e9tica &nbsp;&nbsp;&nbsp;&nbsp;&nbsp;&nbsp;&nbsp;&nbsp;&nbsp;&nbsp;&nbsp;&nbsp; A Aurora de Albornoz \u201c\u2026mas se fue desnudando.Y yo le sonre\u00eda.\u201dJuan Ram\u00f3n","breadcrumb":{"@id":"https:\/\/olvidosdegranada.es\/index.php\/2022\/06\/04\/poesia-compromiso-y-revolucion\/#breadcrumb"},"inLanguage":"es","potentialAction":[{"@type":"ReadAction","target":["https:\/\/olvidosdegranada.es\/index.php\/2022\/06\/04\/poesia-compromiso-y-revolucion\/"]}]},{"@type":"ImageObject","inLanguage":"es","@id":"https:\/\/olvidosdegranada.es\/index.php\/2022\/06\/04\/poesia-compromiso-y-revolucion\/#primaryimage","url":"https:\/\/olvidosdegranada.es\/wp-content\/uploads\/1975-JUAN-VIDA-Y-JAVIR-EGEA-EN-EL-CAMPO-SANCHEZ-HERRERA-FOTO-DE-MIKE-BOOTH-scaled.jpg","contentUrl":"https:\/\/olvidosdegranada.es\/wp-content\/uploads\/1975-JUAN-VIDA-Y-JAVIR-EGEA-EN-EL-CAMPO-SANCHEZ-HERRERA-FOTO-DE-MIKE-BOOTH-scaled.jpg","width":1458,"height":2000,"caption":"Javier Egea (izq) y Juan Vida (dcha) en el campo de f\u00fatbol S\u00e1nchez Herrera del Zaid\u00edn, hacia 1975. Foto Miguel Booth"},{"@type":"BreadcrumbList","@id":"https:\/\/olvidosdegranada.es\/index.php\/2022\/06\/04\/poesia-compromiso-y-revolucion\/#breadcrumb","itemListElement":[{"@type":"ListItem","position":1,"name":"Portada","item":"https:\/\/olvidosdegranada.es\/"},{"@type":"ListItem","position":2,"name":"Poes\u00eda, compromiso y revoluci\u00f3n"}]},{"@type":"WebSite","@id":"https:\/\/olvidosdegranada.es\/#website","url":"https:\/\/olvidosdegranada.es\/","name":"Olvidos de Granada","description":"Revista de acciones culturales","publisher":{"@id":"https:\/\/olvidosdegranada.es\/#organization"},"potentialAction":[{"@type":"SearchAction","target":{"@type":"EntryPoint","urlTemplate":"https:\/\/olvidosdegranada.es\/?s={search_term_string}"},"query-input":{"@type":"PropertyValueSpecification","valueRequired":true,"valueName":"search_term_string"}}],"inLanguage":"es"},{"@type":"Organization","@id":"https:\/\/olvidosdegranada.es\/#organization","name":"Olvidos de Granada","url":"https:\/\/olvidosdegranada.es\/","logo":{"@type":"ImageObject","inLanguage":"es","@id":"https:\/\/olvidosdegranada.es\/#\/schema\/logo\/image\/","url":"https:\/\/olvidosdegranada.es\/wp-content\/uploads\/2020\/12\/Recurso-9.png","contentUrl":"https:\/\/olvidosdegranada.es\/wp-content\/uploads\/2020\/12\/Recurso-9.png","width":700,"height":227,"caption":"Olvidos de Granada"},"image":{"@id":"https:\/\/olvidosdegranada.es\/#\/schema\/logo\/image\/"},"sameAs":["https:\/\/www.facebook.com\/OLVIDOSDIGITAL","https:\/\/x.com\/olvidospuntoes"]},{"@type":"Person","@id":"https:\/\/olvidosdegranada.es\/#\/schema\/person\/2e10b199a19cf21e8fd2391979d33083","name":"Alfonso Salazar","image":{"@type":"ImageObject","inLanguage":"es","@id":"https:\/\/secure.gravatar.com\/avatar\/8768a2dca789940dbdaf5fdd283c795998719eb61dc0c2c16eb3decaaf6b3304?s=96&d=mm&r=g","url":"https:\/\/secure.gravatar.com\/avatar\/8768a2dca789940dbdaf5fdd283c795998719eb61dc0c2c16eb3decaaf6b3304?s=96&d=mm&r=g","contentUrl":"https:\/\/secure.gravatar.com\/avatar\/8768a2dca789940dbdaf5fdd283c795998719eb61dc0c2c16eb3decaaf6b3304?s=96&d=mm&r=g","caption":"Alfonso Salazar"},"url":"https:\/\/olvidosdegranada.es\/index.php\/author\/alfonso-salazar\/"}]}},"jetpack_sharing_enabled":true,"jetpack_featured_media_url":"https:\/\/olvidosdegranada.es\/wp-content\/uploads\/1975-JUAN-VIDA-Y-JAVIR-EGEA-EN-EL-CAMPO-SANCHEZ-HERRERA-FOTO-DE-MIKE-BOOTH-scaled.jpg","_links":{"self":[{"href":"https:\/\/olvidosdegranada.es\/index.php\/wp-json\/wp\/v2\/posts\/3750","targetHints":{"allow":["GET"]}}],"collection":[{"href":"https:\/\/olvidosdegranada.es\/index.php\/wp-json\/wp\/v2\/posts"}],"about":[{"href":"https:\/\/olvidosdegranada.es\/index.php\/wp-json\/wp\/v2\/types\/post"}],"author":[{"embeddable":true,"href":"https:\/\/olvidosdegranada.es\/index.php\/wp-json\/wp\/v2\/users\/4"}],"replies":[{"embeddable":true,"href":"https:\/\/olvidosdegranada.es\/index.php\/wp-json\/wp\/v2\/comments?post=3750"}],"version-history":[{"count":4,"href":"https:\/\/olvidosdegranada.es\/index.php\/wp-json\/wp\/v2\/posts\/3750\/revisions"}],"predecessor-version":[{"id":3763,"href":"https:\/\/olvidosdegranada.es\/index.php\/wp-json\/wp\/v2\/posts\/3750\/revisions\/3763"}],"wp:featuredmedia":[{"embeddable":true,"href":"https:\/\/olvidosdegranada.es\/index.php\/wp-json\/wp\/v2\/media\/3754"}],"wp:attachment":[{"href":"https:\/\/olvidosdegranada.es\/index.php\/wp-json\/wp\/v2\/media?parent=3750"}],"wp:term":[{"taxonomy":"category","embeddable":true,"href":"https:\/\/olvidosdegranada.es\/index.php\/wp-json\/wp\/v2\/categories?post=3750"},{"taxonomy":"post_tag","embeddable":true,"href":"https:\/\/olvidosdegranada.es\/index.php\/wp-json\/wp\/v2\/tags?post=3750"}],"curies":[{"name":"wp","href":"https:\/\/api.w.org\/{rel}","templated":true}]}}