{"id":2446,"date":"2018-12-07T10:07:12","date_gmt":"2018-12-07T10:07:12","guid":{"rendered":"https:\/\/olvidosdegranada.es\/?p=2446"},"modified":"2024-01-08T20:10:00","modified_gmt":"2024-01-08T20:10:00","slug":"olvidos-de-granada-no-11","status":"publish","type":"post","link":"https:\/\/olvidosdegranada.es\/index.php\/2018\/12\/07\/olvidos-de-granada-no-11\/","title":{"rendered":"Olvidos de Granada n\u00ba 11"},"content":{"rendered":"\n<figure class=\"wp-block-pullquote\"><blockquote><p>Los \u00faltimos meses de 1985 supusieron un gran reto para Olvidos de Granada: la organizaci\u00f3n del Encuentro sobre Poes\u00eda y Novela de los 50, \u00abPalabras para un tiempo de silencio\u00bb, auspiciado por la Diputaci\u00f3n provincial de Granada, reuni\u00f3 en Granada los d\u00edas 12, 13 y 14 de diciembre a autores como Juan Mars\u00e9, \u00c1ngel Gonz\u00e1lez, Caballero Bonald, Manuel V\u00e1zquez Montalb\u00e1n, Garc\u00eda Hortelano, Fernando Qui\u00f1ones, Francisco Brines, Carlos Sahag\u00fan, Claudio Rodr\u00edguez\u2026 \u00a0El n\u00famero 11, Postales de ninguna parte, anuncia ya el \u00edmprobo trabajo del n\u00famero 13. Ignacio Mendiguch\u00eda rememora aquellos a\u00f1os.<\/p><\/blockquote><\/figure>\n\n\n\n<p><\/p>\n\n\n\n<h2 class=\"wp-block-heading\">De noviembre a noviembre<\/h2>\n\n\n\n<p>El n\u00famero 11 de <em>Olvidos<\/em> incluye una separata, segunda de la serie Fragmentos iniciada en el n\u00famero anterior, con el relato breve de Justo Navarro <em>El \u00c1ngel Ca\u00eddo<\/em>. Hasta que uno no repara en su discreta contraportada, no encuentra menci\u00f3n alguna de que esta entrega de la revista corresponde a noviembre de 1985. Menci\u00f3n, por otra parte, cuya evidencia probatoria es puesta en cuesti\u00f3n en el interior por las ilustraciones de Valent\u00edn Albard\u00edaz, fechadas el 3 y el 4 de diciembre. La verdad es que m\u00e1s de una vez me he sorprendido, repasando por uno u otro motivo mi colecci\u00f3n de la revista, por el descuido frecuente del <em>detalle<\/em> de la fecha. La ventaja es que eso sirve de acicate para la historiograf\u00eda <em>amateur<\/em>: resulta entretenido tratar de precisar la probable fecha de publicaci\u00f3n efectiva de ciertos n\u00fameros a partir de las pistas que algunos art\u00edculos ofrecen; la memoria pronto dej\u00f3 de estar para esas bromas. Como iremos viendo, hay suficientes indicios en los contenidos de esta entrega que permiten establecer que fue elaborada en buena medida a lo largo del mes de los muertos.<\/p>\n\n\n\n<p>En cualquier caso, el n\u00famero 1 (20 p\u00e1ginas, 100 pesetas) hab\u00eda aparecido en noviembre del a\u00f1o anterior. En su primer a\u00f1o de vida, pues, <em>Olvidos<\/em> hab\u00eda sacado a la calle diez n\u00fameros, un buen ritmo para una publicaci\u00f3n en la que todo el mundo, desde el director hasta los encargados de su distribuci\u00f3n en los quioscos, trabaj\u00e1bamos <em>gratis et amore<\/em>. Bien es cierto que, precisamente a partir de este n\u00famero, ese ritmo se fue haciendo bastante m\u00e1s moroso e irregular, con cierta tendencia a sacrificar la frecuencia a la extensi\u00f3n, que en algunos casos llegar\u00eda a ser considerable. El n\u00famero 17 (179 p\u00e1ginas, 500 pesetas), aparece en mayo de 1987, cuando la expresi\u00f3n \u00abmensual de la cultura en Granada\u00bb ya hab\u00eda ca\u00eddo por su propio peso. Claro que esa entrega iba a ser la \u00faltima, y ya lo sab\u00edamos. Sin embargo, en el ingenuo momento de nuestro primer cumplea\u00f1os, est\u00e1bamos lejos de sospechar que no \u00edbamos a cumplir muchos m\u00e1s.<\/p>\n\n\n\n<figure class=\"wp-block-image size-large is-style-default\"><img loading=\"lazy\" decoding=\"async\" width=\"724\" height=\"1024\" src=\"https:\/\/olvidosdegranada.es\/wp-content\/uploads\/foto-texto-1-724x1024.jpg\" alt=\"\" class=\"wp-image-3673\" srcset=\"https:\/\/olvidosdegranada.es\/wp-content\/uploads\/foto-texto-1-724x1024.jpg 724w, https:\/\/olvidosdegranada.es\/wp-content\/uploads\/foto-texto-1-212x300.jpg 212w, https:\/\/olvidosdegranada.es\/wp-content\/uploads\/foto-texto-1-106x150.jpg 106w, https:\/\/olvidosdegranada.es\/wp-content\/uploads\/foto-texto-1-768x1086.jpg 768w, https:\/\/olvidosdegranada.es\/wp-content\/uploads\/foto-texto-1-1086x1536.jpg 1086w, https:\/\/olvidosdegranada.es\/wp-content\/uploads\/foto-texto-1.jpg 1403w\" sizes=\"auto, (max-width: 724px) 100vw, 724px\" \/><\/figure>\n\n\n\n<p>Nada auguraba un cambio de mayor\u00eda pol\u00edtica. Aunque las aguas distaban mucho de estar en calma en ese oto\u00f1o de 1985, con las cuestiones de la permanencia en la OTAN y, peor, la cada vez m\u00e1s obvia implicaci\u00f3n del gobierno en la actividad terrorista de los GAL ensombreciendo la aplastante mayor\u00eda absoluta obtenida por Gonz\u00e1lez hac\u00eda tres a\u00f1os, lo cierto es que la indignaci\u00f3n prend\u00eda solo a la izquierda del tablero; la baqueteada derecha de la \u00e9poca nada ten\u00eda que objetar, ni a la Alianza Atl\u00e1ntica ni a la guerra sucia contra ETA. La hegemon\u00eda socialista, pues, parec\u00eda garantizada para una buena temporada. Para <em>Olvidos<\/em> , cuyo proyecto <em>independiente<\/em> depend\u00eda sin embargo de fondos p\u00fablicos que financiaran su impresi\u00f3n, el destino no se tej\u00eda, claro est\u00e1, en las lejanas cumbres de la administraci\u00f3n estatal sino en sede mucho m\u00e1s cercana, como correspond\u00eda a una revista \u00abeditada por la Diputaci\u00f3n Provincial\u00bb, seg\u00fan constaba regularmente en sus portadas. En este \u00e1mbito tampoco resultaba concebible una alternancia partidaria en el gobierno, que seguir\u00eda detentando el PSOE durante largo tiempo; pero las circunstancias traum\u00e1ticas que rodearon la designaci\u00f3n de presidente de la diputaci\u00f3n en 1983 -aquella bizarra <em>Rebeli\u00f3n de los Catetos<\/em>&#8211; iban a provocar que el nuevo triunfo socialista en 1987 se tradujera en una aut\u00e9ntica purga (\u00bfdel izquierdismo?) dentro de la instituci\u00f3n. En el \u00e1rea de cultura, la cosa fue de \u00f3rdago a la grande y, como varios trabajadores<span class=\"footnote_referrer\"><a role=\"button\" tabindex=\"0\" onclick=\"footnote_moveToReference_2446_1('footnote_plugin_reference_2446_1_1');\" onkeypress=\"footnote_moveToReference_2446_1('footnote_plugin_reference_2446_1_1');\" ><sup id=\"footnote_plugin_tooltip_2446_1_1\" class=\"footnote_plugin_tooltip_text\">[1]<\/sup><\/a><span id=\"footnote_plugin_tooltip_text_2446_1_1\" class=\"footnote_tooltip\"><\/span><\/span>, tambi\u00e9n <em>Olvidos<\/em> recibi\u00f3 bruscas noticias acerca del cese de su actividad.<\/p>\n\n\n\n<p>Pero volvamos al n\u00famero 11. Ese noviembre se cumpl\u00edan diez a\u00f1os de la muerte de Franco, circunstancia de la que casi no hay rastro en sus p\u00e1ginas, apenas una menci\u00f3n del aniversario al comienzo del art\u00edculo de Pablo Alc\u00e1zar <em>Porn\u00f3grafo de guardia<\/em>. Este breve recordatorio, por cierto, est\u00e1 lejos de ser rutinario o inocente, ya que el imaginario <em>porn\u00f3grafo<\/em> comparece como representaci\u00f3n sat\u00edrica de aquellos medios nost\u00e1lgicos (<em>El Alc\u00e1zar<\/em>, ABC; lo que entonces, en papel, ven\u00eda a ser lo que cuarenta a\u00f1os despu\u00e9s, en TDT, sigue siendo caverna medi\u00e1tica) que se escandalizaban, entre otras muchas cosas, de las <em>obscenidades<\/em> que era posible descubrir en la <em>l\u00fabrica noche<\/em> de la televisi\u00f3n democr\u00e1tica. Hay otra alusi\u00f3n a la muerte del dictador en otro art\u00edculo que mencionar\u00e9 al final, pero all\u00ed no se trata de los diez a\u00f1os transcurridos desde entonces, sino m\u00e1s bien de marcar un final de \u00e9poca.<\/p>\n\n\n\n<p>Hac\u00eda tambi\u00e9n diez a\u00f1os de la muerte, \u00e9sta por desgracia s\u00ed fue violenta, de alguien que verdaderamente merec\u00eda un nombre. Pero ni el nombre ni la circunstancia de su asesinato durante la madrugada del d\u00eda de difuntos de 1975 se mencionan en la p\u00e1gina de apertura del <em>Curso de los astros<\/em>: junto a un brev\u00edsimo p\u00e1rrafo, s\u00f3lo una foto min\u00fascula que, sin embargo, llena toda la blancura de la p\u00e1gina. Otra peque\u00f1a imagen y, ahora s\u00ed, el nombre de Pier Paolo Pasolini aparecen en la (larga) columna <em>Sobre la mesa<\/em>, pero no s\u00f3lo por el aniversario de su muerte. Pasolini , el director de cine, el poeta de <em>Las cenizas de Gramsci<\/em>, el intelectual <em>luterano y corsario<\/em>, era para nosotros una fuente de inspiraci\u00f3n e interpelaci\u00f3n muy poderosa, capaz, por cierto, de mantener su fuerza de atracci\u00f3n a lo largo de muchos a\u00f1os hasta hoy.<\/p>\n\n\n\n<p>Orson Welles hab\u00eda fallecido el 10 de octubre. En la redacci\u00f3n de <em>Olvidos<\/em> no dudamos en declararlo <em>uno de los nuestros<\/em> al que se deb\u00eda homenaje. Me toc\u00f3 a m\u00ed, que entonces colaboraba tambi\u00e9n en el aula de cine de la Universidad, preparar lo que al final result\u00f3 en un <em>Inventario<\/em> que revisaba su filmograf\u00eda a partir de fragmentos de diferentes autores que se hab\u00edan ocupado de su obra (Borges y Cabrera Infante entre ellos) y de una selecci\u00f3n de im\u00e1genes, rebuscadas con dificultad (y pirateadas sin escr\u00fapulo) en la bibliograf\u00eda disponible. Al rememorar aquella b\u00fasqueda, que para algunas pel\u00edculas result\u00f3 del todo infructuosa, no he podido resistirme a realizar la consabida prueba en <em>Google<\/em>, con los melanc\u00f3licos resultados que no es preciso describir.<\/p>\n\n\n\n<figure class=\"wp-block-image size-large\"><img loading=\"lazy\" decoding=\"async\" width=\"719\" height=\"1024\" src=\"https:\/\/olvidosdegranada.es\/wp-content\/uploads\/foto-texto-2-1-719x1024.jpg\" alt=\"\" class=\"wp-image-3679\" srcset=\"https:\/\/olvidosdegranada.es\/wp-content\/uploads\/foto-texto-2-1-719x1024.jpg 719w, https:\/\/olvidosdegranada.es\/wp-content\/uploads\/foto-texto-2-1-211x300.jpg 211w, https:\/\/olvidosdegranada.es\/wp-content\/uploads\/foto-texto-2-1-105x150.jpg 105w, https:\/\/olvidosdegranada.es\/wp-content\/uploads\/foto-texto-2-1-768x1094.jpg 768w, https:\/\/olvidosdegranada.es\/wp-content\/uploads\/foto-texto-2-1-1078x1536.jpg 1078w, https:\/\/olvidosdegranada.es\/wp-content\/uploads\/foto-texto-2-1.jpg 1332w\" sizes=\"auto, (max-width: 719px) 100vw, 719px\" \/><\/figure>\n\n\n\n<p>Bastantes pel\u00edculas de Welles eran <em>nuestras favoritas<\/em>, pero recuerdo que en aquella \u00e9poca Mariano y yo sol\u00edamos detenernos con frecuencia en el fabuloso Falstaff de <em>Campanadas a medianoche<\/em>. Cuando, mucho tiempo despu\u00e9s, se public\u00f3 una recopilaci\u00f3n de los art\u00edculos escritos por Mariano para El Pa\u00eds entre 2004 y 2005<span class=\"footnote_referrer\"><a role=\"button\" tabindex=\"0\" onclick=\"footnote_moveToReference_2446_1('footnote_plugin_reference_2446_1_2');\" onkeypress=\"footnote_moveToReference_2446_1('footnote_plugin_reference_2446_1_2');\" ><sup id=\"footnote_plugin_tooltip_2446_1_2\" class=\"footnote_plugin_tooltip_text\">[2]<\/sup><\/a><span id=\"footnote_plugin_tooltip_text_2446_1_2\" class=\"footnote_tooltip\"><\/span><\/span>, hay que saber que los versos de Shakespeare revivieron para nosotros en el film de Welles. En el n\u00famero posterior a \u00e9ste del homenaje puede encontrarse una primera resonancia de ellos en la entradilla para <em>El curso de los astros<\/em>: \u201c<em>Uno de los amigos de Falstaff sol\u00eda apostillar todos los ruidosos acontecimientos de su \u00e9poca con la misma frase: &#8216;\u00a1Las cosas que hemos visto!&#8217;<\/em>\u201d<\/p>\n\n\n\n<p>El tema destacado en la cubierta, <em>Postales de ninguna parte<\/em>, se despliega en el interior con art\u00edculos de Antonio Mu\u00f1oz Molina, Cristina Garc\u00eda y Pedro Salmer\u00f3n, tras una breve introducci\u00f3n en la que se desliza la sospecha de que \u201c<em>\u2026 todas las ciudades son la misma, y mandar postales de una a otra puede esconder la macabra intenci\u00f3n de reducir la presunta originalidad de cada mito a pura redundancia<\/em>\u201d. Parece poco discutible que la redundancia aludida no ha hecho sino hipertrofiarse en las \u00faltimas tres d\u00e9cadas, hasta el punto de que la <em>turistificaci\u00f3n<\/em> urbana parece crecer en proporci\u00f3n inversa a la relevancia de los viajes que se realizan; pero, m\u00e1s all\u00e1 de estas consideraciones atrabiliarias, lo que quisiera destacar es la importancia que <em>Olvidos<\/em> ven\u00eda concediendo desde su aparici\u00f3n a la reflexi\u00f3n multidisciplinar sobre la ciudad, ya fuese incidiendo en controversias espec\u00edficas de la propia Granada o, como en este caso, escapando del caso concreto y ampliando considerablemente la imagen, quiz\u00e1 para poder comprender mejor el sentido de los detalles. El \u00faltimo de los art\u00edculos (cuyo autor, por cierto, ten\u00eda como arquitecto y urbanista un papel clave en esta faceta de la revista) es un excelente ejemplo de ello, con un final, referido a Venecia, que probablemente ya barruntaba su vigencia para otras <em>ciudades detenidas<\/em> del futuro pr\u00f3ximo, ciudades convertidas en \u201c<em>una extra\u00f1a representaci\u00f3n de un barco que se hunde con un hormiguero ininteligible a cuestas que la mira por todos los rincones<\/em>\u201d. En la Granada de 2017, como en muchos otros lugares, estas palabras est\u00e1n muy lejos de resultar ininteligibles.<\/p>\n\n\n\n<figure class=\"wp-block-image size-large is-style-default\"><img loading=\"lazy\" decoding=\"async\" width=\"709\" height=\"1024\" src=\"https:\/\/olvidosdegranada.es\/wp-content\/uploads\/foto-texto-5-709x1024.jpg\" alt=\"\" class=\"wp-image-3675\" srcset=\"https:\/\/olvidosdegranada.es\/wp-content\/uploads\/foto-texto-5-709x1024.jpg 709w, https:\/\/olvidosdegranada.es\/wp-content\/uploads\/foto-texto-5-208x300.jpg 208w, https:\/\/olvidosdegranada.es\/wp-content\/uploads\/foto-texto-5-104x150.jpg 104w, https:\/\/olvidosdegranada.es\/wp-content\/uploads\/foto-texto-5-768x1109.jpg 768w, https:\/\/olvidosdegranada.es\/wp-content\/uploads\/foto-texto-5-1064x1536.jpg 1064w, https:\/\/olvidosdegranada.es\/wp-content\/uploads\/foto-texto-5.jpg 1307w\" sizes=\"auto, (max-width: 709px) 100vw, 709px\" \/><\/figure>\n\n\n\n<p>La revista hab\u00eda iniciado ya desde el n\u00famero anterior la publicaci\u00f3n de varios textos sobre la poes\u00eda y la novela de la generaci\u00f3n literaria del medio siglo. En noviembre, a menos de un mes para la celebraci\u00f3n en Granada de los encuentros <em>Palabras para un tiempo de silencio<\/em>, se dedican varias p\u00e1ginas a la publicaci\u00f3n de una encuesta sobre el grupo realizada por la revista entre escritores y especialistas de generaciones posteriores. La \u00faltima de las tres preguntas formuladas se interesa por la actualidad que pudiera mantener esta generaci\u00f3n como punto de referencia; la entradilla correspondiente establece con claridad la posici\u00f3n de <em>Olvidos<\/em> : se hab\u00eda convocado <em>a quienes constituyen una referencia privilegiada en el campo de la literatura espa\u00f1ola<\/em>. La contraportada anticipa la publicaci\u00f3n en el siguiente n\u00famero de las intervenciones, materiales y entrevistas fruto de estos <em>Encuentros de los 50<\/em>. Pero este n\u00famero extraordinario, cuya preparaci\u00f3n supuso un trabajo editorial notable, no aparecer\u00eda hasta varios meses m\u00e1s tarde.<span class=\"footnote_referrer\"><a role=\"button\" tabindex=\"0\" onclick=\"footnote_moveToReference_2446_1('footnote_plugin_reference_2446_1_2');\" onkeypress=\"footnote_moveToReference_2446_1('footnote_plugin_reference_2446_1_2');\" ><sup id=\"footnote_plugin_tooltip_2446_1_2\" class=\"footnote_plugin_tooltip_text\">[2]<\/sup><\/a><span id=\"footnote_plugin_tooltip_text_2446_1_2\" class=\"footnote_tooltip\"><\/span><\/span><\/p>\n\n\n\n<p>Podr\u00eda demorarme todav\u00eda en la glosa de otras muchas colaboraciones, desde los rostros del Polisario fotografiados por Jos\u00e9 Garrido en aquellos campamentos que todav\u00eda hoy perduran, hasta el c\u00f3mic <em>Blues Smog<\/em> de Carlos Hern\u00e1ndez o, incluso, la recensi\u00f3n de <em>El amor como pasi\u00f3n<\/em> de Niklas Luhmann que yo mismo escrib\u00ed y que hab\u00eda (casi) olvidado; pero quisiera cerrar esta presentaci\u00f3n con el nombre de Jes\u00fas Arias, inesperadamente fallecido a comienzos de diciembre de 2015, treinta a\u00f1os despu\u00e9s de haber publicado en este n\u00famero 11 el art\u00edculo <em>La \u00faltima muerte de la postmodernidad<\/em>, en el que se dedica a pintar un retrato bastante sombr\u00edo de la generaci\u00f3n del posfranquismo; la de la movida, vamos. Creo que puede decirse sin hip\u00e9rbole alguna que Jes\u00fas estuvo en <em>Olvidos<\/em> desde antes que apareciera el primer n\u00famero<span class=\"footnote_referrer\"><a role=\"button\" tabindex=\"0\" onclick=\"footnote_moveToReference_2446_1('footnote_plugin_reference_2446_1_3');\" onkeypress=\"footnote_moveToReference_2446_1('footnote_plugin_reference_2446_1_3');\" ><sup id=\"footnote_plugin_tooltip_2446_1_3\" class=\"footnote_plugin_tooltip_text\">[3]<\/sup><\/a><span id=\"footnote_plugin_tooltip_text_2446_1_3\" class=\"footnote_tooltip\"><\/span><\/span>y que fue una de las voces que, hasta el final, contribuyeron a mantener la pluralidad de perspectivas e intereses que, quiero pensar, fueron marca de la casa.<\/p>\n\n\n\n<figure class=\"wp-block-image size-large\"><img loading=\"lazy\" decoding=\"async\" width=\"724\" height=\"1024\" src=\"https:\/\/olvidosdegranada.es\/wp-content\/uploads\/foto-texto-4-1-724x1024.jpg\" alt=\"\" class=\"wp-image-3680\" srcset=\"https:\/\/olvidosdegranada.es\/wp-content\/uploads\/foto-texto-4-1-724x1024.jpg 724w, https:\/\/olvidosdegranada.es\/wp-content\/uploads\/foto-texto-4-1-212x300.jpg 212w, https:\/\/olvidosdegranada.es\/wp-content\/uploads\/foto-texto-4-1-106x150.jpg 106w, https:\/\/olvidosdegranada.es\/wp-content\/uploads\/foto-texto-4-1-768x1086.jpg 768w, https:\/\/olvidosdegranada.es\/wp-content\/uploads\/foto-texto-4-1-1086x1536.jpg 1086w, https:\/\/olvidosdegranada.es\/wp-content\/uploads\/foto-texto-4-1.jpg 1403w\" sizes=\"auto, (max-width: 724px) 100vw, 724px\" \/><\/figure>\n\n\n\n<h3 class=\"wp-block-heading\">Olvidos de Granada N\u00ba11<\/h3>\n\n\n\n<p><strong>Visualizar el n\u00famero 11 de Olvidos de Granada<\/strong><\/p>\n\n\n<div style=\"display:block\">\n<!-- FlowPaper PDF flipbook plugin v.2.0.8 wordpress.org\/plugins\/flowpaper\/ -->\n<iframe title=\"FlowPaper flipbook pdf viewer\" width=\"100%\" height=\"500\" scrolling=\"no\" class=\"flowpaper-class\" frameborder=\"0\" allowFullScreen=\"true\" lightbox=\"false\" cover id src = \"https:\/\/flowpaper.com\/flipbook\/?pdf=https:\/\/olvidosdegranada.es\/wp-content\/uploads\/2020\/12\/olvidosdegranada11_compressed.pdf?wp-hosted=1&title=&header=&theme=&singlepage=&thumbs=1&modified=240108810\" seamless=\"seamless\" style=\"margin-bottom:0;display:block;\">Your browser does not seem to support iframes. <a href=\"https:\/\/flowpaper.com\/flipbook\/?pdf=https:\/\/olvidosdegranada.es\/wp-content\/uploads\/2020\/12\/olvidosdegranada11_compressed.pdf?wp-hosted=1\" target=\"_blank\">Click here to read this PDF<\/a>.<\/iframe>\n<div id=\"flowpaper-logo-bottom\" class=\"flowpaper-logo-bg\" style=\"background:linear-gradient(to right, rgba(0,0,0,0.65) 0%,rgba(0,0,0,0) 200px);width:100%;height:19px; padding-bottom: 1px; padding-left: 5px; padding-right: 10px; display: flex; align-items: center;z-index:9999\"><span style=\"height: 37px; padding-left: 6px;width:90%\"> <a id=\"flowpaper-link\" style=\"fill: #fff\" alt=\"FlowPaper logotype\" title=\"FlowPaper logotype\" href=\"https:\/\/flowpaper.com\" target=\"_blank\"> <img decoding=\"async\" alt=\"Publish PDF flipbooks online\" style=\"height:17px;width:auto;margin-top:11px;\" src=\"https:\/\/olvidosdegranada.es\/wp-content\/plugins\/flowpaper-lite-pdf-flipbook\/assets\/flowpaper-logo.png\" border=\"0\"> <\/a> <\/span><span style=\" float: right; right: 0; font-size: 10px; white-space: nowrap; opacity:0.8\"><a href=\"https:\/\/flowpaper.com\/flipbook-maker\/\" target=\"_new\" style=\"text-decoration:none;border-bottom:none;\">This flipbook was created in FlowPaper &#8599;<\/a><\/span><\/div><\/div>\r\n                <script>\r\n                document.addEventListener(\"DOMContentLoaded\", function(){\r\n                    var target_element, iframe_element;\r\n                    iframe_element = document.querySelector(\"iframe.flowpaper-class\");\r\n                    target_element = document.querySelector(\"\");\r\n                    iframe_element.style.height = target_element.offsetHeight + \"px\";\r\n                });\r\n                <\/script>\r\n            \n\n\n\n<p><a href=\"https:\/\/olvidosdegranada.es\/wp-content\/uploads\/2020\/12\/olvidosdegranada11_compressed.pdf\">Descargar el n\u00famero 11 de <em>Olvidos de Granada<\/em><\/a><\/p>\n\n\n\n<p><a href=\"file:\/\/\/pdf\/separata11.pdf\">Descargar la separata del n\u00famero 11 de <em>Olvidos de Granada<\/em><\/a><\/p>\n<div class=\"speaker-mute footnotes_reference_container\"> <div class=\"footnote_container_prepare\"><p><span role=\"button\" tabindex=\"0\" class=\"footnote_reference_container_label pointer\" onclick=\"footnote_expand_collapse_reference_container_2446_1();\">Notas<\/span><span role=\"button\" tabindex=\"0\" class=\"footnote_reference_container_collapse_button\" style=\"display: none;\" onclick=\"footnote_expand_collapse_reference_container_2446_1();\">[<a id=\"footnote_reference_container_collapse_button_2446_1\">+<\/a>]<\/span><\/p><\/div> <div id=\"footnote_references_container_2446_1\" style=\"\"><table class=\"footnotes_table footnote-reference-container\"><caption class=\"accessibility\">Notas<\/caption> <tbody> \r\n\r\n<tr class=\"footnotes_plugin_reference_row\"> <th scope=\"row\" class=\"footnote_plugin_index_combi pointer\"  onclick=\"footnote_moveToAnchor_2446_1('footnote_plugin_tooltip_2446_1_1');\"><a id=\"footnote_plugin_reference_2446_1_1\" class=\"footnote_backlink\"><span class=\"footnote_index_arrow\">&#8593;<\/span>1<\/a><\/th> <td class=\"footnote_plugin_text\">Recomiendo el relato detallado de estos hechos que hace uno de sus protagonistas, Miguel Benlloch, en Era 1987, texto publicado como &#8216;adenda digital&#8217; a su libro Acaeci\u00f3 en Granada, Ciengramos 2014. Adenda y libro de f\u00e1cil acceso en internet.<\/td><\/tr>\r\n\r\n<tr class=\"footnotes_plugin_reference_row\"> <th scope=\"row\" class=\"footnote_plugin_index_combi pointer\"  onclick=\"footnote_moveToAnchor_2446_1('footnote_plugin_tooltip_2446_1_2');\"><a id=\"footnote_plugin_reference_2446_1_2\" class=\"footnote_backlink\"><span class=\"footnote_index_arrow\">&#8593;<\/span>2<\/a><\/th> <td class=\"footnote_plugin_text\">Un nuevo caso de fecha ausente. En el ejemplar que conservo aparece manuscrita la de septiembre de 1986.<\/td><\/tr>\r\n\r\n<tr class=\"footnotes_plugin_reference_row\"> <th scope=\"row\" class=\"footnote_plugin_index_combi pointer\"  onclick=\"footnote_moveToAnchor_2446_1('footnote_plugin_tooltip_2446_1_3');\"><a id=\"footnote_plugin_reference_2446_1_3\" class=\"footnote_backlink\"><span class=\"footnote_index_arrow\">&#8593;<\/span>3<\/a><\/th> <td class=\"footnote_plugin_text\">Pienso, por ejemplo, en el disco Rimado de Ciudad (1982), en el que el grupo TNT, liderado por Jes\u00fas, interpretaba las Coplas a la muerte de un colega, con letra de Luis Garc\u00eda Montero y la participaci\u00f3n de Mariano Maresca como productor oficioso de aquel invento.<\/td><\/tr>\r\n\r\n <\/tbody> <\/table> <\/div><\/div><script type=\"text\/javascript\"> function footnote_expand_reference_container_2446_1() { jQuery('#footnote_references_container_2446_1').show(); jQuery('#footnote_reference_container_collapse_button_2446_1').text('\u2212'); } function footnote_collapse_reference_container_2446_1() { jQuery('#footnote_references_container_2446_1').hide(); jQuery('#footnote_reference_container_collapse_button_2446_1').text('+'); } function footnote_expand_collapse_reference_container_2446_1() { if (jQuery('#footnote_references_container_2446_1').is(':hidden')) { footnote_expand_reference_container_2446_1(); } else { footnote_collapse_reference_container_2446_1(); } } function footnote_moveToReference_2446_1(p_str_TargetID) { footnote_expand_reference_container_2446_1(); var l_obj_Target = jQuery('#' + p_str_TargetID); if (l_obj_Target.length) { jQuery( 'html, body' ).delay( 0 ); jQuery('html, body').animate({ scrollTop: l_obj_Target.offset().top - window.innerHeight * 0.2 }, 380); } } function footnote_moveToAnchor_2446_1(p_str_TargetID) { footnote_expand_reference_container_2446_1(); var l_obj_Target = jQuery('#' + p_str_TargetID); if (l_obj_Target.length) { jQuery( 'html, body' ).delay( 0 ); jQuery('html, body').animate({ scrollTop: l_obj_Target.offset().top - window.innerHeight * 0.2 }, 380); } }<\/script>","protected":false},"excerpt":{"rendered":"<p>Los \u00faltimos meses de 1985 supusieron un gran reto para Olvidos de Granada: la organizaci\u00f3n &#8230; <\/p>\n<p class=\"read-more-container\"><a title=\"Olvidos de Granada n\u00ba 11\" class=\"read-more button\" href=\"https:\/\/olvidosdegranada.es\/index.php\/2018\/12\/07\/olvidos-de-granada-no-11\/#more-2446\" aria-label=\"Leer m\u00e1s sobre Olvidos de Granada n\u00ba 11\">Leer m\u00e1s<\/a><\/p>\n","protected":false},"author":1,"featured_media":2449,"comment_status":"open","ping_status":"closed","sticky":false,"template":"","format":"standard","meta":{"_acf_changed":false,"_jetpack_newsletter_access":"","_jetpack_dont_email_post_to_subs":false,"_jetpack_newsletter_tier_id":0,"_jetpack_memberships_contains_paywalled_content":false,"_jetpack_feature_clip_id":0,"_jetpack_memberships_contains_paid_content":false,"footnotes":"","jetpack_post_was_ever_published":false},"categories":[6],"tags":[],"class_list":["post-2446","post","type-post","status-publish","format-standard","has-post-thumbnail","hentry","category-memoria-de-olvidos","infinite-scroll-item","generate-columns","tablet-grid-50","mobile-grid-100","grid-parent","grid-33","no-featured-image-padding"],"acf":[],"yoast_head":"<!-- This site is optimized with the Yoast SEO plugin v28.3 - https:\/\/yoast.com\/product\/yoast-seo-wordpress\/ -->\n<title>Olvidos de Granada n\u00ba 11 - Olvidos de Granada<\/title>\n<meta name=\"description\" content=\"Ignacio Mendiguch\u00eda Los \u00faltimos meses de 1985 supusieron un gran reto para Olvidos de Granada: la organizaci\u00f3n del Encuentro sobre Poes\u00eda y Novela de los 50, \u00abPalabras para\" \/>\n<meta name=\"robots\" content=\"index, follow, max-snippet:-1, max-image-preview:large, max-video-preview:-1\" \/>\n<link rel=\"canonical\" href=\"https:\/\/olvidosdegranada.es\/index.php\/2018\/12\/07\/olvidos-de-granada-no-11\/\" \/>\n<meta property=\"og:locale\" content=\"es_ES\" \/>\n<meta property=\"og:type\" content=\"article\" \/>\n<meta property=\"og:title\" content=\"Olvidos de Granada n\u00ba 11 - Olvidos de Granada\" \/>\n<meta property=\"og:description\" content=\"Ignacio Mendiguch\u00eda Los \u00faltimos meses de 1985 supusieron un gran reto para Olvidos de Granada: la organizaci\u00f3n del Encuentro sobre Poes\u00eda y Novela de los 50, \u00abPalabras para\" \/>\n<meta property=\"og:url\" content=\"https:\/\/olvidosdegranada.es\/index.php\/2018\/12\/07\/olvidos-de-granada-no-11\/\" \/>\n<meta property=\"og:site_name\" content=\"Olvidos de Granada\" \/>\n<meta property=\"article:publisher\" content=\"https:\/\/www.facebook.com\/OLVIDOSDIGITAL\" \/>\n<meta property=\"article:published_time\" content=\"2018-12-07T10:07:12+00:00\" \/>\n<meta property=\"article:modified_time\" content=\"2024-01-08T20:10:00+00:00\" \/>\n<meta property=\"og:image\" content=\"https:\/\/olvidosdegranada.es\/wp-content\/uploads\/11.jpg\" \/>\n\t<meta property=\"og:image:width\" content=\"305\" \/>\n\t<meta property=\"og:image:height\" content=\"421\" \/>\n\t<meta property=\"og:image:type\" content=\"image\/jpeg\" \/>\n<meta name=\"author\" content=\"admin\" \/>\n<meta name=\"twitter:card\" content=\"summary_large_image\" \/>\n<meta name=\"twitter:creator\" content=\"@olvidospuntoes\" \/>\n<meta name=\"twitter:site\" content=\"@olvidospuntoes\" \/>\n<meta name=\"twitter:label1\" content=\"Escrito por\" \/>\n\t<meta name=\"twitter:data1\" content=\"admin\" \/>\n\t<meta name=\"twitter:label2\" content=\"Tiempo de lectura\" \/>\n\t<meta name=\"twitter:data2\" content=\"10 minutos\" \/>\n<script type=\"application\/ld+json\" class=\"yoast-schema-graph\">{\"@context\":\"https:\\\/\\\/schema.org\",\"@graph\":[{\"@type\":\"Article\",\"@id\":\"https:\\\/\\\/olvidosdegranada.es\\\/index.php\\\/2018\\\/12\\\/07\\\/olvidos-de-granada-no-11\\\/#article\",\"isPartOf\":{\"@id\":\"https:\\\/\\\/olvidosdegranada.es\\\/index.php\\\/2018\\\/12\\\/07\\\/olvidos-de-granada-no-11\\\/\"},\"author\":{\"name\":\"admin\",\"@id\":\"https:\\\/\\\/olvidosdegranada.es\\\/#\\\/schema\\\/person\\\/d49d9006f876d09eb11991e4209ba86e\"},\"headline\":\"Olvidos de Granada n\u00ba 11\",\"datePublished\":\"2018-12-07T10:07:12+00:00\",\"dateModified\":\"2024-01-08T20:10:00+00:00\",\"mainEntityOfPage\":{\"@id\":\"https:\\\/\\\/olvidosdegranada.es\\\/index.php\\\/2018\\\/12\\\/07\\\/olvidos-de-granada-no-11\\\/\"},\"wordCount\":2120,\"commentCount\":0,\"publisher\":{\"@id\":\"https:\\\/\\\/olvidosdegranada.es\\\/#organization\"},\"image\":{\"@id\":\"https:\\\/\\\/olvidosdegranada.es\\\/index.php\\\/2018\\\/12\\\/07\\\/olvidos-de-granada-no-11\\\/#primaryimage\"},\"thumbnailUrl\":\"https:\\\/\\\/olvidosdegranada.es\\\/wp-content\\\/uploads\\\/11.jpg\",\"articleSection\":[\"Memoria de Olvidos\"],\"inLanguage\":\"es\",\"potentialAction\":[{\"@type\":\"CommentAction\",\"name\":\"Comment\",\"target\":[\"https:\\\/\\\/olvidosdegranada.es\\\/index.php\\\/2018\\\/12\\\/07\\\/olvidos-de-granada-no-11\\\/#respond\"]}]},{\"@type\":\"WebPage\",\"@id\":\"https:\\\/\\\/olvidosdegranada.es\\\/index.php\\\/2018\\\/12\\\/07\\\/olvidos-de-granada-no-11\\\/\",\"url\":\"https:\\\/\\\/olvidosdegranada.es\\\/index.php\\\/2018\\\/12\\\/07\\\/olvidos-de-granada-no-11\\\/\",\"name\":\"Olvidos de Granada n\u00ba 11 - Olvidos de Granada\",\"isPartOf\":{\"@id\":\"https:\\\/\\\/olvidosdegranada.es\\\/#website\"},\"primaryImageOfPage\":{\"@id\":\"https:\\\/\\\/olvidosdegranada.es\\\/index.php\\\/2018\\\/12\\\/07\\\/olvidos-de-granada-no-11\\\/#primaryimage\"},\"image\":{\"@id\":\"https:\\\/\\\/olvidosdegranada.es\\\/index.php\\\/2018\\\/12\\\/07\\\/olvidos-de-granada-no-11\\\/#primaryimage\"},\"thumbnailUrl\":\"https:\\\/\\\/olvidosdegranada.es\\\/wp-content\\\/uploads\\\/11.jpg\",\"datePublished\":\"2018-12-07T10:07:12+00:00\",\"dateModified\":\"2024-01-08T20:10:00+00:00\",\"description\":\"Ignacio Mendiguch\u00eda Los \u00faltimos meses de 1985 supusieron un gran reto para Olvidos de Granada: la organizaci\u00f3n del Encuentro sobre Poes\u00eda y Novela de los 50, \u00abPalabras para\",\"breadcrumb\":{\"@id\":\"https:\\\/\\\/olvidosdegranada.es\\\/index.php\\\/2018\\\/12\\\/07\\\/olvidos-de-granada-no-11\\\/#breadcrumb\"},\"inLanguage\":\"es\",\"potentialAction\":[{\"@type\":\"ReadAction\",\"target\":[\"https:\\\/\\\/olvidosdegranada.es\\\/index.php\\\/2018\\\/12\\\/07\\\/olvidos-de-granada-no-11\\\/\"]}]},{\"@type\":\"ImageObject\",\"inLanguage\":\"es\",\"@id\":\"https:\\\/\\\/olvidosdegranada.es\\\/index.php\\\/2018\\\/12\\\/07\\\/olvidos-de-granada-no-11\\\/#primaryimage\",\"url\":\"https:\\\/\\\/olvidosdegranada.es\\\/wp-content\\\/uploads\\\/11.jpg\",\"contentUrl\":\"https:\\\/\\\/olvidosdegranada.es\\\/wp-content\\\/uploads\\\/11.jpg\",\"width\":305,\"height\":421},{\"@type\":\"BreadcrumbList\",\"@id\":\"https:\\\/\\\/olvidosdegranada.es\\\/index.php\\\/2018\\\/12\\\/07\\\/olvidos-de-granada-no-11\\\/#breadcrumb\",\"itemListElement\":[{\"@type\":\"ListItem\",\"position\":1,\"name\":\"Portada\",\"item\":\"https:\\\/\\\/olvidosdegranada.es\\\/\"},{\"@type\":\"ListItem\",\"position\":2,\"name\":\"Olvidos de Granada n\u00ba 11\"}]},{\"@type\":\"WebSite\",\"@id\":\"https:\\\/\\\/olvidosdegranada.es\\\/#website\",\"url\":\"https:\\\/\\\/olvidosdegranada.es\\\/\",\"name\":\"Olvidos de Granada\",\"description\":\"Revista de acciones culturales\",\"publisher\":{\"@id\":\"https:\\\/\\\/olvidosdegranada.es\\\/#organization\"},\"potentialAction\":[{\"@type\":\"SearchAction\",\"target\":{\"@type\":\"EntryPoint\",\"urlTemplate\":\"https:\\\/\\\/olvidosdegranada.es\\\/?s={search_term_string}\"},\"query-input\":{\"@type\":\"PropertyValueSpecification\",\"valueRequired\":true,\"valueName\":\"search_term_string\"}}],\"inLanguage\":\"es\"},{\"@type\":\"Organization\",\"@id\":\"https:\\\/\\\/olvidosdegranada.es\\\/#organization\",\"name\":\"Olvidos de Granada\",\"url\":\"https:\\\/\\\/olvidosdegranada.es\\\/\",\"logo\":{\"@type\":\"ImageObject\",\"inLanguage\":\"es\",\"@id\":\"https:\\\/\\\/olvidosdegranada.es\\\/#\\\/schema\\\/logo\\\/image\\\/\",\"url\":\"https:\\\/\\\/olvidosdegranada.es\\\/wp-content\\\/uploads\\\/2020\\\/12\\\/Recurso-9.png\",\"contentUrl\":\"https:\\\/\\\/olvidosdegranada.es\\\/wp-content\\\/uploads\\\/2020\\\/12\\\/Recurso-9.png\",\"width\":700,\"height\":227,\"caption\":\"Olvidos de Granada\"},\"image\":{\"@id\":\"https:\\\/\\\/olvidosdegranada.es\\\/#\\\/schema\\\/logo\\\/image\\\/\"},\"sameAs\":[\"https:\\\/\\\/www.facebook.com\\\/OLVIDOSDIGITAL\",\"https:\\\/\\\/x.com\\\/olvidospuntoes\"]},{\"@type\":\"Person\",\"@id\":\"https:\\\/\\\/olvidosdegranada.es\\\/#\\\/schema\\\/person\\\/d49d9006f876d09eb11991e4209ba86e\",\"name\":\"admin\",\"image\":{\"@type\":\"ImageObject\",\"inLanguage\":\"es\",\"@id\":\"https:\\\/\\\/secure.gravatar.com\\\/avatar\\\/6841bef74a46032347ab171a5b1b96035599438130924d4e02f5492088f66813?s=96&d=mm&r=g\",\"url\":\"https:\\\/\\\/secure.gravatar.com\\\/avatar\\\/6841bef74a46032347ab171a5b1b96035599438130924d4e02f5492088f66813?s=96&d=mm&r=g\",\"contentUrl\":\"https:\\\/\\\/secure.gravatar.com\\\/avatar\\\/6841bef74a46032347ab171a5b1b96035599438130924d4e02f5492088f66813?s=96&d=mm&r=g\",\"caption\":\"admin\"},\"sameAs\":[\"https:\\\/\\\/olvidosdegranada.es\"],\"url\":\"https:\\\/\\\/olvidosdegranada.es\\\/index.php\\\/author\\\/alfonsosalazarmendias_5ho2eadb\\\/\"}]}<\/script>\n<!-- \/ Yoast SEO plugin. -->","yoast_head_json":{"title":"Olvidos de Granada n\u00ba 11 - Olvidos de Granada","description":"Ignacio Mendiguch\u00eda Los \u00faltimos meses de 1985 supusieron un gran reto para Olvidos de Granada: la organizaci\u00f3n del Encuentro sobre Poes\u00eda y Novela de los 50, \u00abPalabras para","robots":{"index":"index","follow":"follow","max-snippet":"max-snippet:-1","max-image-preview":"max-image-preview:large","max-video-preview":"max-video-preview:-1"},"canonical":"https:\/\/olvidosdegranada.es\/index.php\/2018\/12\/07\/olvidos-de-granada-no-11\/","og_locale":"es_ES","og_type":"article","og_title":"Olvidos de Granada n\u00ba 11 - Olvidos de Granada","og_description":"Ignacio Mendiguch\u00eda Los \u00faltimos meses de 1985 supusieron un gran reto para Olvidos de Granada: la organizaci\u00f3n del Encuentro sobre Poes\u00eda y Novela de los 50, \u00abPalabras para","og_url":"https:\/\/olvidosdegranada.es\/index.php\/2018\/12\/07\/olvidos-de-granada-no-11\/","og_site_name":"Olvidos de Granada","article_publisher":"https:\/\/www.facebook.com\/OLVIDOSDIGITAL","article_published_time":"2018-12-07T10:07:12+00:00","article_modified_time":"2024-01-08T20:10:00+00:00","og_image":[{"width":305,"height":421,"url":"https:\/\/olvidosdegranada.es\/wp-content\/uploads\/11.jpg","type":"image\/jpeg"}],"author":"admin","twitter_card":"summary_large_image","twitter_creator":"@olvidospuntoes","twitter_site":"@olvidospuntoes","twitter_misc":{"Escrito por":"admin","Tiempo de lectura":"10 minutos"},"schema":{"@context":"https:\/\/schema.org","@graph":[{"@type":"Article","@id":"https:\/\/olvidosdegranada.es\/index.php\/2018\/12\/07\/olvidos-de-granada-no-11\/#article","isPartOf":{"@id":"https:\/\/olvidosdegranada.es\/index.php\/2018\/12\/07\/olvidos-de-granada-no-11\/"},"author":{"name":"admin","@id":"https:\/\/olvidosdegranada.es\/#\/schema\/person\/d49d9006f876d09eb11991e4209ba86e"},"headline":"Olvidos de Granada n\u00ba 11","datePublished":"2018-12-07T10:07:12+00:00","dateModified":"2024-01-08T20:10:00+00:00","mainEntityOfPage":{"@id":"https:\/\/olvidosdegranada.es\/index.php\/2018\/12\/07\/olvidos-de-granada-no-11\/"},"wordCount":2120,"commentCount":0,"publisher":{"@id":"https:\/\/olvidosdegranada.es\/#organization"},"image":{"@id":"https:\/\/olvidosdegranada.es\/index.php\/2018\/12\/07\/olvidos-de-granada-no-11\/#primaryimage"},"thumbnailUrl":"https:\/\/olvidosdegranada.es\/wp-content\/uploads\/11.jpg","articleSection":["Memoria de Olvidos"],"inLanguage":"es","potentialAction":[{"@type":"CommentAction","name":"Comment","target":["https:\/\/olvidosdegranada.es\/index.php\/2018\/12\/07\/olvidos-de-granada-no-11\/#respond"]}]},{"@type":"WebPage","@id":"https:\/\/olvidosdegranada.es\/index.php\/2018\/12\/07\/olvidos-de-granada-no-11\/","url":"https:\/\/olvidosdegranada.es\/index.php\/2018\/12\/07\/olvidos-de-granada-no-11\/","name":"Olvidos de Granada n\u00ba 11 - Olvidos de Granada","isPartOf":{"@id":"https:\/\/olvidosdegranada.es\/#website"},"primaryImageOfPage":{"@id":"https:\/\/olvidosdegranada.es\/index.php\/2018\/12\/07\/olvidos-de-granada-no-11\/#primaryimage"},"image":{"@id":"https:\/\/olvidosdegranada.es\/index.php\/2018\/12\/07\/olvidos-de-granada-no-11\/#primaryimage"},"thumbnailUrl":"https:\/\/olvidosdegranada.es\/wp-content\/uploads\/11.jpg","datePublished":"2018-12-07T10:07:12+00:00","dateModified":"2024-01-08T20:10:00+00:00","description":"Ignacio Mendiguch\u00eda Los \u00faltimos meses de 1985 supusieron un gran reto para Olvidos de Granada: la organizaci\u00f3n del Encuentro sobre Poes\u00eda y Novela de los 50, \u00abPalabras para","breadcrumb":{"@id":"https:\/\/olvidosdegranada.es\/index.php\/2018\/12\/07\/olvidos-de-granada-no-11\/#breadcrumb"},"inLanguage":"es","potentialAction":[{"@type":"ReadAction","target":["https:\/\/olvidosdegranada.es\/index.php\/2018\/12\/07\/olvidos-de-granada-no-11\/"]}]},{"@type":"ImageObject","inLanguage":"es","@id":"https:\/\/olvidosdegranada.es\/index.php\/2018\/12\/07\/olvidos-de-granada-no-11\/#primaryimage","url":"https:\/\/olvidosdegranada.es\/wp-content\/uploads\/11.jpg","contentUrl":"https:\/\/olvidosdegranada.es\/wp-content\/uploads\/11.jpg","width":305,"height":421},{"@type":"BreadcrumbList","@id":"https:\/\/olvidosdegranada.es\/index.php\/2018\/12\/07\/olvidos-de-granada-no-11\/#breadcrumb","itemListElement":[{"@type":"ListItem","position":1,"name":"Portada","item":"https:\/\/olvidosdegranada.es\/"},{"@type":"ListItem","position":2,"name":"Olvidos de Granada n\u00ba 11"}]},{"@type":"WebSite","@id":"https:\/\/olvidosdegranada.es\/#website","url":"https:\/\/olvidosdegranada.es\/","name":"Olvidos de Granada","description":"Revista de acciones culturales","publisher":{"@id":"https:\/\/olvidosdegranada.es\/#organization"},"potentialAction":[{"@type":"SearchAction","target":{"@type":"EntryPoint","urlTemplate":"https:\/\/olvidosdegranada.es\/?s={search_term_string}"},"query-input":{"@type":"PropertyValueSpecification","valueRequired":true,"valueName":"search_term_string"}}],"inLanguage":"es"},{"@type":"Organization","@id":"https:\/\/olvidosdegranada.es\/#organization","name":"Olvidos de Granada","url":"https:\/\/olvidosdegranada.es\/","logo":{"@type":"ImageObject","inLanguage":"es","@id":"https:\/\/olvidosdegranada.es\/#\/schema\/logo\/image\/","url":"https:\/\/olvidosdegranada.es\/wp-content\/uploads\/2020\/12\/Recurso-9.png","contentUrl":"https:\/\/olvidosdegranada.es\/wp-content\/uploads\/2020\/12\/Recurso-9.png","width":700,"height":227,"caption":"Olvidos de Granada"},"image":{"@id":"https:\/\/olvidosdegranada.es\/#\/schema\/logo\/image\/"},"sameAs":["https:\/\/www.facebook.com\/OLVIDOSDIGITAL","https:\/\/x.com\/olvidospuntoes"]},{"@type":"Person","@id":"https:\/\/olvidosdegranada.es\/#\/schema\/person\/d49d9006f876d09eb11991e4209ba86e","name":"admin","image":{"@type":"ImageObject","inLanguage":"es","@id":"https:\/\/secure.gravatar.com\/avatar\/6841bef74a46032347ab171a5b1b96035599438130924d4e02f5492088f66813?s=96&d=mm&r=g","url":"https:\/\/secure.gravatar.com\/avatar\/6841bef74a46032347ab171a5b1b96035599438130924d4e02f5492088f66813?s=96&d=mm&r=g","contentUrl":"https:\/\/secure.gravatar.com\/avatar\/6841bef74a46032347ab171a5b1b96035599438130924d4e02f5492088f66813?s=96&d=mm&r=g","caption":"admin"},"sameAs":["https:\/\/olvidosdegranada.es"],"url":"https:\/\/olvidosdegranada.es\/index.php\/author\/alfonsosalazarmendias_5ho2eadb\/"}]}},"jetpack_sharing_enabled":true,"jetpack_featured_media_url":"https:\/\/olvidosdegranada.es\/wp-content\/uploads\/11.jpg","_links":{"self":[{"href":"https:\/\/olvidosdegranada.es\/index.php\/wp-json\/wp\/v2\/posts\/2446","targetHints":{"allow":["GET"]}}],"collection":[{"href":"https:\/\/olvidosdegranada.es\/index.php\/wp-json\/wp\/v2\/posts"}],"about":[{"href":"https:\/\/olvidosdegranada.es\/index.php\/wp-json\/wp\/v2\/types\/post"}],"author":[{"embeddable":true,"href":"https:\/\/olvidosdegranada.es\/index.php\/wp-json\/wp\/v2\/users\/1"}],"replies":[{"embeddable":true,"href":"https:\/\/olvidosdegranada.es\/index.php\/wp-json\/wp\/v2\/comments?post=2446"}],"version-history":[{"count":7,"href":"https:\/\/olvidosdegranada.es\/index.php\/wp-json\/wp\/v2\/posts\/2446\/revisions"}],"predecessor-version":[{"id":4033,"href":"https:\/\/olvidosdegranada.es\/index.php\/wp-json\/wp\/v2\/posts\/2446\/revisions\/4033"}],"wp:featuredmedia":[{"embeddable":true,"href":"https:\/\/olvidosdegranada.es\/index.php\/wp-json\/wp\/v2\/media\/2449"}],"wp:attachment":[{"href":"https:\/\/olvidosdegranada.es\/index.php\/wp-json\/wp\/v2\/media?parent=2446"}],"wp:term":[{"taxonomy":"category","embeddable":true,"href":"https:\/\/olvidosdegranada.es\/index.php\/wp-json\/wp\/v2\/categories?post=2446"},{"taxonomy":"post_tag","embeddable":true,"href":"https:\/\/olvidosdegranada.es\/index.php\/wp-json\/wp\/v2\/tags?post=2446"}],"curies":[{"name":"wp","href":"https:\/\/api.w.org\/{rel}","templated":true}]}}