{"id":2439,"date":"2017-05-07T09:56:29","date_gmt":"2017-05-07T09:56:29","guid":{"rendered":"https:\/\/olvidosdegranada.es\/?p=2439"},"modified":"2021-07-01T23:23:24","modified_gmt":"2021-07-01T23:23:24","slug":"olvidos-de-granda-no-9","status":"publish","type":"post","link":"https:\/\/olvidosdegranada.es\/index.php\/2017\/05\/07\/olvidos-de-granda-no-9\/","title":{"rendered":"Olvidos de Granada n\u00ba 9"},"content":{"rendered":"\n<figure class=\"wp-block-pullquote\"><blockquote><p>En 1985 Olvidos de Granada aument\u00f3 considerablemente su volumen, abandonando el formato de peri\u00f3dico y abordando el de revista, lo que se acent\u00faa especialmente por el destacado dibujo de portada, que a partir de aquel n\u00famero se har\u00e1 una constante. \u00c1lvaro Salvador revisa aquel n\u00famero del verano de hace casi treinta a\u00f1os, comenzando por la Plaza de la Romanilla, que sufri\u00f3 entonces importantes modificaciones.<\/p><\/blockquote><\/figure>\n\n\n\n<h2 class=\"wp-block-heading\">Verano del 85<\/h2>\n\n\n\n<p>Ser\u00eda dif\u00edcil hacer hoy en d\u00eda un n\u00famero como el n\u00famero 9 de Olvidos de Granada, cuya salida estaba prevista para el verano de 1985 y, creo recordar, que no apareci\u00f3 hasta unos meses m\u00e1s tarde. Casi treinta a\u00f1os. \u00bfQu\u00e9 hicimos en el verano del 85? Recuerdo que viaj\u00e9 a Brasil, Uruguay y Argentina en donde permanec\u00ed durante todo el mes de Agosto. No fue ciertamente un verano en Granada. Sin embargo, puedo identificarme con algunas de las preocupaciones que se reflejan en el n\u00famero de Olvidos.<\/p>\n\n\n\n<p>Por ejemplo: la plaza de la Romanilla. Por entonces, esta plaza fue el \u00faltimo de los desaguisados urban\u00edsticos que se perpretaron en nuestra ciudad y as\u00ed lo denunci\u00f3 Olvidos en un suelto editorial, en un art\u00edculo de Eduardo Quesada y en una historieta del grupo G.E.L. En ellos se afirmaba que la plaza era el producto del fracaso de un dise\u00f1o que, por cierto, su autor, el arquitecto Antonio Campos Baeza (de quien tendr\u00edamos que sufrir otros horrores a\u00f1os m\u00e1s tarde) intent\u00f3 trasladar de un proyecto exitoso de Almer\u00eda a Granada. El adefesio de la plaza ha quedado como tributo a la resignaci\u00f3n granadina y su ca\u00f3tica disposici\u00f3n se vio coronada por el af\u00e1n decorativo de otro alcalde, Gabriel D\u00edaz Berbel, quien coloc\u00f3 en ella una de las esculturas m\u00e1s horrorosas con las que hab\u00eda pretendido hermosear la ciudad, afe\u00e1ndola sin remedio: el famoso \u201cAguador\u201d. En el mismo n\u00famero aparece un art\u00edculo dedicado a otro de los s\u00edmbolos culturales de nuestra ciudad, Federico Garc\u00eda Lorca; art\u00edculo en el que Mario Hern\u00e1ndez intenta aclararnos la g\u00e9nesis y trayectoria de los llamados <em>Sonetos del Amor Oscuro<\/em>, aparecidos muy poco antes en sus dos ediciones, clandestina y oficial.<\/p>\n\n\n\n<figure class=\"wp-block-image size-large is-style-default\"><img loading=\"lazy\" decoding=\"async\" width=\"709\" height=\"1024\" src=\"https:\/\/olvidosdegranada.es\/wp-content\/uploads\/foto-2-7-709x1024.jpg\" alt=\"\" class=\"wp-image-3696\" srcset=\"https:\/\/olvidosdegranada.es\/wp-content\/uploads\/\/foto-2-7-709x1024.jpg 709w, https:\/\/olvidosdegranada.es\/wp-content\/uploads\/\/foto-2-7-208x300.jpg 208w, https:\/\/olvidosdegranada.es\/wp-content\/uploads\/\/foto-2-7-104x150.jpg 104w, https:\/\/olvidosdegranada.es\/wp-content\/uploads\/\/foto-2-7-768x1110.jpg 768w, https:\/\/olvidosdegranada.es\/wp-content\/uploads\/\/foto-2-7-1063x1536.jpg 1063w, https:\/\/olvidosdegranada.es\/wp-content\/uploads\/\/foto-2-7-1417x2048.jpg 1417w, https:\/\/olvidosdegranada.es\/wp-content\/uploads\/\/foto-2-7-scaled.jpg 1384w\" sizes=\"auto, (max-width: 709px) 100vw, 709px\" \/><\/figure>\n\n\n\n<p>\u00bfHablar\u00eda hoy, noviembre de 2014, Olvidos de Granada de la plaza de la Romanilla? Sin duda no lo har\u00eda en los mismos t\u00e9rminos. Porque de entonces a hoy, y olvidando como en tantos otros lugares la destrucci\u00f3n del paisaje urbano local, la plaza ha albergado otro de los que pretenden ser lugares ic\u00f3nicos de la cultura de la ciudad: el Centro Federico Garc\u00eda Lorca. Efectivamente, la ubicaci\u00f3n de esa instituci\u00f3n en esta plaza ha venido a solucionar arquitect\u00f3nicamente uno de los lugares m\u00e1s conflictivos y afeados de la configuraci\u00f3n artificial de la plaza: la esquina situada en su lado oeste, justo enfrente de la silueta de la torre de la Catedral, en la que durante un tiempo y de modo provisional estuvo situado el Mercado. Recuerdo c\u00f3mo alguien muy cercano a la Fundaci\u00f3n Garc\u00eda Lorca, al decidirse que finalmente ser\u00eda construido all\u00ed el Centro, sugiri\u00f3 que ser\u00eda muy interesante aprovechar la obra para remodelar tambi\u00e9n la plaza. Pero la obra se finaliz\u00f3 y la plaza no se remodel\u00f3. Bueno, se finaliz\u00f3, pero no se inaugur\u00f3: hace m\u00e1s de tres a\u00f1os que el Centro est\u00e1 acabado y, sin embargo, no puede inaugurarse porque falta el presupuesto necesario para poder rematarlo, amueblarlo y abrirlo. Quiz\u00e1 este ser\u00eda un buen tema del que podr\u00eda ocuparse hoy el n\u00famero 9 de Olvidos de Granada, y en cuyo art\u00edculo podr\u00edamos englobar dos de los temas incluidos en el n\u00famero antiguo.<\/p>\n\n\n\n<p>No obstante, el n\u00famero 9 de Olvidos de Granada no se redujo, como era de esperar, a estos temas. Al margen de las secciones habituales de rese\u00f1as, historietas, colaboraciones literarias, etc., el n\u00famero, que ciertamente parece un n\u00famero doble, recoge una serie de trabajos muy interesantes sobre la posmodernidad, V\u00edctor Hugo, la Generaci\u00f3n del Cincuenta (preparando el futuro congreso que organizar\u00eda la revista en diciembre de ese mismo a\u00f1o: <em>Palabras para un tiempo de silencio<\/em>), la \u00f3pera, el verano, Jean Fabre, etc., y nuevos temas locales: Julio Juste y Juan Vida en sendas entrevistas, el III Festival Internacional de Teatro, el primer marat\u00f3n de Fotograf\u00eda de Granada, y tantas cosas.<\/p>\n\n\n\n<p>De cualquier manera, lo que me llama la atenci\u00f3n hoy en d\u00eda, pasados casi treinta a\u00f1os, es la historieta que cerraba el n\u00famero en la contraportada. Titulada \u201cDespu\u00e9s de la muerte\u201d y escrita y dibujada por Carlos Hern\u00e1ndez, es la historia de alguien que camina arrastrando su cuerpo despu\u00e9s de la muerte. Una historia oscura, visionaria, muy al estilo de algunos poemas de William Blake y que contrasta vivamente con el ambiente de esperanza y optimismo de la \u00e9poca. Llama la atenci\u00f3n, pero tambi\u00e9n me recuerda que algunos de nosotros, nosotros los de entonces, vivimos una vida, en cierto modo, despu\u00e9s de alguna muerte. Esa historieta s\u00f3rdida, inquietante, tuvo algo de premonitoria y, por supuesto, no podr\u00eda escribirse hoy en d\u00eda, al menos de la misma manera.<\/p>\n\n\n<div  id=\"jtg-3698\" class=\"modula modula-gallery modula-creative-gallery\" data-config=\"{&quot;height&quot;:800,&quot;tabletHeight&quot;:800,&quot;mobileHeight&quot;:800,&quot;desktopHeight&quot;:800,&quot;enableTwitter&quot;:false,&quot;enableWhatsapp&quot;:false,&quot;enableFacebook&quot;:false,&quot;enablePinterest&quot;:false,&quot;enableLinkedin&quot;:false,&quot;enableEmail&quot;:false,&quot;randomFactor&quot;:0.5,&quot;type&quot;:&quot;creative-gallery&quot;,&quot;columns&quot;:12,&quot;gutter&quot;:10,&quot;mobileGutter&quot;:10,&quot;tabletGutter&quot;:10,&quot;desktopGutter&quot;:10,&quot;enableResponsive&quot;:&quot;0&quot;,&quot;tabletColumns&quot;:&quot;2&quot;,&quot;mobileColumns&quot;:&quot;1&quot;,&quot;lazyLoad&quot;:0,&quot;lightboxOpts&quot;:{&quot;animated&quot;:true,&quot;Thumbs&quot;:{&quot;type&quot;:&quot;modern&quot;,&quot;showOnStart&quot;:false},&quot;Toolbar&quot;:{&quot;display&quot;:{&quot;right&quot;:[&quot;close&quot;]},&quot;enabled&quot;:true},&quot;Carousel&quot;:{&quot;Panzoom&quot;:{&quot;touch&quot;:true},&quot;infinite&quot;:false},&quot;keyboard&quot;:{&quot;Escape&quot;:&quot;close&quot;,&quot;Delete&quot;:&quot;close&quot;,&quot;Backspace&quot;:&quot;close&quot;,&quot;PageUp&quot;:&quot;next&quot;,&quot;PageDown&quot;:&quot;prev&quot;,&quot;ArrowUp&quot;:&quot;prev&quot;,&quot;ArrowDown&quot;:&quot;next&quot;,&quot;ArrowRight&quot;:&quot;next&quot;,&quot;ArrowLeft&quot;:&quot;prev&quot;},&quot;wheel&quot;:&quot;slide&quot;,&quot;touch&quot;:true,&quot;backdropClick&quot;:&quot;close&quot;,&quot;l10n&quot;:{&quot;CLOSE&quot;:&quot;Cerrar&quot;,&quot;NEXT&quot;:&quot;Siguiente&quot;,&quot;PREV&quot;:&quot;Anterior&quot;,&quot;Error&quot;:&quot;No se ha podido cargar el contenido solicitado. Por favor, int\\u00e9ntalo de nuevo m\\u00e1s tarde.&quot;,&quot;PLAY_START&quot;:&quot;Empezar la presentaci\\u00f3n&quot;,&quot;PLAY_STOP&quot;:&quot;Pausar la presentaci\\u00f3n&quot;,&quot;FULL_SCREEN&quot;:&quot;Pantalla completa&quot;,&quot;THUMBS&quot;:&quot;Miniaturas&quot;,&quot;DOWNLOAD&quot;:&quot;Descargar&quot;,&quot;SHARE&quot;:&quot;Compartir&quot;,&quot;ZOOM&quot;:&quot;Zoom&quot;,&quot;EMAIL&quot;:&quot;Here is the link to the image : %%image_link%% and this is the link to the gallery : %%gallery_link%%&quot;,&quot;MODAL&quot;:&quot;Puedes cerrar este contenido emergente con la tecla ESC&quot;,&quot;ERROR&quot;:&quot;Algo ha ido mal, pro favor, prueba de nuevo m\\u00e1s tarde&quot;,&quot;IMAGE_ERROR&quot;:&quot;Imagen no encontrada&quot;,&quot;ELEMENT_NOT_FOUND&quot;:&quot;No se ha encontrado el elemento HTML&quot;,&quot;AJAX_NOT_FOUND&quot;:&quot;Error al cargar AJAX: No encontrado&quot;,&quot;AJAX_FORBIDDEN&quot;:&quot;Error al cargar AJAX: Prohibido&quot;,&quot;IFRAME_ERROR&quot;:&quot;Error al cargar la p\\u00e1gina&quot;,&quot;TOGGLE_ZOOM&quot;:&quot;Alternar nivel de ampliar\\\/acercar&quot;,&quot;TOGGLE_THUMBS&quot;:&quot;Alternar miniaturas&quot;,&quot;TOGGLE_SLIDESHOW&quot;:&quot;Alternar diapositiva&quot;,&quot;TOGGLE_FULLSCREEN&quot;:&quot;Cambiar al modo de pantalla completa&quot;},&quot;Images&quot;:{&quot;Panzoom&quot;:{&quot;maxScale&quot;:2}},&quot;mainClass&quot;:&quot;modula-fancybox-container modula-lightbox-jtg-3698&quot;,&quot;Html&quot;:{&quot;videoAutoplay&quot;:0,&quot;videoTpl&quot;:&quot;&lt;video class=\\&quot;fancybox__html5video\\&quot; controls muted playsinline controlsList controlsList=\\&quot;nodownload\\&quot; poster=\\&quot;{{poster}}\\&quot; src=\\&quot;{{src}}\\&quot; type=\\&quot;{{format}}\\&quot; &gt;  Sorry, your browser doesn&#039;t support embedded videos, &lt;a href=\\&quot;{{src}}\\&quot;&gt; download &lt;\\\/a&gt; and watch with your favorite video player! &lt;\\\/video&gt;&quot;}},&quot;inView&quot;:false,&quot;email_subject&quot;:&quot;Check out this awesome image !!&quot;,&quot;email_message&quot;:&quot;Here is the link to the image : %%image_link%% and this is the link to the gallery : %%gallery_link%%&quot;,&quot;lightbox&quot;:&quot;fancybox&quot;,&quot;lightbox_devices&quot;:&quot;both&quot;}\">\n\n\t\n\t<div  class=\"modula-items\">\n\t\t<div class=\"modula-item effect-pufrobo\" >\n\t<div class=\"modula-item-overlay\"><\/div>\n\n\t<div class=\"modula-item-content\">\n\n\t\t<a data-image-id=\"3699\" role=\"button\" tabindex=\"0\" rel=\"jtg-3698\" data-caption=\"\" aria-label=\"Abrir la imagen en una caja de luz\" class=\"tile-inner modula-item-link\"><\/a><img loading=\"lazy\" decoding=\"async\" class=\"pic wp-image-3699\"  data-valign=\"middle\" data-halign=\"center\" alt=\"\" data-full=\"https:\/\/olvidosdegranada.es\/wp-content\/uploads\/01-EQUIPO-GEL.jpg\" title=\"01 EQUIPO GEL\" crop=\"\" width=\"208\" height=\"300\" src=\"https:\/\/olvidosdegranada.es\/wp-content\/uploads\/01-EQUIPO-GEL-208x300.jpg\" data-src=\"https:\/\/olvidosdegranada.es\/wp-content\/uploads\/01-EQUIPO-GEL-208x300.jpg\" data-caption=\"\" srcset=\"https:\/\/olvidosdegranada.es\/wp-content\/uploads\/\/01-EQUIPO-GEL-scaled.jpg 1384w, https:\/\/olvidosdegranada.es\/wp-content\/uploads\/\/01-EQUIPO-GEL-scaled-208x300.jpg 208w, https:\/\/olvidosdegranada.es\/wp-content\/uploads\/\/01-EQUIPO-GEL-709x1024.jpg 709w, https:\/\/olvidosdegranada.es\/wp-content\/uploads\/\/01-EQUIPO-GEL-104x150.jpg 104w, https:\/\/olvidosdegranada.es\/wp-content\/uploads\/\/01-EQUIPO-GEL-768x1110.jpg 768w, https:\/\/olvidosdegranada.es\/wp-content\/uploads\/\/01-EQUIPO-GEL-1063x1536.jpg 1063w, https:\/\/olvidosdegranada.es\/wp-content\/uploads\/\/01-EQUIPO-GEL-1417x2048.jpg 1417w\" sizes=\"auto, (max-width: 208px) 100vw, 208px\" \/>\n\t\t<div class=\"figc no-description\">\n\t\t\t<div class=\"figc-inner\">\n\t\t\t\t\t\t\t\t\t<div class='jtg-title'>01 EQUIPO GEL<\/div>\n\t\t\t\t\t\t\t\t\t\t\t\t\t\t\t<\/div>\n\t\t<\/div>\n\n\t<\/div>\n\n<\/div><div class=\"modula-item effect-pufrobo\" >\n\t<div class=\"modula-item-overlay\"><\/div>\n\n\t<div class=\"modula-item-content\">\n\n\t\t<a data-image-id=\"3700\" role=\"button\" tabindex=\"0\" rel=\"jtg-3698\" data-caption=\"\" aria-label=\"Abrir la imagen en una caja de luz\" class=\"tile-inner modula-item-link\"><\/a><img loading=\"lazy\" decoding=\"async\" class=\"pic wp-image-3700\"  data-valign=\"middle\" data-halign=\"center\" alt=\"\" data-full=\"https:\/\/olvidosdegranada.es\/wp-content\/uploads\/02-PACO-QUIROSA.jpg\" title=\"02 PACO QUIROSA\" crop=\"\" width=\"208\" height=\"300\" src=\"https:\/\/olvidosdegranada.es\/wp-content\/uploads\/02-PACO-QUIROSA-208x300.jpg\" data-src=\"https:\/\/olvidosdegranada.es\/wp-content\/uploads\/02-PACO-QUIROSA-208x300.jpg\" data-caption=\"\" srcset=\"https:\/\/olvidosdegranada.es\/wp-content\/uploads\/\/02-PACO-QUIROSA-scaled.jpg 1384w, https:\/\/olvidosdegranada.es\/wp-content\/uploads\/\/02-PACO-QUIROSA-scaled-208x300.jpg 208w, https:\/\/olvidosdegranada.es\/wp-content\/uploads\/\/02-PACO-QUIROSA-709x1024.jpg 709w, https:\/\/olvidosdegranada.es\/wp-content\/uploads\/\/02-PACO-QUIROSA-104x150.jpg 104w, https:\/\/olvidosdegranada.es\/wp-content\/uploads\/\/02-PACO-QUIROSA-768x1110.jpg 768w, https:\/\/olvidosdegranada.es\/wp-content\/uploads\/\/02-PACO-QUIROSA-1063x1536.jpg 1063w, https:\/\/olvidosdegranada.es\/wp-content\/uploads\/\/02-PACO-QUIROSA-1417x2048.jpg 1417w\" sizes=\"auto, (max-width: 208px) 100vw, 208px\" \/>\n\t\t<div class=\"figc no-description\">\n\t\t\t<div class=\"figc-inner\">\n\t\t\t\t\t\t\t\t\t<div class='jtg-title'>02 PACO QUIROSA<\/div>\n\t\t\t\t\t\t\t\t\t\t\t\t\t\t\t<\/div>\n\t\t<\/div>\n\n\t<\/div>\n\n<\/div><div class=\"modula-item effect-pufrobo\" >\n\t<div class=\"modula-item-overlay\"><\/div>\n\n\t<div class=\"modula-item-content\">\n\n\t\t<a data-image-id=\"3701\" role=\"button\" tabindex=\"0\" rel=\"jtg-3698\" data-caption=\"\" aria-label=\"Abrir la imagen en una caja de luz\" class=\"tile-inner modula-item-link\"><\/a><img loading=\"lazy\" decoding=\"async\" class=\"pic wp-image-3701\"  data-valign=\"middle\" data-halign=\"center\" alt=\"\" data-full=\"https:\/\/olvidosdegranada.es\/wp-content\/uploads\/03-LOPEZ-CRUCES.jpg\" title=\"03 LOPEZ CRUCES\" crop=\"\" width=\"208\" height=\"300\" src=\"https:\/\/olvidosdegranada.es\/wp-content\/uploads\/03-LOPEZ-CRUCES-208x300.jpg\" data-src=\"https:\/\/olvidosdegranada.es\/wp-content\/uploads\/03-LOPEZ-CRUCES-208x300.jpg\" data-caption=\"\" srcset=\"https:\/\/olvidosdegranada.es\/wp-content\/uploads\/\/03-LOPEZ-CRUCES-scaled.jpg 1390w, https:\/\/olvidosdegranada.es\/wp-content\/uploads\/\/03-LOPEZ-CRUCES-scaled-208x300.jpg 208w, https:\/\/olvidosdegranada.es\/wp-content\/uploads\/\/03-LOPEZ-CRUCES-711x1024.jpg 711w, https:\/\/olvidosdegranada.es\/wp-content\/uploads\/\/03-LOPEZ-CRUCES-104x150.jpg 104w, https:\/\/olvidosdegranada.es\/wp-content\/uploads\/\/03-LOPEZ-CRUCES-768x1105.jpg 768w, https:\/\/olvidosdegranada.es\/wp-content\/uploads\/\/03-LOPEZ-CRUCES-1067x1536.jpg 1067w, https:\/\/olvidosdegranada.es\/wp-content\/uploads\/\/03-LOPEZ-CRUCES-1423x2048.jpg 1423w\" sizes=\"auto, (max-width: 208px) 100vw, 208px\" \/>\n\t\t<div class=\"figc no-description\">\n\t\t\t<div class=\"figc-inner\">\n\t\t\t\t\t\t\t\t\t<div class='jtg-title'>03 LOPEZ CRUCES<\/div>\n\t\t\t\t\t\t\t\t\t\t\t\t\t\t\t<\/div>\n\t\t<\/div>\n\n\t<\/div>\n\n<\/div><div class=\"modula-item effect-pufrobo\" >\n\t<div class=\"modula-item-overlay\"><\/div>\n\n\t<div class=\"modula-item-content\">\n\n\t\t<a data-image-id=\"3702\" role=\"button\" tabindex=\"0\" rel=\"jtg-3698\" data-caption=\"\" aria-label=\"Abrir la imagen en una caja de luz\" class=\"tile-inner modula-item-link\"><\/a><img loading=\"lazy\" decoding=\"async\" class=\"pic wp-image-3702\"  data-valign=\"middle\" data-halign=\"center\" alt=\"\" data-full=\"https:\/\/olvidosdegranada.es\/wp-content\/uploads\/04-RUBEN-GARRIDO.jpg\" title=\"04 RUBEN GARRIDO\" crop=\"\" width=\"208\" height=\"300\" src=\"https:\/\/olvidosdegranada.es\/wp-content\/uploads\/04-RUBEN-GARRIDO-208x300.jpg\" data-src=\"https:\/\/olvidosdegranada.es\/wp-content\/uploads\/04-RUBEN-GARRIDO-208x300.jpg\" data-caption=\"\" srcset=\"https:\/\/olvidosdegranada.es\/wp-content\/uploads\/\/04-RUBEN-GARRIDO-scaled.jpg 1384w, https:\/\/olvidosdegranada.es\/wp-content\/uploads\/\/04-RUBEN-GARRIDO-scaled-208x300.jpg 208w, https:\/\/olvidosdegranada.es\/wp-content\/uploads\/\/04-RUBEN-GARRIDO-709x1024.jpg 709w, https:\/\/olvidosdegranada.es\/wp-content\/uploads\/\/04-RUBEN-GARRIDO-104x150.jpg 104w, https:\/\/olvidosdegranada.es\/wp-content\/uploads\/\/04-RUBEN-GARRIDO-768x1110.jpg 768w, https:\/\/olvidosdegranada.es\/wp-content\/uploads\/\/04-RUBEN-GARRIDO-1063x1536.jpg 1063w, https:\/\/olvidosdegranada.es\/wp-content\/uploads\/\/04-RUBEN-GARRIDO-1417x2048.jpg 1417w\" sizes=\"auto, (max-width: 208px) 100vw, 208px\" \/>\n\t\t<div class=\"figc no-description\">\n\t\t\t<div class=\"figc-inner\">\n\t\t\t\t\t\t\t\t\t<div class='jtg-title'>04 RUBEN GARRIDO<\/div>\n\t\t\t\t\t\t\t\t\t\t\t\t\t\t\t<\/div>\n\t\t<\/div>\n\n\t<\/div>\n\n<\/div><div class=\"modula-item effect-pufrobo\" >\n\t<div class=\"modula-item-overlay\"><\/div>\n\n\t<div class=\"modula-item-content\">\n\n\t\t<a data-image-id=\"3703\" role=\"button\" tabindex=\"0\" rel=\"jtg-3698\" data-caption=\"\" aria-label=\"Abrir la imagen en una caja de luz\" class=\"tile-inner modula-item-link\"><\/a><img loading=\"lazy\" decoding=\"async\" class=\"pic wp-image-3703\"  data-valign=\"middle\" data-halign=\"center\" alt=\"\" data-full=\"https:\/\/olvidosdegranada.es\/wp-content\/uploads\/05-CARLOS-HERNANDEZ.jpg\" title=\"05 CARLOS HERNANDEZ\" crop=\"\" width=\"208\" height=\"300\" src=\"https:\/\/olvidosdegranada.es\/wp-content\/uploads\/05-CARLOS-HERNANDEZ-208x300.jpg\" data-src=\"https:\/\/olvidosdegranada.es\/wp-content\/uploads\/05-CARLOS-HERNANDEZ-208x300.jpg\" data-caption=\"\" srcset=\"https:\/\/olvidosdegranada.es\/wp-content\/uploads\/\/05-CARLOS-HERNANDEZ-scaled.jpg 1384w, https:\/\/olvidosdegranada.es\/wp-content\/uploads\/\/05-CARLOS-HERNANDEZ-scaled-208x300.jpg 208w, https:\/\/olvidosdegranada.es\/wp-content\/uploads\/\/05-CARLOS-HERNANDEZ-709x1024.jpg 709w, https:\/\/olvidosdegranada.es\/wp-content\/uploads\/\/05-CARLOS-HERNANDEZ-104x150.jpg 104w, https:\/\/olvidosdegranada.es\/wp-content\/uploads\/\/05-CARLOS-HERNANDEZ-768x1110.jpg 768w, https:\/\/olvidosdegranada.es\/wp-content\/uploads\/\/05-CARLOS-HERNANDEZ-1063x1536.jpg 1063w, https:\/\/olvidosdegranada.es\/wp-content\/uploads\/\/05-CARLOS-HERNANDEZ-1417x2048.jpg 1417w\" sizes=\"auto, (max-width: 208px) 100vw, 208px\" \/>\n\t\t<div class=\"figc no-description\">\n\t\t\t<div class=\"figc-inner\">\n\t\t\t\t\t\t\t\t\t<div class='jtg-title'>05 CARLOS HERNANDEZ<\/div>\n\t\t\t\t\t\t\t\t\t\t\t\t\t\t\t<\/div>\n\t\t<\/div>\n\n\t<\/div>\n\n<\/div>\t\t\n\t<\/div>\n\n\t\n\t\n\t<script type=\"application\/ld+json\">\n\t{\n\t\t\"@context\": \"https:\/\/schema.org\",\n\t\t\"@type\"   : \"ImageGallery\",\n\t\t\"id\"      : \"https:\/\/olvidosdegranada.es\/index.php\/2017\/05\/07\/olvidos-de-granda-no-9\/#modula-gallery-3698\",\n\t\t\"url\"     : \"https:\/\/olvidosdegranada.es\/index.php\/2017\/05\/07\/olvidos-de-granda-no-9\/\"\n\t}\n\n\t<\/script>\n\n\t\n<\/div>\n\n\n\n\n<h3 class=\"wp-block-heading\">Olvidos de Granada N\u00ba9<\/h3>\n\n\n\n<p><strong>Visualizar el n\u00famero 9 de Olvidos de Granada<\/strong><\/p>\n\n\n<div style=\"display:block\">\n<!-- FlowPaper PDF flipbook plugin v.2.0.8 wordpress.org\/plugins\/flowpaper\/ -->\n<iframe title=\"FlowPaper flipbook pdf viewer\" width=\"100%\" height=\"500\" scrolling=\"no\" class=\"flowpaper-class\" frameborder=\"0\" allowFullScreen=\"true\" lightbox=\"false\" cover id src = \"https:\/\/flowpaper.com\/flipbook\/?pdf=https:\/\/olvidosdegranada.es\/wp-content\/uploads\/2020\/12\/olvidosdegranada9_compressed.pdf?wp-hosted=1&title=&header=&theme=&singlepage=&thumbs=1&modified=2107011123\" seamless=\"seamless\" style=\"margin-bottom:0;display:block;\">Your browser does not seem to support iframes. <a href=\"https:\/\/flowpaper.com\/flipbook\/?pdf=https:\/\/olvidosdegranada.es\/wp-content\/uploads\/2020\/12\/olvidosdegranada9_compressed.pdf?wp-hosted=1\" target=\"_blank\">Click here to read this PDF<\/a>.<\/iframe>\n<div id=\"flowpaper-logo-bottom\" class=\"flowpaper-logo-bg\" style=\"background:linear-gradient(to right, rgba(0,0,0,0.65) 0%,rgba(0,0,0,0) 200px);width:100%;height:19px; padding-bottom: 1px; padding-left: 5px; padding-right: 10px; display: flex; align-items: center;z-index:9999\"><span style=\"height: 37px; padding-left: 6px;width:90%\"> <a id=\"flowpaper-link\" style=\"fill: #fff\" alt=\"FlowPaper logotype\" title=\"FlowPaper logotype\" href=\"https:\/\/flowpaper.com\" target=\"_blank\"> <img decoding=\"async\" alt=\"Publish PDF flipbooks online\" style=\"height:17px;width:auto;margin-top:11px;\" src=\"https:\/\/olvidosdegranada.es\/wp-content\/plugins\/flowpaper-lite-pdf-flipbook\/assets\/flowpaper-logo.png\" border=\"0\"> <\/a> <\/span><span style=\" float: right; right: 0; font-size: 10px; white-space: nowrap; opacity:0.8\"><a href=\"https:\/\/flowpaper.com\/flipbook-maker\/\" target=\"_new\" style=\"text-decoration:none;border-bottom:none;\">This flipbook was created in FlowPaper &#8599;<\/a><\/span><\/div><\/div>\r\n                <script>\r\n                document.addEventListener(\"DOMContentLoaded\", function(){\r\n                    var target_element, iframe_element;\r\n                    iframe_element = document.querySelector(\"iframe.flowpaper-class\");\r\n                    target_element = document.querySelector(\"\");\r\n                    iframe_element.style.height = target_element.offsetHeight + \"px\";\r\n                });\r\n                <\/script>\r\n            \n\n\n\n<p><a href=\"https:\/\/olvidosdegranada.es\/wp-content\/uploads\/2020\/12\/olvidosdegranada9_compressed.pdf\">Descargar el n\u00famero 9 de <em>Olvidos de Granada<\/em><\/a><\/p>\n","protected":false},"excerpt":{"rendered":"<p>En 1985 Olvidos de Granada aument\u00f3 considerablemente su volumen, abandonando el formato de peri\u00f3dico y &#8230; <\/p>\n<p class=\"read-more-container\"><a title=\"Olvidos de Granada n\u00ba 9\" class=\"read-more button\" href=\"https:\/\/olvidosdegranada.es\/index.php\/2017\/05\/07\/olvidos-de-granda-no-9\/#more-2439\" aria-label=\"Leer m\u00e1s sobre Olvidos de Granada n\u00ba 9\">Leer m\u00e1s<\/a><\/p>\n","protected":false},"author":1,"featured_media":2440,"comment_status":"open","ping_status":"closed","sticky":false,"template":"","format":"standard","meta":{"_acf_changed":false,"_jetpack_newsletter_access":"","_jetpack_dont_email_post_to_subs":false,"_jetpack_newsletter_tier_id":0,"_jetpack_memberships_contains_paywalled_content":false,"_jetpack_feature_clip_id":0,"_jetpack_memberships_contains_paid_content":false,"footnotes":"","jetpack_post_was_ever_published":false},"categories":[6],"tags":[],"class_list":["post-2439","post","type-post","status-publish","format-standard","has-post-thumbnail","hentry","category-memoria-de-olvidos","infinite-scroll-item","generate-columns","tablet-grid-50","mobile-grid-100","grid-parent","grid-33","no-featured-image-padding"],"acf":[],"yoast_head":"<!-- This site is optimized with the Yoast SEO plugin v28.3 - https:\/\/yoast.com\/product\/yoast-seo-wordpress\/ -->\n<title>Olvidos de Granada n\u00ba 9 - Olvidos de Granada<\/title>\n<meta name=\"description\" content=\"\u00c1lvaro Salvador En 1985 Olvidos de Granada aument\u00f3 considerablemente su volumen, abandonando el formato de peri\u00f3dico y abordando el de revista, lo que se acent\u00faa\" \/>\n<meta name=\"robots\" content=\"index, follow, max-snippet:-1, max-image-preview:large, max-video-preview:-1\" \/>\n<link rel=\"canonical\" href=\"https:\/\/olvidosdegranada.es\/index.php\/2017\/05\/07\/olvidos-de-granda-no-9\/\" \/>\n<meta property=\"og:locale\" content=\"es_ES\" \/>\n<meta property=\"og:type\" content=\"article\" \/>\n<meta property=\"og:title\" content=\"Olvidos de Granada n\u00ba 9 - Olvidos de Granada\" \/>\n<meta property=\"og:description\" content=\"\u00c1lvaro Salvador En 1985 Olvidos de Granada aument\u00f3 considerablemente su volumen, abandonando el formato de peri\u00f3dico y abordando el de revista, lo que se acent\u00faa\" \/>\n<meta property=\"og:url\" content=\"https:\/\/olvidosdegranada.es\/index.php\/2017\/05\/07\/olvidos-de-granda-no-9\/\" \/>\n<meta property=\"og:site_name\" content=\"Olvidos de Granada\" \/>\n<meta property=\"article:publisher\" content=\"https:\/\/www.facebook.com\/OLVIDOSDIGITAL\" \/>\n<meta property=\"article:published_time\" content=\"2017-05-07T09:56:29+00:00\" \/>\n<meta property=\"article:modified_time\" content=\"2021-07-01T23:23:24+00:00\" \/>\n<meta property=\"og:image\" content=\"https:\/\/olvidosdegranada.es\/wp-content\/uploads\/9.jpg\" \/>\n\t<meta property=\"og:image:width\" content=\"305\" \/>\n\t<meta property=\"og:image:height\" content=\"440\" \/>\n\t<meta property=\"og:image:type\" content=\"image\/jpeg\" \/>\n<meta name=\"author\" content=\"admin\" \/>\n<meta name=\"twitter:card\" content=\"summary_large_image\" \/>\n<meta name=\"twitter:creator\" content=\"@olvidospuntoes\" \/>\n<meta name=\"twitter:site\" content=\"@olvidospuntoes\" \/>\n<meta name=\"twitter:label1\" content=\"Escrito por\" \/>\n\t<meta name=\"twitter:data1\" content=\"admin\" \/>\n\t<meta name=\"twitter:label2\" content=\"Tiempo de lectura\" \/>\n\t<meta name=\"twitter:data2\" content=\"4 minutos\" \/>\n<script type=\"application\/ld+json\" class=\"yoast-schema-graph\">{\"@context\":\"https:\\\/\\\/schema.org\",\"@graph\":[{\"@type\":\"Article\",\"@id\":\"https:\\\/\\\/olvidosdegranada.es\\\/index.php\\\/2017\\\/05\\\/07\\\/olvidos-de-granda-no-9\\\/#article\",\"isPartOf\":{\"@id\":\"https:\\\/\\\/olvidosdegranada.es\\\/index.php\\\/2017\\\/05\\\/07\\\/olvidos-de-granda-no-9\\\/\"},\"author\":{\"name\":\"admin\",\"@id\":\"https:\\\/\\\/olvidosdegranada.es\\\/#\\\/schema\\\/person\\\/d49d9006f876d09eb11991e4209ba86e\"},\"headline\":\"Olvidos de Granada n\u00ba 9\",\"datePublished\":\"2017-05-07T09:56:29+00:00\",\"dateModified\":\"2021-07-01T23:23:24+00:00\",\"mainEntityOfPage\":{\"@id\":\"https:\\\/\\\/olvidosdegranada.es\\\/index.php\\\/2017\\\/05\\\/07\\\/olvidos-de-granda-no-9\\\/\"},\"wordCount\":934,\"commentCount\":0,\"publisher\":{\"@id\":\"https:\\\/\\\/olvidosdegranada.es\\\/#organization\"},\"image\":{\"@id\":\"https:\\\/\\\/olvidosdegranada.es\\\/index.php\\\/2017\\\/05\\\/07\\\/olvidos-de-granda-no-9\\\/#primaryimage\"},\"thumbnailUrl\":\"https:\\\/\\\/olvidosdegranada.es\\\/wp-content\\\/uploads\\\/9.jpg\",\"articleSection\":[\"Memoria de Olvidos\"],\"inLanguage\":\"es\",\"potentialAction\":[{\"@type\":\"CommentAction\",\"name\":\"Comment\",\"target\":[\"https:\\\/\\\/olvidosdegranada.es\\\/index.php\\\/2017\\\/05\\\/07\\\/olvidos-de-granda-no-9\\\/#respond\"]}]},{\"@type\":\"WebPage\",\"@id\":\"https:\\\/\\\/olvidosdegranada.es\\\/index.php\\\/2017\\\/05\\\/07\\\/olvidos-de-granda-no-9\\\/\",\"url\":\"https:\\\/\\\/olvidosdegranada.es\\\/index.php\\\/2017\\\/05\\\/07\\\/olvidos-de-granda-no-9\\\/\",\"name\":\"Olvidos de Granada n\u00ba 9 - Olvidos de Granada\",\"isPartOf\":{\"@id\":\"https:\\\/\\\/olvidosdegranada.es\\\/#website\"},\"primaryImageOfPage\":{\"@id\":\"https:\\\/\\\/olvidosdegranada.es\\\/index.php\\\/2017\\\/05\\\/07\\\/olvidos-de-granda-no-9\\\/#primaryimage\"},\"image\":{\"@id\":\"https:\\\/\\\/olvidosdegranada.es\\\/index.php\\\/2017\\\/05\\\/07\\\/olvidos-de-granda-no-9\\\/#primaryimage\"},\"thumbnailUrl\":\"https:\\\/\\\/olvidosdegranada.es\\\/wp-content\\\/uploads\\\/9.jpg\",\"datePublished\":\"2017-05-07T09:56:29+00:00\",\"dateModified\":\"2021-07-01T23:23:24+00:00\",\"description\":\"\u00c1lvaro Salvador En 1985 Olvidos de Granada aument\u00f3 considerablemente su volumen, abandonando el formato de peri\u00f3dico y abordando el de revista, lo que se acent\u00faa\",\"breadcrumb\":{\"@id\":\"https:\\\/\\\/olvidosdegranada.es\\\/index.php\\\/2017\\\/05\\\/07\\\/olvidos-de-granda-no-9\\\/#breadcrumb\"},\"inLanguage\":\"es\",\"potentialAction\":[{\"@type\":\"ReadAction\",\"target\":[\"https:\\\/\\\/olvidosdegranada.es\\\/index.php\\\/2017\\\/05\\\/07\\\/olvidos-de-granda-no-9\\\/\"]}]},{\"@type\":\"ImageObject\",\"inLanguage\":\"es\",\"@id\":\"https:\\\/\\\/olvidosdegranada.es\\\/index.php\\\/2017\\\/05\\\/07\\\/olvidos-de-granda-no-9\\\/#primaryimage\",\"url\":\"https:\\\/\\\/olvidosdegranada.es\\\/wp-content\\\/uploads\\\/9.jpg\",\"contentUrl\":\"https:\\\/\\\/olvidosdegranada.es\\\/wp-content\\\/uploads\\\/9.jpg\",\"width\":305,\"height\":440},{\"@type\":\"BreadcrumbList\",\"@id\":\"https:\\\/\\\/olvidosdegranada.es\\\/index.php\\\/2017\\\/05\\\/07\\\/olvidos-de-granda-no-9\\\/#breadcrumb\",\"itemListElement\":[{\"@type\":\"ListItem\",\"position\":1,\"name\":\"Portada\",\"item\":\"https:\\\/\\\/olvidosdegranada.es\\\/\"},{\"@type\":\"ListItem\",\"position\":2,\"name\":\"Olvidos de Granada n\u00ba 9\"}]},{\"@type\":\"WebSite\",\"@id\":\"https:\\\/\\\/olvidosdegranada.es\\\/#website\",\"url\":\"https:\\\/\\\/olvidosdegranada.es\\\/\",\"name\":\"Olvidos de Granada\",\"description\":\"Revista de acciones culturales\",\"publisher\":{\"@id\":\"https:\\\/\\\/olvidosdegranada.es\\\/#organization\"},\"potentialAction\":[{\"@type\":\"SearchAction\",\"target\":{\"@type\":\"EntryPoint\",\"urlTemplate\":\"https:\\\/\\\/olvidosdegranada.es\\\/?s={search_term_string}\"},\"query-input\":{\"@type\":\"PropertyValueSpecification\",\"valueRequired\":true,\"valueName\":\"search_term_string\"}}],\"inLanguage\":\"es\"},{\"@type\":\"Organization\",\"@id\":\"https:\\\/\\\/olvidosdegranada.es\\\/#organization\",\"name\":\"Olvidos de Granada\",\"url\":\"https:\\\/\\\/olvidosdegranada.es\\\/\",\"logo\":{\"@type\":\"ImageObject\",\"inLanguage\":\"es\",\"@id\":\"https:\\\/\\\/olvidosdegranada.es\\\/#\\\/schema\\\/logo\\\/image\\\/\",\"url\":\"https:\\\/\\\/olvidosdegranada.es\\\/wp-content\\\/uploads\\\/2020\\\/12\\\/Recurso-9.png\",\"contentUrl\":\"https:\\\/\\\/olvidosdegranada.es\\\/wp-content\\\/uploads\\\/2020\\\/12\\\/Recurso-9.png\",\"width\":700,\"height\":227,\"caption\":\"Olvidos de Granada\"},\"image\":{\"@id\":\"https:\\\/\\\/olvidosdegranada.es\\\/#\\\/schema\\\/logo\\\/image\\\/\"},\"sameAs\":[\"https:\\\/\\\/www.facebook.com\\\/OLVIDOSDIGITAL\",\"https:\\\/\\\/x.com\\\/olvidospuntoes\"]},{\"@type\":\"Person\",\"@id\":\"https:\\\/\\\/olvidosdegranada.es\\\/#\\\/schema\\\/person\\\/d49d9006f876d09eb11991e4209ba86e\",\"name\":\"admin\",\"image\":{\"@type\":\"ImageObject\",\"inLanguage\":\"es\",\"@id\":\"https:\\\/\\\/secure.gravatar.com\\\/avatar\\\/6841bef74a46032347ab171a5b1b96035599438130924d4e02f5492088f66813?s=96&d=mm&r=g\",\"url\":\"https:\\\/\\\/secure.gravatar.com\\\/avatar\\\/6841bef74a46032347ab171a5b1b96035599438130924d4e02f5492088f66813?s=96&d=mm&r=g\",\"contentUrl\":\"https:\\\/\\\/secure.gravatar.com\\\/avatar\\\/6841bef74a46032347ab171a5b1b96035599438130924d4e02f5492088f66813?s=96&d=mm&r=g\",\"caption\":\"admin\"},\"sameAs\":[\"https:\\\/\\\/olvidosdegranada.es\"],\"url\":\"https:\\\/\\\/olvidosdegranada.es\\\/index.php\\\/author\\\/alfonsosalazarmendias_5ho2eadb\\\/\"}]}<\/script>\n<!-- \/ Yoast SEO plugin. -->","yoast_head_json":{"title":"Olvidos de Granada n\u00ba 9 - Olvidos de Granada","description":"\u00c1lvaro Salvador En 1985 Olvidos de Granada aument\u00f3 considerablemente su volumen, abandonando el formato de peri\u00f3dico y abordando el de revista, lo que se acent\u00faa","robots":{"index":"index","follow":"follow","max-snippet":"max-snippet:-1","max-image-preview":"max-image-preview:large","max-video-preview":"max-video-preview:-1"},"canonical":"https:\/\/olvidosdegranada.es\/index.php\/2017\/05\/07\/olvidos-de-granda-no-9\/","og_locale":"es_ES","og_type":"article","og_title":"Olvidos de Granada n\u00ba 9 - Olvidos de Granada","og_description":"\u00c1lvaro Salvador En 1985 Olvidos de Granada aument\u00f3 considerablemente su volumen, abandonando el formato de peri\u00f3dico y abordando el de revista, lo que se acent\u00faa","og_url":"https:\/\/olvidosdegranada.es\/index.php\/2017\/05\/07\/olvidos-de-granda-no-9\/","og_site_name":"Olvidos de Granada","article_publisher":"https:\/\/www.facebook.com\/OLVIDOSDIGITAL","article_published_time":"2017-05-07T09:56:29+00:00","article_modified_time":"2021-07-01T23:23:24+00:00","og_image":[{"width":305,"height":440,"url":"https:\/\/olvidosdegranada.es\/wp-content\/uploads\/9.jpg","type":"image\/jpeg"}],"author":"admin","twitter_card":"summary_large_image","twitter_creator":"@olvidospuntoes","twitter_site":"@olvidospuntoes","twitter_misc":{"Escrito por":"admin","Tiempo de lectura":"4 minutos"},"schema":{"@context":"https:\/\/schema.org","@graph":[{"@type":"Article","@id":"https:\/\/olvidosdegranada.es\/index.php\/2017\/05\/07\/olvidos-de-granda-no-9\/#article","isPartOf":{"@id":"https:\/\/olvidosdegranada.es\/index.php\/2017\/05\/07\/olvidos-de-granda-no-9\/"},"author":{"name":"admin","@id":"https:\/\/olvidosdegranada.es\/#\/schema\/person\/d49d9006f876d09eb11991e4209ba86e"},"headline":"Olvidos de Granada n\u00ba 9","datePublished":"2017-05-07T09:56:29+00:00","dateModified":"2021-07-01T23:23:24+00:00","mainEntityOfPage":{"@id":"https:\/\/olvidosdegranada.es\/index.php\/2017\/05\/07\/olvidos-de-granda-no-9\/"},"wordCount":934,"commentCount":0,"publisher":{"@id":"https:\/\/olvidosdegranada.es\/#organization"},"image":{"@id":"https:\/\/olvidosdegranada.es\/index.php\/2017\/05\/07\/olvidos-de-granda-no-9\/#primaryimage"},"thumbnailUrl":"https:\/\/olvidosdegranada.es\/wp-content\/uploads\/9.jpg","articleSection":["Memoria de Olvidos"],"inLanguage":"es","potentialAction":[{"@type":"CommentAction","name":"Comment","target":["https:\/\/olvidosdegranada.es\/index.php\/2017\/05\/07\/olvidos-de-granda-no-9\/#respond"]}]},{"@type":"WebPage","@id":"https:\/\/olvidosdegranada.es\/index.php\/2017\/05\/07\/olvidos-de-granda-no-9\/","url":"https:\/\/olvidosdegranada.es\/index.php\/2017\/05\/07\/olvidos-de-granda-no-9\/","name":"Olvidos de Granada n\u00ba 9 - Olvidos de Granada","isPartOf":{"@id":"https:\/\/olvidosdegranada.es\/#website"},"primaryImageOfPage":{"@id":"https:\/\/olvidosdegranada.es\/index.php\/2017\/05\/07\/olvidos-de-granda-no-9\/#primaryimage"},"image":{"@id":"https:\/\/olvidosdegranada.es\/index.php\/2017\/05\/07\/olvidos-de-granda-no-9\/#primaryimage"},"thumbnailUrl":"https:\/\/olvidosdegranada.es\/wp-content\/uploads\/9.jpg","datePublished":"2017-05-07T09:56:29+00:00","dateModified":"2021-07-01T23:23:24+00:00","description":"\u00c1lvaro Salvador En 1985 Olvidos de Granada aument\u00f3 considerablemente su volumen, abandonando el formato de peri\u00f3dico y abordando el de revista, lo que se acent\u00faa","breadcrumb":{"@id":"https:\/\/olvidosdegranada.es\/index.php\/2017\/05\/07\/olvidos-de-granda-no-9\/#breadcrumb"},"inLanguage":"es","potentialAction":[{"@type":"ReadAction","target":["https:\/\/olvidosdegranada.es\/index.php\/2017\/05\/07\/olvidos-de-granda-no-9\/"]}]},{"@type":"ImageObject","inLanguage":"es","@id":"https:\/\/olvidosdegranada.es\/index.php\/2017\/05\/07\/olvidos-de-granda-no-9\/#primaryimage","url":"https:\/\/olvidosdegranada.es\/wp-content\/uploads\/9.jpg","contentUrl":"https:\/\/olvidosdegranada.es\/wp-content\/uploads\/9.jpg","width":305,"height":440},{"@type":"BreadcrumbList","@id":"https:\/\/olvidosdegranada.es\/index.php\/2017\/05\/07\/olvidos-de-granda-no-9\/#breadcrumb","itemListElement":[{"@type":"ListItem","position":1,"name":"Portada","item":"https:\/\/olvidosdegranada.es\/"},{"@type":"ListItem","position":2,"name":"Olvidos de Granada n\u00ba 9"}]},{"@type":"WebSite","@id":"https:\/\/olvidosdegranada.es\/#website","url":"https:\/\/olvidosdegranada.es\/","name":"Olvidos de Granada","description":"Revista de acciones culturales","publisher":{"@id":"https:\/\/olvidosdegranada.es\/#organization"},"potentialAction":[{"@type":"SearchAction","target":{"@type":"EntryPoint","urlTemplate":"https:\/\/olvidosdegranada.es\/?s={search_term_string}"},"query-input":{"@type":"PropertyValueSpecification","valueRequired":true,"valueName":"search_term_string"}}],"inLanguage":"es"},{"@type":"Organization","@id":"https:\/\/olvidosdegranada.es\/#organization","name":"Olvidos de Granada","url":"https:\/\/olvidosdegranada.es\/","logo":{"@type":"ImageObject","inLanguage":"es","@id":"https:\/\/olvidosdegranada.es\/#\/schema\/logo\/image\/","url":"https:\/\/olvidosdegranada.es\/wp-content\/uploads\/2020\/12\/Recurso-9.png","contentUrl":"https:\/\/olvidosdegranada.es\/wp-content\/uploads\/2020\/12\/Recurso-9.png","width":700,"height":227,"caption":"Olvidos de Granada"},"image":{"@id":"https:\/\/olvidosdegranada.es\/#\/schema\/logo\/image\/"},"sameAs":["https:\/\/www.facebook.com\/OLVIDOSDIGITAL","https:\/\/x.com\/olvidospuntoes"]},{"@type":"Person","@id":"https:\/\/olvidosdegranada.es\/#\/schema\/person\/d49d9006f876d09eb11991e4209ba86e","name":"admin","image":{"@type":"ImageObject","inLanguage":"es","@id":"https:\/\/secure.gravatar.com\/avatar\/6841bef74a46032347ab171a5b1b96035599438130924d4e02f5492088f66813?s=96&d=mm&r=g","url":"https:\/\/secure.gravatar.com\/avatar\/6841bef74a46032347ab171a5b1b96035599438130924d4e02f5492088f66813?s=96&d=mm&r=g","contentUrl":"https:\/\/secure.gravatar.com\/avatar\/6841bef74a46032347ab171a5b1b96035599438130924d4e02f5492088f66813?s=96&d=mm&r=g","caption":"admin"},"sameAs":["https:\/\/olvidosdegranada.es"],"url":"https:\/\/olvidosdegranada.es\/index.php\/author\/alfonsosalazarmendias_5ho2eadb\/"}]}},"jetpack_sharing_enabled":true,"jetpack_featured_media_url":"https:\/\/olvidosdegranada.es\/wp-content\/uploads\/9.jpg","_links":{"self":[{"href":"https:\/\/olvidosdegranada.es\/index.php\/wp-json\/wp\/v2\/posts\/2439","targetHints":{"allow":["GET"]}}],"collection":[{"href":"https:\/\/olvidosdegranada.es\/index.php\/wp-json\/wp\/v2\/posts"}],"about":[{"href":"https:\/\/olvidosdegranada.es\/index.php\/wp-json\/wp\/v2\/types\/post"}],"author":[{"embeddable":true,"href":"https:\/\/olvidosdegranada.es\/index.php\/wp-json\/wp\/v2\/users\/1"}],"replies":[{"embeddable":true,"href":"https:\/\/olvidosdegranada.es\/index.php\/wp-json\/wp\/v2\/comments?post=2439"}],"version-history":[{"count":4,"href":"https:\/\/olvidosdegranada.es\/index.php\/wp-json\/wp\/v2\/posts\/2439\/revisions"}],"predecessor-version":[{"id":3741,"href":"https:\/\/olvidosdegranada.es\/index.php\/wp-json\/wp\/v2\/posts\/2439\/revisions\/3741"}],"wp:featuredmedia":[{"embeddable":true,"href":"https:\/\/olvidosdegranada.es\/index.php\/wp-json\/wp\/v2\/media\/2440"}],"wp:attachment":[{"href":"https:\/\/olvidosdegranada.es\/index.php\/wp-json\/wp\/v2\/media?parent=2439"}],"wp:term":[{"taxonomy":"category","embeddable":true,"href":"https:\/\/olvidosdegranada.es\/index.php\/wp-json\/wp\/v2\/categories?post=2439"},{"taxonomy":"post_tag","embeddable":true,"href":"https:\/\/olvidosdegranada.es\/index.php\/wp-json\/wp\/v2\/tags?post=2439"}],"curies":[{"name":"wp","href":"https:\/\/api.w.org\/{rel}","templated":true}]}}