{"id":2428,"date":"2015-12-07T09:38:00","date_gmt":"2015-12-07T09:38:00","guid":{"rendered":"https:\/\/olvidosdegranada.es\/?p=2428"},"modified":"2021-07-01T23:20:21","modified_gmt":"2021-07-01T23:20:21","slug":"olvidos-de-granada-no-6","status":"publish","type":"post","link":"https:\/\/olvidosdegranada.es\/index.php\/2015\/12\/07\/olvidos-de-granada-no-6\/","title":{"rendered":"Olvidos de Granada n\u00ba 6"},"content":{"rendered":"\n<figure class=\"wp-block-pullquote\"><blockquote><p>En abril de 1985 se public\u00f3 el n\u00famero 6 de <em>Olvidos de Granada<\/em>. A partir de entonces se percib\u00eda un cambio constante y din\u00e1mico del dise\u00f1o de la revista, de manera que en la portada se pod\u00edan observar todos los contenidos de la misma. Pablo Alc\u00e1zar glosa aquel n\u00famero y entre otras muchas reflexiones que miran de atr\u00e1s al presente, se refiere a dos contenidos que aparecieron en la p\u00e1gina 2: un art\u00edculo de Antonio Cazorla y una vi\u00f1eta de Rub\u00e9n Garrido, dos hachazos duros y r\u00e1pidos.<\/p><\/blockquote><\/figure>\n\n\n\n<figure class=\"wp-block-image size-large is-style-default\"><img loading=\"lazy\" decoding=\"async\" width=\"747\" height=\"1024\" src=\"https:\/\/olvidosdegranada.es\/wp-content\/uploads\/imagen-1-olvidos-6-747x1024.jpg\" alt=\"\" class=\"wp-image-3713\" srcset=\"https:\/\/olvidosdegranada.es\/wp-content\/uploads\/\/imagen-1-olvidos-6-747x1024.jpg 747w, https:\/\/olvidosdegranada.es\/wp-content\/uploads\/\/imagen-1-olvidos-6-219x300.jpg 219w, https:\/\/olvidosdegranada.es\/wp-content\/uploads\/\/imagen-1-olvidos-6-109x150.jpg 109w, https:\/\/olvidosdegranada.es\/wp-content\/uploads\/\/imagen-1-olvidos-6-768x1053.jpg 768w, https:\/\/olvidosdegranada.es\/wp-content\/uploads\/\/imagen-1-olvidos-6-1120x1536.jpg 1120w, https:\/\/olvidosdegranada.es\/wp-content\/uploads\/\/imagen-1-olvidos-6-1493x2048.jpg 1493w, https:\/\/olvidosdegranada.es\/wp-content\/uploads\/\/imagen-1-olvidos-6-scaled.jpg 1458w\" sizes=\"auto, (max-width: 747px) 100vw, 747px\" \/><\/figure>\n\n\n\n<h2 class=\"wp-block-heading\">Escribir en voz alta, leer en voz baja<\/h2>\n\n\n\n<p>Al director de <em>Olvidos de Granada<\/em>, le entreg\u00e1bamos los art\u00edculos escritos a m\u00e1quina; conservo todav\u00eda el original de uno que me public\u00f3 la revista en julio de 1986, con la tipograf\u00eda de mi Underwood y mis correcciones a mano. Luego vinieron los procesadores de textos y ya escribir fue otra cosa. La emoci\u00f3n de corregir en pantalla y no tener que tirar 10 folios emborronados, por art\u00edculo, fue para m\u00ed tan fuerte como cuando me mont\u00e9 por primera vez en una Vespa. Tampoco exist\u00eda la Wikipedia ni estaban todav\u00eda digitalizadas publicaciones como <em>Triunfo<\/em> o <em>Tiempo de Historia<\/em>. La venta telem\u00e1tica era poco conocida en Espa\u00f1a. Para hacerme con la documentaci\u00f3n necesaria para redactar mi trabajo sobre la revista <em>Lecturas<\/em> del a\u00f1o 1936, tuve que echar mano de la generosidad de mi amigo Jos\u00e9 Javier Le\u00f3n que pas\u00f3 bastantes horas en los archivos de la Hemeroteca Municipal de Madrid, fotocopiando y microfilmando los n\u00fameros de la revista que me interesaban. El a\u00f1o pasado encontr\u00e9 por internet, en una tienda de viejo de las Islas Canarias, todos los ejemplares de <em>Lecturas<\/em> del a\u00f1o 36 encuadernados en dos vol\u00famenes al precio de 90 euros. La revista <em>Lecturas<\/em> de aquella \u00e9poca era el magac\u00edn de arte y literatura de la publicaci\u00f3n <em>El Hogar y la Moda<\/em>. Se editaba en Madrid y Barcelona, y se pas\u00f3 los seis primeros meses de la guerra civil sin hacer la m\u00e1s m\u00ednima referencia al conflicto armado. Sigui\u00f3 publicando novelitas, obras de teatro, rese\u00f1as y maravillosas fotos de las artistas del cine americano, como si no pasara nada. Algo se adivinaba detr\u00e1s de una nota de la redacci\u00f3n, aparecida en la tercera p\u00e1gina de la revista, en setiembre del 36, en la que se ped\u00edan disculpas a los lectores por las deficiencias y econom\u00eda de materiales de los \u00faltimos n\u00fameros.<\/p>\n\n\n\n<figure class=\"wp-block-image size-large is-style-default\"><img loading=\"lazy\" decoding=\"async\" width=\"740\" height=\"1024\" src=\"https:\/\/olvidosdegranada.es\/wp-content\/uploads\/imagen-2-olvidos-6-740x1024.jpg\" alt=\"\" class=\"wp-image-3714\" srcset=\"https:\/\/olvidosdegranada.es\/wp-content\/uploads\/\/imagen-2-olvidos-6-740x1024.jpg 740w, https:\/\/olvidosdegranada.es\/wp-content\/uploads\/\/imagen-2-olvidos-6-217x300.jpg 217w, https:\/\/olvidosdegranada.es\/wp-content\/uploads\/\/imagen-2-olvidos-6-108x150.jpg 108w, https:\/\/olvidosdegranada.es\/wp-content\/uploads\/\/imagen-2-olvidos-6-768x1063.jpg 768w, https:\/\/olvidosdegranada.es\/wp-content\/uploads\/\/imagen-2-olvidos-6-1110x1536.jpg 1110w, https:\/\/olvidosdegranada.es\/wp-content\/uploads\/\/imagen-2-olvidos-6-1480x2048.jpg 1480w, https:\/\/olvidosdegranada.es\/wp-content\/uploads\/\/imagen-2-olvidos-6-scaled.jpg 1445w\" sizes=\"auto, (max-width: 740px) 100vw, 740px\" \/><\/figure>\n\n\n\n<p>La revista Olvidos se editaba subvencionada por la Diputaci\u00f3n, en manos de los socialistas. Pero no ocultaba, como s\u00ed hac\u00eda <em>Lecturas<\/em>, al menos en este n\u00famero 6 de abril de 1985, los conflictos que ya comenzaban a enturbiar la actuaci\u00f3n del gobierno socialista. Porque la vida mancha, y el GAL y Barrionuevo y la gesti\u00f3n de la econom\u00eda, nada anticapitalista, comenzaban a manchar las esperanzas de la gente en el PSOE y as\u00ed lo explicaba en lugar destacado de la publicaci\u00f3n, Antonio Cazorla en su art\u00edculo \u201cEstamos en Oto\u00f1o\u201d. Y tambi\u00e9n la vi\u00f1eta de Rub\u00e9n que anunciaba la visita de Reagan a Espa\u00f1a; en ella el presidente aparec\u00eda representado por un esqueleto gigantesco que pisaba el mapa de Espa\u00f1a, ondeando la bandera de USA, y arropado por una constelaci\u00f3n de misiles. <em>Olvidos de Granada<\/em> despareci\u00f3 y <em>Pandora<\/em>, una publicaci\u00f3n de la Diputaci\u00f3n dedicada a las mujeres y a la literatura, tambi\u00e9n desapareci\u00f3. En alg\u00fan momento alguien pens\u00f3 que para qu\u00e9 gastar dinero p\u00fablico en que se metieran con uno o en que no lo halagaran a uno lo suficiente. Y tacharon de elitistas a estas dos publicaciones y canalizaron los dineros que se empleaban en ellas hacia folletitos de propaganda en los que sal\u00edan los pol\u00edticos fotografiados por los \u201cbarrios extremos\u201d o girando visita a \u201clas mujeres de los pueblos\u201d. En Granada, el Ayuntamiento contaba entonces con una revista municipal de 12 p\u00e1ginas en la que, como hoy en TG7, aparec\u00eda constantemente la efigie del alcalde, Jara entonces, Torres Hurtado ahora, atendiendo obsesivamente a los ciudadanos. S\u00ed, eran revistas de un alto nivel de exigencia de calidad y costosas, que ten\u00edan como modelos a <em>La revista de Occidente<\/em>, a <em>\u00cdnsula<\/em>, <em>Cuadernos para el Di\u00e1logo<\/em>, <em>Triunfo<\/em> o <em>El Ciervo<\/em>. Eran publicaciones caras, no porque cobraran los colaboradores, que lo hac\u00edan <em>gratis et amore<\/em>, sino porque estaban editadas con decoro. Los responsables de estas publicaciones ten\u00edan que solicitar de \u201cla intelectualidad\u201d proclive, las colaboraciones con la insistencia jaculatoria del \u201cRisicas\u201d, un pobre granadino que ped\u00eda a los transe\u00fantes con la letan\u00eda: \u201ctengo, hambre, mucha hambre\u201d. Se viv\u00eda todav\u00eda bajo la creencia de que la cultura era como un sacerdocio. Y los sacerdotes nos hab\u00edan hecho creer que no cobraban por sus buenas acciones o que el cobro era aplazado. Los colaboradores nos d\u00e1bamos por bien pagados con que nuestros nombres aparecieran entre los miembros del Consejo de Redacci\u00f3n de las revistas. Hoy tampoco se paga a los misioneros culturales. Y si alguno se atreve a preguntar qu\u00e9 se le va a dar por art\u00edculo o por actuaci\u00f3n, se le mira como a sacr\u00edlego y no se le vuelve a convocar.<\/p>\n\n\n\n<p><em>Olvidos de Granada<\/em> tampoco le hac\u00eda ascos al comic, al cine, al teatro o a la m\u00fasica de moda. El n\u00famero que ahora ofrecemos digitalizado, contiene art\u00edculos de creaci\u00f3n, rese\u00f1as de libros, de pel\u00edculas, varios art\u00edculos sobre Freud, ensayos y entrevistas tan jugosas como la que Mariano Maresca le hizo al editor, poeta, memorialista y, finalmente, senador socialista Carlos Barral . Un gracioso ha escrito en Facebook: \u201cYo de chico quer\u00eda ser escritor, pero le\u00ed el Quijote con 11 a\u00f1os y me di cuenta de que ese libro lo dec\u00eda casi todo y que no era sensato insistir. As\u00ed fue como me qued\u00e9 para vestir el Facebook\u201d. Vestir \u201cla nube\u201d, esa es la aspiraci\u00f3n de los millones de escritores que nos han crecido por todas partes y que publican en sus blogs, en Facebook, en Twitter, en Tuenti o en Men\u00e9ame, esperando que se produzca el milagro, y que las tres visitas que recibe diariamente, un buen d\u00eda, por mor de la casualidad o de la calidad, se conviertan en millones. Que el \u00faltimo microrrelato que colgaron en su blog se convierta en un microrrelato viral con m\u00e1s visitas que los videos de Beyonc\u00e9 o de Justin Bieber. La entrevista del editor Barral nos habla de un tiempo en el que, para ser conocido, hab\u00eda que conseguir que un editor leyera tu libro y te lo publicara. Pero Barral, tan descontento como los editores y escritores actuales, cuyas obras, nada m\u00e1s publicarse, se piratean, habla de las estrecheces del editor de los 80 y de las causas de esas carencias, con palabras expertas, fielmente transcritas por Maresca. Odio la palabra \u2018imprescindible\u2019 porque, nada m\u00e1s pronunciada, el azar o la necesidad la desmienten; pero <em>Olvidos<\/em> de abril del 1985, y la entrevista a la que me he referido, si no imprescindibles, si resultan interesantes para el que quiera saber lo que nos ha pasado en estos \u00faltimos treinta a\u00f1os con la lectura y con la escritura. Y tambi\u00e9n con eso que llaman \u2018cultura\u2019 y que hoy nadie sabe muy bien lo que es. El escenario es otro, la pirater\u00eda, las redes, la escritura como terapia\u2026, hablan de un contexto muy diferente del que rodeaba a <em>Olvidos de Granada<\/em>. Los que escrib\u00edamos en la revista pretend\u00edamos escribir como Dios, cuando dios escribi\u00f3 la Biblia, no el \u201cCantemos al amor de los amores\u201d, himno oficial del XXII Congreso Eucar\u00edstico Internacional que se celebr\u00f3 en Madrid en 1911 y que ha servido para que todas las congregaciones de monjas desafinen de forma casi blasfema. Aspir\u00e1bamos a tocarle con nuestra escritura la m\u00e9dula al misterio y quer\u00edamos ofrec\u00e9rselo al mundo como fruto de progreso y salvaci\u00f3n. Busc\u00e1bamos triunfar y tener exegetas y hermeneutas. Para hacerlo, nos somet\u00edamos o destroz\u00e1bamos un canon. Escrib\u00edamos en voz alta y le\u00edamos en silencio. Hoy, la mediaci\u00f3n de la academia o de revistas como <em>Olvidos<\/em>, ha sido dinamitada. No hay sacerdotes, ni pont\u00edfices ni puentes singulares. Y sin embargo, se sigue escribiendo no a voces, sino a gritos. Y se sigue leyendo en voz baja. La confusi\u00f3n es tremenda, pero totalmente esperanzadora, porque escribe m\u00e1s gente que nunca y lee mucha m\u00e1s gente que antes. En cualquier momento, proliferaran revistas como <em>Olvidos<\/em>, o <em>cosa del genere<\/em>. Del fondo de la caja de los truenos, siempre emerge la esperanza.<\/p>\n\n\n\n<h3 class=\"wp-block-heading\">Olvidos de Granada N\u00ba6<\/h3>\n\n\n\n<p><strong>Visualizar el n\u00famero 6 de Olvidos de Granada<\/strong><\/p>\n\n\n<div style=\"display:block\">\n<!-- FlowPaper PDF flipbook plugin v.2.0.8 wordpress.org\/plugins\/flowpaper\/ -->\n<iframe title=\"FlowPaper flipbook pdf viewer\" width=\"100%\" height=\"500\" scrolling=\"no\" class=\"flowpaper-class\" frameborder=\"0\" allowFullScreen=\"true\" lightbox=\"false\" cover id src = \"https:\/\/flowpaper.com\/flipbook\/?pdf=https:\/\/olvidosdegranada.es\/wp-content\/uploads\/2020\/12\/olvidosdegranada6_compressed.pdf?wp-hosted=1&title=&header=&theme=&singlepage=&thumbs=1&modified=2107011120\" seamless=\"seamless\" style=\"margin-bottom:0;display:block;\">Your browser does not seem to support iframes. <a href=\"https:\/\/flowpaper.com\/flipbook\/?pdf=https:\/\/olvidosdegranada.es\/wp-content\/uploads\/2020\/12\/olvidosdegranada6_compressed.pdf?wp-hosted=1\" target=\"_blank\">Click here to read this PDF<\/a>.<\/iframe>\n<div id=\"flowpaper-logo-bottom\" class=\"flowpaper-logo-bg\" style=\"background:linear-gradient(to right, rgba(0,0,0,0.65) 0%,rgba(0,0,0,0) 200px);width:100%;height:19px; padding-bottom: 1px; padding-left: 5px; padding-right: 10px; display: flex; align-items: center;z-index:9999\"><span style=\"height: 37px; padding-left: 6px;width:90%\"> <a id=\"flowpaper-link\" style=\"fill: #fff\" alt=\"FlowPaper logotype\" title=\"FlowPaper logotype\" href=\"https:\/\/flowpaper.com\" target=\"_blank\"> <img decoding=\"async\" alt=\"Publish PDF flipbooks online\" style=\"height:17px;width:auto;margin-top:11px;\" src=\"https:\/\/olvidosdegranada.es\/wp-content\/plugins\/flowpaper-lite-pdf-flipbook\/assets\/flowpaper-logo.png\" border=\"0\"> <\/a> <\/span><span style=\" float: right; right: 0; font-size: 10px; white-space: nowrap; opacity:0.8\"><a href=\"https:\/\/flowpaper.com\/flipbook-maker\/\" target=\"_new\" style=\"text-decoration:none;border-bottom:none;\">This flipbook was created in FlowPaper &#8599;<\/a><\/span><\/div><\/div>\r\n                <script>\r\n                document.addEventListener(\"DOMContentLoaded\", function(){\r\n                    var target_element, iframe_element;\r\n                    iframe_element = document.querySelector(\"iframe.flowpaper-class\");\r\n                    target_element = document.querySelector(\"\");\r\n                    iframe_element.style.height = target_element.offsetHeight + \"px\";\r\n                });\r\n                <\/script>\r\n            \n\n\n\n<p><a href=\"https:\/\/olvidosdegranada.es\/wp-content\/uploads\/2020\/12\/olvidosdegranada6_compressed.pdf\">Descargar el n\u00famero 6 de <em>Olvidos de Granada<\/em><\/a><\/p>\n","protected":false},"excerpt":{"rendered":"<p>En abril de 1985 se public\u00f3 el n\u00famero 6 de Olvidos de Granada. A partir &#8230; <\/p>\n<p class=\"read-more-container\"><a title=\"Olvidos de Granada n\u00ba 6\" class=\"read-more button\" href=\"https:\/\/olvidosdegranada.es\/index.php\/2015\/12\/07\/olvidos-de-granada-no-6\/#more-2428\" aria-label=\"Leer m\u00e1s sobre Olvidos de Granada n\u00ba 6\">Leer m\u00e1s<\/a><\/p>\n","protected":false},"author":1,"featured_media":2430,"comment_status":"open","ping_status":"closed","sticky":false,"template":"","format":"standard","meta":{"_acf_changed":false,"_jetpack_newsletter_access":"","_jetpack_dont_email_post_to_subs":false,"_jetpack_newsletter_tier_id":0,"_jetpack_memberships_contains_paywalled_content":false,"_jetpack_feature_clip_id":0,"_jetpack_memberships_contains_paid_content":false,"footnotes":"","jetpack_post_was_ever_published":false},"categories":[6],"tags":[],"class_list":["post-2428","post","type-post","status-publish","format-standard","has-post-thumbnail","hentry","category-memoria-de-olvidos","infinite-scroll-item","generate-columns","tablet-grid-50","mobile-grid-100","grid-parent","grid-33","no-featured-image-padding"],"acf":[],"yoast_head":"<!-- This site is optimized with the Yoast SEO plugin v28.3 - https:\/\/yoast.com\/product\/yoast-seo-wordpress\/ -->\n<title>Olvidos de Granada n\u00ba 6 - Olvidos de Granada<\/title>\n<meta name=\"description\" content=\"Pablo Alc\u00e1zar En abril de 1985 se public\u00f3 el n\u00famero 6 de Olvidos de Granada. A partir de entonces se percib\u00eda un cambio constante y din\u00e1mico del dise\u00f1o de la revista,\" \/>\n<meta name=\"robots\" content=\"index, follow, max-snippet:-1, max-image-preview:large, max-video-preview:-1\" \/>\n<link rel=\"canonical\" href=\"https:\/\/olvidosdegranada.es\/index.php\/2015\/12\/07\/olvidos-de-granada-no-6\/\" \/>\n<meta property=\"og:locale\" content=\"es_ES\" \/>\n<meta property=\"og:type\" content=\"article\" \/>\n<meta property=\"og:title\" content=\"Olvidos de Granada n\u00ba 6 - Olvidos de Granada\" \/>\n<meta property=\"og:description\" content=\"Pablo Alc\u00e1zar En abril de 1985 se public\u00f3 el n\u00famero 6 de Olvidos de Granada. A partir de entonces se percib\u00eda un cambio constante y din\u00e1mico del dise\u00f1o de la revista,\" \/>\n<meta property=\"og:url\" content=\"https:\/\/olvidosdegranada.es\/index.php\/2015\/12\/07\/olvidos-de-granada-no-6\/\" \/>\n<meta property=\"og:site_name\" content=\"Olvidos de Granada\" \/>\n<meta property=\"article:publisher\" content=\"https:\/\/www.facebook.com\/OLVIDOSDIGITAL\" \/>\n<meta property=\"article:published_time\" content=\"2015-12-07T09:38:00+00:00\" \/>\n<meta property=\"article:modified_time\" content=\"2021-07-01T23:20:21+00:00\" \/>\n<meta property=\"og:image\" content=\"https:\/\/olvidosdegranada.es\/wp-content\/uploads\/6.jpg\" \/>\n\t<meta property=\"og:image:width\" content=\"305\" \/>\n\t<meta property=\"og:image:height\" content=\"431\" \/>\n\t<meta property=\"og:image:type\" content=\"image\/jpeg\" \/>\n<meta name=\"author\" content=\"admin\" \/>\n<meta name=\"twitter:card\" content=\"summary_large_image\" \/>\n<meta name=\"twitter:creator\" content=\"@olvidospuntoes\" \/>\n<meta name=\"twitter:site\" content=\"@olvidospuntoes\" \/>\n<meta name=\"twitter:label1\" content=\"Escrito por\" \/>\n\t<meta name=\"twitter:data1\" content=\"admin\" \/>\n\t<meta name=\"twitter:label2\" content=\"Tiempo de lectura\" \/>\n\t<meta name=\"twitter:data2\" content=\"7 minutos\" \/>\n<script type=\"application\/ld+json\" class=\"yoast-schema-graph\">{\"@context\":\"https:\\\/\\\/schema.org\",\"@graph\":[{\"@type\":\"Article\",\"@id\":\"https:\\\/\\\/olvidosdegranada.es\\\/index.php\\\/2015\\\/12\\\/07\\\/olvidos-de-granada-no-6\\\/#article\",\"isPartOf\":{\"@id\":\"https:\\\/\\\/olvidosdegranada.es\\\/index.php\\\/2015\\\/12\\\/07\\\/olvidos-de-granada-no-6\\\/\"},\"author\":{\"name\":\"admin\",\"@id\":\"https:\\\/\\\/olvidosdegranada.es\\\/#\\\/schema\\\/person\\\/d49d9006f876d09eb11991e4209ba86e\"},\"headline\":\"Olvidos de Granada n\u00ba 6\",\"datePublished\":\"2015-12-07T09:38:00+00:00\",\"dateModified\":\"2021-07-01T23:20:21+00:00\",\"mainEntityOfPage\":{\"@id\":\"https:\\\/\\\/olvidosdegranada.es\\\/index.php\\\/2015\\\/12\\\/07\\\/olvidos-de-granada-no-6\\\/\"},\"wordCount\":1520,\"commentCount\":0,\"publisher\":{\"@id\":\"https:\\\/\\\/olvidosdegranada.es\\\/#organization\"},\"image\":{\"@id\":\"https:\\\/\\\/olvidosdegranada.es\\\/index.php\\\/2015\\\/12\\\/07\\\/olvidos-de-granada-no-6\\\/#primaryimage\"},\"thumbnailUrl\":\"https:\\\/\\\/olvidosdegranada.es\\\/wp-content\\\/uploads\\\/6.jpg\",\"articleSection\":[\"Memoria de Olvidos\"],\"inLanguage\":\"es\",\"potentialAction\":[{\"@type\":\"CommentAction\",\"name\":\"Comment\",\"target\":[\"https:\\\/\\\/olvidosdegranada.es\\\/index.php\\\/2015\\\/12\\\/07\\\/olvidos-de-granada-no-6\\\/#respond\"]}]},{\"@type\":\"WebPage\",\"@id\":\"https:\\\/\\\/olvidosdegranada.es\\\/index.php\\\/2015\\\/12\\\/07\\\/olvidos-de-granada-no-6\\\/\",\"url\":\"https:\\\/\\\/olvidosdegranada.es\\\/index.php\\\/2015\\\/12\\\/07\\\/olvidos-de-granada-no-6\\\/\",\"name\":\"Olvidos de Granada n\u00ba 6 - Olvidos de Granada\",\"isPartOf\":{\"@id\":\"https:\\\/\\\/olvidosdegranada.es\\\/#website\"},\"primaryImageOfPage\":{\"@id\":\"https:\\\/\\\/olvidosdegranada.es\\\/index.php\\\/2015\\\/12\\\/07\\\/olvidos-de-granada-no-6\\\/#primaryimage\"},\"image\":{\"@id\":\"https:\\\/\\\/olvidosdegranada.es\\\/index.php\\\/2015\\\/12\\\/07\\\/olvidos-de-granada-no-6\\\/#primaryimage\"},\"thumbnailUrl\":\"https:\\\/\\\/olvidosdegranada.es\\\/wp-content\\\/uploads\\\/6.jpg\",\"datePublished\":\"2015-12-07T09:38:00+00:00\",\"dateModified\":\"2021-07-01T23:20:21+00:00\",\"description\":\"Pablo Alc\u00e1zar En abril de 1985 se public\u00f3 el n\u00famero 6 de Olvidos de Granada. A partir de entonces se percib\u00eda un cambio constante y din\u00e1mico del dise\u00f1o de la revista,\",\"breadcrumb\":{\"@id\":\"https:\\\/\\\/olvidosdegranada.es\\\/index.php\\\/2015\\\/12\\\/07\\\/olvidos-de-granada-no-6\\\/#breadcrumb\"},\"inLanguage\":\"es\",\"potentialAction\":[{\"@type\":\"ReadAction\",\"target\":[\"https:\\\/\\\/olvidosdegranada.es\\\/index.php\\\/2015\\\/12\\\/07\\\/olvidos-de-granada-no-6\\\/\"]}]},{\"@type\":\"ImageObject\",\"inLanguage\":\"es\",\"@id\":\"https:\\\/\\\/olvidosdegranada.es\\\/index.php\\\/2015\\\/12\\\/07\\\/olvidos-de-granada-no-6\\\/#primaryimage\",\"url\":\"https:\\\/\\\/olvidosdegranada.es\\\/wp-content\\\/uploads\\\/6.jpg\",\"contentUrl\":\"https:\\\/\\\/olvidosdegranada.es\\\/wp-content\\\/uploads\\\/6.jpg\",\"width\":305,\"height\":431},{\"@type\":\"BreadcrumbList\",\"@id\":\"https:\\\/\\\/olvidosdegranada.es\\\/index.php\\\/2015\\\/12\\\/07\\\/olvidos-de-granada-no-6\\\/#breadcrumb\",\"itemListElement\":[{\"@type\":\"ListItem\",\"position\":1,\"name\":\"Portada\",\"item\":\"https:\\\/\\\/olvidosdegranada.es\\\/\"},{\"@type\":\"ListItem\",\"position\":2,\"name\":\"Olvidos de Granada n\u00ba 6\"}]},{\"@type\":\"WebSite\",\"@id\":\"https:\\\/\\\/olvidosdegranada.es\\\/#website\",\"url\":\"https:\\\/\\\/olvidosdegranada.es\\\/\",\"name\":\"Olvidos de Granada\",\"description\":\"Revista de acciones culturales\",\"publisher\":{\"@id\":\"https:\\\/\\\/olvidosdegranada.es\\\/#organization\"},\"potentialAction\":[{\"@type\":\"SearchAction\",\"target\":{\"@type\":\"EntryPoint\",\"urlTemplate\":\"https:\\\/\\\/olvidosdegranada.es\\\/?s={search_term_string}\"},\"query-input\":{\"@type\":\"PropertyValueSpecification\",\"valueRequired\":true,\"valueName\":\"search_term_string\"}}],\"inLanguage\":\"es\"},{\"@type\":\"Organization\",\"@id\":\"https:\\\/\\\/olvidosdegranada.es\\\/#organization\",\"name\":\"Olvidos de Granada\",\"url\":\"https:\\\/\\\/olvidosdegranada.es\\\/\",\"logo\":{\"@type\":\"ImageObject\",\"inLanguage\":\"es\",\"@id\":\"https:\\\/\\\/olvidosdegranada.es\\\/#\\\/schema\\\/logo\\\/image\\\/\",\"url\":\"https:\\\/\\\/olvidosdegranada.es\\\/wp-content\\\/uploads\\\/2020\\\/12\\\/Recurso-9.png\",\"contentUrl\":\"https:\\\/\\\/olvidosdegranada.es\\\/wp-content\\\/uploads\\\/2020\\\/12\\\/Recurso-9.png\",\"width\":700,\"height\":227,\"caption\":\"Olvidos de Granada\"},\"image\":{\"@id\":\"https:\\\/\\\/olvidosdegranada.es\\\/#\\\/schema\\\/logo\\\/image\\\/\"},\"sameAs\":[\"https:\\\/\\\/www.facebook.com\\\/OLVIDOSDIGITAL\",\"https:\\\/\\\/x.com\\\/olvidospuntoes\"]},{\"@type\":\"Person\",\"@id\":\"https:\\\/\\\/olvidosdegranada.es\\\/#\\\/schema\\\/person\\\/d49d9006f876d09eb11991e4209ba86e\",\"name\":\"admin\",\"image\":{\"@type\":\"ImageObject\",\"inLanguage\":\"es\",\"@id\":\"https:\\\/\\\/secure.gravatar.com\\\/avatar\\\/6841bef74a46032347ab171a5b1b96035599438130924d4e02f5492088f66813?s=96&d=mm&r=g\",\"url\":\"https:\\\/\\\/secure.gravatar.com\\\/avatar\\\/6841bef74a46032347ab171a5b1b96035599438130924d4e02f5492088f66813?s=96&d=mm&r=g\",\"contentUrl\":\"https:\\\/\\\/secure.gravatar.com\\\/avatar\\\/6841bef74a46032347ab171a5b1b96035599438130924d4e02f5492088f66813?s=96&d=mm&r=g\",\"caption\":\"admin\"},\"sameAs\":[\"https:\\\/\\\/olvidosdegranada.es\"],\"url\":\"https:\\\/\\\/olvidosdegranada.es\\\/index.php\\\/author\\\/alfonsosalazarmendias_5ho2eadb\\\/\"}]}<\/script>\n<!-- \/ Yoast SEO plugin. -->","yoast_head_json":{"title":"Olvidos de Granada n\u00ba 6 - Olvidos de Granada","description":"Pablo Alc\u00e1zar En abril de 1985 se public\u00f3 el n\u00famero 6 de Olvidos de Granada. A partir de entonces se percib\u00eda un cambio constante y din\u00e1mico del dise\u00f1o de la revista,","robots":{"index":"index","follow":"follow","max-snippet":"max-snippet:-1","max-image-preview":"max-image-preview:large","max-video-preview":"max-video-preview:-1"},"canonical":"https:\/\/olvidosdegranada.es\/index.php\/2015\/12\/07\/olvidos-de-granada-no-6\/","og_locale":"es_ES","og_type":"article","og_title":"Olvidos de Granada n\u00ba 6 - Olvidos de Granada","og_description":"Pablo Alc\u00e1zar En abril de 1985 se public\u00f3 el n\u00famero 6 de Olvidos de Granada. A partir de entonces se percib\u00eda un cambio constante y din\u00e1mico del dise\u00f1o de la revista,","og_url":"https:\/\/olvidosdegranada.es\/index.php\/2015\/12\/07\/olvidos-de-granada-no-6\/","og_site_name":"Olvidos de Granada","article_publisher":"https:\/\/www.facebook.com\/OLVIDOSDIGITAL","article_published_time":"2015-12-07T09:38:00+00:00","article_modified_time":"2021-07-01T23:20:21+00:00","og_image":[{"width":305,"height":431,"url":"https:\/\/olvidosdegranada.es\/wp-content\/uploads\/6.jpg","type":"image\/jpeg"}],"author":"admin","twitter_card":"summary_large_image","twitter_creator":"@olvidospuntoes","twitter_site":"@olvidospuntoes","twitter_misc":{"Escrito por":"admin","Tiempo de lectura":"7 minutos"},"schema":{"@context":"https:\/\/schema.org","@graph":[{"@type":"Article","@id":"https:\/\/olvidosdegranada.es\/index.php\/2015\/12\/07\/olvidos-de-granada-no-6\/#article","isPartOf":{"@id":"https:\/\/olvidosdegranada.es\/index.php\/2015\/12\/07\/olvidos-de-granada-no-6\/"},"author":{"name":"admin","@id":"https:\/\/olvidosdegranada.es\/#\/schema\/person\/d49d9006f876d09eb11991e4209ba86e"},"headline":"Olvidos de Granada n\u00ba 6","datePublished":"2015-12-07T09:38:00+00:00","dateModified":"2021-07-01T23:20:21+00:00","mainEntityOfPage":{"@id":"https:\/\/olvidosdegranada.es\/index.php\/2015\/12\/07\/olvidos-de-granada-no-6\/"},"wordCount":1520,"commentCount":0,"publisher":{"@id":"https:\/\/olvidosdegranada.es\/#organization"},"image":{"@id":"https:\/\/olvidosdegranada.es\/index.php\/2015\/12\/07\/olvidos-de-granada-no-6\/#primaryimage"},"thumbnailUrl":"https:\/\/olvidosdegranada.es\/wp-content\/uploads\/6.jpg","articleSection":["Memoria de Olvidos"],"inLanguage":"es","potentialAction":[{"@type":"CommentAction","name":"Comment","target":["https:\/\/olvidosdegranada.es\/index.php\/2015\/12\/07\/olvidos-de-granada-no-6\/#respond"]}]},{"@type":"WebPage","@id":"https:\/\/olvidosdegranada.es\/index.php\/2015\/12\/07\/olvidos-de-granada-no-6\/","url":"https:\/\/olvidosdegranada.es\/index.php\/2015\/12\/07\/olvidos-de-granada-no-6\/","name":"Olvidos de Granada n\u00ba 6 - Olvidos de Granada","isPartOf":{"@id":"https:\/\/olvidosdegranada.es\/#website"},"primaryImageOfPage":{"@id":"https:\/\/olvidosdegranada.es\/index.php\/2015\/12\/07\/olvidos-de-granada-no-6\/#primaryimage"},"image":{"@id":"https:\/\/olvidosdegranada.es\/index.php\/2015\/12\/07\/olvidos-de-granada-no-6\/#primaryimage"},"thumbnailUrl":"https:\/\/olvidosdegranada.es\/wp-content\/uploads\/6.jpg","datePublished":"2015-12-07T09:38:00+00:00","dateModified":"2021-07-01T23:20:21+00:00","description":"Pablo Alc\u00e1zar En abril de 1985 se public\u00f3 el n\u00famero 6 de Olvidos de Granada. A partir de entonces se percib\u00eda un cambio constante y din\u00e1mico del dise\u00f1o de la revista,","breadcrumb":{"@id":"https:\/\/olvidosdegranada.es\/index.php\/2015\/12\/07\/olvidos-de-granada-no-6\/#breadcrumb"},"inLanguage":"es","potentialAction":[{"@type":"ReadAction","target":["https:\/\/olvidosdegranada.es\/index.php\/2015\/12\/07\/olvidos-de-granada-no-6\/"]}]},{"@type":"ImageObject","inLanguage":"es","@id":"https:\/\/olvidosdegranada.es\/index.php\/2015\/12\/07\/olvidos-de-granada-no-6\/#primaryimage","url":"https:\/\/olvidosdegranada.es\/wp-content\/uploads\/6.jpg","contentUrl":"https:\/\/olvidosdegranada.es\/wp-content\/uploads\/6.jpg","width":305,"height":431},{"@type":"BreadcrumbList","@id":"https:\/\/olvidosdegranada.es\/index.php\/2015\/12\/07\/olvidos-de-granada-no-6\/#breadcrumb","itemListElement":[{"@type":"ListItem","position":1,"name":"Portada","item":"https:\/\/olvidosdegranada.es\/"},{"@type":"ListItem","position":2,"name":"Olvidos de Granada n\u00ba 6"}]},{"@type":"WebSite","@id":"https:\/\/olvidosdegranada.es\/#website","url":"https:\/\/olvidosdegranada.es\/","name":"Olvidos de Granada","description":"Revista de acciones culturales","publisher":{"@id":"https:\/\/olvidosdegranada.es\/#organization"},"potentialAction":[{"@type":"SearchAction","target":{"@type":"EntryPoint","urlTemplate":"https:\/\/olvidosdegranada.es\/?s={search_term_string}"},"query-input":{"@type":"PropertyValueSpecification","valueRequired":true,"valueName":"search_term_string"}}],"inLanguage":"es"},{"@type":"Organization","@id":"https:\/\/olvidosdegranada.es\/#organization","name":"Olvidos de Granada","url":"https:\/\/olvidosdegranada.es\/","logo":{"@type":"ImageObject","inLanguage":"es","@id":"https:\/\/olvidosdegranada.es\/#\/schema\/logo\/image\/","url":"https:\/\/olvidosdegranada.es\/wp-content\/uploads\/2020\/12\/Recurso-9.png","contentUrl":"https:\/\/olvidosdegranada.es\/wp-content\/uploads\/2020\/12\/Recurso-9.png","width":700,"height":227,"caption":"Olvidos de Granada"},"image":{"@id":"https:\/\/olvidosdegranada.es\/#\/schema\/logo\/image\/"},"sameAs":["https:\/\/www.facebook.com\/OLVIDOSDIGITAL","https:\/\/x.com\/olvidospuntoes"]},{"@type":"Person","@id":"https:\/\/olvidosdegranada.es\/#\/schema\/person\/d49d9006f876d09eb11991e4209ba86e","name":"admin","image":{"@type":"ImageObject","inLanguage":"es","@id":"https:\/\/secure.gravatar.com\/avatar\/6841bef74a46032347ab171a5b1b96035599438130924d4e02f5492088f66813?s=96&d=mm&r=g","url":"https:\/\/secure.gravatar.com\/avatar\/6841bef74a46032347ab171a5b1b96035599438130924d4e02f5492088f66813?s=96&d=mm&r=g","contentUrl":"https:\/\/secure.gravatar.com\/avatar\/6841bef74a46032347ab171a5b1b96035599438130924d4e02f5492088f66813?s=96&d=mm&r=g","caption":"admin"},"sameAs":["https:\/\/olvidosdegranada.es"],"url":"https:\/\/olvidosdegranada.es\/index.php\/author\/alfonsosalazarmendias_5ho2eadb\/"}]}},"jetpack_sharing_enabled":true,"jetpack_featured_media_url":"https:\/\/olvidosdegranada.es\/wp-content\/uploads\/6.jpg","_links":{"self":[{"href":"https:\/\/olvidosdegranada.es\/index.php\/wp-json\/wp\/v2\/posts\/2428","targetHints":{"allow":["GET"]}}],"collection":[{"href":"https:\/\/olvidosdegranada.es\/index.php\/wp-json\/wp\/v2\/posts"}],"about":[{"href":"https:\/\/olvidosdegranada.es\/index.php\/wp-json\/wp\/v2\/types\/post"}],"author":[{"embeddable":true,"href":"https:\/\/olvidosdegranada.es\/index.php\/wp-json\/wp\/v2\/users\/1"}],"replies":[{"embeddable":true,"href":"https:\/\/olvidosdegranada.es\/index.php\/wp-json\/wp\/v2\/comments?post=2428"}],"version-history":[{"count":5,"href":"https:\/\/olvidosdegranada.es\/index.php\/wp-json\/wp\/v2\/posts\/2428\/revisions"}],"predecessor-version":[{"id":3739,"href":"https:\/\/olvidosdegranada.es\/index.php\/wp-json\/wp\/v2\/posts\/2428\/revisions\/3739"}],"wp:featuredmedia":[{"embeddable":true,"href":"https:\/\/olvidosdegranada.es\/index.php\/wp-json\/wp\/v2\/media\/2430"}],"wp:attachment":[{"href":"https:\/\/olvidosdegranada.es\/index.php\/wp-json\/wp\/v2\/media?parent=2428"}],"wp:term":[{"taxonomy":"category","embeddable":true,"href":"https:\/\/olvidosdegranada.es\/index.php\/wp-json\/wp\/v2\/categories?post=2428"},{"taxonomy":"post_tag","embeddable":true,"href":"https:\/\/olvidosdegranada.es\/index.php\/wp-json\/wp\/v2\/tags?post=2428"}],"curies":[{"name":"wp","href":"https:\/\/api.w.org\/{rel}","templated":true}]}}