{"id":2318,"date":"2014-02-06T21:58:01","date_gmt":"2014-02-06T21:58:01","guid":{"rendered":"https:\/\/olvidosdegranada.es\/?p=2318"},"modified":"2020-12-06T22:25:27","modified_gmt":"2020-12-06T22:25:27","slug":"manuel-falces-2","status":"publish","type":"post","link":"https:\/\/olvidosdegranada.es\/index.php\/2014\/02\/06\/manuel-falces-2\/","title":{"rendered":"Manuel Falces \/Autorretratos"},"content":{"rendered":"\n<h3 class=\"wp-block-heading\">Mariano Maresca<\/h3>\n\n\n\n<p>En junio de 2011, me reun\u00ed en Almer\u00eda con Matilde S\u00e1nchez para preparar nuestra edici\u00f3n sobre la \u00faltima obra de Manuel Falces. Pero en aquellos d\u00edas Matilde me mostr\u00f3 una impresionante colecci\u00f3n de unas 600 fotograf\u00edas que eran autorretratos de toda la vida de Manolo. Pod\u00eda ver las im\u00e1genes del principio de la vida de Manolo desde los a\u00f1os 67-68, y tambi\u00e9n s\u00ed final. Desde el inicio, Matilde y yo pensamos en preparar una colecci\u00f3n con la que se pudiera ofrecer algo de \u00abtoda la vida\u00bb de Manolo. Y Matilde, que empez\u00f3 a trabajar con todas las fotograf\u00edas de Manolo sobre s\u00ed mismo, termin\u00f3 con unos pocos autorretratos que ser\u00e1n finalmente un libro.<br>olvidos.es presenta ahora una breve muestra de esa colecci\u00f3n de <em>Autorretratos<\/em> de Manuel Falces.<\/p>\n\n\n\n<figure class=\"wp-block-image size-large\"><img loading=\"lazy\" decoding=\"async\" width=\"1024\" height=\"397\" src=\"https:\/\/olvidosdegranada.es\/wp-content\/uploads\/FALCES-PRUEBA-1-1024x397.jpg\" alt=\"\" class=\"wp-image-2321\" srcset=\"https:\/\/olvidosdegranada.es\/wp-content\/uploads\/\/FALCES-PRUEBA-1-1024x397.jpg 1024w, https:\/\/olvidosdegranada.es\/wp-content\/uploads\/\/FALCES-PRUEBA-1-300x116.jpg 300w, https:\/\/olvidosdegranada.es\/wp-content\/uploads\/\/FALCES-PRUEBA-1-150x58.jpg 150w, https:\/\/olvidosdegranada.es\/wp-content\/uploads\/\/FALCES-PRUEBA-1-768x297.jpg 768w, https:\/\/olvidosdegranada.es\/wp-content\/uploads\/\/FALCES-PRUEBA-1-1536x595.jpg 1536w, https:\/\/olvidosdegranada.es\/wp-content\/uploads\/\/FALCES-PRUEBA-1-2048x793.jpg 2048w, https:\/\/olvidosdegranada.es\/wp-content\/uploads\/\/FALCES-PRUEBA-1-scaled.jpg 2000w\" sizes=\"auto, (max-width: 1024px) 100vw, 1024px\" \/><\/figure>\n\n\n<!--nextpage-->\n\n\n\n<figure class=\"wp-block-embed\"><div class=\"wp-block-embed__wrapper\">\nhttp:\/\/www.cedecom.net\/tesis\/2010\/invierno\/pgm5-HomenajeManuelFalces_HQ.mov\n<\/div><\/figure>\n\n\n<!--nextpage-->\n\n\n\n<h3 class=\"wp-block-heading\">Conversaci\u00f3n entre Matilde S\u00e1nchez Imberl\u00f3n y Mariano Maresca<\/h3>\n\n\n\n<p>Mariano.- H\u00e1blame de <em>La Habitaci\u00f3n secreta<\/em>. En esta serie est\u00e1 la mirada de Manolo, \u00bfno es as\u00ed?<\/p>\n\n\n\n<p>Matilde. &#8211; Algunos de los textos hablan de recuerdos de su infancia, y las fotos se completan con la mirada. El siempre tuvo a flor de piel los recuerdos de su ni\u00f1ez. Al realizar estas fotos era como un buscador de recuerdos queriendo encontrar los suyos en aquellos espacios.<\/p>\n\n\n\n<p>Mariano.- Son libros acogedores. Uno se da cuenta inmediatamente de que est\u00e1 ante algo importante y yo dir\u00eda privado, libros objetos que dan la impresi\u00f3n de libros espont\u00e1neos pero a la vez escogidos con mimo.<\/p>\n\n\n\n<p>Matilde.- Algo privado, pero a la vez son objetos que quien los tenga puede hacerlo suyo. El trabajo de la habitaci\u00f3n secreta surgi\u00f3 con la intenci\u00f3n de realizar un cat\u00e1logo de las casas de Almer\u00eda y provincia para posteriormente evitar su destrucci\u00f3n.<\/p>\n\n\n\n<p>Mariano.- \u00bfCu\u00e1ndo os conoc\u00e9is Manolo y t\u00fa?<\/p>\n\n\n\n<p>Matilde. &#8211; En 1970, tras una serie de encuentros, fundamentalmente uno durante el rodaje de la pel\u00edcula <em>Catlow<\/em>, en el claustro de la Escuela de Artes de Almer\u00eda.<\/p>\n\n\n\n<p>Mariano.- Antes de conocerlo \u00bfte interesaba la fotograf\u00eda?<\/p>\n\n\n\n<p>Matilde.- No la conoc\u00eda, pero siempre mostr\u00f3 una tendencia creativa y desde la primera toma de contacto me fascin\u00f3. Al principio hac\u00eda de modelo, despu\u00e9s ayudaba con los estilismos para las fotos, la localizaci\u00f3n de escenarios, la realizaci\u00f3n de maquetas y recortables fotogr\u00e1ficos, el revelado de negativos y el copiado en el laboratorio\u2026 Realiz\u00e1bamos guiones y esquemas previos a las fotos, acompa\u00f1ados de un listado de objetos necesarios.<\/p>\n\n\n\n<p>Mariano.-Cuando Manolo empieza a dedicarse ya de manera asidua a la fotograf\u00eda en Almer\u00eda hab\u00eda una tradici\u00f3n que era la del grupo AFAL. \u00bfManolo conecta con AFAL?\u00bfO toma un punto de vista distinto?<\/p>\n\n\n\n<p>Matilde.- \u00c9l siempre m\u00e1s bien tiende a despegarse, a buscar un estilo propio. Practic\u00e1bamos lectura compartida: Proust, Lovecraft, Hesse, hasta llegar a los fotomontajes con todo este mundo on\u00edrico sacado de las lecturas y con influencias tambi\u00e9n de Fellini y de la m\u00fasica.<\/p>\n\n\n\n<p>Mariano.- Has nombrado a Fellini. Hay un libro <em>El Tr\u00e1nsito<\/em> que hace pensar \u00bfqu\u00e9 le atra\u00eda de&nbsp; Fellini? Por una parte est\u00e1 la transfiguraci\u00f3n po\u00e9tica de la realidad, pero tambi\u00e9n el darle a los sue\u00f1os estatus de vida real. Hab\u00eda una gran conexi\u00f3n entre los fotomontajes y la obra de Fellini.<\/p>\n\n\n\n<p>Matilde.- Algunas de las ideas sobre fotos las ve\u00eda reflejadas en el cine de Fellini. Hab\u00eda dos pel\u00edculas que siempre le gustaba ver: <em>Amarcord <\/em>y <em>Casablanca<\/em><\/p>\n\n\n\n<p>Mariano.- Imagino que se re\u00eda mucho.<\/p>\n\n\n\n<p>Matilde.- S\u00ed, a carcajadas. Una gran foto de Fellini con un rinoceronte en una barca durante el rodaje de <em>E la nave va<\/em> ocupa un lugar importante en el estudio.<\/p>\n\n\n\n<p>Mariano.- \u00bfQu\u00e9 recuerdas de sus primeras exposiciones?<\/p>\n\n\n\n<p>Matilde.- Empez\u00f3 muy joven, hace poco encontr\u00e9 una foto que pon\u00eda en el reverso \u201cMi primera foto, Manuel Falces, 1965\u201d. Aquellos a\u00f1os (finales de los sesenta) fueron los de los concursos, de los entonces llamados Salones de Fotograf\u00eda. Despu\u00e9s expuso en el colegio mayor de Granada, que fue su residencia los primeros a\u00f1os de carrera, la galer\u00eda Carlos Mars\u00e1 de Granada, Photocentro de Madrid\u2026 Granada fue muy importante en sus comienzos.<\/p>\n\n\n\n<p>Mariano.- El fotomontaje es una t\u00e9cnica y un lenguaje.<\/p>\n\n\n\n<p>Matilde. &#8211; El fotomontaje era y sigue siendo una forma de expresi\u00f3n. Era capaz de suplir la falta de medios para una puesta en escena, como plat\u00f3, actores\u2026 Para eso, utilizaba la tijera y el pegamento, maquetas, manipulaci\u00f3n de negativos. Tambi\u00e9n era una forma de rebeld\u00eda, de romper con las formas cl\u00e1sicas. En el carnet de fot\u00f3grafo dec\u00eda que eras \u201cfot\u00f3grafo artesano\u201d. Manolo ha sido el fot\u00f3grafo completo. Ha hecho todo en torno a la fotograf\u00eda; si fuera flamenco dir\u00eda que toc\u00f3 todos los palos.<\/p>\n\n\n\n<p>Mariano. &#8211; Me llama mucho la atenci\u00f3n. Yo segu\u00eda sus publicaciones de <em>El Pa\u00eds Semanal<\/em>, los consejos que daba, \u00e9l probaba todas las nuevas tecnolog\u00edas.<\/p>\n\n\n\n<p>Matilde.- Es cierto, lo probaba todo. Alguna vez \u00e9l mismo se denominaba un alquimista de la imagen. <em>El Pa\u00eds<\/em> fue un reto. En los setenta, una publicaci\u00f3n que nos gustaba era <em>La Gaceta del Arte,<\/em> pero se echaba de menos la fotograf\u00eda, que parec\u00eda reservada para las revistas especializadas. Manolo quer\u00eda que la fotograf\u00eda fuera incluida en las p\u00e1ginas de arte de los peri\u00f3dicos. Comenz\u00f3 a publicar en <em>El Pa\u00eds de las artes<\/em>, <em>Arte y Pensamiento<\/em>, <em>Semanal<\/em>, <em>Babelia<\/em>\u2026 M\u00e1s de quinientos art\u00edculos.<\/p>\n\n\n\n<p>Mariano.- \u00bfMe cuentas su relaci\u00f3n con Cartier-Bresson?<\/p>\n\n\n\n<p>Matilde.- Cartier-Bresson acept\u00f3 formar parte y apoyar el proyecto IMAGINA con la condici\u00f3n de no hacer fotos ni ser fotografiado. Manolo siempre respet\u00f3 esa condici\u00f3n a pesar de los muchos momentos que compartimos con \u00e9l y Martine Frank, aunque otros hicieron fotograf\u00edas, pero no se lo tom\u00f3 mal. Gracias a eso tengo una foto de los dos, Henri y Manuel, frente a frente.<\/p>\n\n\n\n<p>Mariano.- Alguna otra historia de IMAGINA, porque eso es un proyecto&#8230;<\/p>\n\n\n\n<p>Matilde.- Fueron muchas, una lista de excelentes fot\u00f3grafos de todo el mundo. Me acuerdo, por ejemplo, de Evgen Bavcar, un fot\u00f3grafo ciego que perdi\u00f3 la vista a consecuencia de una mina e iba siempre con su lazarillo. Parec\u00eda cosa de magia, una persona absolutamente fant\u00e1stica. O Illan Wolff, que utilizaba latas y cajas de detergente para construir sus c\u00e1maras. Alguno fij\u00f3 su residencia en Almer\u00eda, y otros siguen pasando por aqu\u00ed para descansar<\/p>\n\n\n\n<p>Mariano.- Un salto: Valente.<\/p>\n\n\n\n<p>Matilde.- Les present\u00f3 un amigo com\u00fan y al hacerlo dijo: \u201cte presento a tu hermano\u201d, y no se equivocaba. Eran dos poetas, uno de la palabra y otro de la imagen, y con muchas coincidencias de pensamiento. Surgi\u00f3 un sentimiento muy profundo, en el cual me incluyo.<\/p>\n\n\n\n<p>Mariano.- \u00bfC\u00f3mo empezasteis a trabajar con Valente?<\/p>\n\n\n\n<p>Matilde.- Primero fue en Cabo de Gata. De los recorridos por el Parque Natural surgi\u00f3 la idea del libro. <em>El Pa\u00eds Semanal<\/em> public\u00f3 un amplio reportaje y m\u00e1s tarde se edit\u00f3 el libro <em>Cabo de Gata. La memoria y la luz<\/em>. Los dos me invitaron a hacer muchas cosas, ten\u00eda total libertad para trabajar con im\u00e1genes y palabras, un lujo para m\u00ed.<\/p>\n\n\n\n<p>Mariano.- \u00bfC\u00f3mo se hizo el libro?<\/p>\n\n\n\n<p>Matilde.- Cuando le dije que quer\u00eda algunos textos escritos a mano comenzamos casi un ritual: no pod\u00eda ser cualquier bol\u00edgrafo ni tampoco cualquier papel (esto ya me encantaba). Los originales de aquellos textos, que me regal\u00f3, los guardo entre papeles de seda, con el mimo que merecen. El papel del libro se encarg\u00f3 expresamente y lo llamaron \u201cCabo de Gata\u201d.<\/p>\n\n\n\n<p>Mariano.- \u00bfHay algo importante detr\u00e1s de ello, una intenci\u00f3n, una idea?<\/p>\n\n\n\n<p>Matilde.- Claro que s\u00ed. Ten\u00eda que ser un libro en clave po\u00e9tica y el papel importaba mucho para lograrlo, renunciando a un papel de calidad fotogr\u00e1fica. Hab\u00eda una mirada po\u00e9tica del fot\u00f3grafo y a la vez, una mirada fotogr\u00e1fica del poeta, las miradas compartidas.<\/p>\n\n\n\n<p>Mariano. &#8211; Despu\u00e9s utilizas tambi\u00e9n ese tipo de papel para los libros de \u201cLa habitaci\u00f3n secreta\u201d y he visto pruebas en el estudio de fotograf\u00edas de un color muy especial en un tipo de papel en el que las fotograf\u00edas parecen pinturas.<\/p>\n\n\n\n<p>Matilde.- Se desconceptualizan. Es como otro lenguaje dentro de las mismas fotograf\u00edas.<\/p>\n\n\n\n<p>Mariano.- En el libro de Valente est\u00e1n los grandes temas de toda la vida de Manolo, todo el trabajo que hab\u00e9is hecho los dos en fotograf\u00eda, est\u00e1 la sombra de las cosas, la duraci\u00f3n de las cosas, la desaparici\u00f3n, tambi\u00e9n la aparici\u00f3n, la epifan\u00eda, est\u00e1 la transfiguraci\u00f3n de la realidad&#8230; Es un libro que, a su vez, es la obra de Valente, las \u201cmiradas compartidas\u201d.<\/p>\n\n\n\n<p>Matilde.- Si, es que son las \u201cmiradas compartidas\u201d<\/p>\n\n\n\n<p>Mariano.- A pesar de todas esas cosas, de todo este tema de la desposesi\u00f3n, la sombra, la desaparici\u00f3n, todo eso, yo personalmente tengo un recuerdo muy vivo de la risa, incluso de la carcajada de Manolo como algo que defin\u00eda muy bien su manera de estar ante la realidad. A veces era provocadora.<br><\/p>\n\n\n\n<p>Matilde.- Cr\u00edtica, ir\u00f3nica, era una carcajada con muchos registros.<\/p>\n\n\n\n<p>Mariano.- T\u00fa antes has utilizado una expresi\u00f3n que tambi\u00e9n ten\u00eda, al mismo tiempo, algo de lobo estepario<\/p>\n\n\n\n<p>Matilde.- \u00c9l se defin\u00eda a s\u00ed mismo como un lobo estepario. Alberto Shommer se identificaba con \u00e9l por esto, dec\u00eda que eran dos lobos esteparios. Creo que \u00e9l ten\u00eda su propia definici\u00f3n. La descripci\u00f3n que hace Herman Hesse de lobo estepario no creo que tenga que ver con \u00e9l, puede que alguna cosilla, pero solo eso.<\/p>\n\n\n\n<p>Mariano.- Me has contado que ahora que est\u00e1s sumergida, porque no se puede decir de otra manera, en la inmensa obra de Manolo. Han aparecido una cantidad extraordinaria de autorretratos.<\/p>\n\n\n\n<p>Matilde.- S\u00ed, son autorretratos que la mayor\u00eda de las veces los hac\u00eda para terminar un carrete y cambiarlo y, claro, como tantas otras veces que \u00e9l me dec\u00eda \u201cyo ya hecho las fotos; ahora t\u00fa sabr\u00e1s lo que haces con ellas\u201d, y s\u00e9 perfectamente lo que quiero hacer con los autorretratos.<\/p>\n\n\n\n<p>Almer\u00eda, julio de 2011<\/p>\n\n\n\n<figure class=\"wp-block-image size-large\"><img loading=\"lazy\" decoding=\"async\" width=\"743\" height=\"1024\" src=\"https:\/\/olvidosdegranada.es\/wp-content\/uploads\/FOTO-MATILDE-743x1024.jpg\" alt=\"\" class=\"wp-image-2361\" srcset=\"https:\/\/olvidosdegranada.es\/wp-content\/uploads\/FOTO-MATILDE-743x1024.jpg 743w, https:\/\/olvidosdegranada.es\/wp-content\/uploads\/FOTO-MATILDE-218x300.jpg 218w, https:\/\/olvidosdegranada.es\/wp-content\/uploads\/FOTO-MATILDE-109x150.jpg 109w, https:\/\/olvidosdegranada.es\/wp-content\/uploads\/FOTO-MATILDE-768x1058.jpg 768w, https:\/\/olvidosdegranada.es\/wp-content\/uploads\/FOTO-MATILDE-1115x1536.jpg 1115w, https:\/\/olvidosdegranada.es\/wp-content\/uploads\/FOTO-MATILDE.jpg 1337w\" sizes=\"auto, (max-width: 743px) 100vw, 743px\" \/><\/figure>\n\n\n<!--nextpage-->\n\n\n\n<h3 class=\"wp-block-heading\">Fernando Valls<\/h3>\n\n\n\n<p>En blanco y negro, semidesnudo, en el momento de disparar la c\u00e1mara o enmarcado tras el retrovisor, en distintas \u00e9pocas, en segundo t\u00e9rmino, con monos artificiales, con o sin paisaje de fondo (entre estatuas cl\u00e1sicas o en urinarios), erecto o inclinado, con la imagen multiplicada, <em>puesta en abismo<\/em>, solo o acompa\u00f1ado por los suyos, entre espejos -y reflejos- c\u00f3ncavos y convexos, subrayado por la distorsi\u00f3n de la imagen, sin gafas, en la sima del cuarto de ba\u00f1o o del hospital. El retrato como autorretrato. As\u00ed se muestra con la c\u00e1mara, en el acto de fotografiar, reflejado tambi\u00e9n en escorzo, multiplicado, a veces enmarcado junto a su familia, envuelto por cierta atm\u00f3sfera, rodeado de diversos objetos.<br>Se trata de mirar para ser visto, para ser observado. Mira el fot\u00f3grafo y mira el espectador, gener\u00e1ndose una complicidad entre ambos. Un autorretrato puede quedar congelado, pero 37 acaban adquiriendo movimiento, vida, e incluso una cierta pasi\u00f3n. Si Manolo Falces se dej\u00f3 ver poco, ahora se muestra quiz\u00e1 como quer\u00eda ser visto, como deseaba que lo vi\u00e9ramos. Tambi\u00e9n as\u00ed lo recordaremos.<\/p>\n\n\n\n<figure class=\"wp-block-image size-large\"><img loading=\"lazy\" decoding=\"async\" width=\"1024\" height=\"512\" src=\"https:\/\/olvidosdegranada.es\/wp-content\/uploads\/FALCES-PRUEBA-2-1024x512.jpg\" alt=\"\" class=\"wp-image-2322\" srcset=\"https:\/\/olvidosdegranada.es\/wp-content\/uploads\/\/FALCES-PRUEBA-2-1024x512.jpg 1024w, https:\/\/olvidosdegranada.es\/wp-content\/uploads\/\/FALCES-PRUEBA-2-300x150.jpg 300w, https:\/\/olvidosdegranada.es\/wp-content\/uploads\/\/FALCES-PRUEBA-2-150x75.jpg 150w, https:\/\/olvidosdegranada.es\/wp-content\/uploads\/\/FALCES-PRUEBA-2-768x384.jpg 768w, https:\/\/olvidosdegranada.es\/wp-content\/uploads\/\/FALCES-PRUEBA-2-1536x768.jpg 1536w, https:\/\/olvidosdegranada.es\/wp-content\/uploads\/\/FALCES-PRUEBA-2-2048x1024.jpg 2048w, https:\/\/olvidosdegranada.es\/wp-content\/uploads\/\/FALCES-PRUEBA-2-scaled.jpg 2000w\" sizes=\"auto, (max-width: 1024px) 100vw, 1024px\" \/><\/figure>\n\n\n<!--nextpage-->\n\n\n<div  id=\"jtg-2323\" class=\"modula modula-gallery modula-columns\" data-config=\"{&quot;tabletHeight&quot;:800,&quot;mobileHeight&quot;:800,&quot;desktopHeight&quot;:800,&quot;enableTwitter&quot;:false,&quot;enableWhatsapp&quot;:false,&quot;enableFacebook&quot;:false,&quot;enablePinterest&quot;:false,&quot;enableLinkedin&quot;:false,&quot;enableEmail&quot;:false,&quot;randomFactor&quot;:0.5,&quot;type&quot;:&quot;grid&quot;,&quot;columns&quot;:12,&quot;gutter&quot;:10,&quot;mobileGutter&quot;:10,&quot;tabletGutter&quot;:10,&quot;desktopGutter&quot;:10,&quot;enableResponsive&quot;:&quot;0&quot;,&quot;tabletColumns&quot;:&quot;2&quot;,&quot;mobileColumns&quot;:&quot;1&quot;,&quot;lazyLoad&quot;:0,&quot;lightboxOpts&quot;:{&quot;animated&quot;:true,&quot;Thumbs&quot;:{&quot;type&quot;:&quot;modern&quot;,&quot;showOnStart&quot;:false},&quot;Toolbar&quot;:{&quot;display&quot;:{&quot;right&quot;:[&quot;close&quot;]},&quot;enabled&quot;:true},&quot;Carousel&quot;:{&quot;Panzoom&quot;:{&quot;touch&quot;:true},&quot;infinite&quot;:false},&quot;keyboard&quot;:{&quot;Escape&quot;:&quot;close&quot;,&quot;Delete&quot;:&quot;close&quot;,&quot;Backspace&quot;:&quot;close&quot;,&quot;PageUp&quot;:&quot;next&quot;,&quot;PageDown&quot;:&quot;prev&quot;,&quot;ArrowUp&quot;:&quot;prev&quot;,&quot;ArrowDown&quot;:&quot;next&quot;,&quot;ArrowRight&quot;:&quot;next&quot;,&quot;ArrowLeft&quot;:&quot;prev&quot;},&quot;wheel&quot;:&quot;slide&quot;,&quot;touch&quot;:true,&quot;backdropClick&quot;:&quot;close&quot;,&quot;l10n&quot;:{&quot;CLOSE&quot;:&quot;Cerrar&quot;,&quot;NEXT&quot;:&quot;Siguiente&quot;,&quot;PREV&quot;:&quot;Anterior&quot;,&quot;Error&quot;:&quot;No se ha podido cargar el contenido solicitado. Por favor, int\\u00e9ntalo de nuevo m\\u00e1s tarde.&quot;,&quot;PLAY_START&quot;:&quot;Empezar la presentaci\\u00f3n&quot;,&quot;PLAY_STOP&quot;:&quot;Pausar la presentaci\\u00f3n&quot;,&quot;FULL_SCREEN&quot;:&quot;Pantalla completa&quot;,&quot;THUMBS&quot;:&quot;Miniaturas&quot;,&quot;DOWNLOAD&quot;:&quot;Descargar&quot;,&quot;SHARE&quot;:&quot;Compartir&quot;,&quot;ZOOM&quot;:&quot;Zoom&quot;,&quot;EMAIL&quot;:&quot;Here is the link to the image : %%image_link%% and this is the link to the gallery : %%gallery_link%%&quot;,&quot;MODAL&quot;:&quot;Puedes cerrar este contenido emergente con la tecla ESC&quot;,&quot;ERROR&quot;:&quot;Algo ha ido mal, pro favor, prueba de nuevo m\\u00e1s tarde&quot;,&quot;IMAGE_ERROR&quot;:&quot;Imagen no encontrada&quot;,&quot;ELEMENT_NOT_FOUND&quot;:&quot;No se ha encontrado el elemento HTML&quot;,&quot;AJAX_NOT_FOUND&quot;:&quot;Error al cargar AJAX: No encontrado&quot;,&quot;AJAX_FORBIDDEN&quot;:&quot;Error al cargar AJAX: Prohibido&quot;,&quot;IFRAME_ERROR&quot;:&quot;Error al cargar la p\\u00e1gina&quot;,&quot;TOGGLE_ZOOM&quot;:&quot;Alternar nivel de ampliar\\\/acercar&quot;,&quot;TOGGLE_THUMBS&quot;:&quot;Alternar miniaturas&quot;,&quot;TOGGLE_SLIDESHOW&quot;:&quot;Alternar diapositiva&quot;,&quot;TOGGLE_FULLSCREEN&quot;:&quot;Cambiar al modo de pantalla completa&quot;},&quot;Images&quot;:{&quot;Panzoom&quot;:{&quot;maxScale&quot;:2}},&quot;mainClass&quot;:&quot;modula-fancybox-container modula-lightbox-jtg-2323&quot;,&quot;Html&quot;:{&quot;videoAutoplay&quot;:0,&quot;videoTpl&quot;:&quot;&lt;video class=\\&quot;fancybox__html5video\\&quot; controls muted playsinline controlsList controlsList=\\&quot;nodownload\\&quot; poster=\\&quot;{{poster}}\\&quot; src=\\&quot;{{src}}\\&quot; type=\\&quot;{{format}}\\&quot; &gt;  Sorry, your browser doesn&#039;t support embedded videos, &lt;a href=\\&quot;{{src}}\\&quot;&gt; download &lt;\\\/a&gt; and watch with your favorite video player! &lt;\\\/video&gt;&quot;}},&quot;inView&quot;:false,&quot;email_subject&quot;:&quot;Check out this awesome image !!&quot;,&quot;email_message&quot;:&quot;Here is the link to the image : %%image_link%% and this is the link to the gallery : %%gallery_link%%&quot;,&quot;grid_type&quot;:&quot;automatic&quot;,&quot;rowHeight&quot;:150,&quot;lastRow&quot;:&quot;justify&quot;,&quot;lightbox&quot;:&quot;fancybox&quot;,&quot;lightbox_devices&quot;:&quot;both&quot;}\">\n\n\t\n\t<div  class=\"modula-items grid-gallery\">\n\t\t<div class=\"modula-item effect-pufrobo\" >\n\t<div class=\"modula-item-overlay\"><\/div>\n\n\t<div class=\"modula-item-content\">\n\n\t\t<a data-image-id=\"2324\" role=\"button\" tabindex=\"0\" rel=\"jtg-2323\" data-caption=\"\" aria-label=\"Abrir la imagen en una caja de luz\" class=\"tile-inner modula-item-link\"><\/a><img loading=\"lazy\" decoding=\"async\" class=\"pic wp-image-2324\"  data-valign=\"middle\" data-halign=\"center\" alt=\"Autorretratos: Manuel Falces\" data-full=\"https:\/\/olvidosdegranada.es\/wp-content\/uploads\/0LOGUITO-PROCESO-2.jpg\" title=\"0LOGUITO PROCESO 2\" crop=\"\" width=\"300\" height=\"174\" src=\"https:\/\/olvidosdegranada.es\/wp-content\/uploads\/0LOGUITO-PROCESO-2-300x174.jpg\" data-src=\"https:\/\/olvidosdegranada.es\/wp-content\/uploads\/0LOGUITO-PROCESO-2-300x174.jpg\" data-caption=\"\" srcset=\"https:\/\/olvidosdegranada.es\/wp-content\/uploads\/0LOGUITO-PROCESO-2.jpg 1719w, https:\/\/olvidosdegranada.es\/wp-content\/uploads\/0LOGUITO-PROCESO-2-300x174.jpg 300w, https:\/\/olvidosdegranada.es\/wp-content\/uploads\/0LOGUITO-PROCESO-2-1024x595.jpg 1024w, https:\/\/olvidosdegranada.es\/wp-content\/uploads\/0LOGUITO-PROCESO-2-150x87.jpg 150w, https:\/\/olvidosdegranada.es\/wp-content\/uploads\/0LOGUITO-PROCESO-2-768x446.jpg 768w, https:\/\/olvidosdegranada.es\/wp-content\/uploads\/0LOGUITO-PROCESO-2-1536x893.jpg 1536w\" sizes=\"auto, (max-width: 300px) 100vw, 300px\" \/>\n\t\t<div class=\"figc no-description\">\n\t\t\t<div class=\"figc-inner\">\n\t\t\t\t\t\t\t\t\t\t\t\t\t\t\t<\/div>\n\t\t<\/div>\n\n\t<\/div>\n\n<\/div><div class=\"modula-item effect-pufrobo\" >\n\t<div class=\"modula-item-overlay\"><\/div>\n\n\t<div class=\"modula-item-content\">\n\n\t\t<a data-image-id=\"2325\" role=\"button\" tabindex=\"0\" rel=\"jtg-2323\" data-caption=\"\" aria-label=\"Abrir la imagen en una caja de luz\" class=\"tile-inner modula-item-link\"><\/a><img loading=\"lazy\" decoding=\"async\" class=\"pic wp-image-2325\"  data-valign=\"middle\" data-halign=\"center\" alt=\"Autorretratos: Manuel Falces\" data-full=\"https:\/\/olvidosdegranada.es\/wp-content\/uploads\/AUTORRETRATOS-olvidos.es-01.jpg\" title=\"AUTORRETRATOS olvidos.es - 01\" crop=\"\" width=\"300\" height=\"207\" src=\"https:\/\/olvidosdegranada.es\/wp-content\/uploads\/AUTORRETRATOS-olvidos.es-01-300x207.jpg\" data-src=\"https:\/\/olvidosdegranada.es\/wp-content\/uploads\/AUTORRETRATOS-olvidos.es-01-300x207.jpg\" data-caption=\"\" srcset=\"https:\/\/olvidosdegranada.es\/wp-content\/uploads\/\/AUTORRETRATOS-olvidos.es-01-scaled.jpg 2000w, https:\/\/olvidosdegranada.es\/wp-content\/uploads\/\/AUTORRETRATOS-olvidos.es-01-scaled-300x207.jpg 300w, https:\/\/olvidosdegranada.es\/wp-content\/uploads\/\/AUTORRETRATOS-olvidos.es-01-1024x707.jpg 1024w, https:\/\/olvidosdegranada.es\/wp-content\/uploads\/\/AUTORRETRATOS-olvidos.es-01-150x104.jpg 150w, https:\/\/olvidosdegranada.es\/wp-content\/uploads\/\/AUTORRETRATOS-olvidos.es-01-768x530.jpg 768w, https:\/\/olvidosdegranada.es\/wp-content\/uploads\/\/AUTORRETRATOS-olvidos.es-01-1536x1060.jpg 1536w, https:\/\/olvidosdegranada.es\/wp-content\/uploads\/\/AUTORRETRATOS-olvidos.es-01-2048x1414.jpg 2048w\" sizes=\"auto, (max-width: 300px) 100vw, 300px\" \/>\n\t\t<div class=\"figc no-description\">\n\t\t\t<div class=\"figc-inner\">\n\t\t\t\t\t\t\t\t\t\t\t\t\t\t\t<\/div>\n\t\t<\/div>\n\n\t<\/div>\n\n<\/div><div class=\"modula-item effect-pufrobo\" >\n\t<div class=\"modula-item-overlay\"><\/div>\n\n\t<div class=\"modula-item-content\">\n\n\t\t<a data-image-id=\"2326\" role=\"button\" tabindex=\"0\" rel=\"jtg-2323\" data-caption=\"Exif_JPEG_PICTURE\" aria-label=\"Abrir la imagen en una caja de luz\" class=\"tile-inner modula-item-link\"><\/a><img loading=\"lazy\" decoding=\"async\" class=\"pic wp-image-2326\"  data-valign=\"middle\" data-halign=\"center\" alt=\"Manuel Falces\" data-full=\"https:\/\/olvidosdegranada.es\/wp-content\/uploads\/AUTORRETRATOS-olvidos.es-03.jpg\" title=\"Exif_JPEG_PICTURE\" crop=\"\" width=\"300\" height=\"198\" src=\"https:\/\/olvidosdegranada.es\/wp-content\/uploads\/AUTORRETRATOS-olvidos.es-03-300x198.jpg\" data-src=\"https:\/\/olvidosdegranada.es\/wp-content\/uploads\/AUTORRETRATOS-olvidos.es-03-300x198.jpg\" data-caption=\"Exif_JPEG_PICTURE\" srcset=\"https:\/\/olvidosdegranada.es\/wp-content\/uploads\/\/AUTORRETRATOS-olvidos.es-03-scaled.jpg 2000w, https:\/\/olvidosdegranada.es\/wp-content\/uploads\/\/AUTORRETRATOS-olvidos.es-03-scaled-300x198.jpg 300w, https:\/\/olvidosdegranada.es\/wp-content\/uploads\/\/AUTORRETRATOS-olvidos.es-03-1024x675.jpg 1024w, https:\/\/olvidosdegranada.es\/wp-content\/uploads\/\/AUTORRETRATOS-olvidos.es-03-150x99.jpg 150w, https:\/\/olvidosdegranada.es\/wp-content\/uploads\/\/AUTORRETRATOS-olvidos.es-03-768x506.jpg 768w, https:\/\/olvidosdegranada.es\/wp-content\/uploads\/\/AUTORRETRATOS-olvidos.es-03-1536x1013.jpg 1536w, https:\/\/olvidosdegranada.es\/wp-content\/uploads\/\/AUTORRETRATOS-olvidos.es-03-2048x1350.jpg 2048w\" sizes=\"auto, (max-width: 300px) 100vw, 300px\" \/>\n\t\t<div class=\"figc\">\n\t\t\t<div class=\"figc-inner\">\n\t\t\t\t\t\t\t\t\t\t\t\t\t\t\t<\/div>\n\t\t<\/div>\n\n\t<\/div>\n\n<\/div><div class=\"modula-item effect-pufrobo\" >\n\t<div class=\"modula-item-overlay\"><\/div>\n\n\t<div class=\"modula-item-content\">\n\n\t\t<a data-image-id=\"2327\" role=\"button\" tabindex=\"0\" rel=\"jtg-2323\" data-caption=\"Exif_JPEG_PICTURE\" aria-label=\"Abrir la imagen en una caja de luz\" class=\"tile-inner modula-item-link\"><\/a><img loading=\"lazy\" decoding=\"async\" class=\"pic wp-image-2327\"  data-valign=\"middle\" data-halign=\"center\" alt=\"Autorretratos: Manuel Falces\" data-full=\"https:\/\/olvidosdegranada.es\/wp-content\/uploads\/AUTORRETRATOS-olvidos.es-04.jpg\" title=\"Exif_JPEG_PICTURE\" crop=\"\" width=\"300\" height=\"189\" src=\"https:\/\/olvidosdegranada.es\/wp-content\/uploads\/AUTORRETRATOS-olvidos.es-04-300x189.jpg\" data-src=\"https:\/\/olvidosdegranada.es\/wp-content\/uploads\/AUTORRETRATOS-olvidos.es-04-300x189.jpg\" data-caption=\"Exif_JPEG_PICTURE\" srcset=\"https:\/\/olvidosdegranada.es\/wp-content\/uploads\/\/AUTORRETRATOS-olvidos.es-04-scaled.jpg 2000w, https:\/\/olvidosdegranada.es\/wp-content\/uploads\/\/AUTORRETRATOS-olvidos.es-04-scaled-300x189.jpg 300w, https:\/\/olvidosdegranada.es\/wp-content\/uploads\/\/AUTORRETRATOS-olvidos.es-04-1024x644.jpg 1024w, https:\/\/olvidosdegranada.es\/wp-content\/uploads\/\/AUTORRETRATOS-olvidos.es-04-150x94.jpg 150w, https:\/\/olvidosdegranada.es\/wp-content\/uploads\/\/AUTORRETRATOS-olvidos.es-04-768x483.jpg 768w, https:\/\/olvidosdegranada.es\/wp-content\/uploads\/\/AUTORRETRATOS-olvidos.es-04-1536x967.jpg 1536w, https:\/\/olvidosdegranada.es\/wp-content\/uploads\/\/AUTORRETRATOS-olvidos.es-04-2048x1289.jpg 2048w\" sizes=\"auto, (max-width: 300px) 100vw, 300px\" \/>\n\t\t<div class=\"figc\">\n\t\t\t<div class=\"figc-inner\">\n\t\t\t\t\t\t\t\t\t\t\t\t\t\t\t<\/div>\n\t\t<\/div>\n\n\t<\/div>\n\n<\/div><div class=\"modula-item effect-pufrobo\" >\n\t<div class=\"modula-item-overlay\"><\/div>\n\n\t<div class=\"modula-item-content\">\n\n\t\t<a data-image-id=\"2328\" role=\"button\" tabindex=\"0\" rel=\"jtg-2323\" data-caption=\"Exif_JPEG_PICTURE\" aria-label=\"Abrir la imagen en una caja de luz\" class=\"tile-inner modula-item-link\"><\/a><img loading=\"lazy\" decoding=\"async\" class=\"pic wp-image-2328\"  data-valign=\"middle\" data-halign=\"center\" alt=\"\" data-full=\"https:\/\/olvidosdegranada.es\/wp-content\/uploads\/AUTORRETRATOS-olvidos.es-05.jpg\" title=\"Exif_JPEG_PICTURE\" crop=\"\" width=\"300\" height=\"213\" src=\"https:\/\/olvidosdegranada.es\/wp-content\/uploads\/AUTORRETRATOS-olvidos.es-05-300x213.jpg\" data-src=\"https:\/\/olvidosdegranada.es\/wp-content\/uploads\/AUTORRETRATOS-olvidos.es-05-300x213.jpg\" data-caption=\"Exif_JPEG_PICTURE\" srcset=\"https:\/\/olvidosdegranada.es\/wp-content\/uploads\/\/AUTORRETRATOS-olvidos.es-05-scaled.jpg 2000w, https:\/\/olvidosdegranada.es\/wp-content\/uploads\/\/AUTORRETRATOS-olvidos.es-05-scaled-300x213.jpg 300w, https:\/\/olvidosdegranada.es\/wp-content\/uploads\/\/AUTORRETRATOS-olvidos.es-05-1024x727.jpg 1024w, https:\/\/olvidosdegranada.es\/wp-content\/uploads\/\/AUTORRETRATOS-olvidos.es-05-150x107.jpg 150w, https:\/\/olvidosdegranada.es\/wp-content\/uploads\/\/AUTORRETRATOS-olvidos.es-05-768x545.jpg 768w, https:\/\/olvidosdegranada.es\/wp-content\/uploads\/\/AUTORRETRATOS-olvidos.es-05-1536x1091.jpg 1536w, https:\/\/olvidosdegranada.es\/wp-content\/uploads\/\/AUTORRETRATOS-olvidos.es-05-2048x1454.jpg 2048w\" sizes=\"auto, (max-width: 300px) 100vw, 300px\" \/>\n\t\t<div class=\"figc\">\n\t\t\t<div class=\"figc-inner\">\n\t\t\t\t\t\t\t\t\t\t\t\t\t\t\t<\/div>\n\t\t<\/div>\n\n\t<\/div>\n\n<\/div><div class=\"modula-item effect-pufrobo\" >\n\t<div class=\"modula-item-overlay\"><\/div>\n\n\t<div class=\"modula-item-content\">\n\n\t\t<a data-image-id=\"2329\" role=\"button\" tabindex=\"0\" rel=\"jtg-2323\" data-caption=\"Exif_JPEG_PICTURE\" aria-label=\"Abrir la imagen en una caja de luz\" class=\"tile-inner modula-item-link\"><\/a><img loading=\"lazy\" decoding=\"async\" class=\"pic wp-image-2329\"  data-valign=\"middle\" data-halign=\"center\" alt=\"Manuel Falces\" data-full=\"https:\/\/olvidosdegranada.es\/wp-content\/uploads\/AUTORRETRATOS-olvidos.es-06.jpg\" title=\"Exif_JPEG_PICTURE\" crop=\"\" width=\"300\" height=\"225\" src=\"https:\/\/olvidosdegranada.es\/wp-content\/uploads\/AUTORRETRATOS-olvidos.es-06-300x225.jpg\" data-src=\"https:\/\/olvidosdegranada.es\/wp-content\/uploads\/AUTORRETRATOS-olvidos.es-06-300x225.jpg\" data-caption=\"Exif_JPEG_PICTURE\" srcset=\"https:\/\/olvidosdegranada.es\/wp-content\/uploads\/\/AUTORRETRATOS-olvidos.es-06-scaled.jpg 2000w, https:\/\/olvidosdegranada.es\/wp-content\/uploads\/\/AUTORRETRATOS-olvidos.es-06-scaled-300x225.jpg 300w, https:\/\/olvidosdegranada.es\/wp-content\/uploads\/\/AUTORRETRATOS-olvidos.es-06-1024x768.jpg 1024w, https:\/\/olvidosdegranada.es\/wp-content\/uploads\/\/AUTORRETRATOS-olvidos.es-06-150x113.jpg 150w, https:\/\/olvidosdegranada.es\/wp-content\/uploads\/\/AUTORRETRATOS-olvidos.es-06-768x576.jpg 768w, https:\/\/olvidosdegranada.es\/wp-content\/uploads\/\/AUTORRETRATOS-olvidos.es-06-1536x1152.jpg 1536w, https:\/\/olvidosdegranada.es\/wp-content\/uploads\/\/AUTORRETRATOS-olvidos.es-06-2048x1536.jpg 2048w\" sizes=\"auto, (max-width: 300px) 100vw, 300px\" \/>\n\t\t<div class=\"figc\">\n\t\t\t<div class=\"figc-inner\">\n\t\t\t\t\t\t\t\t\t\t\t\t\t\t\t<\/div>\n\t\t<\/div>\n\n\t<\/div>\n\n<\/div><div class=\"modula-item effect-pufrobo\" >\n\t<div class=\"modula-item-overlay\"><\/div>\n\n\t<div class=\"modula-item-content\">\n\n\t\t<a data-image-id=\"2330\" role=\"button\" tabindex=\"0\" rel=\"jtg-2323\" data-caption=\"\" aria-label=\"Abrir la imagen en una caja de luz\" class=\"tile-inner modula-item-link\"><\/a><img loading=\"lazy\" decoding=\"async\" class=\"pic wp-image-2330\"  data-valign=\"middle\" data-halign=\"center\" alt=\"Manuel Falces\" data-full=\"https:\/\/olvidosdegranada.es\/wp-content\/uploads\/AUTORRETRATOS-olvidos.es-07.jpg\" title=\"AUTORRETRATOS olvidos.es - 07\" crop=\"\" width=\"300\" height=\"199\" src=\"https:\/\/olvidosdegranada.es\/wp-content\/uploads\/AUTORRETRATOS-olvidos.es-07-300x199.jpg\" data-src=\"https:\/\/olvidosdegranada.es\/wp-content\/uploads\/AUTORRETRATOS-olvidos.es-07-300x199.jpg\" data-caption=\"\" srcset=\"https:\/\/olvidosdegranada.es\/wp-content\/uploads\/\/AUTORRETRATOS-olvidos.es-07-scaled.jpg 2000w, https:\/\/olvidosdegranada.es\/wp-content\/uploads\/\/AUTORRETRATOS-olvidos.es-07-scaled-300x199.jpg 300w, https:\/\/olvidosdegranada.es\/wp-content\/uploads\/\/AUTORRETRATOS-olvidos.es-07-1024x678.jpg 1024w, https:\/\/olvidosdegranada.es\/wp-content\/uploads\/\/AUTORRETRATOS-olvidos.es-07-150x99.jpg 150w, https:\/\/olvidosdegranada.es\/wp-content\/uploads\/\/AUTORRETRATOS-olvidos.es-07-768x509.jpg 768w, https:\/\/olvidosdegranada.es\/wp-content\/uploads\/\/AUTORRETRATOS-olvidos.es-07-1536x1017.jpg 1536w, https:\/\/olvidosdegranada.es\/wp-content\/uploads\/\/AUTORRETRATOS-olvidos.es-07-2048x1356.jpg 2048w\" sizes=\"auto, (max-width: 300px) 100vw, 300px\" \/>\n\t\t<div class=\"figc no-description\">\n\t\t\t<div class=\"figc-inner\">\n\t\t\t\t\t\t\t\t\t\t\t\t\t\t\t<\/div>\n\t\t<\/div>\n\n\t<\/div>\n\n<\/div><div class=\"modula-item effect-pufrobo\" >\n\t<div class=\"modula-item-overlay\"><\/div>\n\n\t<div class=\"modula-item-content\">\n\n\t\t<a data-image-id=\"2331\" role=\"button\" tabindex=\"0\" rel=\"jtg-2323\" data-caption=\"Exif_JPEG_PICTURE\" aria-label=\"Abrir la imagen en una caja de luz\" class=\"tile-inner modula-item-link\"><\/a><img loading=\"lazy\" decoding=\"async\" class=\"pic wp-image-2331\"  data-valign=\"middle\" data-halign=\"center\" alt=\"Manuel Falces\" data-full=\"https:\/\/olvidosdegranada.es\/wp-content\/uploads\/AUTORRETRATOS-olvidos.es-08.jpg\" title=\"Exif_JPEG_PICTURE\" crop=\"\" width=\"300\" height=\"225\" src=\"https:\/\/olvidosdegranada.es\/wp-content\/uploads\/AUTORRETRATOS-olvidos.es-08-300x225.jpg\" data-src=\"https:\/\/olvidosdegranada.es\/wp-content\/uploads\/AUTORRETRATOS-olvidos.es-08-300x225.jpg\" data-caption=\"Exif_JPEG_PICTURE\" srcset=\"https:\/\/olvidosdegranada.es\/wp-content\/uploads\/\/AUTORRETRATOS-olvidos.es-08-scaled.jpg 2000w, https:\/\/olvidosdegranada.es\/wp-content\/uploads\/\/AUTORRETRATOS-olvidos.es-08-scaled-300x225.jpg 300w, https:\/\/olvidosdegranada.es\/wp-content\/uploads\/\/AUTORRETRATOS-olvidos.es-08-1024x768.jpg 1024w, https:\/\/olvidosdegranada.es\/wp-content\/uploads\/\/AUTORRETRATOS-olvidos.es-08-150x113.jpg 150w, https:\/\/olvidosdegranada.es\/wp-content\/uploads\/\/AUTORRETRATOS-olvidos.es-08-768x576.jpg 768w, https:\/\/olvidosdegranada.es\/wp-content\/uploads\/\/AUTORRETRATOS-olvidos.es-08-1536x1152.jpg 1536w, https:\/\/olvidosdegranada.es\/wp-content\/uploads\/\/AUTORRETRATOS-olvidos.es-08-2048x1536.jpg 2048w\" sizes=\"auto, (max-width: 300px) 100vw, 300px\" \/>\n\t\t<div class=\"figc\">\n\t\t\t<div class=\"figc-inner\">\n\t\t\t\t\t\t\t\t\t\t\t\t\t\t\t<\/div>\n\t\t<\/div>\n\n\t<\/div>\n\n<\/div><div class=\"modula-item effect-pufrobo\" >\n\t<div class=\"modula-item-overlay\"><\/div>\n\n\t<div class=\"modula-item-content\">\n\n\t\t<a data-image-id=\"2332\" role=\"button\" tabindex=\"0\" rel=\"jtg-2323\" data-caption=\"Exif_JPEG_PICTURE\" aria-label=\"Abrir la imagen en una caja de luz\" class=\"tile-inner modula-item-link\"><\/a><img loading=\"lazy\" decoding=\"async\" class=\"pic wp-image-2332\"  data-valign=\"middle\" data-halign=\"center\" alt=\"Manuel Falces\" data-full=\"https:\/\/olvidosdegranada.es\/wp-content\/uploads\/AUTORRETRATOS-olvidos.es-09.jpg\" title=\"Exif_JPEG_PICTURE\" crop=\"\" width=\"300\" height=\"225\" src=\"https:\/\/olvidosdegranada.es\/wp-content\/uploads\/AUTORRETRATOS-olvidos.es-09-300x225.jpg\" data-src=\"https:\/\/olvidosdegranada.es\/wp-content\/uploads\/AUTORRETRATOS-olvidos.es-09-300x225.jpg\" data-caption=\"Exif_JPEG_PICTURE\" srcset=\"https:\/\/olvidosdegranada.es\/wp-content\/uploads\/\/AUTORRETRATOS-olvidos.es-09-scaled.jpg 2000w, https:\/\/olvidosdegranada.es\/wp-content\/uploads\/\/AUTORRETRATOS-olvidos.es-09-scaled-300x225.jpg 300w, https:\/\/olvidosdegranada.es\/wp-content\/uploads\/\/AUTORRETRATOS-olvidos.es-09-1024x768.jpg 1024w, https:\/\/olvidosdegranada.es\/wp-content\/uploads\/\/AUTORRETRATOS-olvidos.es-09-150x113.jpg 150w, https:\/\/olvidosdegranada.es\/wp-content\/uploads\/\/AUTORRETRATOS-olvidos.es-09-768x576.jpg 768w, https:\/\/olvidosdegranada.es\/wp-content\/uploads\/\/AUTORRETRATOS-olvidos.es-09-1536x1152.jpg 1536w, https:\/\/olvidosdegranada.es\/wp-content\/uploads\/\/AUTORRETRATOS-olvidos.es-09-2048x1536.jpg 2048w\" sizes=\"auto, (max-width: 300px) 100vw, 300px\" \/>\n\t\t<div class=\"figc\">\n\t\t\t<div class=\"figc-inner\">\n\t\t\t\t\t\t\t\t\t\t\t\t\t\t\t<\/div>\n\t\t<\/div>\n\n\t<\/div>\n\n<\/div><div class=\"modula-item effect-pufrobo\" >\n\t<div class=\"modula-item-overlay\"><\/div>\n\n\t<div class=\"modula-item-content\">\n\n\t\t<a data-image-id=\"2333\" role=\"button\" tabindex=\"0\" rel=\"jtg-2323\" data-caption=\"Exif_JPEG_PICTURE\" aria-label=\"Abrir la imagen en una caja de luz\" class=\"tile-inner modula-item-link\"><\/a><img loading=\"lazy\" decoding=\"async\" class=\"pic wp-image-2333\"  data-valign=\"middle\" data-halign=\"center\" alt=\"Manuel Falces\" data-full=\"https:\/\/olvidosdegranada.es\/wp-content\/uploads\/AUTORRETRATOS-olvidos.es-10.jpg\" title=\"Exif_JPEG_PICTURE\" crop=\"\" width=\"300\" height=\"225\" src=\"https:\/\/olvidosdegranada.es\/wp-content\/uploads\/AUTORRETRATOS-olvidos.es-10-300x225.jpg\" data-src=\"https:\/\/olvidosdegranada.es\/wp-content\/uploads\/AUTORRETRATOS-olvidos.es-10-300x225.jpg\" data-caption=\"Exif_JPEG_PICTURE\" srcset=\"https:\/\/olvidosdegranada.es\/wp-content\/uploads\/\/AUTORRETRATOS-olvidos.es-10-scaled.jpg 2000w, https:\/\/olvidosdegranada.es\/wp-content\/uploads\/\/AUTORRETRATOS-olvidos.es-10-scaled-300x225.jpg 300w, https:\/\/olvidosdegranada.es\/wp-content\/uploads\/\/AUTORRETRATOS-olvidos.es-10-1024x768.jpg 1024w, https:\/\/olvidosdegranada.es\/wp-content\/uploads\/\/AUTORRETRATOS-olvidos.es-10-150x113.jpg 150w, https:\/\/olvidosdegranada.es\/wp-content\/uploads\/\/AUTORRETRATOS-olvidos.es-10-768x576.jpg 768w, https:\/\/olvidosdegranada.es\/wp-content\/uploads\/\/AUTORRETRATOS-olvidos.es-10-1536x1152.jpg 1536w, https:\/\/olvidosdegranada.es\/wp-content\/uploads\/\/AUTORRETRATOS-olvidos.es-10-2048x1536.jpg 2048w\" sizes=\"auto, (max-width: 300px) 100vw, 300px\" \/>\n\t\t<div class=\"figc\">\n\t\t\t<div class=\"figc-inner\">\n\t\t\t\t\t\t\t\t\t\t\t\t\t\t\t<\/div>\n\t\t<\/div>\n\n\t<\/div>\n\n<\/div><div class=\"modula-item effect-pufrobo\" >\n\t<div class=\"modula-item-overlay\"><\/div>\n\n\t<div class=\"modula-item-content\">\n\n\t\t<a data-image-id=\"2334\" role=\"button\" tabindex=\"0\" rel=\"jtg-2323\" data-caption=\"Exif_JPEG_PICTURE\" aria-label=\"Abrir la imagen en una caja de luz\" class=\"tile-inner modula-item-link\"><\/a><img loading=\"lazy\" decoding=\"async\" class=\"pic wp-image-2334\"  data-valign=\"middle\" data-halign=\"center\" alt=\"\" data-full=\"https:\/\/olvidosdegranada.es\/wp-content\/uploads\/AUTORRETRATOS-olvidos.es-11.jpg\" title=\"Exif_JPEG_PICTURE\" crop=\"\" width=\"300\" height=\"225\" src=\"https:\/\/olvidosdegranada.es\/wp-content\/uploads\/AUTORRETRATOS-olvidos.es-11-300x225.jpg\" data-src=\"https:\/\/olvidosdegranada.es\/wp-content\/uploads\/AUTORRETRATOS-olvidos.es-11-300x225.jpg\" data-caption=\"Exif_JPEG_PICTURE\" srcset=\"https:\/\/olvidosdegranada.es\/wp-content\/uploads\/\/AUTORRETRATOS-olvidos.es-11-scaled.jpg 2000w, https:\/\/olvidosdegranada.es\/wp-content\/uploads\/\/AUTORRETRATOS-olvidos.es-11-scaled-300x225.jpg 300w, https:\/\/olvidosdegranada.es\/wp-content\/uploads\/\/AUTORRETRATOS-olvidos.es-11-1024x768.jpg 1024w, https:\/\/olvidosdegranada.es\/wp-content\/uploads\/\/AUTORRETRATOS-olvidos.es-11-150x113.jpg 150w, https:\/\/olvidosdegranada.es\/wp-content\/uploads\/\/AUTORRETRATOS-olvidos.es-11-768x576.jpg 768w, https:\/\/olvidosdegranada.es\/wp-content\/uploads\/\/AUTORRETRATOS-olvidos.es-11-1536x1152.jpg 1536w, https:\/\/olvidosdegranada.es\/wp-content\/uploads\/\/AUTORRETRATOS-olvidos.es-11-2048x1536.jpg 2048w\" sizes=\"auto, (max-width: 300px) 100vw, 300px\" \/>\n\t\t<div class=\"figc\">\n\t\t\t<div class=\"figc-inner\">\n\t\t\t\t\t\t\t\t\t\t\t\t\t\t\t<\/div>\n\t\t<\/div>\n\n\t<\/div>\n\n<\/div><div class=\"modula-item effect-pufrobo\" >\n\t<div class=\"modula-item-overlay\"><\/div>\n\n\t<div class=\"modula-item-content\">\n\n\t\t<a data-image-id=\"2335\" role=\"button\" tabindex=\"0\" rel=\"jtg-2323\" data-caption=\"\" aria-label=\"Abrir la imagen en una caja de luz\" class=\"tile-inner modula-item-link\"><\/a><img loading=\"lazy\" decoding=\"async\" class=\"pic wp-image-2335\"  data-valign=\"middle\" data-halign=\"center\" alt=\"Manuel Falces\" data-full=\"https:\/\/olvidosdegranada.es\/wp-content\/uploads\/AUTORRETRATOS-olvidos.es-12.jpg\" title=\"AUTORRETRATOS olvidos.es - 12\" crop=\"\" width=\"300\" height=\"214\" src=\"https:\/\/olvidosdegranada.es\/wp-content\/uploads\/AUTORRETRATOS-olvidos.es-12-300x214.jpg\" data-src=\"https:\/\/olvidosdegranada.es\/wp-content\/uploads\/AUTORRETRATOS-olvidos.es-12-300x214.jpg\" data-caption=\"\" srcset=\"https:\/\/olvidosdegranada.es\/wp-content\/uploads\/\/AUTORRETRATOS-olvidos.es-12-scaled.jpg 2000w, https:\/\/olvidosdegranada.es\/wp-content\/uploads\/\/AUTORRETRATOS-olvidos.es-12-scaled-300x214.jpg 300w, https:\/\/olvidosdegranada.es\/wp-content\/uploads\/\/AUTORRETRATOS-olvidos.es-12-1024x731.jpg 1024w, https:\/\/olvidosdegranada.es\/wp-content\/uploads\/\/AUTORRETRATOS-olvidos.es-12-150x107.jpg 150w, https:\/\/olvidosdegranada.es\/wp-content\/uploads\/\/AUTORRETRATOS-olvidos.es-12-768x549.jpg 768w, https:\/\/olvidosdegranada.es\/wp-content\/uploads\/\/AUTORRETRATOS-olvidos.es-12-1536x1097.jpg 1536w, https:\/\/olvidosdegranada.es\/wp-content\/uploads\/\/AUTORRETRATOS-olvidos.es-12-2048x1463.jpg 2048w\" sizes=\"auto, (max-width: 300px) 100vw, 300px\" \/>\n\t\t<div class=\"figc no-description\">\n\t\t\t<div class=\"figc-inner\">\n\t\t\t\t\t\t\t\t\t\t\t\t\t\t\t<\/div>\n\t\t<\/div>\n\n\t<\/div>\n\n<\/div><div class=\"modula-item effect-pufrobo\" >\n\t<div class=\"modula-item-overlay\"><\/div>\n\n\t<div class=\"modula-item-content\">\n\n\t\t<a data-image-id=\"2336\" role=\"button\" tabindex=\"0\" rel=\"jtg-2323\" data-caption=\"Exif_JPEG_PICTURE\" aria-label=\"Abrir la imagen en una caja de luz\" class=\"tile-inner modula-item-link\"><\/a><img loading=\"lazy\" decoding=\"async\" class=\"pic wp-image-2336\"  data-valign=\"middle\" data-halign=\"center\" alt=\"\" data-full=\"https:\/\/olvidosdegranada.es\/wp-content\/uploads\/AUTORRETRATOS-olvidos.es-13.jpg\" title=\"Exif_JPEG_PICTURE\" crop=\"\" width=\"300\" height=\"202\" src=\"https:\/\/olvidosdegranada.es\/wp-content\/uploads\/AUTORRETRATOS-olvidos.es-13-300x202.jpg\" data-src=\"https:\/\/olvidosdegranada.es\/wp-content\/uploads\/AUTORRETRATOS-olvidos.es-13-300x202.jpg\" data-caption=\"Exif_JPEG_PICTURE\" srcset=\"https:\/\/olvidosdegranada.es\/wp-content\/uploads\/\/AUTORRETRATOS-olvidos.es-13-scaled.jpg 2000w, https:\/\/olvidosdegranada.es\/wp-content\/uploads\/\/AUTORRETRATOS-olvidos.es-13-scaled-300x202.jpg 300w, https:\/\/olvidosdegranada.es\/wp-content\/uploads\/\/AUTORRETRATOS-olvidos.es-13-1024x688.jpg 1024w, https:\/\/olvidosdegranada.es\/wp-content\/uploads\/\/AUTORRETRATOS-olvidos.es-13-150x101.jpg 150w, https:\/\/olvidosdegranada.es\/wp-content\/uploads\/\/AUTORRETRATOS-olvidos.es-13-768x516.jpg 768w, https:\/\/olvidosdegranada.es\/wp-content\/uploads\/\/AUTORRETRATOS-olvidos.es-13-1536x1032.jpg 1536w, https:\/\/olvidosdegranada.es\/wp-content\/uploads\/\/AUTORRETRATOS-olvidos.es-13-2048x1376.jpg 2048w\" sizes=\"auto, (max-width: 300px) 100vw, 300px\" \/>\n\t\t<div class=\"figc\">\n\t\t\t<div class=\"figc-inner\">\n\t\t\t\t\t\t\t\t\t\t\t\t\t\t\t<\/div>\n\t\t<\/div>\n\n\t<\/div>\n\n<\/div><div class=\"modula-item effect-pufrobo\" >\n\t<div class=\"modula-item-overlay\"><\/div>\n\n\t<div class=\"modula-item-content\">\n\n\t\t<a data-image-id=\"2337\" role=\"button\" tabindex=\"0\" rel=\"jtg-2323\" data-caption=\"Exif_JPEG_PICTURE\" aria-label=\"Abrir la imagen en una caja de luz\" class=\"tile-inner modula-item-link\"><\/a><img loading=\"lazy\" decoding=\"async\" class=\"pic wp-image-2337\"  data-valign=\"middle\" data-halign=\"center\" alt=\"\" data-full=\"https:\/\/olvidosdegranada.es\/wp-content\/uploads\/AUTORRETRATOS-olvidos.es-14.jpg\" title=\"Exif_JPEG_PICTURE\" crop=\"\" width=\"300\" height=\"225\" src=\"https:\/\/olvidosdegranada.es\/wp-content\/uploads\/AUTORRETRATOS-olvidos.es-14-300x225.jpg\" data-src=\"https:\/\/olvidosdegranada.es\/wp-content\/uploads\/AUTORRETRATOS-olvidos.es-14-300x225.jpg\" data-caption=\"Exif_JPEG_PICTURE\" srcset=\"https:\/\/olvidosdegranada.es\/wp-content\/uploads\/\/AUTORRETRATOS-olvidos.es-14-scaled.jpg 2000w, https:\/\/olvidosdegranada.es\/wp-content\/uploads\/\/AUTORRETRATOS-olvidos.es-14-scaled-300x225.jpg 300w, https:\/\/olvidosdegranada.es\/wp-content\/uploads\/\/AUTORRETRATOS-olvidos.es-14-1024x768.jpg 1024w, https:\/\/olvidosdegranada.es\/wp-content\/uploads\/\/AUTORRETRATOS-olvidos.es-14-150x113.jpg 150w, https:\/\/olvidosdegranada.es\/wp-content\/uploads\/\/AUTORRETRATOS-olvidos.es-14-768x576.jpg 768w, https:\/\/olvidosdegranada.es\/wp-content\/uploads\/\/AUTORRETRATOS-olvidos.es-14-1536x1152.jpg 1536w, https:\/\/olvidosdegranada.es\/wp-content\/uploads\/\/AUTORRETRATOS-olvidos.es-14-2048x1536.jpg 2048w\" sizes=\"auto, (max-width: 300px) 100vw, 300px\" \/>\n\t\t<div class=\"figc\">\n\t\t\t<div class=\"figc-inner\">\n\t\t\t\t\t\t\t\t\t\t\t\t\t\t\t<\/div>\n\t\t<\/div>\n\n\t<\/div>\n\n<\/div><div class=\"modula-item effect-pufrobo\" >\n\t<div class=\"modula-item-overlay\"><\/div>\n\n\t<div class=\"modula-item-content\">\n\n\t\t<a data-image-id=\"2338\" role=\"button\" tabindex=\"0\" rel=\"jtg-2323\" data-caption=\"Exif_JPEG_PICTURE\" aria-label=\"Abrir la imagen en una caja de luz\" class=\"tile-inner modula-item-link\"><\/a><img loading=\"lazy\" decoding=\"async\" class=\"pic wp-image-2338\"  data-valign=\"middle\" data-halign=\"center\" alt=\"\" data-full=\"https:\/\/olvidosdegranada.es\/wp-content\/uploads\/AUTORRETRATOS-olvidos.es-15.jpg\" title=\"Exif_JPEG_PICTURE\" crop=\"\" width=\"300\" height=\"166\" src=\"https:\/\/olvidosdegranada.es\/wp-content\/uploads\/AUTORRETRATOS-olvidos.es-15-300x166.jpg\" data-src=\"https:\/\/olvidosdegranada.es\/wp-content\/uploads\/AUTORRETRATOS-olvidos.es-15-300x166.jpg\" data-caption=\"Exif_JPEG_PICTURE\" srcset=\"https:\/\/olvidosdegranada.es\/wp-content\/uploads\/\/AUTORRETRATOS-olvidos.es-15-scaled.jpg 2000w, https:\/\/olvidosdegranada.es\/wp-content\/uploads\/\/AUTORRETRATOS-olvidos.es-15-scaled-300x166.jpg 300w, https:\/\/olvidosdegranada.es\/wp-content\/uploads\/\/AUTORRETRATOS-olvidos.es-15-1024x568.jpg 1024w, https:\/\/olvidosdegranada.es\/wp-content\/uploads\/\/AUTORRETRATOS-olvidos.es-15-150x83.jpg 150w, https:\/\/olvidosdegranada.es\/wp-content\/uploads\/\/AUTORRETRATOS-olvidos.es-15-768x426.jpg 768w, https:\/\/olvidosdegranada.es\/wp-content\/uploads\/\/AUTORRETRATOS-olvidos.es-15-1536x852.jpg 1536w, https:\/\/olvidosdegranada.es\/wp-content\/uploads\/\/AUTORRETRATOS-olvidos.es-15-2048x1136.jpg 2048w\" sizes=\"auto, (max-width: 300px) 100vw, 300px\" \/>\n\t\t<div class=\"figc\">\n\t\t\t<div class=\"figc-inner\">\n\t\t\t\t\t\t\t\t\t\t\t\t\t\t\t<\/div>\n\t\t<\/div>\n\n\t<\/div>\n\n<\/div><div class=\"modula-item effect-pufrobo\" >\n\t<div class=\"modula-item-overlay\"><\/div>\n\n\t<div class=\"modula-item-content\">\n\n\t\t<a data-image-id=\"2339\" role=\"button\" tabindex=\"0\" rel=\"jtg-2323\" data-caption=\"Exif_JPEG_PICTURE\" aria-label=\"Abrir la imagen en una caja de luz\" class=\"tile-inner modula-item-link\"><\/a><img loading=\"lazy\" decoding=\"async\" class=\"pic wp-image-2339\"  data-valign=\"middle\" data-halign=\"center\" alt=\"\" data-full=\"https:\/\/olvidosdegranada.es\/wp-content\/uploads\/AUTORRETRATOS-olvidos.es-16.jpg\" title=\"Exif_JPEG_PICTURE\" crop=\"\" width=\"300\" height=\"188\" src=\"https:\/\/olvidosdegranada.es\/wp-content\/uploads\/AUTORRETRATOS-olvidos.es-16-300x188.jpg\" data-src=\"https:\/\/olvidosdegranada.es\/wp-content\/uploads\/AUTORRETRATOS-olvidos.es-16-300x188.jpg\" data-caption=\"Exif_JPEG_PICTURE\" srcset=\"https:\/\/olvidosdegranada.es\/wp-content\/uploads\/\/AUTORRETRATOS-olvidos.es-16-scaled.jpg 2000w, https:\/\/olvidosdegranada.es\/wp-content\/uploads\/\/AUTORRETRATOS-olvidos.es-16-scaled-300x188.jpg 300w, https:\/\/olvidosdegranada.es\/wp-content\/uploads\/\/AUTORRETRATOS-olvidos.es-16-1024x643.jpg 1024w, https:\/\/olvidosdegranada.es\/wp-content\/uploads\/\/AUTORRETRATOS-olvidos.es-16-150x94.jpg 150w, https:\/\/olvidosdegranada.es\/wp-content\/uploads\/\/AUTORRETRATOS-olvidos.es-16-768x482.jpg 768w, https:\/\/olvidosdegranada.es\/wp-content\/uploads\/\/AUTORRETRATOS-olvidos.es-16-1536x965.jpg 1536w, https:\/\/olvidosdegranada.es\/wp-content\/uploads\/\/AUTORRETRATOS-olvidos.es-16-2048x1286.jpg 2048w\" sizes=\"auto, (max-width: 300px) 100vw, 300px\" \/>\n\t\t<div class=\"figc\">\n\t\t\t<div class=\"figc-inner\">\n\t\t\t\t\t\t\t\t\t\t\t\t\t\t\t<\/div>\n\t\t<\/div>\n\n\t<\/div>\n\n<\/div><div class=\"modula-item effect-pufrobo\" >\n\t<div class=\"modula-item-overlay\"><\/div>\n\n\t<div class=\"modula-item-content\">\n\n\t\t<a data-image-id=\"2340\" role=\"button\" tabindex=\"0\" rel=\"jtg-2323\" data-caption=\"Exif_JPEG_PICTURE\" aria-label=\"Abrir la imagen en una caja de luz\" class=\"tile-inner modula-item-link\"><\/a><img loading=\"lazy\" decoding=\"async\" class=\"pic wp-image-2340\"  data-valign=\"middle\" data-halign=\"center\" alt=\"\" data-full=\"https:\/\/olvidosdegranada.es\/wp-content\/uploads\/AUTORRETRATOS-olvidos.es-17.jpg\" title=\"Exif_JPEG_PICTURE\" crop=\"\" width=\"300\" height=\"210\" src=\"https:\/\/olvidosdegranada.es\/wp-content\/uploads\/AUTORRETRATOS-olvidos.es-17-300x210.jpg\" data-src=\"https:\/\/olvidosdegranada.es\/wp-content\/uploads\/AUTORRETRATOS-olvidos.es-17-300x210.jpg\" data-caption=\"Exif_JPEG_PICTURE\" srcset=\"https:\/\/olvidosdegranada.es\/wp-content\/uploads\/\/AUTORRETRATOS-olvidos.es-17-scaled.jpg 2000w, https:\/\/olvidosdegranada.es\/wp-content\/uploads\/\/AUTORRETRATOS-olvidos.es-17-scaled-300x210.jpg 300w, https:\/\/olvidosdegranada.es\/wp-content\/uploads\/\/AUTORRETRATOS-olvidos.es-17-1024x716.jpg 1024w, https:\/\/olvidosdegranada.es\/wp-content\/uploads\/\/AUTORRETRATOS-olvidos.es-17-150x105.jpg 150w, https:\/\/olvidosdegranada.es\/wp-content\/uploads\/\/AUTORRETRATOS-olvidos.es-17-768x537.jpg 768w, https:\/\/olvidosdegranada.es\/wp-content\/uploads\/\/AUTORRETRATOS-olvidos.es-17-1536x1074.jpg 1536w, https:\/\/olvidosdegranada.es\/wp-content\/uploads\/\/AUTORRETRATOS-olvidos.es-17-2048x1432.jpg 2048w\" sizes=\"auto, (max-width: 300px) 100vw, 300px\" \/>\n\t\t<div class=\"figc\">\n\t\t\t<div class=\"figc-inner\">\n\t\t\t\t\t\t\t\t\t\t\t\t\t\t\t<\/div>\n\t\t<\/div>\n\n\t<\/div>\n\n<\/div><div class=\"modula-item effect-pufrobo\" >\n\t<div class=\"modula-item-overlay\"><\/div>\n\n\t<div class=\"modula-item-content\">\n\n\t\t<a data-image-id=\"2341\" role=\"button\" tabindex=\"0\" rel=\"jtg-2323\" data-caption=\"\" aria-label=\"Abrir la imagen en una caja de luz\" class=\"tile-inner modula-item-link\"><\/a><img loading=\"lazy\" decoding=\"async\" class=\"pic wp-image-2341\"  data-valign=\"middle\" data-halign=\"center\" alt=\"\" data-full=\"https:\/\/olvidosdegranada.es\/wp-content\/uploads\/AUTORRETRATOS-olvidos.es-18.jpg\" title=\"AUTORRETRATOS olvidos.es - 18\" crop=\"\" width=\"300\" height=\"192\" src=\"https:\/\/olvidosdegranada.es\/wp-content\/uploads\/AUTORRETRATOS-olvidos.es-18-300x192.jpg\" data-src=\"https:\/\/olvidosdegranada.es\/wp-content\/uploads\/AUTORRETRATOS-olvidos.es-18-300x192.jpg\" data-caption=\"\" srcset=\"https:\/\/olvidosdegranada.es\/wp-content\/uploads\/\/AUTORRETRATOS-olvidos.es-18-scaled.jpg 2000w, https:\/\/olvidosdegranada.es\/wp-content\/uploads\/\/AUTORRETRATOS-olvidos.es-18-scaled-300x192.jpg 300w, https:\/\/olvidosdegranada.es\/wp-content\/uploads\/\/AUTORRETRATOS-olvidos.es-18-1024x657.jpg 1024w, https:\/\/olvidosdegranada.es\/wp-content\/uploads\/\/AUTORRETRATOS-olvidos.es-18-150x96.jpg 150w, https:\/\/olvidosdegranada.es\/wp-content\/uploads\/\/AUTORRETRATOS-olvidos.es-18-768x492.jpg 768w, https:\/\/olvidosdegranada.es\/wp-content\/uploads\/\/AUTORRETRATOS-olvidos.es-18-1536x985.jpg 1536w, https:\/\/olvidosdegranada.es\/wp-content\/uploads\/\/AUTORRETRATOS-olvidos.es-18-2048x1313.jpg 2048w\" sizes=\"auto, (max-width: 300px) 100vw, 300px\" \/>\n\t\t<div class=\"figc no-description\">\n\t\t\t<div class=\"figc-inner\">\n\t\t\t\t\t\t\t\t\t\t\t\t\t\t\t<\/div>\n\t\t<\/div>\n\n\t<\/div>\n\n<\/div><div class=\"modula-item effect-pufrobo\" >\n\t<div class=\"modula-item-overlay\"><\/div>\n\n\t<div class=\"modula-item-content\">\n\n\t\t<a data-image-id=\"2343\" role=\"button\" tabindex=\"0\" rel=\"jtg-2323\" data-caption=\"Exif_JPEG_PICTURE\" aria-label=\"Abrir la imagen en una caja de luz\" class=\"tile-inner modula-item-link\"><\/a><img loading=\"lazy\" decoding=\"async\" class=\"pic wp-image-2343\"  data-valign=\"middle\" data-halign=\"center\" alt=\"\" data-full=\"https:\/\/olvidosdegranada.es\/wp-content\/uploads\/AUTORRETRATOS-olvidos.es-19.jpg\" title=\"Exif_JPEG_PICTURE\" crop=\"\" width=\"300\" height=\"207\" src=\"https:\/\/olvidosdegranada.es\/wp-content\/uploads\/AUTORRETRATOS-olvidos.es-19-300x207.jpg\" data-src=\"https:\/\/olvidosdegranada.es\/wp-content\/uploads\/AUTORRETRATOS-olvidos.es-19-300x207.jpg\" data-caption=\"Exif_JPEG_PICTURE\" srcset=\"https:\/\/olvidosdegranada.es\/wp-content\/uploads\/\/AUTORRETRATOS-olvidos.es-19-scaled.jpg 2000w, https:\/\/olvidosdegranada.es\/wp-content\/uploads\/\/AUTORRETRATOS-olvidos.es-19-scaled-300x207.jpg 300w, https:\/\/olvidosdegranada.es\/wp-content\/uploads\/\/AUTORRETRATOS-olvidos.es-19-1024x706.jpg 1024w, https:\/\/olvidosdegranada.es\/wp-content\/uploads\/\/AUTORRETRATOS-olvidos.es-19-150x103.jpg 150w, https:\/\/olvidosdegranada.es\/wp-content\/uploads\/\/AUTORRETRATOS-olvidos.es-19-768x529.jpg 768w, https:\/\/olvidosdegranada.es\/wp-content\/uploads\/\/AUTORRETRATOS-olvidos.es-19-1536x1058.jpg 1536w, https:\/\/olvidosdegranada.es\/wp-content\/uploads\/\/AUTORRETRATOS-olvidos.es-19-2048x1411.jpg 2048w\" sizes=\"auto, (max-width: 300px) 100vw, 300px\" \/>\n\t\t<div class=\"figc\">\n\t\t\t<div class=\"figc-inner\">\n\t\t\t\t\t\t\t\t\t\t\t\t\t\t\t<\/div>\n\t\t<\/div>\n\n\t<\/div>\n\n<\/div><div class=\"modula-item effect-pufrobo\" >\n\t<div class=\"modula-item-overlay\"><\/div>\n\n\t<div class=\"modula-item-content\">\n\n\t\t<a data-image-id=\"2345\" role=\"button\" tabindex=\"0\" rel=\"jtg-2323\" data-caption=\"Exif_JPEG_PICTURE\" aria-label=\"Abrir la imagen en una caja de luz\" class=\"tile-inner modula-item-link\"><\/a><img loading=\"lazy\" decoding=\"async\" class=\"pic wp-image-2345\"  data-valign=\"middle\" data-halign=\"center\" alt=\"\" data-full=\"https:\/\/olvidosdegranada.es\/wp-content\/uploads\/AUTORRETRATOS-olvidos.es-20.jpg\" title=\"Exif_JPEG_PICTURE\" crop=\"\" width=\"300\" height=\"225\" src=\"https:\/\/olvidosdegranada.es\/wp-content\/uploads\/AUTORRETRATOS-olvidos.es-20-300x225.jpg\" data-src=\"https:\/\/olvidosdegranada.es\/wp-content\/uploads\/AUTORRETRATOS-olvidos.es-20-300x225.jpg\" data-caption=\"Exif_JPEG_PICTURE\" srcset=\"https:\/\/olvidosdegranada.es\/wp-content\/uploads\/\/AUTORRETRATOS-olvidos.es-20-scaled.jpg 2000w, https:\/\/olvidosdegranada.es\/wp-content\/uploads\/\/AUTORRETRATOS-olvidos.es-20-scaled-300x225.jpg 300w, https:\/\/olvidosdegranada.es\/wp-content\/uploads\/\/AUTORRETRATOS-olvidos.es-20-1024x768.jpg 1024w, https:\/\/olvidosdegranada.es\/wp-content\/uploads\/\/AUTORRETRATOS-olvidos.es-20-150x113.jpg 150w, https:\/\/olvidosdegranada.es\/wp-content\/uploads\/\/AUTORRETRATOS-olvidos.es-20-768x576.jpg 768w, https:\/\/olvidosdegranada.es\/wp-content\/uploads\/\/AUTORRETRATOS-olvidos.es-20-1536x1152.jpg 1536w, https:\/\/olvidosdegranada.es\/wp-content\/uploads\/\/AUTORRETRATOS-olvidos.es-20-2048x1536.jpg 2048w\" sizes=\"auto, (max-width: 300px) 100vw, 300px\" \/>\n\t\t<div class=\"figc\">\n\t\t\t<div class=\"figc-inner\">\n\t\t\t\t\t\t\t\t\t\t\t\t\t\t\t<\/div>\n\t\t<\/div>\n\n\t<\/div>\n\n<\/div><div class=\"modula-item effect-pufrobo\" >\n\t<div class=\"modula-item-overlay\"><\/div>\n\n\t<div class=\"modula-item-content\">\n\n\t\t<a data-image-id=\"2346\" role=\"button\" tabindex=\"0\" rel=\"jtg-2323\" data-caption=\"Exif_JPEG_PICTURE\" aria-label=\"Abrir la imagen en una caja de luz\" class=\"tile-inner modula-item-link\"><\/a><img loading=\"lazy\" decoding=\"async\" class=\"pic wp-image-2346\"  data-valign=\"middle\" data-halign=\"center\" alt=\"\" data-full=\"https:\/\/olvidosdegranada.es\/wp-content\/uploads\/AUTORRETRATOS-olvidos.es-21.jpg\" title=\"Exif_JPEG_PICTURE\" crop=\"\" width=\"300\" height=\"245\" src=\"https:\/\/olvidosdegranada.es\/wp-content\/uploads\/AUTORRETRATOS-olvidos.es-21-300x245.jpg\" data-src=\"https:\/\/olvidosdegranada.es\/wp-content\/uploads\/AUTORRETRATOS-olvidos.es-21-300x245.jpg\" data-caption=\"Exif_JPEG_PICTURE\" srcset=\"https:\/\/olvidosdegranada.es\/wp-content\/uploads\/\/AUTORRETRATOS-olvidos.es-21-scaled.jpg 2000w, https:\/\/olvidosdegranada.es\/wp-content\/uploads\/\/AUTORRETRATOS-olvidos.es-21-scaled-300x245.jpg 300w, https:\/\/olvidosdegranada.es\/wp-content\/uploads\/\/AUTORRETRATOS-olvidos.es-21-1024x837.jpg 1024w, https:\/\/olvidosdegranada.es\/wp-content\/uploads\/\/AUTORRETRATOS-olvidos.es-21-150x123.jpg 150w, https:\/\/olvidosdegranada.es\/wp-content\/uploads\/\/AUTORRETRATOS-olvidos.es-21-768x627.jpg 768w, https:\/\/olvidosdegranada.es\/wp-content\/uploads\/\/AUTORRETRATOS-olvidos.es-21-1536x1255.jpg 1536w, https:\/\/olvidosdegranada.es\/wp-content\/uploads\/\/AUTORRETRATOS-olvidos.es-21-2048x1673.jpg 2048w\" sizes=\"auto, (max-width: 300px) 100vw, 300px\" \/>\n\t\t<div class=\"figc\">\n\t\t\t<div class=\"figc-inner\">\n\t\t\t\t\t\t\t\t\t\t\t\t\t\t\t<\/div>\n\t\t<\/div>\n\n\t<\/div>\n\n<\/div><div class=\"modula-item effect-pufrobo\" >\n\t<div class=\"modula-item-overlay\"><\/div>\n\n\t<div class=\"modula-item-content\">\n\n\t\t<a data-image-id=\"2347\" role=\"button\" tabindex=\"0\" rel=\"jtg-2323\" data-caption=\"Exif_JPEG_PICTURE\" aria-label=\"Abrir la imagen en una caja de luz\" class=\"tile-inner modula-item-link\"><\/a><img loading=\"lazy\" decoding=\"async\" class=\"pic wp-image-2347\"  data-valign=\"middle\" data-halign=\"center\" alt=\"\" data-full=\"https:\/\/olvidosdegranada.es\/wp-content\/uploads\/AUTORRETRATOS-olvidos.es-22.jpg\" title=\"Exif_JPEG_PICTURE\" crop=\"\" width=\"300\" height=\"225\" src=\"https:\/\/olvidosdegranada.es\/wp-content\/uploads\/AUTORRETRATOS-olvidos.es-22-300x225.jpg\" data-src=\"https:\/\/olvidosdegranada.es\/wp-content\/uploads\/AUTORRETRATOS-olvidos.es-22-300x225.jpg\" data-caption=\"Exif_JPEG_PICTURE\" srcset=\"https:\/\/olvidosdegranada.es\/wp-content\/uploads\/\/AUTORRETRATOS-olvidos.es-22-scaled.jpg 2000w, https:\/\/olvidosdegranada.es\/wp-content\/uploads\/\/AUTORRETRATOS-olvidos.es-22-scaled-300x225.jpg 300w, https:\/\/olvidosdegranada.es\/wp-content\/uploads\/\/AUTORRETRATOS-olvidos.es-22-1024x768.jpg 1024w, https:\/\/olvidosdegranada.es\/wp-content\/uploads\/\/AUTORRETRATOS-olvidos.es-22-150x113.jpg 150w, https:\/\/olvidosdegranada.es\/wp-content\/uploads\/\/AUTORRETRATOS-olvidos.es-22-768x576.jpg 768w, https:\/\/olvidosdegranada.es\/wp-content\/uploads\/\/AUTORRETRATOS-olvidos.es-22-1536x1152.jpg 1536w, https:\/\/olvidosdegranada.es\/wp-content\/uploads\/\/AUTORRETRATOS-olvidos.es-22-2048x1536.jpg 2048w\" sizes=\"auto, (max-width: 300px) 100vw, 300px\" \/>\n\t\t<div class=\"figc\">\n\t\t\t<div class=\"figc-inner\">\n\t\t\t\t\t\t\t\t\t\t\t\t\t\t\t<\/div>\n\t\t<\/div>\n\n\t<\/div>\n\n<\/div><div class=\"modula-item effect-pufrobo\" >\n\t<div class=\"modula-item-overlay\"><\/div>\n\n\t<div class=\"modula-item-content\">\n\n\t\t<a data-image-id=\"2348\" role=\"button\" tabindex=\"0\" rel=\"jtg-2323\" data-caption=\"\" aria-label=\"Abrir la imagen en una caja de luz\" class=\"tile-inner modula-item-link\"><\/a><img loading=\"lazy\" decoding=\"async\" class=\"pic wp-image-2348\"  data-valign=\"middle\" data-halign=\"center\" alt=\"\" data-full=\"https:\/\/olvidosdegranada.es\/wp-content\/uploads\/AUTORRETRATOS-olvidos.es-23.jpg\" title=\"AUTORRETRATOS olvidos.es - 23\" crop=\"\" width=\"300\" height=\"199\" src=\"https:\/\/olvidosdegranada.es\/wp-content\/uploads\/AUTORRETRATOS-olvidos.es-23-300x199.jpg\" data-src=\"https:\/\/olvidosdegranada.es\/wp-content\/uploads\/AUTORRETRATOS-olvidos.es-23-300x199.jpg\" data-caption=\"\" srcset=\"https:\/\/olvidosdegranada.es\/wp-content\/uploads\/\/AUTORRETRATOS-olvidos.es-23-scaled.jpg 2000w, https:\/\/olvidosdegranada.es\/wp-content\/uploads\/\/AUTORRETRATOS-olvidos.es-23-scaled-300x199.jpg 300w, https:\/\/olvidosdegranada.es\/wp-content\/uploads\/\/AUTORRETRATOS-olvidos.es-23-1024x678.jpg 1024w, https:\/\/olvidosdegranada.es\/wp-content\/uploads\/\/AUTORRETRATOS-olvidos.es-23-150x99.jpg 150w, https:\/\/olvidosdegranada.es\/wp-content\/uploads\/\/AUTORRETRATOS-olvidos.es-23-768x509.jpg 768w, https:\/\/olvidosdegranada.es\/wp-content\/uploads\/\/AUTORRETRATOS-olvidos.es-23-1536x1017.jpg 1536w, https:\/\/olvidosdegranada.es\/wp-content\/uploads\/\/AUTORRETRATOS-olvidos.es-23-2048x1356.jpg 2048w\" sizes=\"auto, (max-width: 300px) 100vw, 300px\" \/>\n\t\t<div class=\"figc no-description\">\n\t\t\t<div class=\"figc-inner\">\n\t\t\t\t\t\t\t\t\t\t\t\t\t\t\t<\/div>\n\t\t<\/div>\n\n\t<\/div>\n\n<\/div><div class=\"modula-item effect-pufrobo\" >\n\t<div class=\"modula-item-overlay\"><\/div>\n\n\t<div class=\"modula-item-content\">\n\n\t\t<a data-image-id=\"2349\" role=\"button\" tabindex=\"0\" rel=\"jtg-2323\" data-caption=\"Exif_JPEG_PICTURE\" aria-label=\"Abrir la imagen en una caja de luz\" class=\"tile-inner modula-item-link\"><\/a><img loading=\"lazy\" decoding=\"async\" class=\"pic wp-image-2349\"  data-valign=\"middle\" data-halign=\"center\" alt=\"\" data-full=\"https:\/\/olvidosdegranada.es\/wp-content\/uploads\/AUTORRETRATOS-olvidos.es-24.jpg\" title=\"Exif_JPEG_PICTURE\" crop=\"\" width=\"300\" height=\"225\" src=\"https:\/\/olvidosdegranada.es\/wp-content\/uploads\/AUTORRETRATOS-olvidos.es-24-300x225.jpg\" data-src=\"https:\/\/olvidosdegranada.es\/wp-content\/uploads\/AUTORRETRATOS-olvidos.es-24-300x225.jpg\" data-caption=\"Exif_JPEG_PICTURE\" srcset=\"https:\/\/olvidosdegranada.es\/wp-content\/uploads\/\/AUTORRETRATOS-olvidos.es-24-scaled.jpg 2000w, https:\/\/olvidosdegranada.es\/wp-content\/uploads\/\/AUTORRETRATOS-olvidos.es-24-scaled-300x225.jpg 300w, https:\/\/olvidosdegranada.es\/wp-content\/uploads\/\/AUTORRETRATOS-olvidos.es-24-1024x768.jpg 1024w, https:\/\/olvidosdegranada.es\/wp-content\/uploads\/\/AUTORRETRATOS-olvidos.es-24-150x113.jpg 150w, https:\/\/olvidosdegranada.es\/wp-content\/uploads\/\/AUTORRETRATOS-olvidos.es-24-768x576.jpg 768w, https:\/\/olvidosdegranada.es\/wp-content\/uploads\/\/AUTORRETRATOS-olvidos.es-24-1536x1152.jpg 1536w, https:\/\/olvidosdegranada.es\/wp-content\/uploads\/\/AUTORRETRATOS-olvidos.es-24-2048x1536.jpg 2048w\" sizes=\"auto, (max-width: 300px) 100vw, 300px\" \/>\n\t\t<div class=\"figc\">\n\t\t\t<div class=\"figc-inner\">\n\t\t\t\t\t\t\t\t\t\t\t\t\t\t\t<\/div>\n\t\t<\/div>\n\n\t<\/div>\n\n<\/div><div class=\"modula-item effect-pufrobo\" >\n\t<div class=\"modula-item-overlay\"><\/div>\n\n\t<div class=\"modula-item-content\">\n\n\t\t<a data-image-id=\"2350\" role=\"button\" tabindex=\"0\" rel=\"jtg-2323\" data-caption=\"Exif_JPEG_PICTURE\" aria-label=\"Abrir la imagen en una caja de luz\" class=\"tile-inner modula-item-link\"><\/a><img loading=\"lazy\" decoding=\"async\" class=\"pic wp-image-2350\"  data-valign=\"middle\" data-halign=\"center\" alt=\"\" data-full=\"https:\/\/olvidosdegranada.es\/wp-content\/uploads\/AUTORRETRATOS-olvidos.es-25.jpg\" title=\"Exif_JPEG_PICTURE\" crop=\"\" width=\"300\" height=\"225\" src=\"https:\/\/olvidosdegranada.es\/wp-content\/uploads\/AUTORRETRATOS-olvidos.es-25-300x225.jpg\" data-src=\"https:\/\/olvidosdegranada.es\/wp-content\/uploads\/AUTORRETRATOS-olvidos.es-25-300x225.jpg\" data-caption=\"Exif_JPEG_PICTURE\" srcset=\"https:\/\/olvidosdegranada.es\/wp-content\/uploads\/\/AUTORRETRATOS-olvidos.es-25-scaled.jpg 2000w, https:\/\/olvidosdegranada.es\/wp-content\/uploads\/\/AUTORRETRATOS-olvidos.es-25-scaled-300x225.jpg 300w, https:\/\/olvidosdegranada.es\/wp-content\/uploads\/\/AUTORRETRATOS-olvidos.es-25-1024x768.jpg 1024w, https:\/\/olvidosdegranada.es\/wp-content\/uploads\/\/AUTORRETRATOS-olvidos.es-25-150x113.jpg 150w, https:\/\/olvidosdegranada.es\/wp-content\/uploads\/\/AUTORRETRATOS-olvidos.es-25-768x576.jpg 768w, https:\/\/olvidosdegranada.es\/wp-content\/uploads\/\/AUTORRETRATOS-olvidos.es-25-1536x1152.jpg 1536w, https:\/\/olvidosdegranada.es\/wp-content\/uploads\/\/AUTORRETRATOS-olvidos.es-25-2048x1536.jpg 2048w\" sizes=\"auto, (max-width: 300px) 100vw, 300px\" \/>\n\t\t<div class=\"figc\">\n\t\t\t<div class=\"figc-inner\">\n\t\t\t\t\t\t\t\t\t\t\t\t\t\t\t<\/div>\n\t\t<\/div>\n\n\t<\/div>\n\n<\/div><div class=\"modula-item effect-pufrobo\" >\n\t<div class=\"modula-item-overlay\"><\/div>\n\n\t<div class=\"modula-item-content\">\n\n\t\t<a data-image-id=\"2352\" role=\"button\" tabindex=\"0\" rel=\"jtg-2323\" data-caption=\"Exif_JPEG_PICTURE\" aria-label=\"Abrir la imagen en una caja de luz\" class=\"tile-inner modula-item-link\"><\/a><img loading=\"lazy\" decoding=\"async\" class=\"pic wp-image-2352\"  data-valign=\"middle\" data-halign=\"center\" alt=\"\" data-full=\"https:\/\/olvidosdegranada.es\/wp-content\/uploads\/AUTORRETRATOS-olvidos.es-26.jpg\" title=\"Exif_JPEG_PICTURE\" crop=\"\" width=\"300\" height=\"225\" src=\"https:\/\/olvidosdegranada.es\/wp-content\/uploads\/AUTORRETRATOS-olvidos.es-26-300x225.jpg\" data-src=\"https:\/\/olvidosdegranada.es\/wp-content\/uploads\/AUTORRETRATOS-olvidos.es-26-300x225.jpg\" data-caption=\"Exif_JPEG_PICTURE\" srcset=\"https:\/\/olvidosdegranada.es\/wp-content\/uploads\/\/AUTORRETRATOS-olvidos.es-26-scaled.jpg 2000w, https:\/\/olvidosdegranada.es\/wp-content\/uploads\/\/AUTORRETRATOS-olvidos.es-26-scaled-300x225.jpg 300w, https:\/\/olvidosdegranada.es\/wp-content\/uploads\/\/AUTORRETRATOS-olvidos.es-26-1024x768.jpg 1024w, https:\/\/olvidosdegranada.es\/wp-content\/uploads\/\/AUTORRETRATOS-olvidos.es-26-150x113.jpg 150w, https:\/\/olvidosdegranada.es\/wp-content\/uploads\/\/AUTORRETRATOS-olvidos.es-26-768x576.jpg 768w, https:\/\/olvidosdegranada.es\/wp-content\/uploads\/\/AUTORRETRATOS-olvidos.es-26-1536x1152.jpg 1536w, https:\/\/olvidosdegranada.es\/wp-content\/uploads\/\/AUTORRETRATOS-olvidos.es-26-2048x1536.jpg 2048w\" sizes=\"auto, (max-width: 300px) 100vw, 300px\" \/>\n\t\t<div class=\"figc\">\n\t\t\t<div class=\"figc-inner\">\n\t\t\t\t\t\t\t\t\t\t\t\t\t\t\t<\/div>\n\t\t<\/div>\n\n\t<\/div>\n\n<\/div><div class=\"modula-item effect-pufrobo\" >\n\t<div class=\"modula-item-overlay\"><\/div>\n\n\t<div class=\"modula-item-content\">\n\n\t\t<a data-image-id=\"2353\" role=\"button\" tabindex=\"0\" rel=\"jtg-2323\" data-caption=\"\" aria-label=\"Abrir la imagen en una caja de luz\" class=\"tile-inner modula-item-link\"><\/a><img loading=\"lazy\" decoding=\"async\" class=\"pic wp-image-2353\"  data-valign=\"middle\" data-halign=\"center\" alt=\"\" data-full=\"https:\/\/olvidosdegranada.es\/wp-content\/uploads\/AUTORRETRATOS-olvidos.es-27.jpg\" title=\"AUTORRETRATOS olvidos.es - 27\" crop=\"\" width=\"300\" height=\"180\" src=\"https:\/\/olvidosdegranada.es\/wp-content\/uploads\/AUTORRETRATOS-olvidos.es-27-300x180.jpg\" data-src=\"https:\/\/olvidosdegranada.es\/wp-content\/uploads\/AUTORRETRATOS-olvidos.es-27-300x180.jpg\" data-caption=\"\" srcset=\"https:\/\/olvidosdegranada.es\/wp-content\/uploads\/\/AUTORRETRATOS-olvidos.es-27-scaled.jpg 2000w, https:\/\/olvidosdegranada.es\/wp-content\/uploads\/\/AUTORRETRATOS-olvidos.es-27-scaled-300x180.jpg 300w, https:\/\/olvidosdegranada.es\/wp-content\/uploads\/\/AUTORRETRATOS-olvidos.es-27-1024x614.jpg 1024w, https:\/\/olvidosdegranada.es\/wp-content\/uploads\/\/AUTORRETRATOS-olvidos.es-27-150x90.jpg 150w, https:\/\/olvidosdegranada.es\/wp-content\/uploads\/\/AUTORRETRATOS-olvidos.es-27-768x460.jpg 768w, https:\/\/olvidosdegranada.es\/wp-content\/uploads\/\/AUTORRETRATOS-olvidos.es-27-1536x921.jpg 1536w, https:\/\/olvidosdegranada.es\/wp-content\/uploads\/\/AUTORRETRATOS-olvidos.es-27-2048x1228.jpg 2048w\" sizes=\"auto, (max-width: 300px) 100vw, 300px\" \/>\n\t\t<div class=\"figc no-description\">\n\t\t\t<div class=\"figc-inner\">\n\t\t\t\t\t\t\t\t\t\t\t\t\t\t\t<\/div>\n\t\t<\/div>\n\n\t<\/div>\n\n<\/div><div class=\"modula-item effect-pufrobo\" >\n\t<div class=\"modula-item-overlay\"><\/div>\n\n\t<div class=\"modula-item-content\">\n\n\t\t<a data-image-id=\"2354\" role=\"button\" tabindex=\"0\" rel=\"jtg-2323\" data-caption=\"Exif_JPEG_PICTURE\" aria-label=\"Abrir la imagen en una caja de luz\" class=\"tile-inner modula-item-link\"><\/a><img loading=\"lazy\" decoding=\"async\" class=\"pic wp-image-2354\"  data-valign=\"middle\" data-halign=\"center\" alt=\"\" data-full=\"https:\/\/olvidosdegranada.es\/wp-content\/uploads\/AUTORRETRATOS-olvidos.es-28.jpg\" title=\"Exif_JPEG_PICTURE\" crop=\"\" width=\"300\" height=\"225\" src=\"https:\/\/olvidosdegranada.es\/wp-content\/uploads\/AUTORRETRATOS-olvidos.es-28-300x225.jpg\" data-src=\"https:\/\/olvidosdegranada.es\/wp-content\/uploads\/AUTORRETRATOS-olvidos.es-28-300x225.jpg\" data-caption=\"Exif_JPEG_PICTURE\" srcset=\"https:\/\/olvidosdegranada.es\/wp-content\/uploads\/\/AUTORRETRATOS-olvidos.es-28-scaled.jpg 2000w, https:\/\/olvidosdegranada.es\/wp-content\/uploads\/\/AUTORRETRATOS-olvidos.es-28-scaled-300x225.jpg 300w, https:\/\/olvidosdegranada.es\/wp-content\/uploads\/\/AUTORRETRATOS-olvidos.es-28-1024x768.jpg 1024w, https:\/\/olvidosdegranada.es\/wp-content\/uploads\/\/AUTORRETRATOS-olvidos.es-28-150x113.jpg 150w, https:\/\/olvidosdegranada.es\/wp-content\/uploads\/\/AUTORRETRATOS-olvidos.es-28-768x576.jpg 768w, https:\/\/olvidosdegranada.es\/wp-content\/uploads\/\/AUTORRETRATOS-olvidos.es-28-1536x1152.jpg 1536w, https:\/\/olvidosdegranada.es\/wp-content\/uploads\/\/AUTORRETRATOS-olvidos.es-28-2048x1536.jpg 2048w\" sizes=\"auto, (max-width: 300px) 100vw, 300px\" \/>\n\t\t<div class=\"figc\">\n\t\t\t<div class=\"figc-inner\">\n\t\t\t\t\t\t\t\t\t\t\t\t\t\t\t<\/div>\n\t\t<\/div>\n\n\t<\/div>\n\n<\/div><div class=\"modula-item effect-pufrobo\" >\n\t<div class=\"modula-item-overlay\"><\/div>\n\n\t<div class=\"modula-item-content\">\n\n\t\t<a data-image-id=\"2355\" role=\"button\" tabindex=\"0\" rel=\"jtg-2323\" data-caption=\"Exif_JPEG_PICTURE\" aria-label=\"Abrir la imagen en una caja de luz\" class=\"tile-inner modula-item-link\"><\/a><img loading=\"lazy\" decoding=\"async\" class=\"pic wp-image-2355\"  data-valign=\"middle\" data-halign=\"center\" alt=\"\" data-full=\"https:\/\/olvidosdegranada.es\/wp-content\/uploads\/AUTORRETRATOS-olvidos.es-29.jpg\" title=\"Exif_JPEG_PICTURE\" crop=\"\" width=\"300\" height=\"193\" src=\"https:\/\/olvidosdegranada.es\/wp-content\/uploads\/AUTORRETRATOS-olvidos.es-29-300x193.jpg\" data-src=\"https:\/\/olvidosdegranada.es\/wp-content\/uploads\/AUTORRETRATOS-olvidos.es-29-300x193.jpg\" data-caption=\"Exif_JPEG_PICTURE\" srcset=\"https:\/\/olvidosdegranada.es\/wp-content\/uploads\/\/AUTORRETRATOS-olvidos.es-29-scaled.jpg 2000w, https:\/\/olvidosdegranada.es\/wp-content\/uploads\/\/AUTORRETRATOS-olvidos.es-29-scaled-300x193.jpg 300w, https:\/\/olvidosdegranada.es\/wp-content\/uploads\/\/AUTORRETRATOS-olvidos.es-29-1024x659.jpg 1024w, https:\/\/olvidosdegranada.es\/wp-content\/uploads\/\/AUTORRETRATOS-olvidos.es-29-150x96.jpg 150w, https:\/\/olvidosdegranada.es\/wp-content\/uploads\/\/AUTORRETRATOS-olvidos.es-29-768x494.jpg 768w, https:\/\/olvidosdegranada.es\/wp-content\/uploads\/\/AUTORRETRATOS-olvidos.es-29-1536x988.jpg 1536w, https:\/\/olvidosdegranada.es\/wp-content\/uploads\/\/AUTORRETRATOS-olvidos.es-29-2048x1317.jpg 2048w\" sizes=\"auto, (max-width: 300px) 100vw, 300px\" \/>\n\t\t<div class=\"figc\">\n\t\t\t<div class=\"figc-inner\">\n\t\t\t\t\t\t\t\t\t\t\t\t\t\t\t<\/div>\n\t\t<\/div>\n\n\t<\/div>\n\n<\/div><div class=\"modula-item effect-pufrobo\" >\n\t<div class=\"modula-item-overlay\"><\/div>\n\n\t<div class=\"modula-item-content\">\n\n\t\t<a data-image-id=\"2356\" role=\"button\" tabindex=\"0\" rel=\"jtg-2323\" data-caption=\"Exif_JPEG_PICTURE\" aria-label=\"Abrir la imagen en una caja de luz\" class=\"tile-inner modula-item-link\"><\/a><img loading=\"lazy\" decoding=\"async\" class=\"pic wp-image-2356\"  data-valign=\"middle\" data-halign=\"center\" alt=\"\" data-full=\"https:\/\/olvidosdegranada.es\/wp-content\/uploads\/AUTORRETRATOS-olvidos.es-30.jpg\" title=\"Exif_JPEG_PICTURE\" crop=\"\" width=\"300\" height=\"225\" src=\"https:\/\/olvidosdegranada.es\/wp-content\/uploads\/AUTORRETRATOS-olvidos.es-30-300x225.jpg\" data-src=\"https:\/\/olvidosdegranada.es\/wp-content\/uploads\/AUTORRETRATOS-olvidos.es-30-300x225.jpg\" data-caption=\"Exif_JPEG_PICTURE\" srcset=\"https:\/\/olvidosdegranada.es\/wp-content\/uploads\/\/AUTORRETRATOS-olvidos.es-30-scaled.jpg 2000w, https:\/\/olvidosdegranada.es\/wp-content\/uploads\/\/AUTORRETRATOS-olvidos.es-30-scaled-300x225.jpg 300w, https:\/\/olvidosdegranada.es\/wp-content\/uploads\/\/AUTORRETRATOS-olvidos.es-30-1024x768.jpg 1024w, https:\/\/olvidosdegranada.es\/wp-content\/uploads\/\/AUTORRETRATOS-olvidos.es-30-150x113.jpg 150w, https:\/\/olvidosdegranada.es\/wp-content\/uploads\/\/AUTORRETRATOS-olvidos.es-30-768x576.jpg 768w, https:\/\/olvidosdegranada.es\/wp-content\/uploads\/\/AUTORRETRATOS-olvidos.es-30-1536x1152.jpg 1536w, https:\/\/olvidosdegranada.es\/wp-content\/uploads\/\/AUTORRETRATOS-olvidos.es-30-2048x1536.jpg 2048w\" sizes=\"auto, (max-width: 300px) 100vw, 300px\" \/>\n\t\t<div class=\"figc\">\n\t\t\t<div class=\"figc-inner\">\n\t\t\t\t\t\t\t\t\t\t\t\t\t\t\t<\/div>\n\t\t<\/div>\n\n\t<\/div>\n\n<\/div>\t\t\n\t<\/div>\n\n\t\n\t\n\t<script type=\"application\/ld+json\">\n\t{\n\t\t\"@context\": \"https:\/\/schema.org\",\n\t\t\"@type\"   : \"ImageGallery\",\n\t\t\"id\"      : \"https:\/\/olvidosdegranada.es\/index.php\/2014\/02\/06\/manuel-falces-2\/#modula-gallery-2323\",\n\t\t\"url\"     : \"https:\/\/olvidosdegranada.es\/index.php\/2014\/02\/06\/manuel-falces-2\/\"\n\t}\n\n\t<\/script>\n\n\t\n<\/div>\n\n\n\n<!--nextpage-->\n\n\n\n<div class=\"wp-block-file\"><a href=\"https:\/\/olvidosdegranada.es\/wp-content\/uploads\/Autorretratos_Falces.pdf\">Autorretratos_Falces<\/a><a href=\"https:\/\/olvidosdegranada.es\/wp-content\/uploads\/Autorretratos_Falces.pdf\" class=\"wp-block-file__button\" download>Descarga<\/a><\/div>\n\n\n\n<p><\/p>\n","protected":false},"excerpt":{"rendered":"<p>Mariano Maresca En junio de 2011, me reun\u00ed en Almer\u00eda con Matilde S\u00e1nchez para preparar &#8230; <\/p>\n<p class=\"read-more-container\"><a title=\"Manuel Falces \/Autorretratos\" class=\"read-more button\" href=\"https:\/\/olvidosdegranada.es\/index.php\/2014\/02\/06\/manuel-falces-2\/#more-2318\" aria-label=\"Leer m\u00e1s sobre Manuel Falces \/Autorretratos\">Leer m\u00e1s<\/a><\/p>\n","protected":false},"author":4,"featured_media":0,"comment_status":"open","ping_status":"closed","sticky":false,"template":"","format":"standard","meta":{"_acf_changed":false,"_jetpack_newsletter_access":"","_jetpack_dont_email_post_to_subs":false,"_jetpack_newsletter_tier_id":0,"_jetpack_memberships_contains_paywalled_content":false,"_jetpack_feature_clip_id":0,"_jetpack_memberships_contains_paid_content":false,"footnotes":"","jetpack_post_was_ever_published":false},"categories":[5],"tags":[89,111],"class_list":["post-2318","post","type-post","status-publish","format-standard","hentry","category-piezas-procesos","tag-fotografia","tag-manuel-falces","infinite-scroll-item","generate-columns","tablet-grid-50","mobile-grid-100","grid-parent","grid-33","no-featured-image-padding"],"acf":[],"yoast_head":"<!-- This site is optimized with the Yoast SEO plugin v28.3 - https:\/\/yoast.com\/product\/yoast-seo-wordpress\/ -->\n<title>Manuel Falces \/Autorretratos - Olvidos de Granada<\/title>\n<meta name=\"description\" content=\"Manuel Falces, Matilde Imberl\u00f3n, Mariano Maresca, Fernando Valls Mariano Maresca En junio de 2011, me reun\u00ed en Almer\u00eda con Matilde S\u00e1nchez para preparar nuestra edici\u00f3n sobre la \u00faltima obra de Manuel Falces. Pero en\" \/>\n<meta name=\"robots\" content=\"index, follow, max-snippet:-1, max-image-preview:large, max-video-preview:-1\" \/>\n<link rel=\"canonical\" href=\"https:\/\/olvidosdegranada.es\/index.php\/2014\/02\/06\/manuel-falces-2\/\" \/>\n<meta property=\"og:locale\" content=\"es_ES\" \/>\n<meta property=\"og:type\" content=\"article\" \/>\n<meta property=\"og:title\" content=\"Manuel Falces \/Autorretratos - Olvidos de Granada\" \/>\n<meta property=\"og:description\" content=\"Manuel Falces, Matilde Imberl\u00f3n, Mariano Maresca, Fernando Valls Mariano Maresca En junio de 2011, me reun\u00ed en Almer\u00eda con Matilde S\u00e1nchez para preparar nuestra edici\u00f3n sobre la \u00faltima obra de Manuel Falces. Pero en\" \/>\n<meta property=\"og:url\" content=\"https:\/\/olvidosdegranada.es\/index.php\/2014\/02\/06\/manuel-falces-2\/\" \/>\n<meta property=\"og:site_name\" content=\"Olvidos de Granada\" \/>\n<meta property=\"article:publisher\" content=\"https:\/\/www.facebook.com\/OLVIDOSDIGITAL\" \/>\n<meta property=\"article:published_time\" content=\"2014-02-06T21:58:01+00:00\" \/>\n<meta property=\"article:modified_time\" content=\"2020-12-06T22:25:27+00:00\" \/>\n<meta property=\"og:image\" content=\"https:\/\/olvidosdegranada.es\/wp-content\/uploads\/FALCES-PRUEBA-1-1024x397.jpg\" \/>\n<meta name=\"author\" content=\"Alfonso Salazar\" \/>\n<meta name=\"twitter:card\" content=\"summary_large_image\" \/>\n<meta name=\"twitter:creator\" content=\"@olvidospuntoes\" \/>\n<meta name=\"twitter:site\" content=\"@olvidospuntoes\" \/>\n<meta name=\"twitter:label1\" content=\"Escrito por\" \/>\n\t<meta name=\"twitter:data1\" content=\"Alfonso Salazar\" \/>\n\t<meta name=\"twitter:label2\" content=\"Tiempo de lectura\" \/>\n\t<meta name=\"twitter:data2\" content=\"10 minutos\" \/>\n<script type=\"application\/ld+json\" class=\"yoast-schema-graph\">{\"@context\":\"https:\\\/\\\/schema.org\",\"@graph\":[{\"@type\":\"Article\",\"@id\":\"https:\\\/\\\/olvidosdegranada.es\\\/index.php\\\/2014\\\/02\\\/06\\\/manuel-falces-2\\\/#article\",\"isPartOf\":{\"@id\":\"https:\\\/\\\/olvidosdegranada.es\\\/index.php\\\/2014\\\/02\\\/06\\\/manuel-falces-2\\\/\"},\"author\":{\"name\":\"Alfonso Salazar\",\"@id\":\"https:\\\/\\\/olvidosdegranada.es\\\/#\\\/schema\\\/person\\\/2e10b199a19cf21e8fd2391979d33083\"},\"headline\":\"Manuel Falces \\\/Autorretratos\",\"datePublished\":\"2014-02-06T21:58:01+00:00\",\"dateModified\":\"2020-12-06T22:25:27+00:00\",\"mainEntityOfPage\":{\"@id\":\"https:\\\/\\\/olvidosdegranada.es\\\/index.php\\\/2014\\\/02\\\/06\\\/manuel-falces-2\\\/\"},\"wordCount\":2027,\"commentCount\":0,\"publisher\":{\"@id\":\"https:\\\/\\\/olvidosdegranada.es\\\/#organization\"},\"image\":{\"@id\":\"https:\\\/\\\/olvidosdegranada.es\\\/index.php\\\/2014\\\/02\\\/06\\\/manuel-falces-2\\\/#primaryimage\"},\"thumbnailUrl\":\"https:\\\/\\\/olvidosdegranada.es\\\/wp-content\\\/uploads\\\/FALCES-PRUEBA-1-1024x397.jpg\",\"keywords\":[\"Fotograf\u00eda\",\"Manuel Falces\"],\"articleSection\":[\"Piezas y Procesos\"],\"inLanguage\":\"es\",\"potentialAction\":[{\"@type\":\"CommentAction\",\"name\":\"Comment\",\"target\":[\"https:\\\/\\\/olvidosdegranada.es\\\/index.php\\\/2014\\\/02\\\/06\\\/manuel-falces-2\\\/#respond\"]}]},{\"@type\":\"WebPage\",\"@id\":\"https:\\\/\\\/olvidosdegranada.es\\\/index.php\\\/2014\\\/02\\\/06\\\/manuel-falces-2\\\/\",\"url\":\"https:\\\/\\\/olvidosdegranada.es\\\/index.php\\\/2014\\\/02\\\/06\\\/manuel-falces-2\\\/\",\"name\":\"Manuel Falces \\\/Autorretratos - Olvidos de Granada\",\"isPartOf\":{\"@id\":\"https:\\\/\\\/olvidosdegranada.es\\\/#website\"},\"primaryImageOfPage\":{\"@id\":\"https:\\\/\\\/olvidosdegranada.es\\\/index.php\\\/2014\\\/02\\\/06\\\/manuel-falces-2\\\/#primaryimage\"},\"image\":{\"@id\":\"https:\\\/\\\/olvidosdegranada.es\\\/index.php\\\/2014\\\/02\\\/06\\\/manuel-falces-2\\\/#primaryimage\"},\"thumbnailUrl\":\"https:\\\/\\\/olvidosdegranada.es\\\/wp-content\\\/uploads\\\/FALCES-PRUEBA-1-1024x397.jpg\",\"datePublished\":\"2014-02-06T21:58:01+00:00\",\"dateModified\":\"2020-12-06T22:25:27+00:00\",\"description\":\"Manuel Falces, Matilde Imberl\u00f3n, Mariano Maresca, Fernando Valls Mariano Maresca En junio de 2011, me reun\u00ed en Almer\u00eda con Matilde S\u00e1nchez para preparar nuestra edici\u00f3n sobre la \u00faltima obra de Manuel Falces. Pero en\",\"breadcrumb\":{\"@id\":\"https:\\\/\\\/olvidosdegranada.es\\\/index.php\\\/2014\\\/02\\\/06\\\/manuel-falces-2\\\/#breadcrumb\"},\"inLanguage\":\"es\",\"potentialAction\":[{\"@type\":\"ReadAction\",\"target\":[\"https:\\\/\\\/olvidosdegranada.es\\\/index.php\\\/2014\\\/02\\\/06\\\/manuel-falces-2\\\/\"]}]},{\"@type\":\"ImageObject\",\"inLanguage\":\"es\",\"@id\":\"https:\\\/\\\/olvidosdegranada.es\\\/index.php\\\/2014\\\/02\\\/06\\\/manuel-falces-2\\\/#primaryimage\",\"url\":\"https:\\\/\\\/olvidosdegranada.es\\\/wp-content\\\/uploads\\\/FALCES-PRUEBA-1-1024x397.jpg\",\"contentUrl\":\"https:\\\/\\\/olvidosdegranada.es\\\/wp-content\\\/uploads\\\/FALCES-PRUEBA-1-1024x397.jpg\"},{\"@type\":\"BreadcrumbList\",\"@id\":\"https:\\\/\\\/olvidosdegranada.es\\\/index.php\\\/2014\\\/02\\\/06\\\/manuel-falces-2\\\/#breadcrumb\",\"itemListElement\":[{\"@type\":\"ListItem\",\"position\":1,\"name\":\"Portada\",\"item\":\"https:\\\/\\\/olvidosdegranada.es\\\/\"},{\"@type\":\"ListItem\",\"position\":2,\"name\":\"Manuel Falces \\\/Autorretratos\"}]},{\"@type\":\"WebSite\",\"@id\":\"https:\\\/\\\/olvidosdegranada.es\\\/#website\",\"url\":\"https:\\\/\\\/olvidosdegranada.es\\\/\",\"name\":\"Olvidos de Granada\",\"description\":\"Revista de acciones culturales\",\"publisher\":{\"@id\":\"https:\\\/\\\/olvidosdegranada.es\\\/#organization\"},\"potentialAction\":[{\"@type\":\"SearchAction\",\"target\":{\"@type\":\"EntryPoint\",\"urlTemplate\":\"https:\\\/\\\/olvidosdegranada.es\\\/?s={search_term_string}\"},\"query-input\":{\"@type\":\"PropertyValueSpecification\",\"valueRequired\":true,\"valueName\":\"search_term_string\"}}],\"inLanguage\":\"es\"},{\"@type\":\"Organization\",\"@id\":\"https:\\\/\\\/olvidosdegranada.es\\\/#organization\",\"name\":\"Olvidos de Granada\",\"url\":\"https:\\\/\\\/olvidosdegranada.es\\\/\",\"logo\":{\"@type\":\"ImageObject\",\"inLanguage\":\"es\",\"@id\":\"https:\\\/\\\/olvidosdegranada.es\\\/#\\\/schema\\\/logo\\\/image\\\/\",\"url\":\"https:\\\/\\\/olvidosdegranada.es\\\/wp-content\\\/uploads\\\/2020\\\/12\\\/Recurso-9.png\",\"contentUrl\":\"https:\\\/\\\/olvidosdegranada.es\\\/wp-content\\\/uploads\\\/2020\\\/12\\\/Recurso-9.png\",\"width\":700,\"height\":227,\"caption\":\"Olvidos de Granada\"},\"image\":{\"@id\":\"https:\\\/\\\/olvidosdegranada.es\\\/#\\\/schema\\\/logo\\\/image\\\/\"},\"sameAs\":[\"https:\\\/\\\/www.facebook.com\\\/OLVIDOSDIGITAL\",\"https:\\\/\\\/x.com\\\/olvidospuntoes\"]},{\"@type\":\"Person\",\"@id\":\"https:\\\/\\\/olvidosdegranada.es\\\/#\\\/schema\\\/person\\\/2e10b199a19cf21e8fd2391979d33083\",\"name\":\"Alfonso Salazar\",\"image\":{\"@type\":\"ImageObject\",\"inLanguage\":\"es\",\"@id\":\"https:\\\/\\\/secure.gravatar.com\\\/avatar\\\/8768a2dca789940dbdaf5fdd283c795998719eb61dc0c2c16eb3decaaf6b3304?s=96&d=mm&r=g\",\"url\":\"https:\\\/\\\/secure.gravatar.com\\\/avatar\\\/8768a2dca789940dbdaf5fdd283c795998719eb61dc0c2c16eb3decaaf6b3304?s=96&d=mm&r=g\",\"contentUrl\":\"https:\\\/\\\/secure.gravatar.com\\\/avatar\\\/8768a2dca789940dbdaf5fdd283c795998719eb61dc0c2c16eb3decaaf6b3304?s=96&d=mm&r=g\",\"caption\":\"Alfonso Salazar\"},\"url\":\"https:\\\/\\\/olvidosdegranada.es\\\/index.php\\\/author\\\/alfonso-salazar\\\/\"}]}<\/script>\n<!-- \/ Yoast SEO plugin. -->","yoast_head_json":{"title":"Manuel Falces \/Autorretratos - Olvidos de Granada","description":"Manuel Falces, Matilde Imberl\u00f3n, Mariano Maresca, Fernando Valls Mariano Maresca En junio de 2011, me reun\u00ed en Almer\u00eda con Matilde S\u00e1nchez para preparar nuestra edici\u00f3n sobre la \u00faltima obra de Manuel Falces. Pero en","robots":{"index":"index","follow":"follow","max-snippet":"max-snippet:-1","max-image-preview":"max-image-preview:large","max-video-preview":"max-video-preview:-1"},"canonical":"https:\/\/olvidosdegranada.es\/index.php\/2014\/02\/06\/manuel-falces-2\/","og_locale":"es_ES","og_type":"article","og_title":"Manuel Falces \/Autorretratos - Olvidos de Granada","og_description":"Manuel Falces, Matilde Imberl\u00f3n, Mariano Maresca, Fernando Valls Mariano Maresca En junio de 2011, me reun\u00ed en Almer\u00eda con Matilde S\u00e1nchez para preparar nuestra edici\u00f3n sobre la \u00faltima obra de Manuel Falces. Pero en","og_url":"https:\/\/olvidosdegranada.es\/index.php\/2014\/02\/06\/manuel-falces-2\/","og_site_name":"Olvidos de Granada","article_publisher":"https:\/\/www.facebook.com\/OLVIDOSDIGITAL","article_published_time":"2014-02-06T21:58:01+00:00","article_modified_time":"2020-12-06T22:25:27+00:00","og_image":[{"url":"https:\/\/olvidosdegranada.es\/wp-content\/uploads\/FALCES-PRUEBA-1-1024x397.jpg","type":"","width":"","height":""}],"author":"Alfonso Salazar","twitter_card":"summary_large_image","twitter_creator":"@olvidospuntoes","twitter_site":"@olvidospuntoes","twitter_misc":{"Escrito por":"Alfonso Salazar","Tiempo de lectura":"10 minutos"},"schema":{"@context":"https:\/\/schema.org","@graph":[{"@type":"Article","@id":"https:\/\/olvidosdegranada.es\/index.php\/2014\/02\/06\/manuel-falces-2\/#article","isPartOf":{"@id":"https:\/\/olvidosdegranada.es\/index.php\/2014\/02\/06\/manuel-falces-2\/"},"author":{"name":"Alfonso Salazar","@id":"https:\/\/olvidosdegranada.es\/#\/schema\/person\/2e10b199a19cf21e8fd2391979d33083"},"headline":"Manuel Falces \/Autorretratos","datePublished":"2014-02-06T21:58:01+00:00","dateModified":"2020-12-06T22:25:27+00:00","mainEntityOfPage":{"@id":"https:\/\/olvidosdegranada.es\/index.php\/2014\/02\/06\/manuel-falces-2\/"},"wordCount":2027,"commentCount":0,"publisher":{"@id":"https:\/\/olvidosdegranada.es\/#organization"},"image":{"@id":"https:\/\/olvidosdegranada.es\/index.php\/2014\/02\/06\/manuel-falces-2\/#primaryimage"},"thumbnailUrl":"https:\/\/olvidosdegranada.es\/wp-content\/uploads\/FALCES-PRUEBA-1-1024x397.jpg","keywords":["Fotograf\u00eda","Manuel Falces"],"articleSection":["Piezas y Procesos"],"inLanguage":"es","potentialAction":[{"@type":"CommentAction","name":"Comment","target":["https:\/\/olvidosdegranada.es\/index.php\/2014\/02\/06\/manuel-falces-2\/#respond"]}]},{"@type":"WebPage","@id":"https:\/\/olvidosdegranada.es\/index.php\/2014\/02\/06\/manuel-falces-2\/","url":"https:\/\/olvidosdegranada.es\/index.php\/2014\/02\/06\/manuel-falces-2\/","name":"Manuel Falces \/Autorretratos - Olvidos de Granada","isPartOf":{"@id":"https:\/\/olvidosdegranada.es\/#website"},"primaryImageOfPage":{"@id":"https:\/\/olvidosdegranada.es\/index.php\/2014\/02\/06\/manuel-falces-2\/#primaryimage"},"image":{"@id":"https:\/\/olvidosdegranada.es\/index.php\/2014\/02\/06\/manuel-falces-2\/#primaryimage"},"thumbnailUrl":"https:\/\/olvidosdegranada.es\/wp-content\/uploads\/FALCES-PRUEBA-1-1024x397.jpg","datePublished":"2014-02-06T21:58:01+00:00","dateModified":"2020-12-06T22:25:27+00:00","description":"Manuel Falces, Matilde Imberl\u00f3n, Mariano Maresca, Fernando Valls Mariano Maresca En junio de 2011, me reun\u00ed en Almer\u00eda con Matilde S\u00e1nchez para preparar nuestra edici\u00f3n sobre la \u00faltima obra de Manuel Falces. Pero en","breadcrumb":{"@id":"https:\/\/olvidosdegranada.es\/index.php\/2014\/02\/06\/manuel-falces-2\/#breadcrumb"},"inLanguage":"es","potentialAction":[{"@type":"ReadAction","target":["https:\/\/olvidosdegranada.es\/index.php\/2014\/02\/06\/manuel-falces-2\/"]}]},{"@type":"ImageObject","inLanguage":"es","@id":"https:\/\/olvidosdegranada.es\/index.php\/2014\/02\/06\/manuel-falces-2\/#primaryimage","url":"https:\/\/olvidosdegranada.es\/wp-content\/uploads\/FALCES-PRUEBA-1-1024x397.jpg","contentUrl":"https:\/\/olvidosdegranada.es\/wp-content\/uploads\/FALCES-PRUEBA-1-1024x397.jpg"},{"@type":"BreadcrumbList","@id":"https:\/\/olvidosdegranada.es\/index.php\/2014\/02\/06\/manuel-falces-2\/#breadcrumb","itemListElement":[{"@type":"ListItem","position":1,"name":"Portada","item":"https:\/\/olvidosdegranada.es\/"},{"@type":"ListItem","position":2,"name":"Manuel Falces \/Autorretratos"}]},{"@type":"WebSite","@id":"https:\/\/olvidosdegranada.es\/#website","url":"https:\/\/olvidosdegranada.es\/","name":"Olvidos de Granada","description":"Revista de acciones culturales","publisher":{"@id":"https:\/\/olvidosdegranada.es\/#organization"},"potentialAction":[{"@type":"SearchAction","target":{"@type":"EntryPoint","urlTemplate":"https:\/\/olvidosdegranada.es\/?s={search_term_string}"},"query-input":{"@type":"PropertyValueSpecification","valueRequired":true,"valueName":"search_term_string"}}],"inLanguage":"es"},{"@type":"Organization","@id":"https:\/\/olvidosdegranada.es\/#organization","name":"Olvidos de Granada","url":"https:\/\/olvidosdegranada.es\/","logo":{"@type":"ImageObject","inLanguage":"es","@id":"https:\/\/olvidosdegranada.es\/#\/schema\/logo\/image\/","url":"https:\/\/olvidosdegranada.es\/wp-content\/uploads\/2020\/12\/Recurso-9.png","contentUrl":"https:\/\/olvidosdegranada.es\/wp-content\/uploads\/2020\/12\/Recurso-9.png","width":700,"height":227,"caption":"Olvidos de Granada"},"image":{"@id":"https:\/\/olvidosdegranada.es\/#\/schema\/logo\/image\/"},"sameAs":["https:\/\/www.facebook.com\/OLVIDOSDIGITAL","https:\/\/x.com\/olvidospuntoes"]},{"@type":"Person","@id":"https:\/\/olvidosdegranada.es\/#\/schema\/person\/2e10b199a19cf21e8fd2391979d33083","name":"Alfonso Salazar","image":{"@type":"ImageObject","inLanguage":"es","@id":"https:\/\/secure.gravatar.com\/avatar\/8768a2dca789940dbdaf5fdd283c795998719eb61dc0c2c16eb3decaaf6b3304?s=96&d=mm&r=g","url":"https:\/\/secure.gravatar.com\/avatar\/8768a2dca789940dbdaf5fdd283c795998719eb61dc0c2c16eb3decaaf6b3304?s=96&d=mm&r=g","contentUrl":"https:\/\/secure.gravatar.com\/avatar\/8768a2dca789940dbdaf5fdd283c795998719eb61dc0c2c16eb3decaaf6b3304?s=96&d=mm&r=g","caption":"Alfonso Salazar"},"url":"https:\/\/olvidosdegranada.es\/index.php\/author\/alfonso-salazar\/"}]}},"jetpack_sharing_enabled":true,"jetpack_featured_media_url":"","_links":{"self":[{"href":"https:\/\/olvidosdegranada.es\/index.php\/wp-json\/wp\/v2\/posts\/2318","targetHints":{"allow":["GET"]}}],"collection":[{"href":"https:\/\/olvidosdegranada.es\/index.php\/wp-json\/wp\/v2\/posts"}],"about":[{"href":"https:\/\/olvidosdegranada.es\/index.php\/wp-json\/wp\/v2\/types\/post"}],"author":[{"embeddable":true,"href":"https:\/\/olvidosdegranada.es\/index.php\/wp-json\/wp\/v2\/users\/4"}],"replies":[{"embeddable":true,"href":"https:\/\/olvidosdegranada.es\/index.php\/wp-json\/wp\/v2\/comments?post=2318"}],"version-history":[{"count":6,"href":"https:\/\/olvidosdegranada.es\/index.php\/wp-json\/wp\/v2\/posts\/2318\/revisions"}],"predecessor-version":[{"id":2369,"href":"https:\/\/olvidosdegranada.es\/index.php\/wp-json\/wp\/v2\/posts\/2318\/revisions\/2369"}],"wp:attachment":[{"href":"https:\/\/olvidosdegranada.es\/index.php\/wp-json\/wp\/v2\/media?parent=2318"}],"wp:term":[{"taxonomy":"category","embeddable":true,"href":"https:\/\/olvidosdegranada.es\/index.php\/wp-json\/wp\/v2\/categories?post=2318"},{"taxonomy":"post_tag","embeddable":true,"href":"https:\/\/olvidosdegranada.es\/index.php\/wp-json\/wp\/v2\/tags?post=2318"}],"curies":[{"name":"wp","href":"https:\/\/api.w.org\/{rel}","templated":true}]}}