{"id":2160,"date":"2014-06-01T20:55:28","date_gmt":"2014-06-01T20:55:28","guid":{"rendered":"https:\/\/olvidosdegranada.es\/?p=2160"},"modified":"2020-12-26T10:32:25","modified_gmt":"2020-12-26T10:32:25","slug":"rimado-de-ciudad","status":"publish","type":"post","link":"https:\/\/olvidosdegranada.es\/index.php\/2014\/06\/01\/rimado-de-ciudad\/","title":{"rendered":"Rimado de Ciudad"},"content":{"rendered":"\n<h3 class=\"wp-block-heading\">RIMADO DE CIUDAD: 30 A\u00d1OS DESPU\u00c9S<\/h3>\n\n\n\n<p>Los poemas de Luis Garc\u00eda Montero, la fotograf\u00eda de Jos\u00e9 Garrido y Javier Algarra, y la m\u00fasica de Magic y T.N.T. han tenido con el tiempo caminos muy diferentes. Olvidos.es&nbsp; abre la carpeta de aquella publicaci\u00f3n, el Diario de Granada de la \u00e9poca y recupera fotograf\u00edas de Javier Mart\u00edn, para pasados 30 + 1 a\u00f1os recordar <em>Rimado de Ciudad<\/em>, una aventura gr\u00e1fica, po\u00e9tica y musical que empez\u00f3 y acab\u00f3 en 1983, en la ciudad de Granada.<\/p>\n\n\n\n<div class=\"wp-block-image\"><figure class=\"alignright size-large is-resized\"><a href=\"https:\/\/olvidosdegranada.es\/wp-content\/uploads\/CARTEL-scaled.jpg\" data-rel=\"lightbox-image-0\" data-rl_title=\"CARTEL\" data-rl_caption=\"\" title=\"CARTEL\"><img loading=\"lazy\" decoding=\"async\" src=\"https:\/\/olvidosdegranada.es\/wp-content\/uploads\/CARTEL-533x1024.jpg\" alt=\"\" class=\"wp-image-2161\" width=\"280\" height=\"537\" srcset=\"https:\/\/olvidosdegranada.es\/wp-content\/uploads\/\/CARTEL-533x1024.jpg 533w, https:\/\/olvidosdegranada.es\/wp-content\/uploads\/\/CARTEL-156x300.jpg 156w, https:\/\/olvidosdegranada.es\/wp-content\/uploads\/\/CARTEL-78x150.jpg 78w, https:\/\/olvidosdegranada.es\/wp-content\/uploads\/\/CARTEL-768x1475.jpg 768w, https:\/\/olvidosdegranada.es\/wp-content\/uploads\/\/CARTEL-800x1536.jpg 800w, https:\/\/olvidosdegranada.es\/wp-content\/uploads\/\/CARTEL-1066x2048.jpg 1066w, https:\/\/olvidosdegranada.es\/wp-content\/uploads\/\/CARTEL-scaled.jpg 1041w\" sizes=\"auto, (max-width: 280px) 100vw, 280px\" \/><\/a><\/figure><\/div>\n\n\n\n<p>RIMADO DE CIUDAD<\/p>\n\n\n\n<ul class=\"wp-block-list\"><li>Poemas de LUIS GARC\u00cdA MONTERO <\/li><li>M\u00fasica de MAGIC y T.N.T.<\/li><li>Fotograf\u00edas de JOSE GARRIDO Y JAVIER ALGARRA <em>(JG\/JA)<\/em> <\/li><li>Dise\u00f1o de JUAN VIDA <\/li><li>Producci\u00f3n musical de FERNANDO MIRANDA <\/li><li>Ideado y dirigido por MARIANO MARESCA <\/li><li>Impreso en GR\u00c1FICAS&nbsp; SOLINIEVE S.A. \u2013 GRANADA <\/li><li>Producido y editado por el ECMO. AYUNTAMIENTO DE LA CIUDAD DE GRANADA Granada, mayo de 1983<\/li><\/ul>\n\n\n\n<p><\/p>\n\n\n\n<figure class=\"wp-block-image size-large is-resized\"><a href=\"https:\/\/olvidosdegranada.es\/wp-content\/uploads\/rimado-de-ciudad-1-scaled.jpg\" data-rel=\"lightbox-image-1\" data-rl_title=\"rimado-de-ciudad-1\" data-rl_caption=\"\" title=\"rimado-de-ciudad-1\"><img loading=\"lazy\" decoding=\"async\" src=\"https:\/\/olvidosdegranada.es\/wp-content\/uploads\/rimado-de-ciudad-1-1024x974.jpg\" alt=\"\" class=\"wp-image-2162\" width=\"588\" height=\"559\" srcset=\"https:\/\/olvidosdegranada.es\/wp-content\/uploads\/\/rimado-de-ciudad-1-1024x974.jpg 1024w, https:\/\/olvidosdegranada.es\/wp-content\/uploads\/\/rimado-de-ciudad-1-300x285.jpg 300w, https:\/\/olvidosdegranada.es\/wp-content\/uploads\/\/rimado-de-ciudad-1-150x143.jpg 150w, https:\/\/olvidosdegranada.es\/wp-content\/uploads\/\/rimado-de-ciudad-1-768x731.jpg 768w, https:\/\/olvidosdegranada.es\/wp-content\/uploads\/\/rimado-de-ciudad-1-1536x1462.jpg 1536w, https:\/\/olvidosdegranada.es\/wp-content\/uploads\/\/rimado-de-ciudad-1-2048x1949.jpg 2048w, https:\/\/olvidosdegranada.es\/wp-content\/uploads\/\/rimado-de-ciudad-1-scaled.jpg 2000w\" sizes=\"auto, (max-width: 588px) 100vw, 588px\" \/><\/a><\/figure>\n\n\n<!--nextpage-->\n\n\n\n<p>RIMADO DE CIUDAD es una producci\u00f3n del Ayuntamiento de Granada que re\u00fane a la poes\u00eda, la m\u00fasica y la imagen fotogr\u00e1fica con el prop\u00f3sito de suscitar el reconocimiento de una cierta realidad que tambi\u00e9n es la ciudad de Granada. La actividad cultural es, ciertamente, rica entre nosotros, pero el propio car\u00e1cter dinamizador que las propuestas culturales deben reunir en todo caso, obliga a examinar los l\u00edmites de la cultura en que vivimos -y que reproducimos- para intentar superarlos. En esta l\u00ednea, lo que aqu\u00ed se ofrece es una experiencia que, en mi opini\u00f3n, tiene inter\u00e9s: la propia imagen de la ciudad es sometida a examen desde tres lenguajes art\u00edsticos que, a su vez, incorporan, cada uno de ellos, el mundo de referencias que les es propio. Quiz\u00e1s el resultado no sea demasiado familiar. Pero esta poes\u00eda, esta m\u00fasica y estas im\u00e1genes responden y pertenecen, quiz\u00e1s con m\u00e1s legitimidad que muchas otras cosas, a la ciudad que, todav\u00eda, hemos de transformar.<br>El Ayuntamiento de Granada asumi\u00f3 en su momento este proyecto, adem\u00e1s de por su inter\u00e9s como propuesta cultural, porque el car\u00e1cter de experiencia que tiene lo sit\u00faa, autom\u00e1ticamente, fuera de los m\u00e1rgenes de lo aceptable para la industria de la cultura. Resignarse a esos m\u00e1rgenes, sin embargo, supondr\u00eda un empobrecimiento irreversible. Por ello, y al tiempo que en nombre de la Corporaci\u00f3n saludo la aparici\u00f3n de este RIMADO DE CIUDAD, invito a todos a ese esfuerzo de imaginaci\u00f3n que haga de la vida cultural de esta ciudad algo distinto, rico y nuevo.<\/p>\n\n\n\n<p class=\"has-text-align-right\"><br>MARIL\u00d3 GARCIA COTARELO<br>TENIENTE DE ALCALDE DELEGADA DE CULTURA DEL AYUNTAMIENTO DE GRANADA (1983)<\/p>\n\n\n\n<div class=\"wp-block-image\"><figure class=\"alignright size-large is-resized\"><a href=\"https:\/\/olvidosdegranada.es\/wp-content\/uploads\/rimado-de-ciudad-ultima-scaled.jpg\" data-rel=\"lightbox-image-2\" data-rl_title=\"rimado-de-ciudad-ultima\" data-rl_caption=\"\" title=\"rimado-de-ciudad-ultima\"><img loading=\"lazy\" decoding=\"async\" src=\"https:\/\/olvidosdegranada.es\/wp-content\/uploads\/rimado-de-ciudad-ultima-1024x995.jpg\" alt=\"\" class=\"wp-image-2165\" width=\"577\" height=\"560\" srcset=\"https:\/\/olvidosdegranada.es\/wp-content\/uploads\/\/rimado-de-ciudad-ultima-1024x995.jpg 1024w, https:\/\/olvidosdegranada.es\/wp-content\/uploads\/\/rimado-de-ciudad-ultima-300x292.jpg 300w, https:\/\/olvidosdegranada.es\/wp-content\/uploads\/\/rimado-de-ciudad-ultima-150x146.jpg 150w, https:\/\/olvidosdegranada.es\/wp-content\/uploads\/\/rimado-de-ciudad-ultima-768x747.jpg 768w, https:\/\/olvidosdegranada.es\/wp-content\/uploads\/\/rimado-de-ciudad-ultima-1536x1493.jpg 1536w, https:\/\/olvidosdegranada.es\/wp-content\/uploads\/\/rimado-de-ciudad-ultima-2048x1991.jpg 2048w, https:\/\/olvidosdegranada.es\/wp-content\/uploads\/\/rimado-de-ciudad-ultima-scaled.jpg 2000w\" sizes=\"auto, (max-width: 577px) 100vw, 577px\" \/><\/a><figcaption>Foto JG\/JA<\/figcaption><\/figure><\/div>\n\n\n<!--nextpage-->\n\n\n\n<p>Rimado de Ciudad no ha pretendido nunca convertirse en una haza\u00f1a, ni su autor en un h\u00e9roe de los nuevos infiernos. De nada sirve cambiar las llamas b\u00edblicas por los puentes sucios del Sena, quiero decir: ahora, cuando nos apremia la consciencia de ser otra vez personajes finiseculares. Es cierto que los gigantes suelen tener siempre dos cabezas, que Dios no pudo existir en la ordenada esperanza medieval sin la figura sagrada del diablo, que las decimon\u00f3nicas zapatillas del burgu\u00e9s positivista necesitaron el barro sobre los zapatos fr\u00edos de los poetas malditos. Es cierto, llov\u00eda en la ciudad, y al mismo tiempo en el coraz\u00f3n de todos ellos. S\u00f3lo era intercambiable la idea que cada uno tuvo de la comodidad, el instinto con que cada \u00e9poca organiz\u00f3 sus mandamientos y sus pecados, sus normas y la manera obligatoria de quedarse al margen.<\/p>\n\n\n\n<p>Y los poetas, los escritores en general, aprendieron muy pronto a ser malos como es debido. Ajenos necesariamente a la facilitad, pregoneros de una mercanc\u00eda sin canales de venta, apostaron en lo sospechoso (o en la extra\u00f1eza) su reconocimiento. De ah\u00ed el eterno retorno de una pasi\u00f3n por bajar a los infiernos. Junto al deber, junto a la tranquilidad de las salas de estar y al humo pac\u00edfico de las f\u00e1bricas, los poetas &#8211; malditos para siempre- dejaron constancia de su Ser natural, escribieron la historia gloriosa de una marginaci\u00f3n que se ha encarnado en la figura rebelde de ciertos nombres o en algunos poemas. Su voluntad buscaba ese lugar transparente del lenguaje rusoniano para expresarse. El tiempo los invit\u00f3 a ser h\u00e9roes, pero a la vez los enred\u00f3 demasiado en el sistema, lleg\u00f3 a limitarlos. Construy\u00f3 para ellos, a pesar de sus dudas, la haza\u00f1a de unos hombres obligados a luchar contra mentiras que necesitaban, contra un mundo que los defin\u00eda, aunque fuese oscuramente, por la precisi\u00f3n de estar s\u00f3lo a la contra. Naci\u00f3 toda una \u00e9pica para los hu\u00e9spedes del hallazgo vac\u00edo.<\/p>\n\n\n\n<div class=\"wp-block-image\"><figure class=\"alignright size-large is-resized\"><a href=\"https:\/\/olvidosdegranada.es\/wp-content\/uploads\/FOTO-LGM-CATEDRAL.jpg\" data-rel=\"lightbox-image-3\" data-rl_title=\"FOTO-LGM-CATEDRAL\" data-rl_caption=\"\" title=\"FOTO-LGM-CATEDRAL\"><img loading=\"lazy\" decoding=\"async\" src=\"https:\/\/olvidosdegranada.es\/wp-content\/uploads\/FOTO-LGM-CATEDRAL-445x1024.jpg\" alt=\"\" class=\"wp-image-2166\" width=\"283\" height=\"652\" srcset=\"https:\/\/olvidosdegranada.es\/wp-content\/uploads\/FOTO-LGM-CATEDRAL-445x1024.jpg 445w, https:\/\/olvidosdegranada.es\/wp-content\/uploads\/FOTO-LGM-CATEDRAL-130x300.jpg 130w, https:\/\/olvidosdegranada.es\/wp-content\/uploads\/FOTO-LGM-CATEDRAL-65x150.jpg 65w, https:\/\/olvidosdegranada.es\/wp-content\/uploads\/FOTO-LGM-CATEDRAL-768x1767.jpg 768w, https:\/\/olvidosdegranada.es\/wp-content\/uploads\/FOTO-LGM-CATEDRAL-667x1536.jpg 667w, https:\/\/olvidosdegranada.es\/wp-content\/uploads\/FOTO-LGM-CATEDRAL.jpg 787w\" sizes=\"auto, (max-width: 283px) 100vw, 283px\" \/><\/a><\/figure><\/div>\n\n\n\n<p>Conviene, por ello, aclarar que Rimado de Ciudad no ha pretendido nunca convertirse en una haza\u00f1a, ni su autor en un h\u00e9roe de los nuevos infiernos, en un aventurero culto de los bajos fondos. Ni siquiera le interesa la desgracia, la muerte, como legitimaci\u00f3n irracional de lugares imperfectos. Ocurre sin embargo, que cada imperfecci\u00f3n genera sus propias realidades, el c\u00f3digo de valores que la justifica te\u00f3ricamente. Al fin y al cabo eso es la cultura: una manera determinada de ense\u00f1arnos a leer el mundo que nos hace semejantes. \u00bfOs acord\u00e1is de Baudelaire? Semejantes, es cierto, pero tambi\u00e9n hip\u00f3critas.<\/p>\n\n\n\n<p>Por ello Rimado de Ciudad pretende ser simplemente un intento y escoge dudas concretas para plantear. Aqu\u00ed no se ha buscado romper la semejanza, sino la hipocres\u00eda. La idea original de enfocar la c\u00e1mara del arte sobre un ambiente casi nunca art\u00edstico, no es original. La idea nueva de desgarrar las estrofas cl\u00e1sicas, ahora demasiado acad\u00e9micas, utilizando un lenguaje callejero, no es nueva. Se trata de un truco heredado en enigm\u00e1ticos maestros: Rafael Alberti, por ejemplo. Nada se ofrece, solo la decisi\u00f3n de no ofrecer nada que no sean los textos, de no buscar ilusiones al margen, seguridades huecas, maneras de vivir en un para\u00edso po\u00e9tico que no existe m\u00e1s all\u00e1 de la historia. Porque las cosas son siempre necesarias, tantos siglos de victorias y derrotas debieran ense\u00f1arnos que todo es hist\u00f3rico, hasta las m\u00e1s hermosas equivocaciones. Los poemas reproducen las contradicciones, la trayectoria indecisa de un tiempo en transici\u00f3n. El autor desea poner las cartas marcadas sobre la mesa, dejar a flor de p\u00e1gina las trampas, sentirse al descubierto. S\u00f3lo est\u00e1 seguro de la entidad ideol\u00f3gica de su poes\u00eda, y as\u00ed se lo avisa a todos los audaces.<\/p>\n\n\n\n<p class=\"has-text-align-right\">LUIS GARC\u00cdA MONTERO (1983)<\/p>\n\n\n<!--nextpage-->\n\n\n\n<figure class=\"wp-block-image size-large is-resized\"><img decoding=\"async\" src=\"https:\/\/olvidosdegranada.es\/wp-content\/uploads\/FOTO-1-COPLAS-1-1024x1024.jpg\" alt=\"\" class=\"wp-image-2170\" width=\"705\" srcset=\"https:\/\/olvidosdegranada.es\/wp-content\/uploads\/\/FOTO-1-COPLAS-1-1024x1024.jpg 1024w, https:\/\/olvidosdegranada.es\/wp-content\/uploads\/\/FOTO-1-COPLAS-1-300x300.jpg 300w, https:\/\/olvidosdegranada.es\/wp-content\/uploads\/\/FOTO-1-COPLAS-1-150x150.jpg 150w, https:\/\/olvidosdegranada.es\/wp-content\/uploads\/\/FOTO-1-COPLAS-1-768x768.jpg 768w, https:\/\/olvidosdegranada.es\/wp-content\/uploads\/\/FOTO-1-COPLAS-1-1536x1536.jpg 1536w, https:\/\/olvidosdegranada.es\/wp-content\/uploads\/\/FOTO-1-COPLAS-1-2048x2048.jpg 2048w, https:\/\/olvidosdegranada.es\/wp-content\/uploads\/\/FOTO-1-COPLAS-1-scaled.jpg 2000w\" sizes=\"(max-width: 1024px) 100vw, 1024px\" \/><\/figure>\n\n\n\n<pre class=\"wp-block-verse\">Luis Garc\u00eda Montero (1983)\n\n1\nRecuerda si se te olvida\nque este mundo es poca cosa,\ncasi nada,\nque venimos a la vida\ncon la sombra de una losa\nno pagada.\nLos d\u00edas, como conejos.\nnos llevan en ventolera\nal infierno.\nsu curso nos hace viejos\ntrocando la primavera\nen invierno.\n\n2\nEl criador, con grande enojo,\ncuando en la vida nos mete,\ny nos suelta,\npara no quitamos ojo\nnos manda con un billete\nde ida y vuelta.\nNacemos al desayuno,\ncomemos seg\u00fan vivimos.\ny cenamos\ncuando parece oportuno,\npor eso mientras dormimos\ndescansamos.\n\n3\nNuestras vidas son los sobres\nque nos dan por trabajar,\nque es el morir;\nall\u00ed van todos los pobres\npara dejarse explotar\ny plusvalir;\nall\u00ed los grandes caudales\nnos enga\u00f1an con halagos,\ny los chicos,\nque explotando son iguales\nlas suspensiones de pagos\ny los ricos.\n\n4\nMas porque pase la vida\nsin que podamos sacarla\nde este pozo,\nno la demos por perdida,\nque es posible rescatarla\ncon el gozo.\nPues decidme: la hermosura\nde esos dos labios tan bellos\ny empapados,\ncuando pierdan su ternura,\nse podr\u00e1 hacer con ellos\ndisecados.\n\n5\n\u00bfQu\u00e9 hace ahora pendulero,\ntan vac\u00edo y contrahecho,\nsin color,\naquel \u00f3rgano certero\nque se puso tan derecho\nen el amor?\n\u00bfQu\u00e9 es hizo Marilyn?\n\u00bfAquellos Beatles de anta\u00f1o,\nqu\u00e9 se hicieron?\n\u00bfQu\u00e9 fue de tanto sinf\u00edn\nde galanes que en un a\u00f1o\nnos vendieron?\n\n6\nY los tunos, los toreros,\nlas cantantes de revista\nen el olvido;\nlas folkl\u00f3ricas primero,\nel marqu\u00e9s y la corista,\n\u00bfd\u00f3nde han ido?\n\u00bfD\u00f3nde est\u00e1n los generales,\nsus medallas y su espada\nsin conciencia,\nsino esperando mortales\na que les sea dictada\nla sentencia?\n\n7\nY el ritmo de los roqueros,\nlos canutos y la risa\ndel pasota,\nlos chorizos tironeros\nque han vivido tan deprisa\ny el drogota\nque se inyecta mil caballos\npor las venas, los colgados\ny el camello,\n\u00bfd\u00f3nde iremos a buscallos,\nd\u00f3nde son tan olvidados,\nqu\u00e9 fue de ellos?\n\n8\nTodo pasa, es aguanieve\nque se deshace en el suelo\nsilenciosa,\nmientras que la vida llueve\ny se nos puebla de duelo\ncuando acosa,\nnos apremia con su mano\ny con sus ojos nos niega\ntorpemente,\nel coraz\u00f3n de un hermano,\nla presencia de un colega\ndiferente.\n\n9\nRecuerdo que atardec\u00eda,\nrecuerdo que vi su coche\ndetenerse,\nrecuerdo la compa\u00f1\u00eda\nde sus ojos en la noche,\nsin saberse\ntras la boca de un gatillo\nque esperaba tembloroso\ny asesino,\nmeterse por un pasillo\nde aquel coraz\u00f3n dudoso\nsin destino.\n\n10\nY recuerdo la culebra\nde la vida, fr\u00eda, inerte\npor su cara,\nempapado de ginebra,\nesperando que la muerte\nlo besara.\nSe lo llev\u00f3 con desgana\nla canci\u00f3n de una ambulancia\nmalherida,\nlas gr\u00faas de la ma\u00f1ana\nrecogieron su arrogancia,\nya sin vida.\n\n11\nCamarada de su gente,\niqu\u00e9 pantera en el coraje\npor nosotros!\niQu\u00e9 canalla adolescente!\niQu\u00e9 enemigo tan salvaje\ncon los otros!\niY para el valor qu\u00e9 fiero!\niQu\u00e9 destreza de alima\u00f1as!\niQu\u00e9 raz\u00f3n!\nPara el amor marinero,\ngobernando en sus pesta\u00f1as\nla pasi\u00f3n.\n\n12\nNo dej\u00f3 ning\u00fan tesoro:\ndos jeringas en el suelo\nsin sentido,\nsu navaja en deterioro\nsu gab\u00e1n de terciopelo\ndescosido.\nPero estuvo en la ciudad\ny acaudill\u00f3 los suburbios\ncon la suerte,\ny habl\u00f3 de la libertad\nhasta ver los ojos turbios\nde la muerte.\n\n13\nY porque fue capit\u00e1n\nde camadas y patrullas\nsin juicio,\nporque ya no nacer\u00e1n\ndos manos como las suyas\npara el vicio,\nporque jam\u00e1s nos vendi\u00f3\ny mordimos el anzuelo\nde su historia,\naunque la vida perdi\u00f3,\ndej\u00f3nos harto consuelo\nsu memoria.<\/pre>\n\n\n\n<div class=\"wp-block-image\"><figure class=\"alignright size-large is-resized\"><a href=\"https:\/\/olvidosdegranada.es\/wp-content\/uploads\/FOTO-2-COPLAS-scaled.jpg\" data-rel=\"lightbox-image-4\" data-rl_title=\"FOTO-2-COPLAS\" data-rl_caption=\"\" title=\"FOTO-2-COPLAS\"><img loading=\"lazy\" decoding=\"async\" src=\"https:\/\/olvidosdegranada.es\/wp-content\/uploads\/FOTO-2-COPLAS-923x1024.jpg\" alt=\"\" class=\"wp-image-2172\" width=\"603\" height=\"668\" srcset=\"https:\/\/olvidosdegranada.es\/wp-content\/uploads\/\/FOTO-2-COPLAS-923x1024.jpg 923w, https:\/\/olvidosdegranada.es\/wp-content\/uploads\/\/FOTO-2-COPLAS-270x300.jpg 270w, https:\/\/olvidosdegranada.es\/wp-content\/uploads\/\/FOTO-2-COPLAS-135x150.jpg 135w, https:\/\/olvidosdegranada.es\/wp-content\/uploads\/\/FOTO-2-COPLAS-768x852.jpg 768w, https:\/\/olvidosdegranada.es\/wp-content\/uploads\/\/FOTO-2-COPLAS-1384x1536.jpg 1384w, https:\/\/olvidosdegranada.es\/wp-content\/uploads\/\/FOTO-2-COPLAS-1846x2048.jpg 1846w, https:\/\/olvidosdegranada.es\/wp-content\/uploads\/\/FOTO-2-COPLAS-scaled.jpg 1802w\" sizes=\"auto, (max-width: 603px) 100vw, 603px\" \/><\/a><\/figure><\/div>\n\n\n<!--nextpage-->\n\n\n\n<figure class=\"wp-block-image size-large is-resized\"><img decoding=\"async\" src=\"https:\/\/olvidosdegranada.es\/wp-content\/uploads\/FOTO-1-AGUILUCHO-1024x990.jpg\" alt=\"\" class=\"wp-image-2173\" width=\"705\" height=\"\" srcset=\"https:\/\/olvidosdegranada.es\/wp-content\/uploads\/\/FOTO-1-AGUILUCHO-1024x990.jpg 1024w, https:\/\/olvidosdegranada.es\/wp-content\/uploads\/\/FOTO-1-AGUILUCHO-300x290.jpg 300w, https:\/\/olvidosdegranada.es\/wp-content\/uploads\/\/FOTO-1-AGUILUCHO-150x145.jpg 150w, https:\/\/olvidosdegranada.es\/wp-content\/uploads\/\/FOTO-1-AGUILUCHO-768x742.jpg 768w, https:\/\/olvidosdegranada.es\/wp-content\/uploads\/\/FOTO-1-AGUILUCHO-1536x1485.jpg 1536w, https:\/\/olvidosdegranada.es\/wp-content\/uploads\/\/FOTO-1-AGUILUCHO-2048x1980.jpg 2048w, https:\/\/olvidosdegranada.es\/wp-content\/uploads\/\/FOTO-1-AGUILUCHO-scaled.jpg 2000w\" sizes=\"(max-width: 1024px) 100vw, 1024px\" \/><\/figure>\n\n\n\n<pre class=\"wp-block-verse\">Luis Garc\u00eda Montero (1983)\n&nbsp;\n1\nPorque naci\u00f3 sin luz y en una esquina\ndemasiado lejana de la vida,\nporque el dolor ha sido su rutina\nde posguerra feroz, en donde anida\n&nbsp;\nla grasa de los a\u00f1os, la sentina\nde una historia en la sombra repetida.\nPorque tuvo que huir, porque la huida\ndej\u00f3 de ser un d\u00eda su morfina,\n&nbsp;\nrompi\u00f3 en la vida a punta de navaja,\nllev\u00f3 su coraz\u00f3n a la osad\u00eda\ncomprando el mundo sin pasar por caja.\n&nbsp;\nY la piel le pidi\u00f3 comisar\u00eda,\ny baj\u00f3 a la ciudad, se dio de baja\nen la lista oficial de la poes\u00eda.\n&nbsp;\n&nbsp;\n2\n<em>\u201c\u2026en tierra, en humo, en polvo, en sombra, en nada\".\n<\/em>Luis de G\u00f3ngora\n\nPor las altas miradas de la espera\nse vio salir a punta de pistola,\nirrumpiendo feroz como una ola\nsobre la orilla calma de la acera.\n&nbsp;\nConquista el coche, arranca y acelera\ncuando hist\u00e9rica estalla, loca, sola,\npor detr\u00e1s de un panel de Cocacola\nla sirena precoz de una lechera.\n&nbsp;\nCruces, Stop, portales, en cornisas\nletreros luminosos, calles, rojos\nsem\u00e1foros que quedan de pasada.\n&nbsp;\nY la velocidad del parabrisas\nque la ciudad convierte ante sus ojos\nen tierra, en polvo, en humo, en sombra, en nada.\n&nbsp;\n3\nUn a\u00f1o ya. Debajo del tejado\nintuye amanecer en sus desvelos,\nmientras el sol se arrastra por los suelos\ndominando la luz del alumbrado.\n&nbsp;\nSaberse muerte, lejos, olvidado.\nsosteniendo la vida por los pelos\ny a la sombra de negros rascacielos\nestar a solas o sentirse anclado.\n&nbsp;\nUn a\u00f1o ya mirando sobre el muro\nque hoy encierra el dolor y lo encadena.\nEs dificil vivir, tambi\u00e9n es duro\n&nbsp;\nentretener el tiempo de la trena\npensando en escaparse del futuro\ny no cumplir entera su condena.\n&nbsp;\n4\nSac\u00f3 el talego. Le arranc\u00f3 la china\nque deshizo veloz sobre el tabaco\ny luego recogi\u00f3 la cartulina\nque hecha filtro le dio su amigo El Flaco.\n&nbsp;\nLiaron el canuto en una esquina.\nHace dos d\u00edas que sali\u00f3 del saco\ny ha entregado su vida a la rutina\nde ocultar la pasi\u00f3n por el atraco.\n&nbsp;\nAtardece la luz, comienza el d\u00eda\na naufragar en medio del asalto\nque provoca el ne\u00f3n. Y polic\u00eda,\n&nbsp;\na los dos camaradas les da el alto\nla ciudad que lejana los esp\u00eda\nsobre la mano abierta de su asfalto.\n&nbsp;\n&nbsp;\n5\nSi se acerca ser\u00e1 tranquilamente,\ncon una cola larga de caballo\ny el instinto en la piel, casi de mayo\nsu roja suavidad adolescente.\n&nbsp;\nSirena de pol\u00edgono, la muerte\ntraer\u00e1 por ojos c\u00e1lidos cuchillos.\nVendr\u00e1 de las alarmas por los brillos\nde un horizonte urbano para verte.\n&nbsp;\nTal vez te lleve al mar. Sin un reproche\nhuir\u00e1s de la ciudad sobre su coche\nque atropella la luna y la violenta.\n&nbsp;\niViejo pr\u00edncipe azul sin cenicienta!\nDemasiada pasi\u00f3n para una noche,\nsobre todo si es noche de tormenta.<\/pre>\n\n\n\n<div class=\"wp-block-image\"><figure class=\"alignright size-large is-resized\"><a href=\"https:\/\/olvidosdegranada.es\/wp-content\/uploads\/FOTO-2-AGUILUCHO-scaled.jpg\" data-rel=\"lightbox-image-5\" data-rl_title=\"FOTO-2-AGUILUCHO\" data-rl_caption=\"\" title=\"FOTO-2-AGUILUCHO\"><img loading=\"lazy\" decoding=\"async\" src=\"https:\/\/olvidosdegranada.es\/wp-content\/uploads\/FOTO-2-AGUILUCHO-1024x735.jpg\" alt=\"\" class=\"wp-image-2174\" width=\"572\" height=\"410\" srcset=\"https:\/\/olvidosdegranada.es\/wp-content\/uploads\/\/FOTO-2-AGUILUCHO-1024x735.jpg 1024w, https:\/\/olvidosdegranada.es\/wp-content\/uploads\/\/FOTO-2-AGUILUCHO-300x215.jpg 300w, https:\/\/olvidosdegranada.es\/wp-content\/uploads\/\/FOTO-2-AGUILUCHO-150x108.jpg 150w, https:\/\/olvidosdegranada.es\/wp-content\/uploads\/\/FOTO-2-AGUILUCHO-768x551.jpg 768w, https:\/\/olvidosdegranada.es\/wp-content\/uploads\/\/FOTO-2-AGUILUCHO-1536x1102.jpg 1536w, https:\/\/olvidosdegranada.es\/wp-content\/uploads\/\/FOTO-2-AGUILUCHO-2048x1470.jpg 2048w, https:\/\/olvidosdegranada.es\/wp-content\/uploads\/\/FOTO-2-AGUILUCHO-scaled.jpg 2000w\" sizes=\"auto, (max-width: 572px) 100vw, 572px\" \/><\/a><\/figure><\/div>\n\n\n<!--nextpage-->\n\n\n\n<figure class=\"wp-block-image size-large is-resized\"><img decoding=\"async\" src=\"https:\/\/olvidosdegranada.es\/wp-content\/uploads\/FOTO-1-LOS-OCHENTA-1024x997.jpg\" alt=\"\" class=\"wp-image-2176\" width=\"705\" height=\"\" srcset=\"https:\/\/olvidosdegranada.es\/wp-content\/uploads\/\/FOTO-1-LOS-OCHENTA-1024x997.jpg 1024w, https:\/\/olvidosdegranada.es\/wp-content\/uploads\/\/FOTO-1-LOS-OCHENTA-300x292.jpg 300w, https:\/\/olvidosdegranada.es\/wp-content\/uploads\/\/FOTO-1-LOS-OCHENTA-150x146.jpg 150w, https:\/\/olvidosdegranada.es\/wp-content\/uploads\/\/FOTO-1-LOS-OCHENTA-768x748.jpg 768w, https:\/\/olvidosdegranada.es\/wp-content\/uploads\/\/FOTO-1-LOS-OCHENTA-1536x1495.jpg 1536w, https:\/\/olvidosdegranada.es\/wp-content\/uploads\/\/FOTO-1-LOS-OCHENTA-2048x1994.jpg 2048w, https:\/\/olvidosdegranada.es\/wp-content\/uploads\/\/FOTO-1-LOS-OCHENTA-scaled.jpg 2000w\" sizes=\"(max-width: 1024px) 100vw, 1024px\" \/><\/figure>\n\n\n\n<pre class=\"wp-block-verse\">Luis Garc\u00eda Montero (1983)\n\nPasos de un pasotilla son colgante\ncuantos de tumbos pudo borrachera,\nsoportar altanera,\nembaucar los bordillos, las espinas\nde un coraz\u00f3n si dulce oscurecido,\nartesano del humo, navegante\nque ha perseguido el norte en sus esquinas.\nPara liar de un golpe los desvelos\nera del a\u00f1o el coloc\u00f3n florido\ny ya sin luz y ciego y por el suelo\ntambaleante dio su cuerpo roto\nen poner a los lomos de una moto.\nConduce marcha, se estremece fiero\ncon la velocidad que tanto atreve\natropellando en breve\nel miedo azul de un polic\u00eda entero\nantes que recibiera el duro impacto\ndel manillar inquieto del pasota\nque con la frente rota\nperdi\u00f3 su sangre sin perder el tacto.\n&nbsp;\nSilencia la ciudad, la pasma grita\nimpresionada a\u00fan mientras tirita\notra vez el motor enfurecido\n-pegaso en el que escapa presuroso-\nni el viento podr\u00e1 frenar la huida\naunque bese los labios de su herida.\nM\u00e1s tarde, forajido,\npara entregar los miembros al reposo,\ncon el sigilo propio que es del zorro,\natento ha de buscar alg\u00fan camello\nque dejar\u00e1 sin duda para ello\nen calles de ciudad rastros de porro.\nY luego, ya contento,\nescoger\u00e1 la chorva enamorada\nque nerviosa y feliz, capaz y alada,\nha de agitar corrida su tormento\nen la parte trasera del asiento,\ncuando colega ufano\nle derrame su gozo por la mano.<\/pre>\n\n\n<!--nextpage-->\n\n\n\n<p>Naci\u00f3 en octubre de 1981 en Granada, formado por Angel Doblas (bajo), Jes\u00fas Arias (guitarra), Jos\u00e9 Antonio Garc\u00eda \u00abPitos\u00bb (vocal) y Joaqu\u00edn V\u00edlchez (bater\u00eda). Pronto se convirtieron en el centro de inter\u00e9s del circuito musical de la ciudad. Puesto que eran el primer grupo punk granadino; pero todas las perspectivas se vieron chafadas por los problemas econ\u00f3micos, que obligaron a \u00c1ngel y a Jos\u00e9 Antonio a abandonar la banda. El \u00fanico legado de aquella \u00e9poca es una maqueta que a\u00fan hoy sigue siendo de lo m\u00e1s interesante, \u00abUna naranja mec\u00e1nica\u00bb. En marzo del 82, Jes\u00fas y Joaqu\u00edn, junto con Jos\u00e9 \u00c1ngel Castro (bajista), deciden rehacer la banda y comienzan de nuevo los ensayos. Tras una serie de conciertos cargados de violencia a lo largo de todo el pa\u00eds, firman contrato con Oro en agosto. Preparan su primer single, \u00abCucarachas\u00bb\/\u00bb1984&#8242;: previsto para la venida de Juan Pablo 11 a Espa\u00f1a; como es natural, \u00abCucarachas\u00bb es censurado en la mayor\u00eda de las emisoras. Tras nuevos conciertos (Madrid. Jerez, Puertollano, etc.), se preparan para su primer LP, \u201cManifiesto Guernika\u201d: que tiene como tema central el cuadro de Picasso y el bombardeo de la ciudad. Es entonces cuando el Ayuntamiento de Granada les propone un reto: musicar un poema de Luis Garc\u00eda Montero, \u201cCoplas a la muerte de su colega\u00bb, de 140 versos. Ellos, naturalmente, aceptan.<\/p>\n\n\n\n<figure class=\"wp-block-image size-large is-resized\"><img decoding=\"async\" src=\"https:\/\/olvidosdegranada.es\/wp-content\/uploads\/rimado-de-ciudad-8-1024x1009.jpg\" alt=\"\" class=\"wp-image-2181\" width=\"705\" height=\"\" srcset=\"https:\/\/olvidosdegranada.es\/wp-content\/uploads\/\/rimado-de-ciudad-8-1024x1009.jpg 1024w, https:\/\/olvidosdegranada.es\/wp-content\/uploads\/\/rimado-de-ciudad-8-300x296.jpg 300w, https:\/\/olvidosdegranada.es\/wp-content\/uploads\/\/rimado-de-ciudad-8-150x148.jpg 150w, https:\/\/olvidosdegranada.es\/wp-content\/uploads\/\/rimado-de-ciudad-8-768x757.jpg 768w, https:\/\/olvidosdegranada.es\/wp-content\/uploads\/\/rimado-de-ciudad-8-1536x1514.jpg 1536w, https:\/\/olvidosdegranada.es\/wp-content\/uploads\/\/rimado-de-ciudad-8-2048x2018.jpg 2048w, https:\/\/olvidosdegranada.es\/wp-content\/uploads\/\/rimado-de-ciudad-8-scaled.jpg 2000w\" sizes=\"(max-width: 1024px) 100vw, 1024px\" \/><figcaption>Foto JG\/JA<\/figcaption><\/figure>\n\n\n\n<figure class=\"wp-block-image size-large\"><img loading=\"lazy\" decoding=\"async\" width=\"1024\" height=\"494\" src=\"https:\/\/olvidosdegranada.es\/wp-content\/uploads\/TNT-1024x494.jpg\" alt=\"\" class=\"wp-image-2182\" srcset=\"https:\/\/olvidosdegranada.es\/wp-content\/uploads\/TNT-1024x494.jpg 1024w, https:\/\/olvidosdegranada.es\/wp-content\/uploads\/TNT-300x145.jpg 300w, https:\/\/olvidosdegranada.es\/wp-content\/uploads\/TNT-150x72.jpg 150w, https:\/\/olvidosdegranada.es\/wp-content\/uploads\/TNT-768x371.jpg 768w, https:\/\/olvidosdegranada.es\/wp-content\/uploads\/TNT-1536x742.jpg 1536w, https:\/\/olvidosdegranada.es\/wp-content\/uploads\/TNT.jpg 1630w\" sizes=\"auto, (max-width: 1024px) 100vw, 1024px\" \/><figcaption>Foto JG\/JA<\/figcaption><\/figure>\n\n\n\n<figure class=\"wp-block-audio\"><audio controls src=\"https:\/\/olvidosdegranada.es\/wp-content\/uploads\/02-coplas-a-la-muerte-de-un-colega-parte-2.mp3\"><\/audio><figcaption>Coplas a la muerte de un colega, parte 1<\/figcaption><\/figure>\n\n\n\n<figure class=\"wp-block-audio\"><audio controls src=\"https:\/\/olvidosdegranada.es\/wp-content\/uploads\/01-coplas-a-la-muerte-de-un-colega-parte-1.mp3\"><\/audio><figcaption>Coplas a la muerte de un colega, parte 2<\/figcaption><\/figure>\n\n\n<!--nextpage-->\n\n\n\n<p>Se form\u00f3 en 1980; entonces, lo integraban Juan Carlos Rosario (guitarra), Antonio Ramos \u00abMac Flac\u00bb (bajo), Javier Mart\u00edn (voz) y Jos\u00e9 Rueda (bater\u00eda). Empezaron como un grupo con una media de edad de quince a\u00f1os que intentaba imitar lo que o\u00eda en los discos. Actuaron en Colegios Mayores y en alguna aldea; de aquella \u00e9poca recuerdan sobre todo, los viajes. A principios del ochenta y dos, MAGIC se deshace, pero en seguida reaparece el nombre del grupo con dos nuevas incorporaciones: Juan Manuel Mart\u00edn (voz) y Francisco Jos\u00e9 Morales (guitarra). Esta formaci\u00f3n que es la actual, empez\u00f3 un camino distinto: buscar un sonido propio, trabajar con m\u00e1s atenci\u00f3n los temas, ejercitarse como int\u00e9rpretes&#8230; En la tradici\u00f3n del rock duro, M\u00c1GIC aporta una considerable dosis de fuerza que no renuncia, sin embargo, a ser m\u00fasica. Hasta ahora, es un grupo que ha tenido escasas oportunidades de ofrecer lo que es su mejor baza y puede convertirlo en una importante banda de rock: su capacidad de convencer en las actuaciones en directo, en las que, ins\u00f3litamente, funcionan como pocos de los grupos conocidos. Pisaron por primera vez un estudio para la grabaci\u00f3n de \u00abEl aguilucho&#8217;: su trabajo en Rimado de Ciudad.<\/p>\n\n\n\n<figure class=\"wp-block-image size-large\"><img loading=\"lazy\" decoding=\"async\" width=\"1024\" height=\"1002\" src=\"https:\/\/olvidosdegranada.es\/wp-content\/uploads\/rimado-de-ciudad-7-1024x1002.jpg\" alt=\"\" class=\"wp-image-2186\" srcset=\"https:\/\/olvidosdegranada.es\/wp-content\/uploads\/\/rimado-de-ciudad-7-1024x1002.jpg 1024w, https:\/\/olvidosdegranada.es\/wp-content\/uploads\/\/rimado-de-ciudad-7-300x294.jpg 300w, https:\/\/olvidosdegranada.es\/wp-content\/uploads\/\/rimado-de-ciudad-7-150x147.jpg 150w, https:\/\/olvidosdegranada.es\/wp-content\/uploads\/\/rimado-de-ciudad-7-768x752.jpg 768w, https:\/\/olvidosdegranada.es\/wp-content\/uploads\/\/rimado-de-ciudad-7-1536x1503.jpg 1536w, https:\/\/olvidosdegranada.es\/wp-content\/uploads\/\/rimado-de-ciudad-7-2048x2004.jpg 2048w, https:\/\/olvidosdegranada.es\/wp-content\/uploads\/\/rimado-de-ciudad-7-scaled.jpg 2000w\" sizes=\"auto, (max-width: 1024px) 100vw, 1024px\" \/><figcaption>Foto JG\/JA<\/figcaption><\/figure>\n\n\n\n<figure class=\"wp-block-image size-large\"><img loading=\"lazy\" decoding=\"async\" width=\"1024\" height=\"723\" src=\"https:\/\/olvidosdegranada.es\/wp-content\/uploads\/MAGIC-1024x723.jpg\" alt=\"\" class=\"wp-image-2187\" srcset=\"https:\/\/olvidosdegranada.es\/wp-content\/uploads\/\/MAGIC-1024x723.jpg 1024w, https:\/\/olvidosdegranada.es\/wp-content\/uploads\/\/MAGIC-300x212.jpg 300w, https:\/\/olvidosdegranada.es\/wp-content\/uploads\/\/MAGIC-150x106.jpg 150w, https:\/\/olvidosdegranada.es\/wp-content\/uploads\/\/MAGIC-768x542.jpg 768w, https:\/\/olvidosdegranada.es\/wp-content\/uploads\/\/MAGIC-1536x1085.jpg 1536w, https:\/\/olvidosdegranada.es\/wp-content\/uploads\/\/MAGIC-2048x1446.jpg 2048w, https:\/\/olvidosdegranada.es\/wp-content\/uploads\/\/MAGIC-scaled.jpg 2000w\" sizes=\"auto, (max-width: 1024px) 100vw, 1024px\" \/><figcaption>Foto JG\/JA<\/figcaption><\/figure>\n\n\n\n<figure class=\"wp-block-audio\"><audio controls src=\"https:\/\/olvidosdegranada.es\/wp-content\/uploads\/03-el-aguilucho.mp3\"><\/audio><figcaption>El Aguilucho<\/figcaption><\/figure>\n\n\n<!--nextpage-->\n\n\n\n<h3 class=\"wp-block-heading\">Alejandro V\u00edctor Garc\u00eda<\/h3>\n\n\n\n<p>(Publicado en Cuadernos del Mediod\u00eda, Diario de Granada, 27 de Mayo de 1983)<\/p>\n\n\n\n<p>Dentro del renacimiento de la m\u00fasica moderna \u2013en sus distintas caracter\u00edsticas- en Granada, es de destacar el \u00e1lbum <em>Rimado de Ciudad<\/em>, producido y ejecutado en Granada y que se presentar\u00e1 el pr\u00f3ximo 31 de mayo.<br><em>Rimado de Ciudad <\/em>no es un disco m\u00e1s que los que, con mayor o menor penuria, han aparecido editados en el mercado nacional. Es, m\u00e1s bien, una propuesta en la que se integran tres elementos art\u00edsticos que nunca hasta ahora se hab\u00edan aunado con todas sus consecuencias. Poes\u00eda, m\u00fasica y fotograf\u00eda con los ingredientes de este <em>algo m\u00e1s que un disco<\/em> que debe abrir nuevas v\u00edas dentro de la discograf\u00eda y artes musical y gr\u00e1fico.<br>El punto de partida -dentro de la intrahistoria del proyecto- fueron unos poemas de Luis Garc\u00eda Montero (poeta granadino que consiguiera el premio <em>Adonais<\/em> en su \u00faltima edici\u00f3n); concretamente fueron Las coplas a la muerte de un colega las que indujeron a Mariano Maresca \u2013autor de la idea y director- a llevar adelante el proyecto. Tales poemas ten\u00edan dos caracter\u00edsticas sobresalientes. En primer lugar, su tema era la realidad marginal propia de las ciudades (realidad urbano-suburbial), pero sin caer en el tr\u00e1gico error de mitificar&nbsp; a los personajes m\u00e1s arquet\u00edpicos de aquellas realidades. M\u00e1s bien al contrario, los versos de Luis Garc\u00eda Montero cuentan la historia de esos personajes protagonistas <em>sin-quererlo<\/em> (el <em>Colega<\/em> o el <em>Aguilucho<\/em>), aportando al mismo tiempo elementos que permiten comprender algunas de las razones&nbsp; sustanciales de que la historia sea as\u00ed, sin edulcorarla; en segundo lugar, el juego establecido en los poemas entre las estrofas cl\u00e1sicas y el lenguaje y las alusiones a realidades actuales, adem\u00e1s de convertir a los poemas en escritura estrictamente antiacad\u00e9mica, suger\u00eda con facilidad la posibilidad de que el rock -en cuanto lenguaje vinculado- a las necesidades se hiciera cargo de la <em>lectura <\/em>de los textos.<br>De otra parte, en Granada han alcanzado un estimable nivel de calidad los diversos y varios grupos de rock, que sin embargo, <em>trabajan <\/em>(es importante subrayar esta palabra) en condiciones absolutamente infames. A la hora de buscar dos grupos para realizar este <em>Rimado de Ciudad. Magic y TNT <\/em>parecieron los m\u00e1s adecuados, entre otras razones, por el hecho de hacer cada uno de estos grupos una m\u00fasica distinta (antag\u00f3nica incluso, seg\u00fan las reglas del gusto establecidas por las casas discogr\u00e1ficas). La idea de <em>Rimado de Ciudad <\/em>inclu\u00eda precisamente el prop\u00f3sito de que cada uno de los grupos aportara lecturas distintas. El resultado -que pronto estar\u00e1 en la calle- confirma plenamente este extremo. Y lo m\u00e1s llamativo es que <em>TNT y Magic,<\/em>no s\u00f3lo han resuelto con plena solvencia su trabajo profesional, sino que, por encima incluso de lo que a\u00fan en los medios <em>independientes <\/em>es usual, han logrado sendos productos; en los que el alcance de propuesta cultural se sit\u00faa, pedanter\u00edas de por medio, muy por encima de los habituales limites de vacuidad.<br>Pero no s\u00f3lo con la m\u00fasica de estas dos bandas y las letras de Garc\u00eda Montero quedaba cerrado el proyecto. Al contrario, siempre se tuvo en cuenta la necesidad de una aportaci\u00f3n gr\u00e1fica en consonancia. Tal como est\u00e1 la industria discogr\u00e1fica, el dise\u00f1o del producto es absolutamente importante. Pero el director de <em>Rimado de Ciudad <\/em>iba m\u00e1s lejos: dar el valor indudable a las fotograf\u00edas de Jos\u00e9 Garrido y Javier Algarra y no asumirlos en el anonimato de la est\u00e9tica <em>pop <\/em>a las que las casas de m\u00fasica al uso nos tienen acostumbrados. Cada parcela, cada estamento que colabor\u00f3 en este ins\u00f3lito producto, que no nos atrevemos a llamarlo a secas <em>disco <\/em>tuvo su espacio, su importancia. Ambos fot\u00f3grafos, desde el primer momento, descartaron la f\u00e1cil posibilidad de <em>ilustrar, <\/em>con fotograf\u00edas narrativas, la poes\u00eda y la m\u00fasica. Lo que utilizaron son una serie de referencias sencillas a la ciudad (la Plaza de las Pasiegas) que acaban estableciendo una verdadera propuesta sobre la imagen de la ciudad.<br><em>Rimado de Ciudad <\/em>no es, pues, un disco o un libro de poemas, sino un intento complejo de reflexi\u00f3n , desde las pr\u00e1cticas art\u00edsticas, sobre una misma realidad. Tiene, en este sentido, un cierto car\u00e1cter indiscutible de experiencia y como tal ha sido producido por el Excmo. Ayuntamiento de Granada, en la idea de que las instituciones deben asumir proyectos que, como en este caso, dif\u00edcilmente tendr\u00edan cabida en los m\u00e1rgenes comerciales de la industria de la cultura.<\/p>\n\n\n\n<p><strong>El hervidero de rock<\/strong><\/p>\n\n\n\n<p>Es plausible decir que Granada hierve en rock, en m\u00fasica .moderna, hasta ahora con poca o ninguna fortuna de lanzamiento. Son muchos los grupos reci\u00e9n nacidos y con esperanzas de darse a conocer que aguardan su oportunidad. Ya se puede afirmar sin temor al equ\u00edvoco que forman parte de la fisonom\u00eda de la ciudad. Pero eso no quiere \u00b7decir, ni mucho menos, que la presunta <em>vida cultural <\/em>de la misma est\u00e9 dispuesta a reconocer que el trabajo de esos grupos forma parte, probablemente con m\u00e1s legitimidad que otras muchas cosas, de lo que la ciudad es y puede ser. Hay que empezar diciendo que existen. He aqu\u00ed una lista \u2013probablemente exhaustiva- de tales grupos: Auto B, Averno, Los\u00b7 Bichuchos, Comando Bruno, Los Dominicos, La Guardia del Cardenal Richelieu, Johnny Roll y Los Traviesos, KGB, Magic, Neo Zelanda, Nosferatu, 091, SOS, Stubing, Tarot y TNT.<br>Por \u00faltimo, es necesario reclamar de las instituciones un apoyo a estos grupos que no revista las habituales caracter\u00edsticas <em>paternalistas. <\/em>Lo fundamental es crear condiciones infraestructurales suficientes para que el trabajo de los grupos pueda rendir suficientemente y ser conocido en condiciones adecuadas. En el caso del Ayuntamiento, haber asumido el proyecto de <em>Rimado de Ciudad<\/em> no le exime de su compromiso en ese terreno.<\/p>\n\n\n<!--nextpage-->\n\n\n\n<h3 class=\"wp-block-heading\">Juan Jes\u00fas Garc\u00eda Ramos<\/h3>\n\n\n\n<p>(Publicado en Cuadernos del Mediod\u00eda, Diario de Granada, 27 de Mayo de 1983)<\/p>\n\n\n\n<p>Granada est\u00e1 comenzando a situarse entre las ciudades m\u00e1s importantes en el <em>pop <\/em>del pa\u00eds, cuando se nombra, ya no es s\u00f3lo la tierra de Miguel R\u00edos o de Los \u00c1ngeles es tambi\u00e9n la de una nueva generaci\u00f3n ele creadores j\u00f3venes que trabajando en l\u00edneas muy diferentes est\u00e1n consiguiendo en conjunto que brille a una altura considerable la vida musical de la ciudad. La prueba certificadora del buen momento en que se encuentra Granada, es el n\u00famero de discos que desde aqu\u00ed se han editado, cantidad superior a la de las dem\u00e1s ciudades andaluzas <em>(TNT, KGB, 091, Neoze<\/em>landa y en prensa <em>Corbusier, GC Richelieu y Autob). <\/em>Discos que no reflejan m\u00e1s que a una parte del n\u00famero de inquietudes que d\u00eda a d\u00eda luchan contra los medios de comunicaci\u00f3n y llaman a las puertas de todo organismo oficial, en un intento de sacar adelante otras formas de expresi\u00f3n.<br>Medios de comunicaci\u00f3n que salvo contadas excepciones prestan m\u00e1s inter\u00e9s a la decadencia rentista de tiempos pasados o al material perfecto, disco objetivo, que a lo que rudimentariamente est\u00e1 naciendo, repleto de ideasen las mismas cocheras de sus edificios.<br>Las instituciones siguen sin considerar seriamente lo que de cultura viva supone la m\u00fasica <em>pop, <\/em>remendando un campo que evidentemente existe (cuatro mil personas pasaron por el estadio en las \u00faltimas actuaciones) con espor\u00e1dicos proyectos, pero sin sentar las bases de una estable continuidad, eventos aislados que no hacen sino confirmar la val\u00eda de lo que en unas condiciones dignas de trabajo puede llegar a salir de los m\u00fasicos granadinos. Los partidos tienen muy claro su poder de convocatoria (v\u00e9anse las campa\u00f1as electorales) mientras que de la Universidad m\u00e1s vale olvidarse.<br>En esta situaci\u00f3n, y desde el punto de vista musical, un proyect\u00f3 como <em>Rimado de Ciudad, <\/em>una idea cuyos resultados paso por paso han ido casi sorprendiendo a propios y extra\u00f1os, por las cotas de calidad obtenidas, puede parecer fruto de una exigente y acertada selecci\u00f3n de nombres, cuando lo cierto es que otros muchos hubieran puesto el mismo \u00e9nfasis en las adaptaciones de los textos de Luis Garc\u00eda Montero obteni\u00e9ndose otros resultados distintos, pero eso s\u00ed, de la misma categor\u00eda.<br><em>Rimado de Ciudad <\/em>no puede ni debe quedarse aqu\u00ed; en una edici\u00f3n y en presentaci\u00f3n, debe ser la primera piedra de un edificio s\u00f3lido y necesario para las dem\u00e1s expresiones con las que tambi\u00e9n rima nuestra ciudad.<\/p>\n\n\n\n<figure class=\"wp-block-image size-large\"><img loading=\"lazy\" decoding=\"async\" width=\"1024\" height=\"710\" src=\"https:\/\/olvidosdegranada.es\/wp-content\/uploads\/prensa-articulo-jj-1024x710.jpg\" alt=\"\" class=\"wp-image-2195\" srcset=\"https:\/\/olvidosdegranada.es\/wp-content\/uploads\/prensa-articulo-jj-1024x710.jpg 1024w, https:\/\/olvidosdegranada.es\/wp-content\/uploads\/prensa-articulo-jj-300x208.jpg 300w, https:\/\/olvidosdegranada.es\/wp-content\/uploads\/prensa-articulo-jj-150x104.jpg 150w, https:\/\/olvidosdegranada.es\/wp-content\/uploads\/prensa-articulo-jj-768x532.jpg 768w, https:\/\/olvidosdegranada.es\/wp-content\/uploads\/prensa-articulo-jj.jpg 1235w\" sizes=\"auto, (max-width: 1024px) 100vw, 1024px\" \/><\/figure>\n\n\n<!--nextpage-->\n\n\n\n<h3 class=\"wp-block-heading\">Jes\u00fas Arias (TNT)<\/h3>\n\n\n\n<p>El disco <em>Rimado de Ciudad<\/em>, gestado originalmente en el invierno de 1982 y lanzado en la primavera de 1983, sigue siendo hoy un proyecto de tal envergadura musical y art\u00edstica que muy pocos conocen todav\u00eda su alcance. Fue el germen de algo. Su repercusi\u00f3n sigue rec\u00f3ndita y oculta, al acecho, como esas semillas que caen en campo contrario y tardan meses, a\u00f1os, o d\u00e9cadas, en fructificar.<br>El disco <em>Rimado de Ciudad<\/em>, gestado originalmente en el invierno de 1982 y lanzado en la primavera de 1983, sigue siendo hoy un proyecto de tal envergadura musical y art\u00edstica que muy pocos conocen todav\u00eda su alcance. Fue el germen de algo. Su repercusi\u00f3n sigue rec\u00f3ndita y oculta, al acecho, como esas semillas que caen en campo contrario y tardan meses, a\u00f1os, o d\u00e9cadas, en fructificar.<br>Resulta curioso que, 31 a\u00f1os despu\u00e9s de su publicaci\u00f3n por el Ayuntamiento de Granada, sean profesores universitarios de Literatura de cualquier extremo del pa\u00eds, investigadores, estudiantes que hacen una tesis, coleccionistas, amantes de discos raros o gente \u00e1vida de rock lleguen a pagar, en subastas por Internet, hasta 300 euros (50.000 pesetas de las de entonces) por un disco que con s\u00f3lo dos canciones, en formato maxi-single, apenas tuvo eco en su momento. Algo tiene ese disco que sigue atrayendo tanto.<br>El proyecto, ideado por Mariano Maresca, era fascinante de principio a fin: \u201cConvertir la m\u00edtica \u2018Granada, la bella\u2019, de \u00c1ngel Ganivet, en \u2018Granada, la herida\u2019, de los a\u00f1os ochenta. No retratar la hermosura de postal de La Alhambra, no iluminar los rincones m\u00e1s entra\u00f1ables del Albaic\u00edn, no perge\u00f1ar aquellos retratos que los pintores rom\u00e1nticos ingleses y franceses del siglo XIX hac\u00edan de la ciudad. Nada de eso: se trataba de mostrar el otro lado de Granada, su lado m\u00e1s descarnado, el lado m\u00e1s oscuro, su suburbio\u201d.<br>Como escribir\u00eda el escritor Antonio Mu\u00f1oz Molina, \u201clos suburbios son el Estado de Sitio de las ciudades\u201d. Para Maresca se trataba, ante todo, de reflejar la aut\u00e9ntica realidad social de aquella Espa\u00f1a incipientemente democr\u00e1tica en la que, en aquel momento, sin embargo, los beneficios de la democracia no hab\u00edan calado todav\u00eda.<br>En Espa\u00f1a, poco a poco, iba calando el fen\u00f3meno punk: Sex Pistols, The Clash. M\u00fasicos que, desde otros pa\u00edses, expresaban su rabia con guitarras el\u00e9ctricas, voces roncas, furia y frustraci\u00f3n acumuladas. La mayor decepci\u00f3n de la \u00e9poca entre la juventud de entonces, que Maresca acert\u00f3 muy bien a describir o a condensar, es que los j\u00f3venes estaban tremendamente descontentos, que no se cre\u00edan la realidad que anunciaban los telediarios del momento, que no se tragaban el signo de los tiempos en el que todo resultaba maravilloso.<br>Pero la historia m\u00e1s concreta empez\u00f3 de otra manera en Granada. Una noche, tras un concierto en el Albaic\u00edn, mientras los TNT, nos baj\u00e1bamos del escenario, Maresca se nos acerc\u00f3 para decirme: \u201cMe gustar\u00eda presentaros a algunos amigos poetas\u201d. Fue as\u00ed como conocer\u00edamos a nuestros \u2018hermanos mayores\u2019: Javier Egea, Juan Vida, Luis Garc\u00eda Montero, \u00c1lvaro Salvador y Antonio Mu\u00f1oz Molina. Para nosotros conocer a un poeta vivo en ejercicio result\u00f3 lo m\u00e1s fascinante del mundo. Nos cambi\u00f3 el \u2018chip\u2019 cultural.<br>Ese momento se produjo, creo, en diciembre de 1982, en la Plaza Larga. Por aquel entonces Granada era ya un hervidero de grupos de rock: 091, KGB, Johnny Roll y Los Traviesos, Los Discretos, Neo Zelanda, Dise\u00f1o Corbusier\u2026 De entre todos, Maresca hab\u00eda seleccionado a dos de los que parec\u00edan ser los m\u00e1s revoltosos de la ciudad para el proyecto, los heavy-metaleros de M\u00e1gic y los punkies de TNT.<br>A rengl\u00f3n seguido, nos habl\u00f3 de Luis Garc\u00eda Montero, un delgad\u00edsimo poeta con cara de ni\u00f1o que ten\u00eda 24 a\u00f1os y que acababa de ganar el Premio Adon\u00e1is de Poes\u00eda por su libro <em>El jard\u00edn extranjero<\/em>. Durante la charla de aquella noche con los integrantes de M\u00e1gic y de TNT, Maresca lanz\u00f3 una idea: \u201c\u00bfOs atrever\u00edais a ponerle m\u00fasica a unos poemas recientes de Luis?\u201d. Las dos bandas coincidimos inmediatamente.<br>Conversamos esa noche y durante muchos d\u00edas despu\u00e9s. Luis estaba escribiendo una serie de poemas utilizando las m\u00e9tricas del Siglo de Oro y que nosotros deber\u00edamos enfocar aquellos poemas desde nuestra propia perspectiva. Eran sonetos, \u00e9glogas, coplas de pie quebrado, pero con tem\u00e1tica actual. Ten\u00edamos que fajarnos con la est\u00e9tica del Siglo de Oro para adaptarla a la m\u00fasica y la protesta social del Siglo XX. \u00cdbamos a ser los trovadores de nuestro tiempo. La idea era genial. Genial por todas partes.<br>A lo largo de muchas conversaciones surgi\u00f3 una nueva idea: encargarle a los fot\u00f3grafos Jos\u00e9 Garrido y Javier Algarra que montasen un aut\u00e9ntico \u00e1lbum de fotos sobre los suburbios de Granada: la idea era mostrar la Granada real. O, m\u00e1s bien, las dos im\u00e1genes de Granada.<br>El proyecto era est\u00e9ticamente brutal, ingenioso, creativo. Luego, otra vez m\u00e1s, en una de aquellas reuniones, Mariano Maresca lanz\u00f3 otra nueva idea: \u201cEn lugar de un disco, \u00bfpor qu\u00e9 no sacar una especie de caja que contuviese los poemas de Luis Garc\u00eda Montero, las fotograf\u00edas de Jos\u00e9 Garrido y Javier Algarra, los temas musicales que se nos ocurrieran a M\u00e1gic y a TNT?\u201d\u2026 En esa \u00e9poca no exist\u00eda el concepto de libro-disco. S\u00ed exist\u00eda el concepto de \u201cbox\u201d [caja] ideado en Inglaterra por gente como Mike Oldfield o Pink Floyd. \u201cBox\u201d era una caja, con el tama\u00f1o de la portada de un disco que tan s\u00f3lo inclu\u00eda discos, dos, tres, cuatro discos en vinilo. Mariano introdujo el concepto de que una de aquellas cajas podr\u00eda contener discos, fotos, poemas\u2026 de todo.<br>Maresca se puso en contacto con la concejala de Cultura del Ayuntamiento de Granada, Maril\u00f3 Garc\u00eda Cotarelo, para conseguir cierta financiaci\u00f3n y la respuesta fue inmediatamente positiva. Tanto los grupos M\u00e1gic como TNT nos pusimos de acuerdo en qu\u00e9 letras adjudicarnos, sugerir ingenieros de sonido y todo eso. Recuerdo que, sobre el 28 de diciembre de 1982, el Ayuntamiento de Granada nos ofrec\u00eda a ambos grupos la posibilidad de grabar en el Auditorio Manuel de Falla. M\u00e1gic y TNT propusimos a Manuel Dab\u00e1n como ingeniero de grabaci\u00f3n.<br>Result\u00f3 un d\u00eda incre\u00edble de grabaciones. All\u00ed est\u00e1bamos nosotros, en un auditorio vac\u00edo, tocando nuestras ideas. Recuerdo que yo le hab\u00eda explicado en nuestro local de ensayo a mis dos compa\u00f1eros de grupo, el bater\u00eda Joaqu\u00edn V\u00edlchez, y el bajista \u00c1ngel Doblas, mi idea sobre el tema que hab\u00edamos elegido, \u2018Coplas a la muerte de su colega\u2019, brutal reinterpretaci\u00f3n de Luis Garc\u00eda Montero de \u2018Coplas a la muerte de su padre\u2019, de Jorge Manrique. M\u00e1gic hab\u00eda elegido el poema \u2018El Aguilucho\u2019.<br>Desgraciadamente, conforme la fecha de grabaci\u00f3n se acercaba, el Ayuntamiento de Granada retir\u00f3 gran parte de la financiaci\u00f3n. El d\u00eda antes de ir a grabar a los estudios Gramola de Madrid se nos avis\u00f3 que carec\u00edamos de presupuesto para m\u00fasicos de orquesta y dem\u00e1s.<br>Durante la primavera de 1983, con la producci\u00f3n de Fernando Miranda, tanto M\u00e1gic como TNT grabamos nuestros respectivos temas en Madrid. Cada uno de ellos duraba la friolera de 11 minutos. Debido a la extensi\u00f3n de los poemas, decidimos trocearlos musicalmente. El resultado fue un disco extra\u00f1o, extempor\u00e1neo, dif\u00edcil y atrevido. Era abrir una puerta. Fue un \u201cah\u00ed queda eso\u201d. Creo que hicimos un buen trabajo tanto M\u00e1gic como TNT. <em>Rimado de Ciudad<\/em> fue un disco cojonudo, no por el disco en s\u00ed, sino como germen de una idea. Hoy, <em>Rimado de Ciudad<\/em> es una puerta abierta hacia otras cosas, un disco tremendo, puro, fr\u00e1gil, roto, pero que tiene muchas cosas encubiertas. Es la semilla en campo contrario, la semilla que tardar\u00e1 meses, a\u00f1os, en crecer, en dar sus frutos. Ser\u00eda una buena idea volver a retomar aquel proyecto, incluyendo ahora a muchos m\u00e1s grupos, sacando el libro completo de Luis y retratando la Granada marginal de hoy. Al fin y al cabo, volvemos a vivir los mismos tiempos de desolaci\u00f3n y angustia.<\/p>\n\n\n\n<div class=\"wp-block-image\"><figure class=\"alignleft size-large is-resized\"><a href=\"https:\/\/olvidosdegranada.es\/wp-content\/uploads\/Luis-Garcia-Montero-y-Marilo-Garcia-Cotarelo-1983-scaled.jpg\" data-rel=\"lightbox-image-6\" data-rl_title=\"Luis-Garcia-Montero-y-Marilo-Garcia-Cotarelo-1983\" data-rl_caption=\"\" title=\"Luis-Garcia-Montero-y-Marilo-Garcia-Cotarelo-1983\"><img loading=\"lazy\" decoding=\"async\" src=\"https:\/\/olvidosdegranada.es\/wp-content\/uploads\/Luis-Garcia-Montero-y-Marilo-Garcia-Cotarelo-1983-1024x664.jpg\" alt=\"\" class=\"wp-image-2200\" width=\"590\" height=\"382\" srcset=\"https:\/\/olvidosdegranada.es\/wp-content\/uploads\/\/Luis-Garcia-Montero-y-Marilo-Garcia-Cotarelo-1983-1024x664.jpg 1024w, https:\/\/olvidosdegranada.es\/wp-content\/uploads\/\/Luis-Garcia-Montero-y-Marilo-Garcia-Cotarelo-1983-300x194.jpg 300w, https:\/\/olvidosdegranada.es\/wp-content\/uploads\/\/Luis-Garcia-Montero-y-Marilo-Garcia-Cotarelo-1983-150x97.jpg 150w, https:\/\/olvidosdegranada.es\/wp-content\/uploads\/\/Luis-Garcia-Montero-y-Marilo-Garcia-Cotarelo-1983-768x498.jpg 768w, https:\/\/olvidosdegranada.es\/wp-content\/uploads\/\/Luis-Garcia-Montero-y-Marilo-Garcia-Cotarelo-1983-1536x996.jpg 1536w, https:\/\/olvidosdegranada.es\/wp-content\/uploads\/\/Luis-Garcia-Montero-y-Marilo-Garcia-Cotarelo-1983-2048x1327.jpg 2048w, https:\/\/olvidosdegranada.es\/wp-content\/uploads\/\/Luis-Garcia-Montero-y-Marilo-Garcia-Cotarelo-1983-scaled.jpg 2000w\" sizes=\"auto, (max-width: 590px) 100vw, 590px\" \/><\/a><figcaption>Luis Garc\u00eda Montero y Maril\u00f3 Garc\u00eda Cotarelo, 1983. Foto Javier Mart\u00edn.<\/figcaption><\/figure><\/div>\n\n\n\n<div class=\"wp-block-image\"><figure class=\"alignleft size-large is-resized\"><a href=\"https:\/\/olvidosdegranada.es\/wp-content\/uploads\/MAGIC-1-scaled.jpg\" data-rel=\"lightbox-image-7\" data-rl_title=\"MAGIC-1\" data-rl_caption=\"\" title=\"MAGIC-1\"><img loading=\"lazy\" decoding=\"async\" src=\"https:\/\/olvidosdegranada.es\/wp-content\/uploads\/MAGIC-1-1024x696.jpg\" alt=\"\" class=\"wp-image-2201\" width=\"587\" height=\"399\" srcset=\"https:\/\/olvidosdegranada.es\/wp-content\/uploads\/\/MAGIC-1-1024x696.jpg 1024w, https:\/\/olvidosdegranada.es\/wp-content\/uploads\/\/MAGIC-1-300x204.jpg 300w, https:\/\/olvidosdegranada.es\/wp-content\/uploads\/\/MAGIC-1-150x102.jpg 150w, https:\/\/olvidosdegranada.es\/wp-content\/uploads\/\/MAGIC-1-768x522.jpg 768w, https:\/\/olvidosdegranada.es\/wp-content\/uploads\/\/MAGIC-1-1536x1044.jpg 1536w, https:\/\/olvidosdegranada.es\/wp-content\/uploads\/\/MAGIC-1-2048x1392.jpg 2048w, https:\/\/olvidosdegranada.es\/wp-content\/uploads\/\/MAGIC-1-scaled.jpg 2000w\" sizes=\"auto, (max-width: 587px) 100vw, 587px\" \/><\/a><\/figure><\/div>\n\n\n\n<div class=\"wp-block-image\"><figure class=\"alignleft size-large is-resized\"><img loading=\"lazy\" decoding=\"async\" src=\"https:\/\/olvidosdegranada.es\/wp-content\/uploads\/MAGIC-2-1024x664.jpg\" alt=\"\" class=\"wp-image-2202\" width=\"567\" height=\"367\" srcset=\"https:\/\/olvidosdegranada.es\/wp-content\/uploads\/\/MAGIC-2-1024x664.jpg 1024w, https:\/\/olvidosdegranada.es\/wp-content\/uploads\/\/MAGIC-2-300x194.jpg 300w, https:\/\/olvidosdegranada.es\/wp-content\/uploads\/\/MAGIC-2-150x97.jpg 150w, https:\/\/olvidosdegranada.es\/wp-content\/uploads\/\/MAGIC-2-768x498.jpg 768w, https:\/\/olvidosdegranada.es\/wp-content\/uploads\/\/MAGIC-2-1536x996.jpg 1536w, https:\/\/olvidosdegranada.es\/wp-content\/uploads\/\/MAGIC-2-2048x1327.jpg 2048w, https:\/\/olvidosdegranada.es\/wp-content\/uploads\/\/MAGIC-2-scaled.jpg 2000w\" sizes=\"auto, (max-width: 567px) 100vw, 567px\" \/><\/figure><\/div>\n\n\n\n<div class=\"wp-block-image\"><figure class=\"alignleft size-large is-resized\"><a href=\"https:\/\/olvidosdegranada.es\/wp-content\/uploads\/TNT1.jpg\" data-rel=\"lightbox-image-8\" data-rl_title=\"TNT1\" data-rl_caption=\"\" title=\"TNT1\"><img loading=\"lazy\" decoding=\"async\" src=\"https:\/\/olvidosdegranada.es\/wp-content\/uploads\/TNT1-1024x754.jpg\" alt=\"\" class=\"wp-image-2203\" width=\"551\" height=\"405\" srcset=\"https:\/\/olvidosdegranada.es\/wp-content\/uploads\/TNT1-1024x754.jpg 1024w, https:\/\/olvidosdegranada.es\/wp-content\/uploads\/TNT1-300x221.jpg 300w, https:\/\/olvidosdegranada.es\/wp-content\/uploads\/TNT1-150x111.jpg 150w, https:\/\/olvidosdegranada.es\/wp-content\/uploads\/TNT1-768x566.jpg 768w, https:\/\/olvidosdegranada.es\/wp-content\/uploads\/TNT1-1536x1132.jpg 1536w, https:\/\/olvidosdegranada.es\/wp-content\/uploads\/TNT1.jpg 1896w\" sizes=\"auto, (max-width: 551px) 100vw, 551px\" \/><\/a><\/figure><\/div>\n\n\n\n<figure class=\"wp-block-image size-large is-resized\"><a href=\"https:\/\/olvidosdegranada.es\/wp-content\/uploads\/TNT2-scaled.jpg\" data-rel=\"lightbox-image-9\" data-rl_title=\"TNT2\" data-rl_caption=\"\" title=\"TNT2\"><img loading=\"lazy\" decoding=\"async\" src=\"https:\/\/olvidosdegranada.es\/wp-content\/uploads\/TNT2-1024x601.jpg\" alt=\"\" class=\"wp-image-2206\" width=\"548\" height=\"322\" srcset=\"https:\/\/olvidosdegranada.es\/wp-content\/uploads\/\/TNT2-1024x601.jpg 1024w, https:\/\/olvidosdegranada.es\/wp-content\/uploads\/\/TNT2-300x176.jpg 300w, https:\/\/olvidosdegranada.es\/wp-content\/uploads\/\/TNT2-150x88.jpg 150w, https:\/\/olvidosdegranada.es\/wp-content\/uploads\/\/TNT2-768x451.jpg 768w, https:\/\/olvidosdegranada.es\/wp-content\/uploads\/\/TNT2-1536x902.jpg 1536w, https:\/\/olvidosdegranada.es\/wp-content\/uploads\/\/TNT2-2048x1203.jpg 2048w, https:\/\/olvidosdegranada.es\/wp-content\/uploads\/\/TNT2-scaled.jpg 2000w\" sizes=\"auto, (max-width: 548px) 100vw, 548px\" \/><\/a><\/figure>\n\n\n\n<p><\/p>\n","protected":false},"excerpt":{"rendered":"<p>RIMADO DE CIUDAD: 30 A\u00d1OS DESPU\u00c9S Los poemas de Luis Garc\u00eda Montero, la fotograf\u00eda de &#8230; <\/p>\n<p class=\"read-more-container\"><a title=\"Rimado de Ciudad\" class=\"read-more button\" href=\"https:\/\/olvidosdegranada.es\/index.php\/2014\/06\/01\/rimado-de-ciudad\/#more-2160\" aria-label=\"Leer m\u00e1s sobre Rimado de Ciudad\">Leer m\u00e1s<\/a><\/p>\n","protected":false},"author":4,"featured_media":0,"comment_status":"open","ping_status":"closed","sticky":false,"template":"","format":"standard","meta":{"_acf_changed":false,"_jetpack_newsletter_access":"","_jetpack_dont_email_post_to_subs":false,"_jetpack_newsletter_tier_id":0,"_jetpack_memberships_contains_paywalled_content":false,"_jetpack_feature_clip_id":0,"_jetpack_memberships_contains_paid_content":false,"footnotes":"","jetpack_post_was_ever_published":false},"categories":[10,5],"tags":[110,71,53],"class_list":["post-2160","post","type-post","status-publish","format-standard","hentry","category-memoria-de-granada","category-piezas-procesos","tag-los-ochenta","tag-musica","tag-poesia","infinite-scroll-item","generate-columns","tablet-grid-50","mobile-grid-100","grid-parent","grid-33","no-featured-image-padding"],"acf":[],"yoast_head":"<!-- This site is optimized with the Yoast SEO plugin v28.3 - https:\/\/yoast.com\/product\/yoast-seo-wordpress\/ -->\n<title>Rimado de Ciudad - Olvidos de Granada<\/title>\n<meta name=\"description\" content=\"Luis Garc\u00eda Montero, Jes\u00fas Arias, Alejandro V\u00edctor Garc\u00eda, JJ Garc\u00eda, Javier Mart\u00edn, TNT, M\u00e1gic, Maril\u00f3 Garc\u00eda Cotarelo RIMADO DE CIUDAD: 30 A\u00d1OS DESPU\u00c9S Los poemas de Luis Garc\u00eda Montero, la fotograf\u00eda de Jos\u00e9 Garrido y Javier Algarra, y la m\u00fasica de Magic y T.N.T. han\" \/>\n<meta name=\"robots\" content=\"index, follow, max-snippet:-1, max-image-preview:large, max-video-preview:-1\" \/>\n<link rel=\"canonical\" href=\"https:\/\/olvidosdegranada.es\/index.php\/2014\/06\/01\/rimado-de-ciudad\/\" \/>\n<meta property=\"og:locale\" content=\"es_ES\" \/>\n<meta property=\"og:type\" content=\"article\" \/>\n<meta property=\"og:title\" content=\"Rimado de Ciudad - Olvidos de Granada\" \/>\n<meta property=\"og:description\" content=\"Luis Garc\u00eda Montero, Jes\u00fas Arias, Alejandro V\u00edctor Garc\u00eda, JJ Garc\u00eda, Javier Mart\u00edn, TNT, M\u00e1gic, Maril\u00f3 Garc\u00eda Cotarelo RIMADO DE CIUDAD: 30 A\u00d1OS DESPU\u00c9S Los poemas de Luis Garc\u00eda Montero, la fotograf\u00eda de Jos\u00e9 Garrido y Javier Algarra, y la m\u00fasica de Magic y T.N.T. han\" \/>\n<meta property=\"og:url\" content=\"https:\/\/olvidosdegranada.es\/index.php\/2014\/06\/01\/rimado-de-ciudad\/\" \/>\n<meta property=\"og:site_name\" content=\"Olvidos de Granada\" \/>\n<meta property=\"article:publisher\" content=\"https:\/\/www.facebook.com\/OLVIDOSDIGITAL\" \/>\n<meta property=\"article:published_time\" content=\"2014-06-01T20:55:28+00:00\" \/>\n<meta property=\"article:modified_time\" content=\"2020-12-26T10:32:25+00:00\" \/>\n<meta property=\"og:image\" content=\"https:\/\/olvidosdegranada.es\/wp-content\/uploads\/CARTEL-533x1024.jpg\" \/>\n<meta name=\"author\" content=\"Alfonso Salazar\" \/>\n<meta name=\"twitter:card\" content=\"summary_large_image\" \/>\n<meta name=\"twitter:creator\" content=\"@olvidospuntoes\" \/>\n<meta name=\"twitter:site\" content=\"@olvidospuntoes\" \/>\n<meta name=\"twitter:label1\" content=\"Escrito por\" \/>\n\t<meta name=\"twitter:data1\" content=\"Alfonso Salazar\" \/>\n\t<meta name=\"twitter:label2\" content=\"Tiempo de lectura\" \/>\n\t<meta name=\"twitter:data2\" content=\"30 minutos\" \/>\n<script type=\"application\/ld+json\" class=\"yoast-schema-graph\">{\"@context\":\"https:\\\/\\\/schema.org\",\"@graph\":[{\"@type\":\"Article\",\"@id\":\"https:\\\/\\\/olvidosdegranada.es\\\/index.php\\\/2014\\\/06\\\/01\\\/rimado-de-ciudad\\\/#article\",\"isPartOf\":{\"@id\":\"https:\\\/\\\/olvidosdegranada.es\\\/index.php\\\/2014\\\/06\\\/01\\\/rimado-de-ciudad\\\/\"},\"author\":{\"name\":\"Alfonso Salazar\",\"@id\":\"https:\\\/\\\/olvidosdegranada.es\\\/#\\\/schema\\\/person\\\/2e10b199a19cf21e8fd2391979d33083\"},\"headline\":\"Rimado de Ciudad\",\"datePublished\":\"2014-06-01T20:55:28+00:00\",\"dateModified\":\"2020-12-26T10:32:25+00:00\",\"mainEntityOfPage\":{\"@id\":\"https:\\\/\\\/olvidosdegranada.es\\\/index.php\\\/2014\\\/06\\\/01\\\/rimado-de-ciudad\\\/\"},\"wordCount\":4579,\"commentCount\":0,\"publisher\":{\"@id\":\"https:\\\/\\\/olvidosdegranada.es\\\/#organization\"},\"image\":{\"@id\":\"https:\\\/\\\/olvidosdegranada.es\\\/index.php\\\/2014\\\/06\\\/01\\\/rimado-de-ciudad\\\/#primaryimage\"},\"thumbnailUrl\":\"https:\\\/\\\/olvidosdegranada.es\\\/wp-content\\\/uploads\\\/CARTEL-533x1024.jpg\",\"keywords\":[\"Los ochenta\",\"M\u00fasica\",\"Poes\u00eda\"],\"articleSection\":[\"Memoria de Granada\",\"Piezas y Procesos\"],\"inLanguage\":\"es\",\"potentialAction\":[{\"@type\":\"CommentAction\",\"name\":\"Comment\",\"target\":[\"https:\\\/\\\/olvidosdegranada.es\\\/index.php\\\/2014\\\/06\\\/01\\\/rimado-de-ciudad\\\/#respond\"]}]},{\"@type\":\"WebPage\",\"@id\":\"https:\\\/\\\/olvidosdegranada.es\\\/index.php\\\/2014\\\/06\\\/01\\\/rimado-de-ciudad\\\/\",\"url\":\"https:\\\/\\\/olvidosdegranada.es\\\/index.php\\\/2014\\\/06\\\/01\\\/rimado-de-ciudad\\\/\",\"name\":\"Rimado de Ciudad - Olvidos de Granada\",\"isPartOf\":{\"@id\":\"https:\\\/\\\/olvidosdegranada.es\\\/#website\"},\"primaryImageOfPage\":{\"@id\":\"https:\\\/\\\/olvidosdegranada.es\\\/index.php\\\/2014\\\/06\\\/01\\\/rimado-de-ciudad\\\/#primaryimage\"},\"image\":{\"@id\":\"https:\\\/\\\/olvidosdegranada.es\\\/index.php\\\/2014\\\/06\\\/01\\\/rimado-de-ciudad\\\/#primaryimage\"},\"thumbnailUrl\":\"https:\\\/\\\/olvidosdegranada.es\\\/wp-content\\\/uploads\\\/CARTEL-533x1024.jpg\",\"datePublished\":\"2014-06-01T20:55:28+00:00\",\"dateModified\":\"2020-12-26T10:32:25+00:00\",\"description\":\"Luis Garc\u00eda Montero, Jes\u00fas Arias, Alejandro V\u00edctor Garc\u00eda, JJ Garc\u00eda, Javier Mart\u00edn, TNT, M\u00e1gic, Maril\u00f3 Garc\u00eda Cotarelo RIMADO DE CIUDAD: 30 A\u00d1OS DESPU\u00c9S Los poemas de Luis Garc\u00eda Montero, la fotograf\u00eda de Jos\u00e9 Garrido y Javier Algarra, y la m\u00fasica de Magic y T.N.T. han\",\"breadcrumb\":{\"@id\":\"https:\\\/\\\/olvidosdegranada.es\\\/index.php\\\/2014\\\/06\\\/01\\\/rimado-de-ciudad\\\/#breadcrumb\"},\"inLanguage\":\"es\",\"potentialAction\":[{\"@type\":\"ReadAction\",\"target\":[\"https:\\\/\\\/olvidosdegranada.es\\\/index.php\\\/2014\\\/06\\\/01\\\/rimado-de-ciudad\\\/\"]}]},{\"@type\":\"ImageObject\",\"inLanguage\":\"es\",\"@id\":\"https:\\\/\\\/olvidosdegranada.es\\\/index.php\\\/2014\\\/06\\\/01\\\/rimado-de-ciudad\\\/#primaryimage\",\"url\":\"https:\\\/\\\/olvidosdegranada.es\\\/wp-content\\\/uploads\\\/CARTEL-533x1024.jpg\",\"contentUrl\":\"https:\\\/\\\/olvidosdegranada.es\\\/wp-content\\\/uploads\\\/CARTEL-533x1024.jpg\"},{\"@type\":\"BreadcrumbList\",\"@id\":\"https:\\\/\\\/olvidosdegranada.es\\\/index.php\\\/2014\\\/06\\\/01\\\/rimado-de-ciudad\\\/#breadcrumb\",\"itemListElement\":[{\"@type\":\"ListItem\",\"position\":1,\"name\":\"Portada\",\"item\":\"https:\\\/\\\/olvidosdegranada.es\\\/\"},{\"@type\":\"ListItem\",\"position\":2,\"name\":\"Rimado de Ciudad\"}]},{\"@type\":\"WebSite\",\"@id\":\"https:\\\/\\\/olvidosdegranada.es\\\/#website\",\"url\":\"https:\\\/\\\/olvidosdegranada.es\\\/\",\"name\":\"Olvidos de Granada\",\"description\":\"Revista de acciones culturales\",\"publisher\":{\"@id\":\"https:\\\/\\\/olvidosdegranada.es\\\/#organization\"},\"potentialAction\":[{\"@type\":\"SearchAction\",\"target\":{\"@type\":\"EntryPoint\",\"urlTemplate\":\"https:\\\/\\\/olvidosdegranada.es\\\/?s={search_term_string}\"},\"query-input\":{\"@type\":\"PropertyValueSpecification\",\"valueRequired\":true,\"valueName\":\"search_term_string\"}}],\"inLanguage\":\"es\"},{\"@type\":\"Organization\",\"@id\":\"https:\\\/\\\/olvidosdegranada.es\\\/#organization\",\"name\":\"Olvidos de Granada\",\"url\":\"https:\\\/\\\/olvidosdegranada.es\\\/\",\"logo\":{\"@type\":\"ImageObject\",\"inLanguage\":\"es\",\"@id\":\"https:\\\/\\\/olvidosdegranada.es\\\/#\\\/schema\\\/logo\\\/image\\\/\",\"url\":\"https:\\\/\\\/olvidosdegranada.es\\\/wp-content\\\/uploads\\\/2020\\\/12\\\/Recurso-9.png\",\"contentUrl\":\"https:\\\/\\\/olvidosdegranada.es\\\/wp-content\\\/uploads\\\/2020\\\/12\\\/Recurso-9.png\",\"width\":700,\"height\":227,\"caption\":\"Olvidos de Granada\"},\"image\":{\"@id\":\"https:\\\/\\\/olvidosdegranada.es\\\/#\\\/schema\\\/logo\\\/image\\\/\"},\"sameAs\":[\"https:\\\/\\\/www.facebook.com\\\/OLVIDOSDIGITAL\",\"https:\\\/\\\/x.com\\\/olvidospuntoes\"]},{\"@type\":\"Person\",\"@id\":\"https:\\\/\\\/olvidosdegranada.es\\\/#\\\/schema\\\/person\\\/2e10b199a19cf21e8fd2391979d33083\",\"name\":\"Alfonso Salazar\",\"image\":{\"@type\":\"ImageObject\",\"inLanguage\":\"es\",\"@id\":\"https:\\\/\\\/secure.gravatar.com\\\/avatar\\\/8768a2dca789940dbdaf5fdd283c795998719eb61dc0c2c16eb3decaaf6b3304?s=96&d=mm&r=g\",\"url\":\"https:\\\/\\\/secure.gravatar.com\\\/avatar\\\/8768a2dca789940dbdaf5fdd283c795998719eb61dc0c2c16eb3decaaf6b3304?s=96&d=mm&r=g\",\"contentUrl\":\"https:\\\/\\\/secure.gravatar.com\\\/avatar\\\/8768a2dca789940dbdaf5fdd283c795998719eb61dc0c2c16eb3decaaf6b3304?s=96&d=mm&r=g\",\"caption\":\"Alfonso Salazar\"},\"url\":\"https:\\\/\\\/olvidosdegranada.es\\\/index.php\\\/author\\\/alfonso-salazar\\\/\"}]}<\/script>\n<!-- \/ Yoast SEO plugin. -->","yoast_head_json":{"title":"Rimado de Ciudad - Olvidos de Granada","description":"Luis Garc\u00eda Montero, Jes\u00fas Arias, Alejandro V\u00edctor Garc\u00eda, JJ Garc\u00eda, Javier Mart\u00edn, TNT, M\u00e1gic, Maril\u00f3 Garc\u00eda Cotarelo RIMADO DE CIUDAD: 30 A\u00d1OS DESPU\u00c9S Los poemas de Luis Garc\u00eda Montero, la fotograf\u00eda de Jos\u00e9 Garrido y Javier Algarra, y la m\u00fasica de Magic y T.N.T. han","robots":{"index":"index","follow":"follow","max-snippet":"max-snippet:-1","max-image-preview":"max-image-preview:large","max-video-preview":"max-video-preview:-1"},"canonical":"https:\/\/olvidosdegranada.es\/index.php\/2014\/06\/01\/rimado-de-ciudad\/","og_locale":"es_ES","og_type":"article","og_title":"Rimado de Ciudad - Olvidos de Granada","og_description":"Luis Garc\u00eda Montero, Jes\u00fas Arias, Alejandro V\u00edctor Garc\u00eda, JJ Garc\u00eda, Javier Mart\u00edn, TNT, M\u00e1gic, Maril\u00f3 Garc\u00eda Cotarelo RIMADO DE CIUDAD: 30 A\u00d1OS DESPU\u00c9S Los poemas de Luis Garc\u00eda Montero, la fotograf\u00eda de Jos\u00e9 Garrido y Javier Algarra, y la m\u00fasica de Magic y T.N.T. han","og_url":"https:\/\/olvidosdegranada.es\/index.php\/2014\/06\/01\/rimado-de-ciudad\/","og_site_name":"Olvidos de Granada","article_publisher":"https:\/\/www.facebook.com\/OLVIDOSDIGITAL","article_published_time":"2014-06-01T20:55:28+00:00","article_modified_time":"2020-12-26T10:32:25+00:00","og_image":[{"url":"https:\/\/olvidosdegranada.es\/wp-content\/uploads\/CARTEL-533x1024.jpg","type":"","width":"","height":""}],"author":"Alfonso Salazar","twitter_card":"summary_large_image","twitter_creator":"@olvidospuntoes","twitter_site":"@olvidospuntoes","twitter_misc":{"Escrito por":"Alfonso Salazar","Tiempo de lectura":"30 minutos"},"schema":{"@context":"https:\/\/schema.org","@graph":[{"@type":"Article","@id":"https:\/\/olvidosdegranada.es\/index.php\/2014\/06\/01\/rimado-de-ciudad\/#article","isPartOf":{"@id":"https:\/\/olvidosdegranada.es\/index.php\/2014\/06\/01\/rimado-de-ciudad\/"},"author":{"name":"Alfonso Salazar","@id":"https:\/\/olvidosdegranada.es\/#\/schema\/person\/2e10b199a19cf21e8fd2391979d33083"},"headline":"Rimado de Ciudad","datePublished":"2014-06-01T20:55:28+00:00","dateModified":"2020-12-26T10:32:25+00:00","mainEntityOfPage":{"@id":"https:\/\/olvidosdegranada.es\/index.php\/2014\/06\/01\/rimado-de-ciudad\/"},"wordCount":4579,"commentCount":0,"publisher":{"@id":"https:\/\/olvidosdegranada.es\/#organization"},"image":{"@id":"https:\/\/olvidosdegranada.es\/index.php\/2014\/06\/01\/rimado-de-ciudad\/#primaryimage"},"thumbnailUrl":"https:\/\/olvidosdegranada.es\/wp-content\/uploads\/CARTEL-533x1024.jpg","keywords":["Los ochenta","M\u00fasica","Poes\u00eda"],"articleSection":["Memoria de Granada","Piezas y Procesos"],"inLanguage":"es","potentialAction":[{"@type":"CommentAction","name":"Comment","target":["https:\/\/olvidosdegranada.es\/index.php\/2014\/06\/01\/rimado-de-ciudad\/#respond"]}]},{"@type":"WebPage","@id":"https:\/\/olvidosdegranada.es\/index.php\/2014\/06\/01\/rimado-de-ciudad\/","url":"https:\/\/olvidosdegranada.es\/index.php\/2014\/06\/01\/rimado-de-ciudad\/","name":"Rimado de Ciudad - Olvidos de Granada","isPartOf":{"@id":"https:\/\/olvidosdegranada.es\/#website"},"primaryImageOfPage":{"@id":"https:\/\/olvidosdegranada.es\/index.php\/2014\/06\/01\/rimado-de-ciudad\/#primaryimage"},"image":{"@id":"https:\/\/olvidosdegranada.es\/index.php\/2014\/06\/01\/rimado-de-ciudad\/#primaryimage"},"thumbnailUrl":"https:\/\/olvidosdegranada.es\/wp-content\/uploads\/CARTEL-533x1024.jpg","datePublished":"2014-06-01T20:55:28+00:00","dateModified":"2020-12-26T10:32:25+00:00","description":"Luis Garc\u00eda Montero, Jes\u00fas Arias, Alejandro V\u00edctor Garc\u00eda, JJ Garc\u00eda, Javier Mart\u00edn, TNT, M\u00e1gic, Maril\u00f3 Garc\u00eda Cotarelo RIMADO DE CIUDAD: 30 A\u00d1OS DESPU\u00c9S Los poemas de Luis Garc\u00eda Montero, la fotograf\u00eda de Jos\u00e9 Garrido y Javier Algarra, y la m\u00fasica de Magic y T.N.T. han","breadcrumb":{"@id":"https:\/\/olvidosdegranada.es\/index.php\/2014\/06\/01\/rimado-de-ciudad\/#breadcrumb"},"inLanguage":"es","potentialAction":[{"@type":"ReadAction","target":["https:\/\/olvidosdegranada.es\/index.php\/2014\/06\/01\/rimado-de-ciudad\/"]}]},{"@type":"ImageObject","inLanguage":"es","@id":"https:\/\/olvidosdegranada.es\/index.php\/2014\/06\/01\/rimado-de-ciudad\/#primaryimage","url":"https:\/\/olvidosdegranada.es\/wp-content\/uploads\/CARTEL-533x1024.jpg","contentUrl":"https:\/\/olvidosdegranada.es\/wp-content\/uploads\/CARTEL-533x1024.jpg"},{"@type":"BreadcrumbList","@id":"https:\/\/olvidosdegranada.es\/index.php\/2014\/06\/01\/rimado-de-ciudad\/#breadcrumb","itemListElement":[{"@type":"ListItem","position":1,"name":"Portada","item":"https:\/\/olvidosdegranada.es\/"},{"@type":"ListItem","position":2,"name":"Rimado de Ciudad"}]},{"@type":"WebSite","@id":"https:\/\/olvidosdegranada.es\/#website","url":"https:\/\/olvidosdegranada.es\/","name":"Olvidos de Granada","description":"Revista de acciones culturales","publisher":{"@id":"https:\/\/olvidosdegranada.es\/#organization"},"potentialAction":[{"@type":"SearchAction","target":{"@type":"EntryPoint","urlTemplate":"https:\/\/olvidosdegranada.es\/?s={search_term_string}"},"query-input":{"@type":"PropertyValueSpecification","valueRequired":true,"valueName":"search_term_string"}}],"inLanguage":"es"},{"@type":"Organization","@id":"https:\/\/olvidosdegranada.es\/#organization","name":"Olvidos de Granada","url":"https:\/\/olvidosdegranada.es\/","logo":{"@type":"ImageObject","inLanguage":"es","@id":"https:\/\/olvidosdegranada.es\/#\/schema\/logo\/image\/","url":"https:\/\/olvidosdegranada.es\/wp-content\/uploads\/2020\/12\/Recurso-9.png","contentUrl":"https:\/\/olvidosdegranada.es\/wp-content\/uploads\/2020\/12\/Recurso-9.png","width":700,"height":227,"caption":"Olvidos de Granada"},"image":{"@id":"https:\/\/olvidosdegranada.es\/#\/schema\/logo\/image\/"},"sameAs":["https:\/\/www.facebook.com\/OLVIDOSDIGITAL","https:\/\/x.com\/olvidospuntoes"]},{"@type":"Person","@id":"https:\/\/olvidosdegranada.es\/#\/schema\/person\/2e10b199a19cf21e8fd2391979d33083","name":"Alfonso Salazar","image":{"@type":"ImageObject","inLanguage":"es","@id":"https:\/\/secure.gravatar.com\/avatar\/8768a2dca789940dbdaf5fdd283c795998719eb61dc0c2c16eb3decaaf6b3304?s=96&d=mm&r=g","url":"https:\/\/secure.gravatar.com\/avatar\/8768a2dca789940dbdaf5fdd283c795998719eb61dc0c2c16eb3decaaf6b3304?s=96&d=mm&r=g","contentUrl":"https:\/\/secure.gravatar.com\/avatar\/8768a2dca789940dbdaf5fdd283c795998719eb61dc0c2c16eb3decaaf6b3304?s=96&d=mm&r=g","caption":"Alfonso Salazar"},"url":"https:\/\/olvidosdegranada.es\/index.php\/author\/alfonso-salazar\/"}]}},"jetpack_sharing_enabled":true,"jetpack_featured_media_url":"","_links":{"self":[{"href":"https:\/\/olvidosdegranada.es\/index.php\/wp-json\/wp\/v2\/posts\/2160","targetHints":{"allow":["GET"]}}],"collection":[{"href":"https:\/\/olvidosdegranada.es\/index.php\/wp-json\/wp\/v2\/posts"}],"about":[{"href":"https:\/\/olvidosdegranada.es\/index.php\/wp-json\/wp\/v2\/types\/post"}],"author":[{"embeddable":true,"href":"https:\/\/olvidosdegranada.es\/index.php\/wp-json\/wp\/v2\/users\/4"}],"replies":[{"embeddable":true,"href":"https:\/\/olvidosdegranada.es\/index.php\/wp-json\/wp\/v2\/comments?post=2160"}],"version-history":[{"count":20,"href":"https:\/\/olvidosdegranada.es\/index.php\/wp-json\/wp\/v2\/posts\/2160\/revisions"}],"predecessor-version":[{"id":2679,"href":"https:\/\/olvidosdegranada.es\/index.php\/wp-json\/wp\/v2\/posts\/2160\/revisions\/2679"}],"wp:attachment":[{"href":"https:\/\/olvidosdegranada.es\/index.php\/wp-json\/wp\/v2\/media?parent=2160"}],"wp:term":[{"taxonomy":"category","embeddable":true,"href":"https:\/\/olvidosdegranada.es\/index.php\/wp-json\/wp\/v2\/categories?post=2160"},{"taxonomy":"post_tag","embeddable":true,"href":"https:\/\/olvidosdegranada.es\/index.php\/wp-json\/wp\/v2\/tags?post=2160"}],"curies":[{"name":"wp","href":"https:\/\/api.w.org\/{rel}","templated":true}]}}