{"id":1259,"date":"2013-09-30T11:39:14","date_gmt":"2013-09-30T11:39:14","guid":{"rendered":"https:\/\/olvidosdegranada.es\/?p=1259"},"modified":"2020-11-30T11:51:00","modified_gmt":"2020-11-30T11:51:00","slug":"pietro-barcellona-de-un-sur-a-otro","status":"publish","type":"post","link":"https:\/\/olvidosdegranada.es\/index.php\/2013\/09\/30\/pietro-barcellona-de-un-sur-a-otro\/","title":{"rendered":"Pietro Barcellona: de un sur a otro"},"content":{"rendered":"\n<p>Pietro Barcellona ha muerto el siete de septiembre de 2013, en Catania.<\/p>\n\n\n\n<p>Lo conoc\u00ed en noviembre de 1987, en Roma, cuando Pietro present\u00f3 un importante libro, <em>L\u2019individualismo propietario<\/em>. Pietro Ingrao, Massimo Cacciari y muchos m\u00e1s hablaron de aquel libro y planteaban los problemas de la filosof\u00eda y la pol\u00edtica, que entonces estaban en la calle y que Pietro reflexionaba en su nuevo libro, como cada d\u00eda y cada noche. Aquella tarde lo conoc\u00ed, y el d\u00eda siguiente nos vimos por la tarde, en su hotel cerca del Panteon. Cenamos en la calle y habl\u00e1bamos de todo. Al d\u00eda siguiente, Pietro se volv\u00eda a Catania, pero ya me dijo que nos ver\u00edamos muy pronto otra vez en Roma para seguir hablando de&nbsp; aquel libro y de otras cosas.<\/p>\n\n\n\n<p>Y as\u00ed fue nuestra vida durante muchos a\u00f1os, en Roma, Catania, Siracusa, Granada, Barcelona\u2026<\/p>\n\n\n\n<p>La obra de Pietro Barcellona es muy conocida en Italia y tambi\u00e9n en Espa\u00f1a. Pero ahora quisiera recuperar un texto que escrib\u00ed en el a\u00f1o 2005 para el libro \u201cPietro Barcellona raccontato dai soui amici\u201d; ese texto se llama \u201cP.B. de un sur a otro\u201d.<\/p>\n\n\n\n<p>Finalmente, la obra de Pietro fue muy extensa, con much\u00edsimos libros, pero tambi\u00e9n se dedic\u00f3 a la pintura. Veamos&nbsp; algunos de sus cuadros, como los que pude ver en su casa de Catania.<\/p>\n\n\n\n<p><em>Mariano Maresca, Granada, septiembre 2013<\/em><\/p>\n\n\n<!--nextpage-->\n\n\n\n<h3 class=\"wp-block-heading\">Mariano Maresca<\/h3>\n\n\n\n<p>En seguida cuento c\u00f3mo conoc\u00ed a Pietro Barcellona. Antes, quiero describir la que para m\u00ed es la primera imagen en la que Pietro aparece ya como un amigo con el que discuto apasionadamente de pr\u00e1cticamente todo y con el que, muy desde el principio, sent\u00ed que pod\u00eda hablar con una franqueza tranquilizadora.<\/p>\n\n\n\n<p>Esa primera imagen corresponde a la primavera de 1989. El sol de la tarde se\u00f1ala las sombras del seto en el jard\u00edn que hay tras el ventanal del despacho de la casa de Barcellona en las afueras de Catania. Pietro ha salido para preparar m\u00e1s caf\u00e9; quiere que sigamos conversando m\u00e1s tiempo, hasta la cena al menos, porque ciertamente esa tarde las ideas fluyen. Miro hacia fuera: un gato -luego he sabido que era una gata, la gata Circe- cruza el jard\u00edn despacio, se detiene a la altura el ventanal, mira al interior y sigue su camino. Pietro vuelve. En la habitaci\u00f3n hay ahora una calma distinta: la luz es m\u00e1s d\u00e9bil y yo voy dej\u00e1ndome ganar por la impresi\u00f3n de que la oscuridad que empieza a tomar cuerpo fuera est\u00e1 habitada por criaturas con las que Pietro tiene una familiaridad tel\u00farica; y todo eso me hace pensar que estoy empezando a conocer al mismo tiempo a Pietro y a Sicilia. La conversaci\u00f3n dura, en efecto, hasta la cena, con alguna interrupci\u00f3n familiar; pero ha cambiado algo en el tono (se percibe bien en la grabaci\u00f3n) y en el asunto: y es cuando entiendo que Pietro Barcellona, que est\u00e1 sentado al otro lado de la mesa rodeado de libros que forman colecciones dirigidas por \u00e9l sobre asuntos sociales, jur\u00eddicos y econ\u00f3micos, es un fil\u00f3sofo que se est\u00e1 reencontrando felizmente con esa vocaci\u00f3n primera. En la cena termin\u00e9 de conocer a la familia de Pietro.<\/p>\n\n\n\n<figure class=\"wp-block-image size-large is-resized\"><img loading=\"lazy\" decoding=\"async\" src=\"https:\/\/olvidosdegranada.es\/wp-content\/uploads\/2020\/11\/pietro_barcellona.jpeg\" alt=\"\" class=\"wp-image-1283\" width=\"660\" height=\"794\" srcset=\"https:\/\/olvidosdegranada.es\/wp-content\/uploads\/2020\/11\/pietro_barcellona.jpeg 532w, https:\/\/olvidosdegranada.es\/wp-content\/uploads\/2020\/11\/pietro_barcellona-249x300.jpeg 249w\" sizes=\"auto, (max-width: 660px) 100vw, 660px\" \/><\/figure>\n\n\n\n<p>A Pietro lo conoc\u00ed dos a\u00f1os antes. Lo que sabia de \u00e9l era lo m\u00e1s conocido de su imagen p\u00fablica: el organizador del congreso de Catania sobre el uso alternativo del derecho, parlamentario, de la direcci\u00f3n del PCI miembro del Consiglio Superiore della Magistratura, un hombre muy activo, casi un \u00abhombre de acci\u00f3n\u00bb. En el oto\u00f1o de 1987 yo viv\u00eda en Roma, en casa de Renata Rizzo, que trabajaba en el CRS y me prove\u00eda de informaci\u00f3n sobre las mil convocatorias de actos que hab\u00eda cada d\u00eda en Roma. Un d\u00eda de noviembre me dio una invitaci\u00f3n para la presentaci\u00f3n del \u00faltimo libro de Pietro, <em>L&#8217;individualismo propietario, <\/em>en una sala pr\u00f3xima a Largo Argentina. Hablaron Pietro lngrao, M\u00e1ximo Cacciari, Nicol\u00f3 Lipari y finalmente el propio Barcellona. Conservo los apuntes que tom\u00e9. Ya hab\u00eda le\u00eddo el libro. Todav\u00eda hoy creo que Cacciari lo defini\u00f3 bien cuando dijo que lo m\u00e1s llamativo deaquella obra era el peso extraordinario de la conciencia de las contradicciones, o de la contradicci\u00f3n <em>tout<\/em> <em>court. <\/em>Hab\u00eda mucha gente y estaba conmigo uno de los primeros amigos que tuve en Roma, Aldo Garzia, periodista entonces de \u00ab<em>Il<\/em> <em>Mani{esto\u00bb. <\/em>Fue \u00e9l que tuvo la iniciativa de presentarme a Pietro, a la vista del inter\u00e9s que yo hab\u00eda mostrado por el libro. All\u00ed mismo, tuvimos una breve conversaci\u00f3n que acab\u00f3 con una cita para la tarde siguiente en el Santa Chiara.<\/p>\n\n\n\n<p>Y en esa conversaci\u00f3n pude comprobar que mi primera impresi\u00f3n tras leer <em>L&#8217;individualismo propietario <\/em>era m\u00e1s importante de lo que yo cre\u00eda. En Espa\u00f1a, Pietro era conocido como el editor de los dos vol\u00famenes de <em>L&#8217;uso alternativo <\/em><em>del <\/em><em>diritto, <\/em>que hab\u00eda llegado a unos pocos Departamentos de Filosof\u00eda del Derecho, como el de la Universidad de Granada. Ese mismo Departamento organiz\u00f3 en febrero de 1977 un seminario sobre el tema que tuvo un efecto casi de esc\u00e1ndalo en los medios universitarios y de los profesionales del derecho y que fue publicado en una editorial ya desaparecida, Fernando Torres Editor; en 1977. El hito siguiente es <em>I soggetti e le <\/em><em>norme, <\/em>que contin\u00faa ofreciendo de Pietro Barcellona el perfil de un jurista en mi opini\u00f3n mod\u00e9lico, porque abordaba los problemas jur\u00eddicos con una profundidad de la que nadie pod\u00eda leg\u00edtimamente desentenderse: compromet\u00eda al lector con una manera de mirar el mundo del derecho, le hac\u00eda ver que hab\u00eda algo m\u00e1s que voluntad pol\u00edtica en sus an\u00e1lisis, por ejemplo, del derecho subjetivo. Pero lo que encontr\u00e9 en <em>L&#8217;individualismo propietario <\/em>era otra cosa.<\/p>\n\n\n\n<p>En ese libro hay un distanciamiento de Pietro Barcellona respecto de s\u00ed mismo que no significa ni rectificaci\u00f3n ni modificaci\u00f3n, sino explicitaci\u00f3n de problemas que parec\u00edan estar resueltos en el trabajo del jurista y que ahora se ponen de nuevo sobre la mesa para ser abordados desde una \u00f3ptica menos funcional, es decir; filos\u00f3fica. <em>L&#8217;individualismo &#8230; <\/em>es un libro de filosof\u00eda y de filosof\u00eda pol\u00edtica que se ocupa de lo que los juristas se niegan a pensar y de lo que los moralistas prefieren ignorar. Ning\u00fan jurista instalado en su trabajo puede leer con agrado las p\u00e1ginas que Barcellona dedica al juego de espejos de formalismo y decisionismo, y ning\u00fan moralista aceptar\u00e1 f\u00e1cilmente el juego de espejos de teor\u00eda sist\u00e9mica y nihilismo d\u00e9bil que propone como explicaci\u00f3n de la coartada de la mala conciencia de nuestro tiempo. Todo esto supon\u00eda, as\u00ed lo ve\u00eda yo entonces, abrir un campo inesperado e infinitamente m\u00e1s rico a la reflexi\u00f3n de los juristas sobre su propio trabajo y reclamar un enfrentamiento con la filosof\u00eda que no pod\u00eda terminar en una Teor\u00eda General o una Metodolog\u00eda m\u00e1s. La novedad m\u00e1s importante (y m\u00e1s atractiva para m\u00ed, pr\u00e1cticamente insensible a los encantos de la dogm\u00e1tica) era esta llamada tan di\u00e1fana a volver a medirnos con la filosof\u00eda. La obra posterior de Pietro no ha hecho sino confirmar esa l\u00ednea de trabajo, pero en 1987 a m\u00ed me produjo una impresi\u00f3n imborrable de la que a\u00fan me siento deudor.<\/p>\n\n\n\n<p>Y en el contexto de esa conversaci\u00f3n fue como Pietro Barcellona dio un paso decisivo en nuestra amistad. Yo le hab\u00eda explicado el eco que hab\u00edan tenido en m\u00ed determinados pasajes del libro: cuando termin\u00f3 de escucharme, me dijo que si el libro me hab\u00eda provocado una lectura de ese tipo era porque yo estaba pensando ya de alguna manera embrionaria e inconsciente en los problemas que \u00e9l hab\u00eda planteado. Esa respuesta suya era el paso a una interpelaci\u00f3n personal que, sin embargo, formaba parte de la misma filosof\u00eda que Pietro no ha dejado de reclamar: una filosof\u00eda vivida apasionadamente, en un di\u00e1logo que no sea una ficci\u00f3n cortesana entre personajes de opereta, sino un riesgo que debe asumirse con todas sus consecuencias. La conversaci\u00f3n que est\u00e1bamos grabando el d\u00eda que v\u00ed a Circe fue luego el epilogo a la traducci\u00f3n espa\u00f1ola del libro (la versi\u00f3n italiana apareci\u00f3 como ap\u00e9ndice a <em>L&#8217;individuo <\/em><em>sociale<\/em>). En ella se recoge, creo que con bastante fidelidad, el clima y las preocupaciones que entonces ocupaban el tiempo de cada conversaci\u00f3n.<\/p>\n\n\n\n<p>Para completar un perfil que el tiempo ha ido llenando de matices me falta a\u00fan un elemento esencial del apasionado mundo intelectual de Barcellona: el psicoan\u00e1lisis. En la cultura espa\u00f1ola de los a\u00f1os sesenta y setenta hubo un sector (no tan minoritario) que tuvo la suerte de hacerse con una formaci\u00f3n cr\u00edtica muy poco sectaria: para decirlo r\u00e1pidamente, yo pude leer al mismo tiempo, y sin enfrentarlos en ning\u00fan sentido, a Marx, a Niezlsche y a Freud. Y puede ser esa la raz\u00f3n de que no me resultara ni una novedad ni una rareza la aparici\u00f3n cada vez m\u00e1s frecuente en nuestras conversaciones de la perspectiva psicoanal\u00edtica. Fue Pietro quien me insisti\u00f3 en que leyera a Castoriadis -difundido tambi\u00e9n en Espa\u00f1a, pero fragmentariamente- de manera sistem\u00e1tica. Y hay un momento especialmente feliz en el que los pensamientos y las personas se unen en un recuerdo que ata todas estas cosas.<\/p>\n\n\n\n<p>En los primeros d\u00edas de febrero de 1994, Pietro Barcellona consigue la proeza de organizar en Roma un encuentro extraordinario bajo el t\u00edtulo de <em>La strategia democratica nella societo che cambio. <\/em>En realidad, esa es una de sus pasiones irresistibles y que m\u00e1s gratitud merece: reunir gente, pensar juntos. En Roma estaba Castoriadis, que tuvo una intervenci\u00f3n memorable en el aula de Montecitorio donde se celebraba aquel encuentro. El recuerdo a que alud\u00eda incluye a Pietro, Castoriadis, Juan Ram\u00f3n Capella, Jos\u00e9 Antonio Est\u00e9vez, una bella desconocida que acompa\u00f1aba a Castoriadis y yo. Despu\u00e9s de cenar fuimos a Piazza Navona (no conozco ning\u00fan espa\u00f1ol que frecuente Italia y que no sienta una predilecci\u00f3n casi mani\u00e1tica por ese lugar) \u00a1a tomar un helado! Castoriadis, coronado con su gorro de piel a la rusa, enton\u00f3 un aria de \u00f3pera que reson\u00f3 en la noche como una proclama de felicidad, la misma felicidad que yo ve\u00eda en los ojos de mi amigo siciliano.<\/p>\n\n\n\n<p>Nos hemos visto muchas veces, pero nunca parecen las suficientes. La \u00faltima vez fue en Siracusa, y en aquella ocasi\u00f3n coincidieron dos cosas que creo que completan esta imagen que yo tengo del mundo de Pietro Barcellona. En una galer\u00eda de Ortigia, Pietro inaugura una exposici\u00f3n de pintura; hab\u00eda visto cuadros suyos de muchos a\u00f1os antes en el sal\u00f3n de su casa, pero ahora se trataba de algo completamente distinto. Al d\u00eda siguiente, en el Teatro de Siracusa, veo Prometeo encadenado. La pintura y la tragedia, esas son las dos cosas que faltaban.<\/p>\n\n\n\n<p>Lo tr\u00e1gico es un l\u00edmite, y Pietro Barcellona ama los l\u00edmites, no puede evitar acercarse hasta ellos para explorar m\u00e1s a\u00fan, m\u00e1s all\u00e1. En ese sentido, coincide con el sentido que para Barcellona tiene la filosof\u00eda. Filosofta y tragedia coinciden en el planteamiento de preguntas urgentes que s\u00f3lo tienen sentido, parad\u00f3jicamente, en la profundidad del tiempo, en la dimensi\u00f3n m\u00e1s arcaica de nuestra propia condici\u00f3n. Cada vez habla m\u00e1s de la tragedia. Y eso se comprueba en lo que pinta ahora: escenas de una frialdad que no puede dejar indiferente porque, al contrario, obliga a buscar la raz\u00f3n de que esos personajes que nunca se miran resulten tan inhumanos y tan familiares a nosotros mismos. La raz\u00f3n de ello reside en algo tan elemental como que Pietro los sit\u00faa sobre el espacio del lienzo pero priv\u00e1ndolos de toda dimensi\u00f3n temporal. Encuentro una continuidad muy clara entre esta pintura tan privada de la pasi\u00f3n m\u00e1s elemental (son cuadros que parecen autopsias, disecciones) y el timbre que tiene su voz hoy por hoy.<\/p>\n\n\n\n<p>S\u00ed, ahora Pietro Barcellona es, por fin, una voz. Una voz humana al tel\u00e9fono que pregunta, cuenta. El tiempo me ha hecho entender que eso es lo mejor que me ha dado y me da el amigo. Nos conocemos bien en nuestra distancia: no ten\u00eda que resultar tan dif\u00edcil, habl\u00e1ndonos de un sur a otro.<\/p>\n\n\n\n<p>Hemos vivido cosas irrepetibles: una navidad vi c\u00f3mo Pietro y Mariapina, su mujer, montaban el nacimiento en casa; y hemos guardado silencio en la casa de la playa mirando al Etna. Nos vamos a ver pronto, esta vez en Espa\u00f1a. Pero seguro que antes volvemos a hablar. Y tambi\u00e9n luego. Siempre.<\/p>\n\n\n\n<p>Granada, septiembre de 2005<\/p>\n\n\n<!--nextpage-->\n\n\n\n<p>Pietro Barcellona Nacido en Catania en marzo de 1936 y fallecido en San Giovanni La Punta el 6 de septiembre de 2013, fue un profesor, fil\u00f3sofo, jurista, pol\u00edtico, ensayista y pintor italiano. Fue profesor de Derecho Privado y Filosof\u00eda del Derecho en la Universidad de Catania. Licenciado en Derecho en 1959, en 1963 obtuvo el t\u00edtulo de profesor de Derecho Civil en Messina. De 1976 a 1979 fue miembro del Consejo Superior de la Magistratura.&nbsp;Dirigi\u00f3 el Centro para la Reforma del Estado, fundada por Pietro Ingrao. En&nbsp;1979&nbsp;fue elegido diputado nacional en representaci\u00f3n del&nbsp;Partido Comunista Italiano, y fue miembro del Comit\u00e9 de Justicia de la misma c\u00e1mara hasta el a\u00f1o 1983. Perteneci\u00f3 al Consejo Superior de la Magistratura, el \u00f3rgano de autogobierno del Poder Judicial italiano. Director de la publicaci\u00f3n <em>Democrazia e Diritto<\/em>, fue el principal exponente de la corriente jur\u00eddica que en los a\u00f1os 70 propugnaba el \u201cuso alternativo del derecho\u201d.<\/p>\n\n\n\n<p>Es autor de m\u00e1s de ochenta publicaciones. Algunas de ellas, en sus ediciones originales, son:<\/p>\n\n\n\n<p>I soggetti e le norme, Giuffr\u00e8, 1984.<br>L&#8217;individualismo proprietario, Bollati Boringhieri, 1987.<br>Il ritorno del legame sociale, Bollati Boringhieri, 1990.<br>Dallo Stato sociale allo Stato immaginario. Critica della \u00abRagione funzionalista\u00bb, Bollati Boringhieri, 1994.<br>Il declino dello Stato. Riflessioni di fine secolo sulla crisi del progetto moderno, Ed. Dedalo, 1998.<br>Quale politica per il Terzo millennio?, Ed. Dedalo, 2000.<br>L&#8217;individuo e la comunit\u00e0, Edizioni Lavoro, 2000.<br>Le passioni negate. Globalismo e diritti umani, Citt\u00e0 Aperta, 2001.<br>Le istituzioni del diritto privato contemporaneo, Jovene, 2002.<br>Critica della ragion laica, Citt\u00e0 Aperta, 2006.<br>Diagnosi del presente, Bonanno, 2007.<br>La Parola perduta. Tra polis al cyberspazio, Ed. Dedalo, 2007.<br>L&#8217;epoca del postumano, Citt\u00e0 Aperta, 2007.<br>La lotta tra diritto e giustizia, Marietti, 2008.<br>Il furto dell&#8217;anima. La narrazione post-umana, Ed. Dedalo, 2008.<br>L&#8217;ineludibile questione di Dio, Marietti, 2009.<br>L&#8217;oracolo di Delfi e L&#8217;isola delle capre, Marietti, 2009.<br>Elogio del discorso inutile. La parola gratuita, Ed. Dedalo, 2010.<br>Viaggio nel Bel Paese. Tra nostalgia e speranza, Citt\u00e0 Aperta, 2010.<br>Incontro con Ges\u00f9, Marietti, 2010.<br>Declinazioni futuro\/passato. Poesie, Prova d&#8217;autore, 2010.<br>Il sapere affettivo, Diabasis, 2011.<br>Il desiderio impossibile, Prova d&#8217;autore, 2011.<br>Passaggio d&#8217;epoca. L&#8217;Italia al tempo della crisi, Marietti, 2011.<br>La speranza contro la paura, Marietti, 2012.<br>Parolepotere, Castelvecchi, 2013.<\/p>\n\n\n\n<p>Ediciones destacadas en castellano:<\/p>\n\n\n\n<p>EL INDIVIDUALISMO PROPIETARIO. TROTTA, 1996. Barcellona enumera y analiza los nuevos desaf\u00edos pol\u00edticos (nuevos sentidos de la alienaci\u00f3n, efectos de la m\u00faltiple escisi\u00f3n de la identidad personal, imposibilidad de aprehender la propia experiencia como algo en lo que reconocerse) y proporciona las pistas para la construcci\u00f3n de una forma de vida social que no d\u00e9 como r esultado el saldo del extra\u00f1amiento y la alienaci\u00f3n. Se analiza asimismo la oposici\u00f3n poder constituyente\/poder constituido, el problema de la \u00abciudadan\u00eda\u00bb o la constituci\u00f3n mutua de individuo e instituci\u00f3n.<\/p>\n\n\n\n<p>POSTMODERNIDAD Y COMUNIDAD: EL REGRESO DE LA VINCULACION SOCIAL. TROTTA, 1999. Una l\u00facida reflexi\u00f3n filos\u00f3fico-pol\u00edtica sobre los principales problemas \u00e9ticos, sociales y pol\u00edticos de la sociedad de finales de siglo. Mediante el an\u00e1lisis de los procesos de modernizaci\u00f3n de las sociedades capitalistas occidentales, el autor pretende responder, especialmente, a dos temas de actualidad: por un lado, a la apolog\u00eda del capitalismo tras el derrumbe de los reg\u00edmenes del Este europeo, y, por otro, al presente impasse de la izquierda occidental, a sus dificultades en plantear un proyecto pol\u00edtico-social alternativo.<\/p>\n\n\n<!--nextpage-->\n\n\n\n<p><strong>Una de las grandes pasiones de Pietro Barcellona \u200b\u200bfue la pintura, que comenz\u00f3 a cultivar desde la edad de 20 a\u00f1os. Dos de sus obras est\u00e1n en exhibici\u00f3n permanente en el Museo dei Castelli Romani. Estas son algunas de sus exposiciones:<\/strong><\/p>\n\n\n\n<p>1997 &#8211; Galer\u00eda Club de Arte en Catania, con un ensayo cr\u00edtico por Manlio Sgalambro.<br>2001 &#8211; Galer\u00eda Club de Arte, en Catania. Expone veinticuatro obras sobre el tema La ciudad de las mujeres, con texto de Jos\u00e9 Frazier.<br>2002 &#8211; Fondazione Luigi Di Sarro en Roma.<br>2002 &#8211; Galer\u00eda Quadrifoglio de Siracusa.<br>2002 &#8211; Fundaci\u00f3n Filiberto Menna de Salerno.<br>2003 &#8211; La Galer\u00eda de Borgo\u00f1a de Roma.<br>2004 &#8211; Museo dell&#8217;Infiorata Genzano.<br>2005 &#8211; Museo del Taller de Arte Contempor\u00e1neo, en Roma.<br>2011 &#8211; Las Chimeneas, Catania.<\/p>\n\n\n<div  id=\"jtg-1260\" class=\"modula modula-gallery modula-columns\" data-config=\"{&quot;tabletHeight&quot;:800,&quot;mobileHeight&quot;:800,&quot;desktopHeight&quot;:800,&quot;enableTwitter&quot;:false,&quot;enableWhatsapp&quot;:false,&quot;enableFacebook&quot;:false,&quot;enablePinterest&quot;:false,&quot;enableLinkedin&quot;:false,&quot;enableEmail&quot;:false,&quot;randomFactor&quot;:0.5,&quot;type&quot;:&quot;grid&quot;,&quot;columns&quot;:12,&quot;gutter&quot;:10,&quot;mobileGutter&quot;:10,&quot;tabletGutter&quot;:10,&quot;desktopGutter&quot;:10,&quot;enableResponsive&quot;:&quot;0&quot;,&quot;tabletColumns&quot;:&quot;2&quot;,&quot;mobileColumns&quot;:&quot;1&quot;,&quot;lazyLoad&quot;:0,&quot;lightboxOpts&quot;:{&quot;animated&quot;:true,&quot;Thumbs&quot;:{&quot;type&quot;:&quot;modern&quot;,&quot;showOnStart&quot;:false},&quot;Toolbar&quot;:{&quot;display&quot;:{&quot;right&quot;:[&quot;close&quot;]},&quot;enabled&quot;:true},&quot;Carousel&quot;:{&quot;Panzoom&quot;:{&quot;touch&quot;:true},&quot;infinite&quot;:false},&quot;keyboard&quot;:{&quot;Escape&quot;:&quot;close&quot;,&quot;Delete&quot;:&quot;close&quot;,&quot;Backspace&quot;:&quot;close&quot;,&quot;PageUp&quot;:&quot;next&quot;,&quot;PageDown&quot;:&quot;prev&quot;,&quot;ArrowUp&quot;:&quot;prev&quot;,&quot;ArrowDown&quot;:&quot;next&quot;,&quot;ArrowRight&quot;:&quot;next&quot;,&quot;ArrowLeft&quot;:&quot;prev&quot;},&quot;wheel&quot;:&quot;slide&quot;,&quot;touch&quot;:true,&quot;backdropClick&quot;:&quot;close&quot;,&quot;l10n&quot;:{&quot;CLOSE&quot;:&quot;Cerrar&quot;,&quot;NEXT&quot;:&quot;Siguiente&quot;,&quot;PREV&quot;:&quot;Anterior&quot;,&quot;Error&quot;:&quot;No se ha podido cargar el contenido solicitado. Por favor, int\\u00e9ntalo de nuevo m\\u00e1s tarde.&quot;,&quot;PLAY_START&quot;:&quot;Empezar la presentaci\\u00f3n&quot;,&quot;PLAY_STOP&quot;:&quot;Pausar la presentaci\\u00f3n&quot;,&quot;FULL_SCREEN&quot;:&quot;Pantalla completa&quot;,&quot;THUMBS&quot;:&quot;Miniaturas&quot;,&quot;DOWNLOAD&quot;:&quot;Descargar&quot;,&quot;SHARE&quot;:&quot;Compartir&quot;,&quot;ZOOM&quot;:&quot;Zoom&quot;,&quot;EMAIL&quot;:&quot;Here is the link to the image : %%image_link%% and this is the link to the gallery : %%gallery_link%%&quot;,&quot;MODAL&quot;:&quot;Puedes cerrar este contenido emergente con la tecla ESC&quot;,&quot;ERROR&quot;:&quot;Algo ha ido mal, pro favor, prueba de nuevo m\\u00e1s tarde&quot;,&quot;IMAGE_ERROR&quot;:&quot;Imagen no encontrada&quot;,&quot;ELEMENT_NOT_FOUND&quot;:&quot;No se ha encontrado el elemento HTML&quot;,&quot;AJAX_NOT_FOUND&quot;:&quot;Error al cargar AJAX: No encontrado&quot;,&quot;AJAX_FORBIDDEN&quot;:&quot;Error al cargar AJAX: Prohibido&quot;,&quot;IFRAME_ERROR&quot;:&quot;Error al cargar la p\\u00e1gina&quot;,&quot;TOGGLE_ZOOM&quot;:&quot;Alternar nivel de ampliar\\\/acercar&quot;,&quot;TOGGLE_THUMBS&quot;:&quot;Alternar miniaturas&quot;,&quot;TOGGLE_SLIDESHOW&quot;:&quot;Alternar diapositiva&quot;,&quot;TOGGLE_FULLSCREEN&quot;:&quot;Cambiar al modo de pantalla completa&quot;},&quot;Images&quot;:{&quot;Panzoom&quot;:{&quot;maxScale&quot;:2}},&quot;mainClass&quot;:&quot;modula-fancybox-container modula-lightbox-jtg-1260&quot;,&quot;Html&quot;:{&quot;videoAutoplay&quot;:0,&quot;videoTpl&quot;:&quot;&lt;video class=\\&quot;fancybox__html5video\\&quot; controls muted playsinline controlsList controlsList=\\&quot;nodownload\\&quot; poster=\\&quot;{{poster}}\\&quot; src=\\&quot;{{src}}\\&quot; type=\\&quot;{{format}}\\&quot; &gt;  Sorry, your browser doesn&#039;t support embedded videos, &lt;a href=\\&quot;{{src}}\\&quot;&gt; download &lt;\\\/a&gt; and watch with your favorite video player! &lt;\\\/video&gt;&quot;}},&quot;inView&quot;:false,&quot;email_subject&quot;:&quot;Check out this awesome image !!&quot;,&quot;email_message&quot;:&quot;Here is the link to the image : %%image_link%% and this is the link to the gallery : %%gallery_link%%&quot;,&quot;grid_type&quot;:&quot;automatic&quot;,&quot;rowHeight&quot;:150,&quot;lastRow&quot;:&quot;justify&quot;,&quot;lightbox&quot;:&quot;fancybox&quot;,&quot;lightbox_devices&quot;:&quot;both&quot;}\">\n\n\t\n\t<div  class=\"modula-items grid-gallery\">\n\t\t<div class=\"modula-item effect-pufrobo\" >\n\t<div class=\"modula-item-overlay\"><\/div>\n\n\t<div class=\"modula-item-content\">\n\n\t\t<a data-image-id=\"1261\" role=\"button\" tabindex=\"0\" rel=\"jtg-1260\" data-caption=\"\" aria-label=\"Abrir la imagen en una caja de luz\" class=\"tile-inner modula-item-link\"><\/a><img loading=\"lazy\" decoding=\"async\" class=\"pic wp-image-1261\"  data-valign=\"middle\" data-halign=\"center\" alt=\"\" data-full=\"https:\/\/olvidosdegranada.es\/wp-content\/uploads\/2020\/11\/1.jpg\" title=\"1\" crop=\"\" width=\"273\" height=\"300\" src=\"https:\/\/olvidosdegranada.es\/wp-content\/uploads\/2020\/11\/1-273x300.jpg\" data-src=\"https:\/\/olvidosdegranada.es\/wp-content\/uploads\/2020\/11\/1-273x300.jpg\" data-caption=\"\" srcset=\"https:\/\/olvidosdegranada.es\/wp-content\/uploads\/2020\/11\/1.jpg 936w, https:\/\/olvidosdegranada.es\/wp-content\/uploads\/2020\/11\/1-273x300.jpg 273w, https:\/\/olvidosdegranada.es\/wp-content\/uploads\/2020\/11\/1-931x1024.jpg 931w, https:\/\/olvidosdegranada.es\/wp-content\/uploads\/2020\/11\/1-768x844.jpg 768w\" sizes=\"auto, (max-width: 273px) 100vw, 273px\" \/>\n\t\t<div class=\"figc no-description\">\n\t\t\t<div class=\"figc-inner\">\n\t\t\t\t\t\t\t\t\t\t\t\t\t\t\t<\/div>\n\t\t<\/div>\n\n\t<\/div>\n\n<\/div><div class=\"modula-item effect-pufrobo\" >\n\t<div class=\"modula-item-overlay\"><\/div>\n\n\t<div class=\"modula-item-content\">\n\n\t\t<a data-image-id=\"1262\" role=\"button\" tabindex=\"0\" rel=\"jtg-1260\" data-caption=\"\" aria-label=\"Abrir la imagen en una caja de luz\" class=\"tile-inner modula-item-link\"><\/a><img loading=\"lazy\" decoding=\"async\" class=\"pic wp-image-1262\"  data-valign=\"middle\" data-halign=\"center\" alt=\"\" data-full=\"https:\/\/olvidosdegranada.es\/wp-content\/uploads\/2020\/11\/2.jpg\" title=\"2\" crop=\"\" width=\"267\" height=\"300\" src=\"https:\/\/olvidosdegranada.es\/wp-content\/uploads\/2020\/11\/2-267x300.jpg\" data-src=\"https:\/\/olvidosdegranada.es\/wp-content\/uploads\/2020\/11\/2-267x300.jpg\" data-caption=\"\" srcset=\"https:\/\/olvidosdegranada.es\/wp-content\/uploads\/2020\/11\/2.jpg 954w, https:\/\/olvidosdegranada.es\/wp-content\/uploads\/2020\/11\/2-267x300.jpg 267w, https:\/\/olvidosdegranada.es\/wp-content\/uploads\/2020\/11\/2-912x1024.jpg 912w, https:\/\/olvidosdegranada.es\/wp-content\/uploads\/2020\/11\/2-768x862.jpg 768w\" sizes=\"auto, (max-width: 267px) 100vw, 267px\" \/>\n\t\t<div class=\"figc no-description\">\n\t\t\t<div class=\"figc-inner\">\n\t\t\t\t\t\t\t\t\t\t\t\t\t\t\t<\/div>\n\t\t<\/div>\n\n\t<\/div>\n\n<\/div><div class=\"modula-item effect-pufrobo\" >\n\t<div class=\"modula-item-overlay\"><\/div>\n\n\t<div class=\"modula-item-content\">\n\n\t\t<a data-image-id=\"1263\" role=\"button\" tabindex=\"0\" rel=\"jtg-1260\" data-caption=\"\" aria-label=\"Abrir la imagen en una caja de luz\" class=\"tile-inner modula-item-link\"><\/a><img loading=\"lazy\" decoding=\"async\" class=\"pic wp-image-1263\"  data-valign=\"middle\" data-halign=\"center\" alt=\"\" data-full=\"https:\/\/olvidosdegranada.es\/wp-content\/uploads\/2020\/11\/3-2.jpg\" title=\"3\" crop=\"\" width=\"283\" height=\"300\" src=\"https:\/\/olvidosdegranada.es\/wp-content\/uploads\/2020\/11\/3-2-283x300.jpg\" data-src=\"https:\/\/olvidosdegranada.es\/wp-content\/uploads\/2020\/11\/3-2-283x300.jpg\" data-caption=\"\" srcset=\"https:\/\/olvidosdegranada.es\/wp-content\/uploads\/2020\/11\/3-2.jpg 936w, https:\/\/olvidosdegranada.es\/wp-content\/uploads\/2020\/11\/3-2-283x300.jpg 283w, https:\/\/olvidosdegranada.es\/wp-content\/uploads\/2020\/11\/3-2-768x815.jpg 768w\" sizes=\"auto, (max-width: 283px) 100vw, 283px\" \/>\n\t\t<div class=\"figc no-description\">\n\t\t\t<div class=\"figc-inner\">\n\t\t\t\t\t\t\t\t\t\t\t\t\t\t\t<\/div>\n\t\t<\/div>\n\n\t<\/div>\n\n<\/div><div class=\"modula-item effect-pufrobo\" >\n\t<div class=\"modula-item-overlay\"><\/div>\n\n\t<div class=\"modula-item-content\">\n\n\t\t<a data-image-id=\"1264\" role=\"button\" tabindex=\"0\" rel=\"jtg-1260\" data-caption=\"\" aria-label=\"Abrir la imagen en una caja de luz\" class=\"tile-inner modula-item-link\"><\/a><img loading=\"lazy\" decoding=\"async\" class=\"pic wp-image-1264\"  data-valign=\"middle\" data-halign=\"center\" alt=\"\" data-full=\"https:\/\/olvidosdegranada.es\/wp-content\/uploads\/2020\/11\/4.jpg\" title=\"4\" crop=\"\" width=\"293\" height=\"300\" src=\"https:\/\/olvidosdegranada.es\/wp-content\/uploads\/2020\/11\/4-293x300.jpg\" data-src=\"https:\/\/olvidosdegranada.es\/wp-content\/uploads\/2020\/11\/4-293x300.jpg\" data-caption=\"\" srcset=\"https:\/\/olvidosdegranada.es\/wp-content\/uploads\/2020\/11\/4.jpg 980w, https:\/\/olvidosdegranada.es\/wp-content\/uploads\/2020\/11\/4-293x300.jpg 293w, https:\/\/olvidosdegranada.es\/wp-content\/uploads\/2020\/11\/4-768x787.jpg 768w\" sizes=\"auto, (max-width: 293px) 100vw, 293px\" \/>\n\t\t<div class=\"figc no-description\">\n\t\t\t<div class=\"figc-inner\">\n\t\t\t\t\t\t\t\t\t\t\t\t\t\t\t<\/div>\n\t\t<\/div>\n\n\t<\/div>\n\n<\/div><div class=\"modula-item effect-pufrobo\" >\n\t<div class=\"modula-item-overlay\"><\/div>\n\n\t<div class=\"modula-item-content\">\n\n\t\t<a data-image-id=\"1265\" role=\"button\" tabindex=\"0\" rel=\"jtg-1260\" data-caption=\"\" aria-label=\"Abrir la imagen en una caja de luz\" class=\"tile-inner modula-item-link\"><\/a><img loading=\"lazy\" decoding=\"async\" class=\"pic wp-image-1265\"  data-valign=\"middle\" data-halign=\"center\" alt=\"\" data-full=\"https:\/\/olvidosdegranada.es\/wp-content\/uploads\/2020\/11\/5.jpg\" title=\"5\" crop=\"\" width=\"268\" height=\"300\" src=\"https:\/\/olvidosdegranada.es\/wp-content\/uploads\/2020\/11\/5-268x300.jpg\" data-src=\"https:\/\/olvidosdegranada.es\/wp-content\/uploads\/2020\/11\/5-268x300.jpg\" data-caption=\"\" srcset=\"https:\/\/olvidosdegranada.es\/wp-content\/uploads\/2020\/11\/5.jpg 940w, https:\/\/olvidosdegranada.es\/wp-content\/uploads\/2020\/11\/5-268x300.jpg 268w, https:\/\/olvidosdegranada.es\/wp-content\/uploads\/2020\/11\/5-914x1024.jpg 914w, https:\/\/olvidosdegranada.es\/wp-content\/uploads\/2020\/11\/5-768x860.jpg 768w\" sizes=\"auto, (max-width: 268px) 100vw, 268px\" \/>\n\t\t<div class=\"figc no-description\">\n\t\t\t<div class=\"figc-inner\">\n\t\t\t\t\t\t\t\t\t\t\t\t\t\t\t<\/div>\n\t\t<\/div>\n\n\t<\/div>\n\n<\/div><div class=\"modula-item effect-pufrobo\" >\n\t<div class=\"modula-item-overlay\"><\/div>\n\n\t<div class=\"modula-item-content\">\n\n\t\t<a data-image-id=\"1266\" role=\"button\" tabindex=\"0\" rel=\"jtg-1260\" data-caption=\"\" aria-label=\"Abrir la imagen en una caja de luz\" class=\"tile-inner modula-item-link\"><\/a><img loading=\"lazy\" decoding=\"async\" class=\"pic wp-image-1266\"  data-valign=\"middle\" data-halign=\"center\" alt=\"\" data-full=\"https:\/\/olvidosdegranada.es\/wp-content\/uploads\/2020\/11\/6.jpg\" title=\"6\" crop=\"\" width=\"276\" height=\"300\" src=\"https:\/\/olvidosdegranada.es\/wp-content\/uploads\/2020\/11\/6-276x300.jpg\" data-src=\"https:\/\/olvidosdegranada.es\/wp-content\/uploads\/2020\/11\/6-276x300.jpg\" data-caption=\"\" srcset=\"https:\/\/olvidosdegranada.es\/wp-content\/uploads\/2020\/11\/6.jpg 945w, https:\/\/olvidosdegranada.es\/wp-content\/uploads\/2020\/11\/6-276x300.jpg 276w, https:\/\/olvidosdegranada.es\/wp-content\/uploads\/2020\/11\/6-940x1024.jpg 940w, https:\/\/olvidosdegranada.es\/wp-content\/uploads\/2020\/11\/6-768x836.jpg 768w\" sizes=\"auto, (max-width: 276px) 100vw, 276px\" \/>\n\t\t<div class=\"figc no-description\">\n\t\t\t<div class=\"figc-inner\">\n\t\t\t\t\t\t\t\t\t\t\t\t\t\t\t<\/div>\n\t\t<\/div>\n\n\t<\/div>\n\n<\/div><div class=\"modula-item effect-pufrobo\" >\n\t<div class=\"modula-item-overlay\"><\/div>\n\n\t<div class=\"modula-item-content\">\n\n\t\t<a data-image-id=\"1267\" role=\"button\" tabindex=\"0\" rel=\"jtg-1260\" data-caption=\"\" aria-label=\"Abrir la imagen en una caja de luz\" class=\"tile-inner modula-item-link\"><\/a><img loading=\"lazy\" decoding=\"async\" class=\"pic wp-image-1267\"  data-valign=\"middle\" data-halign=\"center\" alt=\"\" data-full=\"https:\/\/olvidosdegranada.es\/wp-content\/uploads\/2020\/11\/7.jpg\" title=\"7\" crop=\"\" width=\"268\" height=\"300\" src=\"https:\/\/olvidosdegranada.es\/wp-content\/uploads\/2020\/11\/7-268x300.jpg\" data-src=\"https:\/\/olvidosdegranada.es\/wp-content\/uploads\/2020\/11\/7-268x300.jpg\" data-caption=\"\" srcset=\"https:\/\/olvidosdegranada.es\/wp-content\/uploads\/2020\/11\/7.jpg 951w, https:\/\/olvidosdegranada.es\/wp-content\/uploads\/2020\/11\/7-268x300.jpg 268w, https:\/\/olvidosdegranada.es\/wp-content\/uploads\/2020\/11\/7-914x1024.jpg 914w, https:\/\/olvidosdegranada.es\/wp-content\/uploads\/2020\/11\/7-768x860.jpg 768w\" sizes=\"auto, (max-width: 268px) 100vw, 268px\" \/>\n\t\t<div class=\"figc no-description\">\n\t\t\t<div class=\"figc-inner\">\n\t\t\t\t\t\t\t\t\t\t\t\t\t\t\t<\/div>\n\t\t<\/div>\n\n\t<\/div>\n\n<\/div><div class=\"modula-item effect-pufrobo\" >\n\t<div class=\"modula-item-overlay\"><\/div>\n\n\t<div class=\"modula-item-content\">\n\n\t\t<a data-image-id=\"1268\" role=\"button\" tabindex=\"0\" rel=\"jtg-1260\" data-caption=\"\" aria-label=\"Abrir la imagen en una caja de luz\" class=\"tile-inner modula-item-link\"><\/a><img loading=\"lazy\" decoding=\"async\" class=\"pic wp-image-1268\"  data-valign=\"middle\" data-halign=\"center\" alt=\"\" data-full=\"https:\/\/olvidosdegranada.es\/wp-content\/uploads\/2020\/11\/8-2.jpg\" title=\"8\" crop=\"\" width=\"265\" height=\"300\" src=\"https:\/\/olvidosdegranada.es\/wp-content\/uploads\/2020\/11\/8-2-265x300.jpg\" data-src=\"https:\/\/olvidosdegranada.es\/wp-content\/uploads\/2020\/11\/8-2-265x300.jpg\" data-caption=\"\" srcset=\"https:\/\/olvidosdegranada.es\/wp-content\/uploads\/2020\/11\/8-2.jpg 951w, https:\/\/olvidosdegranada.es\/wp-content\/uploads\/2020\/11\/8-2-265x300.jpg 265w, https:\/\/olvidosdegranada.es\/wp-content\/uploads\/2020\/11\/8-2-904x1024.jpg 904w, https:\/\/olvidosdegranada.es\/wp-content\/uploads\/2020\/11\/8-2-768x870.jpg 768w\" sizes=\"auto, (max-width: 265px) 100vw, 265px\" \/>\n\t\t<div class=\"figc no-description\">\n\t\t\t<div class=\"figc-inner\">\n\t\t\t\t\t\t\t\t\t\t\t\t\t\t\t<\/div>\n\t\t<\/div>\n\n\t<\/div>\n\n<\/div><div class=\"modula-item effect-pufrobo\" >\n\t<div class=\"modula-item-overlay\"><\/div>\n\n\t<div class=\"modula-item-content\">\n\n\t\t<a data-image-id=\"1269\" role=\"button\" tabindex=\"0\" rel=\"jtg-1260\" data-caption=\"\" aria-label=\"Abrir la imagen en una caja de luz\" class=\"tile-inner modula-item-link\"><\/a><img loading=\"lazy\" decoding=\"async\" class=\"pic wp-image-1269\"  data-valign=\"middle\" data-halign=\"center\" alt=\"\" data-full=\"https:\/\/olvidosdegranada.es\/wp-content\/uploads\/2020\/11\/9-3.jpg\" title=\"9\" crop=\"\" width=\"300\" height=\"245\" src=\"https:\/\/olvidosdegranada.es\/wp-content\/uploads\/2020\/11\/9-3-300x245.jpg\" data-src=\"https:\/\/olvidosdegranada.es\/wp-content\/uploads\/2020\/11\/9-3-300x245.jpg\" data-caption=\"\" srcset=\"https:\/\/olvidosdegranada.es\/wp-content\/uploads\/2020\/11\/9-3.jpg 1732w, https:\/\/olvidosdegranada.es\/wp-content\/uploads\/2020\/11\/9-3-300x245.jpg 300w, https:\/\/olvidosdegranada.es\/wp-content\/uploads\/2020\/11\/9-3-1024x838.jpg 1024w, https:\/\/olvidosdegranada.es\/wp-content\/uploads\/2020\/11\/9-3-768x628.jpg 768w, https:\/\/olvidosdegranada.es\/wp-content\/uploads\/2020\/11\/9-3-1536x1257.jpg 1536w\" sizes=\"auto, (max-width: 300px) 100vw, 300px\" \/>\n\t\t<div class=\"figc no-description\">\n\t\t\t<div class=\"figc-inner\">\n\t\t\t\t\t\t\t\t\t\t\t\t\t\t\t<\/div>\n\t\t<\/div>\n\n\t<\/div>\n\n<\/div><div class=\"modula-item effect-pufrobo\" >\n\t<div class=\"modula-item-overlay\"><\/div>\n\n\t<div class=\"modula-item-content\">\n\n\t\t<a data-image-id=\"1270\" role=\"button\" tabindex=\"0\" rel=\"jtg-1260\" data-caption=\"\" aria-label=\"Abrir la imagen en una caja de luz\" class=\"tile-inner modula-item-link\"><\/a><img loading=\"lazy\" decoding=\"async\" class=\"pic wp-image-1270\"  data-valign=\"middle\" data-halign=\"center\" alt=\"\" data-full=\"https:\/\/olvidosdegranada.es\/wp-content\/uploads\/2020\/11\/10-4.jpg\" title=\"10\" crop=\"\" width=\"300\" height=\"257\" src=\"https:\/\/olvidosdegranada.es\/wp-content\/uploads\/2020\/11\/10-4-300x257.jpg\" data-src=\"https:\/\/olvidosdegranada.es\/wp-content\/uploads\/2020\/11\/10-4-300x257.jpg\" data-caption=\"\" srcset=\"https:\/\/olvidosdegranada.es\/wp-content\/uploads\/2020\/11\/10-4.jpg 1654w, https:\/\/olvidosdegranada.es\/wp-content\/uploads\/2020\/11\/10-4-300x257.jpg 300w, https:\/\/olvidosdegranada.es\/wp-content\/uploads\/2020\/11\/10-4-1024x877.jpg 1024w, https:\/\/olvidosdegranada.es\/wp-content\/uploads\/2020\/11\/10-4-768x658.jpg 768w, https:\/\/olvidosdegranada.es\/wp-content\/uploads\/2020\/11\/10-4-1536x1316.jpg 1536w\" sizes=\"auto, (max-width: 300px) 100vw, 300px\" \/>\n\t\t<div class=\"figc no-description\">\n\t\t\t<div class=\"figc-inner\">\n\t\t\t\t\t\t\t\t\t\t\t\t\t\t\t<\/div>\n\t\t<\/div>\n\n\t<\/div>\n\n<\/div><div class=\"modula-item effect-pufrobo\" >\n\t<div class=\"modula-item-overlay\"><\/div>\n\n\t<div class=\"modula-item-content\">\n\n\t\t<a data-image-id=\"1271\" role=\"button\" tabindex=\"0\" rel=\"jtg-1260\" data-caption=\"\" aria-label=\"Abrir la imagen en una caja de luz\" class=\"tile-inner modula-item-link\"><\/a><img loading=\"lazy\" decoding=\"async\" class=\"pic wp-image-1271\"  data-valign=\"middle\" data-halign=\"center\" alt=\"\" data-full=\"https:\/\/olvidosdegranada.es\/wp-content\/uploads\/2020\/11\/11.jpg\" title=\"11\" crop=\"\" width=\"300\" height=\"235\" src=\"https:\/\/olvidosdegranada.es\/wp-content\/uploads\/2020\/11\/11-300x235.jpg\" data-src=\"https:\/\/olvidosdegranada.es\/wp-content\/uploads\/2020\/11\/11-300x235.jpg\" data-caption=\"\" srcset=\"https:\/\/olvidosdegranada.es\/wp-content\/uploads\/2020\/11\/11.jpg 1811w, https:\/\/olvidosdegranada.es\/wp-content\/uploads\/2020\/11\/11-300x235.jpg 300w, https:\/\/olvidosdegranada.es\/wp-content\/uploads\/2020\/11\/11-1024x801.jpg 1024w, https:\/\/olvidosdegranada.es\/wp-content\/uploads\/2020\/11\/11-768x601.jpg 768w, https:\/\/olvidosdegranada.es\/wp-content\/uploads\/2020\/11\/11-1536x1202.jpg 1536w\" sizes=\"auto, (max-width: 300px) 100vw, 300px\" \/>\n\t\t<div class=\"figc no-description\">\n\t\t\t<div class=\"figc-inner\">\n\t\t\t\t\t\t\t\t\t\t\t\t\t\t\t<\/div>\n\t\t<\/div>\n\n\t<\/div>\n\n<\/div><div class=\"modula-item effect-pufrobo\" >\n\t<div class=\"modula-item-overlay\"><\/div>\n\n\t<div class=\"modula-item-content\">\n\n\t\t<a data-image-id=\"1272\" role=\"button\" tabindex=\"0\" rel=\"jtg-1260\" data-caption=\"\" aria-label=\"Abrir la imagen en una caja de luz\" class=\"tile-inner modula-item-link\"><\/a><img loading=\"lazy\" decoding=\"async\" class=\"pic wp-image-1272\"  data-valign=\"middle\" data-halign=\"center\" alt=\"\" data-full=\"https:\/\/olvidosdegranada.es\/wp-content\/uploads\/2020\/11\/12.jpg\" title=\"12\" crop=\"\" width=\"300\" height=\"232\" src=\"https:\/\/olvidosdegranada.es\/wp-content\/uploads\/2020\/11\/12-300x232.jpg\" data-src=\"https:\/\/olvidosdegranada.es\/wp-content\/uploads\/2020\/11\/12-300x232.jpg\" data-caption=\"\" srcset=\"https:\/\/olvidosdegranada.es\/wp-content\/uploads\/2020\/11\/12.jpg 1732w, https:\/\/olvidosdegranada.es\/wp-content\/uploads\/2020\/11\/12-300x232.jpg 300w, https:\/\/olvidosdegranada.es\/wp-content\/uploads\/2020\/11\/12-1024x792.jpg 1024w, https:\/\/olvidosdegranada.es\/wp-content\/uploads\/2020\/11\/12-768x594.jpg 768w, https:\/\/olvidosdegranada.es\/wp-content\/uploads\/2020\/11\/12-1536x1187.jpg 1536w\" sizes=\"auto, (max-width: 300px) 100vw, 300px\" \/>\n\t\t<div class=\"figc no-description\">\n\t\t\t<div class=\"figc-inner\">\n\t\t\t\t\t\t\t\t\t\t\t\t\t\t\t<\/div>\n\t\t<\/div>\n\n\t<\/div>\n\n<\/div><div class=\"modula-item effect-pufrobo\" >\n\t<div class=\"modula-item-overlay\"><\/div>\n\n\t<div class=\"modula-item-content\">\n\n\t\t<a data-image-id=\"1273\" role=\"button\" tabindex=\"0\" rel=\"jtg-1260\" data-caption=\"\" aria-label=\"Abrir la imagen en una caja de luz\" class=\"tile-inner modula-item-link\"><\/a><img loading=\"lazy\" decoding=\"async\" class=\"pic wp-image-1273\"  data-valign=\"middle\" data-halign=\"center\" alt=\"\" data-full=\"https:\/\/olvidosdegranada.es\/wp-content\/uploads\/2020\/11\/13.jpg\" title=\"13\" crop=\"\" width=\"300\" height=\"257\" src=\"https:\/\/olvidosdegranada.es\/wp-content\/uploads\/2020\/11\/13-300x257.jpg\" data-src=\"https:\/\/olvidosdegranada.es\/wp-content\/uploads\/2020\/11\/13-300x257.jpg\" data-caption=\"\" srcset=\"https:\/\/olvidosdegranada.es\/wp-content\/uploads\/2020\/11\/13.jpg 1654w, https:\/\/olvidosdegranada.es\/wp-content\/uploads\/2020\/11\/13-300x257.jpg 300w, https:\/\/olvidosdegranada.es\/wp-content\/uploads\/2020\/11\/13-1024x877.jpg 1024w, https:\/\/olvidosdegranada.es\/wp-content\/uploads\/2020\/11\/13-768x658.jpg 768w, https:\/\/olvidosdegranada.es\/wp-content\/uploads\/2020\/11\/13-1536x1316.jpg 1536w\" sizes=\"auto, (max-width: 300px) 100vw, 300px\" \/>\n\t\t<div class=\"figc no-description\">\n\t\t\t<div class=\"figc-inner\">\n\t\t\t\t\t\t\t\t\t\t\t\t\t\t\t<\/div>\n\t\t<\/div>\n\n\t<\/div>\n\n<\/div><div class=\"modula-item effect-pufrobo\" >\n\t<div class=\"modula-item-overlay\"><\/div>\n\n\t<div class=\"modula-item-content\">\n\n\t\t<a data-image-id=\"1274\" role=\"button\" tabindex=\"0\" rel=\"jtg-1260\" data-caption=\"\" aria-label=\"Abrir la imagen en una caja de luz\" class=\"tile-inner modula-item-link\"><\/a><img loading=\"lazy\" decoding=\"async\" class=\"pic wp-image-1274\"  data-valign=\"middle\" data-halign=\"center\" alt=\"\" data-full=\"https:\/\/olvidosdegranada.es\/wp-content\/uploads\/2020\/11\/14.jpg\" title=\"14\" crop=\"\" width=\"283\" height=\"300\" src=\"https:\/\/olvidosdegranada.es\/wp-content\/uploads\/2020\/11\/14-283x300.jpg\" data-src=\"https:\/\/olvidosdegranada.es\/wp-content\/uploads\/2020\/11\/14-283x300.jpg\" data-caption=\"\" srcset=\"https:\/\/olvidosdegranada.es\/wp-content\/uploads\/2020\/11\/14.jpg 1339w, https:\/\/olvidosdegranada.es\/wp-content\/uploads\/2020\/11\/14-283x300.jpg 283w, https:\/\/olvidosdegranada.es\/wp-content\/uploads\/2020\/11\/14-968x1024.jpg 968w, https:\/\/olvidosdegranada.es\/wp-content\/uploads\/2020\/11\/14-768x813.jpg 768w\" sizes=\"auto, (max-width: 283px) 100vw, 283px\" \/>\n\t\t<div class=\"figc no-description\">\n\t\t\t<div class=\"figc-inner\">\n\t\t\t\t\t\t\t\t\t\t\t\t\t\t\t<\/div>\n\t\t<\/div>\n\n\t<\/div>\n\n<\/div><div class=\"modula-item effect-pufrobo\" >\n\t<div class=\"modula-item-overlay\"><\/div>\n\n\t<div class=\"modula-item-content\">\n\n\t\t<a data-image-id=\"1275\" role=\"button\" tabindex=\"0\" rel=\"jtg-1260\" data-caption=\"\" aria-label=\"Abrir la imagen en una caja de luz\" class=\"tile-inner modula-item-link\"><\/a><img loading=\"lazy\" decoding=\"async\" class=\"pic wp-image-1275\"  data-valign=\"middle\" data-halign=\"center\" alt=\"\" data-full=\"https:\/\/olvidosdegranada.es\/wp-content\/uploads\/2020\/11\/15.jpg\" title=\"15\" crop=\"\" width=\"267\" height=\"300\" src=\"https:\/\/olvidosdegranada.es\/wp-content\/uploads\/2020\/11\/15-267x300.jpg\" data-src=\"https:\/\/olvidosdegranada.es\/wp-content\/uploads\/2020\/11\/15-267x300.jpg\" data-caption=\"\" srcset=\"https:\/\/olvidosdegranada.es\/wp-content\/uploads\/2020\/11\/15.jpg 1260w, https:\/\/olvidosdegranada.es\/wp-content\/uploads\/2020\/11\/15-267x300.jpg 267w, https:\/\/olvidosdegranada.es\/wp-content\/uploads\/2020\/11\/15-911x1024.jpg 911w, https:\/\/olvidosdegranada.es\/wp-content\/uploads\/2020\/11\/15-768x864.jpg 768w\" sizes=\"auto, (max-width: 267px) 100vw, 267px\" \/>\n\t\t<div class=\"figc no-description\">\n\t\t\t<div class=\"figc-inner\">\n\t\t\t\t\t\t\t\t\t\t\t\t\t\t\t<\/div>\n\t\t<\/div>\n\n\t<\/div>\n\n<\/div><div class=\"modula-item effect-pufrobo\" >\n\t<div class=\"modula-item-overlay\"><\/div>\n\n\t<div class=\"modula-item-content\">\n\n\t\t<a data-image-id=\"1276\" role=\"button\" tabindex=\"0\" rel=\"jtg-1260\" data-caption=\"\" aria-label=\"Abrir la imagen en una caja de luz\" class=\"tile-inner modula-item-link\"><\/a><img loading=\"lazy\" decoding=\"async\" class=\"pic wp-image-1276\"  data-valign=\"middle\" data-halign=\"center\" alt=\"\" data-full=\"https:\/\/olvidosdegranada.es\/wp-content\/uploads\/2020\/11\/16.jpg\" title=\"16\" crop=\"\" width=\"267\" height=\"300\" src=\"https:\/\/olvidosdegranada.es\/wp-content\/uploads\/2020\/11\/16-267x300.jpg\" data-src=\"https:\/\/olvidosdegranada.es\/wp-content\/uploads\/2020\/11\/16-267x300.jpg\" data-caption=\"\" srcset=\"https:\/\/olvidosdegranada.es\/wp-content\/uploads\/2020\/11\/16.jpg 1260w, https:\/\/olvidosdegranada.es\/wp-content\/uploads\/2020\/11\/16-267x300.jpg 267w, https:\/\/olvidosdegranada.es\/wp-content\/uploads\/2020\/11\/16-911x1024.jpg 911w, https:\/\/olvidosdegranada.es\/wp-content\/uploads\/2020\/11\/16-768x864.jpg 768w\" sizes=\"auto, (max-width: 267px) 100vw, 267px\" \/>\n\t\t<div class=\"figc no-description\">\n\t\t\t<div class=\"figc-inner\">\n\t\t\t\t\t\t\t\t\t\t\t\t\t\t\t<\/div>\n\t\t<\/div>\n\n\t<\/div>\n\n<\/div><div class=\"modula-item effect-pufrobo\" >\n\t<div class=\"modula-item-overlay\"><\/div>\n\n\t<div class=\"modula-item-content\">\n\n\t\t<a data-image-id=\"1277\" role=\"button\" tabindex=\"0\" rel=\"jtg-1260\" data-caption=\"\" aria-label=\"Abrir la imagen en una caja de luz\" class=\"tile-inner modula-item-link\"><\/a><img loading=\"lazy\" decoding=\"async\" class=\"pic wp-image-1277\"  data-valign=\"middle\" data-halign=\"center\" alt=\"\" data-full=\"https:\/\/olvidosdegranada.es\/wp-content\/uploads\/2020\/11\/17.jpg\" title=\"17\" crop=\"\" width=\"300\" height=\"270\" src=\"https:\/\/olvidosdegranada.es\/wp-content\/uploads\/2020\/11\/17-300x270.jpg\" data-src=\"https:\/\/olvidosdegranada.es\/wp-content\/uploads\/2020\/11\/17-300x270.jpg\" data-caption=\"\" srcset=\"https:\/\/olvidosdegranada.es\/wp-content\/uploads\/2020\/11\/17.jpg 1575w, https:\/\/olvidosdegranada.es\/wp-content\/uploads\/2020\/11\/17-300x270.jpg 300w, https:\/\/olvidosdegranada.es\/wp-content\/uploads\/2020\/11\/17-1024x921.jpg 1024w, https:\/\/olvidosdegranada.es\/wp-content\/uploads\/2020\/11\/17-768x691.jpg 768w, https:\/\/olvidosdegranada.es\/wp-content\/uploads\/2020\/11\/17-1536x1382.jpg 1536w\" sizes=\"auto, (max-width: 300px) 100vw, 300px\" \/>\n\t\t<div class=\"figc no-description\">\n\t\t\t<div class=\"figc-inner\">\n\t\t\t\t\t\t\t\t\t\t\t\t\t\t\t<\/div>\n\t\t<\/div>\n\n\t<\/div>\n\n<\/div><div class=\"modula-item effect-pufrobo\" >\n\t<div class=\"modula-item-overlay\"><\/div>\n\n\t<div class=\"modula-item-content\">\n\n\t\t<a data-image-id=\"1278\" role=\"button\" tabindex=\"0\" rel=\"jtg-1260\" data-caption=\"\" aria-label=\"Abrir la imagen en una caja de luz\" class=\"tile-inner modula-item-link\"><\/a><img loading=\"lazy\" decoding=\"async\" class=\"pic wp-image-1278\"  data-valign=\"middle\" data-halign=\"center\" alt=\"\" data-full=\"https:\/\/olvidosdegranada.es\/wp-content\/uploads\/2020\/11\/18.jpg\" title=\"18\" crop=\"\" width=\"282\" height=\"300\" src=\"https:\/\/olvidosdegranada.es\/wp-content\/uploads\/2020\/11\/18-282x300.jpg\" data-src=\"https:\/\/olvidosdegranada.es\/wp-content\/uploads\/2020\/11\/18-282x300.jpg\" data-caption=\"\" srcset=\"https:\/\/olvidosdegranada.es\/wp-content\/uploads\/2020\/11\/18.jpg 1260w, https:\/\/olvidosdegranada.es\/wp-content\/uploads\/2020\/11\/18-282x300.jpg 282w, https:\/\/olvidosdegranada.es\/wp-content\/uploads\/2020\/11\/18-964x1024.jpg 964w, https:\/\/olvidosdegranada.es\/wp-content\/uploads\/2020\/11\/18-768x816.jpg 768w\" sizes=\"auto, (max-width: 282px) 100vw, 282px\" \/>\n\t\t<div class=\"figc no-description\">\n\t\t\t<div class=\"figc-inner\">\n\t\t\t\t\t\t\t\t\t\t\t\t\t\t\t<\/div>\n\t\t<\/div>\n\n\t<\/div>\n\n<\/div>\t\t\n\t<\/div>\n\n\t\n\t\n\t<script type=\"application\/ld+json\">\n\t{\n\t\t\"@context\": \"https:\/\/schema.org\",\n\t\t\"@type\"   : \"ImageGallery\",\n\t\t\"id\"      : \"https:\/\/olvidosdegranada.es\/index.php\/2013\/09\/30\/pietro-barcellona-de-un-sur-a-otro\/#modula-gallery-1260\",\n\t\t\"url\"     : \"https:\/\/olvidosdegranada.es\/index.php\/2013\/09\/30\/pietro-barcellona-de-un-sur-a-otro\/\"\n\t}\n\n\t<\/script>\n\n\t\n<\/div>\n\n","protected":false},"excerpt":{"rendered":"<p>Pietro Barcellona ha muerto el siete de septiembre de 2013, en Catania. Lo conoc\u00ed en &#8230; <\/p>\n<p class=\"read-more-container\"><a title=\"Pietro Barcellona: de un sur a otro\" class=\"read-more button\" href=\"https:\/\/olvidosdegranada.es\/index.php\/2013\/09\/30\/pietro-barcellona-de-un-sur-a-otro\/#more-1259\" aria-label=\"Leer m\u00e1s sobre Pietro Barcellona: de un sur a otro\">Leer m\u00e1s<\/a><\/p>\n","protected":false},"author":4,"featured_media":0,"comment_status":"open","ping_status":"closed","sticky":false,"template":"","format":"standard","meta":{"_acf_changed":false,"_jetpack_newsletter_access":"","_jetpack_dont_email_post_to_subs":false,"_jetpack_newsletter_tier_id":0,"_jetpack_memberships_contains_paywalled_content":false,"_jetpack_feature_clip_id":0,"_jetpack_memberships_contains_paid_content":false,"footnotes":"","jetpack_post_was_ever_published":false},"categories":[5],"tags":[64,57],"class_list":["post-1259","post","type-post","status-publish","format-standard","hentry","category-piezas-procesos","tag-arte","tag-filosofia","infinite-scroll-item","generate-columns","tablet-grid-50","mobile-grid-100","grid-parent","grid-33","no-featured-image-padding"],"acf":[],"yoast_head":"<!-- This site is optimized with the Yoast SEO plugin v28.3 - https:\/\/yoast.com\/product\/yoast-seo-wordpress\/ -->\n<title>Pietro Barcellona: de un sur a otro - Olvidos de Granada<\/title>\n<meta name=\"description\" content=\"Pietro Barcellona ha muerto el siete de septiembre de 2013, en Catania. Lo conoc\u00ed en noviembre de 1987, en Roma, cuando Pietro present\u00f3 un importante\" \/>\n<meta name=\"robots\" content=\"index, follow, max-snippet:-1, max-image-preview:large, max-video-preview:-1\" \/>\n<link rel=\"canonical\" href=\"https:\/\/olvidosdegranada.es\/index.php\/2013\/09\/30\/pietro-barcellona-de-un-sur-a-otro\/\" \/>\n<meta property=\"og:locale\" content=\"es_ES\" \/>\n<meta property=\"og:type\" content=\"article\" \/>\n<meta property=\"og:title\" content=\"Pietro Barcellona: de un sur a otro - Olvidos de Granada\" \/>\n<meta property=\"og:description\" content=\"Pietro Barcellona ha muerto el siete de septiembre de 2013, en Catania. Lo conoc\u00ed en noviembre de 1987, en Roma, cuando Pietro present\u00f3 un importante\" \/>\n<meta property=\"og:url\" content=\"https:\/\/olvidosdegranada.es\/index.php\/2013\/09\/30\/pietro-barcellona-de-un-sur-a-otro\/\" \/>\n<meta property=\"og:site_name\" content=\"Olvidos de Granada\" \/>\n<meta property=\"article:publisher\" content=\"https:\/\/www.facebook.com\/OLVIDOSDIGITAL\" \/>\n<meta property=\"article:published_time\" content=\"2013-09-30T11:39:14+00:00\" \/>\n<meta property=\"article:modified_time\" content=\"2020-11-30T11:51:00+00:00\" \/>\n<meta property=\"og:image\" content=\"https:\/\/olvidosdegranada.es\/wp-content\/uploads\/2020\/11\/pietro_barcellona.jpeg\" \/>\n<meta name=\"author\" content=\"Alfonso Salazar\" \/>\n<meta name=\"twitter:card\" content=\"summary_large_image\" \/>\n<meta name=\"twitter:creator\" content=\"@olvidospuntoes\" \/>\n<meta name=\"twitter:site\" content=\"@olvidospuntoes\" \/>\n<meta name=\"twitter:label1\" content=\"Escrito por\" \/>\n\t<meta name=\"twitter:data1\" content=\"Alfonso Salazar\" \/>\n\t<meta name=\"twitter:label2\" content=\"Tiempo de lectura\" \/>\n\t<meta name=\"twitter:data2\" content=\"15 minutos\" \/>\n<script type=\"application\/ld+json\" class=\"yoast-schema-graph\">{\"@context\":\"https:\\\/\\\/schema.org\",\"@graph\":[{\"@type\":\"Article\",\"@id\":\"https:\\\/\\\/olvidosdegranada.es\\\/index.php\\\/2013\\\/09\\\/30\\\/pietro-barcellona-de-un-sur-a-otro\\\/#article\",\"isPartOf\":{\"@id\":\"https:\\\/\\\/olvidosdegranada.es\\\/index.php\\\/2013\\\/09\\\/30\\\/pietro-barcellona-de-un-sur-a-otro\\\/\"},\"author\":{\"name\":\"Alfonso Salazar\",\"@id\":\"https:\\\/\\\/olvidosdegranada.es\\\/#\\\/schema\\\/person\\\/2e10b199a19cf21e8fd2391979d33083\"},\"headline\":\"Pietro Barcellona: de un sur a otro\",\"datePublished\":\"2013-09-30T11:39:14+00:00\",\"dateModified\":\"2020-11-30T11:51:00+00:00\",\"mainEntityOfPage\":{\"@id\":\"https:\\\/\\\/olvidosdegranada.es\\\/index.php\\\/2013\\\/09\\\/30\\\/pietro-barcellona-de-un-sur-a-otro\\\/\"},\"wordCount\":2955,\"commentCount\":0,\"publisher\":{\"@id\":\"https:\\\/\\\/olvidosdegranada.es\\\/#organization\"},\"image\":{\"@id\":\"https:\\\/\\\/olvidosdegranada.es\\\/index.php\\\/2013\\\/09\\\/30\\\/pietro-barcellona-de-un-sur-a-otro\\\/#primaryimage\"},\"thumbnailUrl\":\"https:\\\/\\\/olvidosdegranada.es\\\/wp-content\\\/uploads\\\/2020\\\/11\\\/pietro_barcellona.jpeg\",\"keywords\":[\"Arte\",\"Filosof\u00eda\"],\"articleSection\":[\"Piezas y Procesos\"],\"inLanguage\":\"es\",\"potentialAction\":[{\"@type\":\"CommentAction\",\"name\":\"Comment\",\"target\":[\"https:\\\/\\\/olvidosdegranada.es\\\/index.php\\\/2013\\\/09\\\/30\\\/pietro-barcellona-de-un-sur-a-otro\\\/#respond\"]}]},{\"@type\":\"WebPage\",\"@id\":\"https:\\\/\\\/olvidosdegranada.es\\\/index.php\\\/2013\\\/09\\\/30\\\/pietro-barcellona-de-un-sur-a-otro\\\/\",\"url\":\"https:\\\/\\\/olvidosdegranada.es\\\/index.php\\\/2013\\\/09\\\/30\\\/pietro-barcellona-de-un-sur-a-otro\\\/\",\"name\":\"Pietro Barcellona: de un sur a otro - Olvidos de Granada\",\"isPartOf\":{\"@id\":\"https:\\\/\\\/olvidosdegranada.es\\\/#website\"},\"primaryImageOfPage\":{\"@id\":\"https:\\\/\\\/olvidosdegranada.es\\\/index.php\\\/2013\\\/09\\\/30\\\/pietro-barcellona-de-un-sur-a-otro\\\/#primaryimage\"},\"image\":{\"@id\":\"https:\\\/\\\/olvidosdegranada.es\\\/index.php\\\/2013\\\/09\\\/30\\\/pietro-barcellona-de-un-sur-a-otro\\\/#primaryimage\"},\"thumbnailUrl\":\"https:\\\/\\\/olvidosdegranada.es\\\/wp-content\\\/uploads\\\/2020\\\/11\\\/pietro_barcellona.jpeg\",\"datePublished\":\"2013-09-30T11:39:14+00:00\",\"dateModified\":\"2020-11-30T11:51:00+00:00\",\"description\":\"Pietro Barcellona ha muerto el siete de septiembre de 2013, en Catania. Lo conoc\u00ed en noviembre de 1987, en Roma, cuando Pietro present\u00f3 un importante\",\"breadcrumb\":{\"@id\":\"https:\\\/\\\/olvidosdegranada.es\\\/index.php\\\/2013\\\/09\\\/30\\\/pietro-barcellona-de-un-sur-a-otro\\\/#breadcrumb\"},\"inLanguage\":\"es\",\"potentialAction\":[{\"@type\":\"ReadAction\",\"target\":[\"https:\\\/\\\/olvidosdegranada.es\\\/index.php\\\/2013\\\/09\\\/30\\\/pietro-barcellona-de-un-sur-a-otro\\\/\"]}]},{\"@type\":\"ImageObject\",\"inLanguage\":\"es\",\"@id\":\"https:\\\/\\\/olvidosdegranada.es\\\/index.php\\\/2013\\\/09\\\/30\\\/pietro-barcellona-de-un-sur-a-otro\\\/#primaryimage\",\"url\":\"https:\\\/\\\/olvidosdegranada.es\\\/wp-content\\\/uploads\\\/2020\\\/11\\\/pietro_barcellona.jpeg\",\"contentUrl\":\"https:\\\/\\\/olvidosdegranada.es\\\/wp-content\\\/uploads\\\/2020\\\/11\\\/pietro_barcellona.jpeg\",\"width\":532,\"height\":640},{\"@type\":\"BreadcrumbList\",\"@id\":\"https:\\\/\\\/olvidosdegranada.es\\\/index.php\\\/2013\\\/09\\\/30\\\/pietro-barcellona-de-un-sur-a-otro\\\/#breadcrumb\",\"itemListElement\":[{\"@type\":\"ListItem\",\"position\":1,\"name\":\"Portada\",\"item\":\"https:\\\/\\\/olvidosdegranada.es\\\/\"},{\"@type\":\"ListItem\",\"position\":2,\"name\":\"Pietro Barcellona: de un sur a otro\"}]},{\"@type\":\"WebSite\",\"@id\":\"https:\\\/\\\/olvidosdegranada.es\\\/#website\",\"url\":\"https:\\\/\\\/olvidosdegranada.es\\\/\",\"name\":\"Olvidos de Granada\",\"description\":\"Revista de acciones culturales\",\"publisher\":{\"@id\":\"https:\\\/\\\/olvidosdegranada.es\\\/#organization\"},\"potentialAction\":[{\"@type\":\"SearchAction\",\"target\":{\"@type\":\"EntryPoint\",\"urlTemplate\":\"https:\\\/\\\/olvidosdegranada.es\\\/?s={search_term_string}\"},\"query-input\":{\"@type\":\"PropertyValueSpecification\",\"valueRequired\":true,\"valueName\":\"search_term_string\"}}],\"inLanguage\":\"es\"},{\"@type\":\"Organization\",\"@id\":\"https:\\\/\\\/olvidosdegranada.es\\\/#organization\",\"name\":\"Olvidos de Granada\",\"url\":\"https:\\\/\\\/olvidosdegranada.es\\\/\",\"logo\":{\"@type\":\"ImageObject\",\"inLanguage\":\"es\",\"@id\":\"https:\\\/\\\/olvidosdegranada.es\\\/#\\\/schema\\\/logo\\\/image\\\/\",\"url\":\"https:\\\/\\\/olvidosdegranada.es\\\/wp-content\\\/uploads\\\/2020\\\/12\\\/Recurso-9.png\",\"contentUrl\":\"https:\\\/\\\/olvidosdegranada.es\\\/wp-content\\\/uploads\\\/2020\\\/12\\\/Recurso-9.png\",\"width\":700,\"height\":227,\"caption\":\"Olvidos de Granada\"},\"image\":{\"@id\":\"https:\\\/\\\/olvidosdegranada.es\\\/#\\\/schema\\\/logo\\\/image\\\/\"},\"sameAs\":[\"https:\\\/\\\/www.facebook.com\\\/OLVIDOSDIGITAL\",\"https:\\\/\\\/x.com\\\/olvidospuntoes\"]},{\"@type\":\"Person\",\"@id\":\"https:\\\/\\\/olvidosdegranada.es\\\/#\\\/schema\\\/person\\\/2e10b199a19cf21e8fd2391979d33083\",\"name\":\"Alfonso Salazar\",\"image\":{\"@type\":\"ImageObject\",\"inLanguage\":\"es\",\"@id\":\"https:\\\/\\\/secure.gravatar.com\\\/avatar\\\/8768a2dca789940dbdaf5fdd283c795998719eb61dc0c2c16eb3decaaf6b3304?s=96&d=mm&r=g\",\"url\":\"https:\\\/\\\/secure.gravatar.com\\\/avatar\\\/8768a2dca789940dbdaf5fdd283c795998719eb61dc0c2c16eb3decaaf6b3304?s=96&d=mm&r=g\",\"contentUrl\":\"https:\\\/\\\/secure.gravatar.com\\\/avatar\\\/8768a2dca789940dbdaf5fdd283c795998719eb61dc0c2c16eb3decaaf6b3304?s=96&d=mm&r=g\",\"caption\":\"Alfonso Salazar\"},\"url\":\"https:\\\/\\\/olvidosdegranada.es\\\/index.php\\\/author\\\/alfonso-salazar\\\/\"}]}<\/script>\n<!-- \/ Yoast SEO plugin. -->","yoast_head_json":{"title":"Pietro Barcellona: de un sur a otro - Olvidos de Granada","description":"Pietro Barcellona ha muerto el siete de septiembre de 2013, en Catania. Lo conoc\u00ed en noviembre de 1987, en Roma, cuando Pietro present\u00f3 un importante","robots":{"index":"index","follow":"follow","max-snippet":"max-snippet:-1","max-image-preview":"max-image-preview:large","max-video-preview":"max-video-preview:-1"},"canonical":"https:\/\/olvidosdegranada.es\/index.php\/2013\/09\/30\/pietro-barcellona-de-un-sur-a-otro\/","og_locale":"es_ES","og_type":"article","og_title":"Pietro Barcellona: de un sur a otro - Olvidos de Granada","og_description":"Pietro Barcellona ha muerto el siete de septiembre de 2013, en Catania. Lo conoc\u00ed en noviembre de 1987, en Roma, cuando Pietro present\u00f3 un importante","og_url":"https:\/\/olvidosdegranada.es\/index.php\/2013\/09\/30\/pietro-barcellona-de-un-sur-a-otro\/","og_site_name":"Olvidos de Granada","article_publisher":"https:\/\/www.facebook.com\/OLVIDOSDIGITAL","article_published_time":"2013-09-30T11:39:14+00:00","article_modified_time":"2020-11-30T11:51:00+00:00","og_image":[{"url":"https:\/\/olvidosdegranada.es\/wp-content\/uploads\/2020\/11\/pietro_barcellona.jpeg","type":"","width":"","height":""}],"author":"Alfonso Salazar","twitter_card":"summary_large_image","twitter_creator":"@olvidospuntoes","twitter_site":"@olvidospuntoes","twitter_misc":{"Escrito por":"Alfonso Salazar","Tiempo de lectura":"15 minutos"},"schema":{"@context":"https:\/\/schema.org","@graph":[{"@type":"Article","@id":"https:\/\/olvidosdegranada.es\/index.php\/2013\/09\/30\/pietro-barcellona-de-un-sur-a-otro\/#article","isPartOf":{"@id":"https:\/\/olvidosdegranada.es\/index.php\/2013\/09\/30\/pietro-barcellona-de-un-sur-a-otro\/"},"author":{"name":"Alfonso Salazar","@id":"https:\/\/olvidosdegranada.es\/#\/schema\/person\/2e10b199a19cf21e8fd2391979d33083"},"headline":"Pietro Barcellona: de un sur a otro","datePublished":"2013-09-30T11:39:14+00:00","dateModified":"2020-11-30T11:51:00+00:00","mainEntityOfPage":{"@id":"https:\/\/olvidosdegranada.es\/index.php\/2013\/09\/30\/pietro-barcellona-de-un-sur-a-otro\/"},"wordCount":2955,"commentCount":0,"publisher":{"@id":"https:\/\/olvidosdegranada.es\/#organization"},"image":{"@id":"https:\/\/olvidosdegranada.es\/index.php\/2013\/09\/30\/pietro-barcellona-de-un-sur-a-otro\/#primaryimage"},"thumbnailUrl":"https:\/\/olvidosdegranada.es\/wp-content\/uploads\/2020\/11\/pietro_barcellona.jpeg","keywords":["Arte","Filosof\u00eda"],"articleSection":["Piezas y Procesos"],"inLanguage":"es","potentialAction":[{"@type":"CommentAction","name":"Comment","target":["https:\/\/olvidosdegranada.es\/index.php\/2013\/09\/30\/pietro-barcellona-de-un-sur-a-otro\/#respond"]}]},{"@type":"WebPage","@id":"https:\/\/olvidosdegranada.es\/index.php\/2013\/09\/30\/pietro-barcellona-de-un-sur-a-otro\/","url":"https:\/\/olvidosdegranada.es\/index.php\/2013\/09\/30\/pietro-barcellona-de-un-sur-a-otro\/","name":"Pietro Barcellona: de un sur a otro - Olvidos de Granada","isPartOf":{"@id":"https:\/\/olvidosdegranada.es\/#website"},"primaryImageOfPage":{"@id":"https:\/\/olvidosdegranada.es\/index.php\/2013\/09\/30\/pietro-barcellona-de-un-sur-a-otro\/#primaryimage"},"image":{"@id":"https:\/\/olvidosdegranada.es\/index.php\/2013\/09\/30\/pietro-barcellona-de-un-sur-a-otro\/#primaryimage"},"thumbnailUrl":"https:\/\/olvidosdegranada.es\/wp-content\/uploads\/2020\/11\/pietro_barcellona.jpeg","datePublished":"2013-09-30T11:39:14+00:00","dateModified":"2020-11-30T11:51:00+00:00","description":"Pietro Barcellona ha muerto el siete de septiembre de 2013, en Catania. Lo conoc\u00ed en noviembre de 1987, en Roma, cuando Pietro present\u00f3 un importante","breadcrumb":{"@id":"https:\/\/olvidosdegranada.es\/index.php\/2013\/09\/30\/pietro-barcellona-de-un-sur-a-otro\/#breadcrumb"},"inLanguage":"es","potentialAction":[{"@type":"ReadAction","target":["https:\/\/olvidosdegranada.es\/index.php\/2013\/09\/30\/pietro-barcellona-de-un-sur-a-otro\/"]}]},{"@type":"ImageObject","inLanguage":"es","@id":"https:\/\/olvidosdegranada.es\/index.php\/2013\/09\/30\/pietro-barcellona-de-un-sur-a-otro\/#primaryimage","url":"https:\/\/olvidosdegranada.es\/wp-content\/uploads\/2020\/11\/pietro_barcellona.jpeg","contentUrl":"https:\/\/olvidosdegranada.es\/wp-content\/uploads\/2020\/11\/pietro_barcellona.jpeg","width":532,"height":640},{"@type":"BreadcrumbList","@id":"https:\/\/olvidosdegranada.es\/index.php\/2013\/09\/30\/pietro-barcellona-de-un-sur-a-otro\/#breadcrumb","itemListElement":[{"@type":"ListItem","position":1,"name":"Portada","item":"https:\/\/olvidosdegranada.es\/"},{"@type":"ListItem","position":2,"name":"Pietro Barcellona: de un sur a otro"}]},{"@type":"WebSite","@id":"https:\/\/olvidosdegranada.es\/#website","url":"https:\/\/olvidosdegranada.es\/","name":"Olvidos de Granada","description":"Revista de acciones culturales","publisher":{"@id":"https:\/\/olvidosdegranada.es\/#organization"},"potentialAction":[{"@type":"SearchAction","target":{"@type":"EntryPoint","urlTemplate":"https:\/\/olvidosdegranada.es\/?s={search_term_string}"},"query-input":{"@type":"PropertyValueSpecification","valueRequired":true,"valueName":"search_term_string"}}],"inLanguage":"es"},{"@type":"Organization","@id":"https:\/\/olvidosdegranada.es\/#organization","name":"Olvidos de Granada","url":"https:\/\/olvidosdegranada.es\/","logo":{"@type":"ImageObject","inLanguage":"es","@id":"https:\/\/olvidosdegranada.es\/#\/schema\/logo\/image\/","url":"https:\/\/olvidosdegranada.es\/wp-content\/uploads\/2020\/12\/Recurso-9.png","contentUrl":"https:\/\/olvidosdegranada.es\/wp-content\/uploads\/2020\/12\/Recurso-9.png","width":700,"height":227,"caption":"Olvidos de Granada"},"image":{"@id":"https:\/\/olvidosdegranada.es\/#\/schema\/logo\/image\/"},"sameAs":["https:\/\/www.facebook.com\/OLVIDOSDIGITAL","https:\/\/x.com\/olvidospuntoes"]},{"@type":"Person","@id":"https:\/\/olvidosdegranada.es\/#\/schema\/person\/2e10b199a19cf21e8fd2391979d33083","name":"Alfonso Salazar","image":{"@type":"ImageObject","inLanguage":"es","@id":"https:\/\/secure.gravatar.com\/avatar\/8768a2dca789940dbdaf5fdd283c795998719eb61dc0c2c16eb3decaaf6b3304?s=96&d=mm&r=g","url":"https:\/\/secure.gravatar.com\/avatar\/8768a2dca789940dbdaf5fdd283c795998719eb61dc0c2c16eb3decaaf6b3304?s=96&d=mm&r=g","contentUrl":"https:\/\/secure.gravatar.com\/avatar\/8768a2dca789940dbdaf5fdd283c795998719eb61dc0c2c16eb3decaaf6b3304?s=96&d=mm&r=g","caption":"Alfonso Salazar"},"url":"https:\/\/olvidosdegranada.es\/index.php\/author\/alfonso-salazar\/"}]}},"jetpack_sharing_enabled":true,"jetpack_featured_media_url":"","_links":{"self":[{"href":"https:\/\/olvidosdegranada.es\/index.php\/wp-json\/wp\/v2\/posts\/1259","targetHints":{"allow":["GET"]}}],"collection":[{"href":"https:\/\/olvidosdegranada.es\/index.php\/wp-json\/wp\/v2\/posts"}],"about":[{"href":"https:\/\/olvidosdegranada.es\/index.php\/wp-json\/wp\/v2\/types\/post"}],"author":[{"embeddable":true,"href":"https:\/\/olvidosdegranada.es\/index.php\/wp-json\/wp\/v2\/users\/4"}],"replies":[{"embeddable":true,"href":"https:\/\/olvidosdegranada.es\/index.php\/wp-json\/wp\/v2\/comments?post=1259"}],"version-history":[{"count":3,"href":"https:\/\/olvidosdegranada.es\/index.php\/wp-json\/wp\/v2\/posts\/1259\/revisions"}],"predecessor-version":[{"id":1284,"href":"https:\/\/olvidosdegranada.es\/index.php\/wp-json\/wp\/v2\/posts\/1259\/revisions\/1284"}],"wp:attachment":[{"href":"https:\/\/olvidosdegranada.es\/index.php\/wp-json\/wp\/v2\/media?parent=1259"}],"wp:term":[{"taxonomy":"category","embeddable":true,"href":"https:\/\/olvidosdegranada.es\/index.php\/wp-json\/wp\/v2\/categories?post=1259"},{"taxonomy":"post_tag","embeddable":true,"href":"https:\/\/olvidosdegranada.es\/index.php\/wp-json\/wp\/v2\/tags?post=1259"}],"curies":[{"name":"wp","href":"https:\/\/api.w.org\/{rel}","templated":true}]}}