{"id":1116,"date":"2011-11-10T21:16:28","date_gmt":"2011-11-10T21:16:28","guid":{"rendered":"https:\/\/olvidosdegranada.es\/?p=1116"},"modified":"2026-03-01T13:55:22","modified_gmt":"2026-03-01T12:55:22","slug":"la-muerte-blanca","status":"publish","type":"post","link":"https:\/\/olvidosdegranada.es\/index.php\/2011\/11\/10\/la-muerte-blanca\/","title":{"rendered":"La muerte blanca"},"content":{"rendered":"\n<figure class=\"wp-block-pullquote\"><blockquote><p>La muerte del artista granadino Claudio S\u00e1nchez Muros (1936-2010) puso en marcha en el poeta Rafael Ju\u00e1rez (Estepa, 1956) un proceso que acab\u00f3 cristalizando en el poema \u201cLa muerte blanca\u201d.<br>Rafael Ju\u00e1rez* ha descrito para olvidos.es ese proceso, suministrando unas claves que el lector puede completar por su cuenta: es un itinerario que, desde Quevedo, lleva a unos versos estremecedores.<\/p><\/blockquote><\/figure>\n\n\n\n<p class=\"has-small-font-size\">*Rafael Ju\u00e1rez falleci\u00f3 el 20 de septiembre de 2019<\/p>\n\n\n<!--nextpage-->\n\n\n\n<p>En agosto de 2010, durante las vacaciones, estaba releyendo a Quevedo, en una antolog\u00eda anotada de Jos\u00e9 Manuel Blecua; en julio hab\u00eda muerto Claudio S\u00e1nchez-Muros.<\/p>\n\n\n\n<p>El 13 de agosto muri\u00f3 mi madre. Del famoso soneto de Quevedo que comienza \u201cCerrar podr\u00e1 mi ojos la postrera \/ sombra que me borrare el blanco d\u00eda\u201d, fue tomando relevancia en mi memoria esa extra\u00f1a expresi\u00f3n que llama a la vida blanco d\u00eda; en Estepa, sobre todo en agosto, todo es blanco (tambi\u00e9n el cementerio). Las palabras se unieron de otra forma: el blanco d\u00eda pas\u00f3 a ser la muerte blanca.<\/p>\n\n\n\n<p>Unos meses despu\u00e9s me pidieron un poema para un homenaje a Claudio S\u00e1nchez-Muros. No sab\u00eda c\u00f3mo escribirlo; forzaba mi memoria a recordar a Claudio mediante r\u00e1fagas que anot\u00e9 con la f\u00f3rmula \u201cMe acuerdo que\u201d; me acord\u00e9 de que casi siempre iba solo; me acord\u00e9 de que le gustaba ir al cine; tambi\u00e9n de que le gustaban las ca\u00f1as de cabello de \u00e1ngel del horno de San Jos\u00e9 en el Carril del Pic\u00f3n, por ejemplo.<\/p>\n\n\n\n<p>A mitad de febrero de 2010, entre semana y solo, al salir del trabajo, intempestivamente me fui al cine, a una reci\u00e9n estrenada comedia espa\u00f1ola, que result\u00f3 floja. Era un d\u00eda luminoso. En la sala hac\u00eda fr\u00edo. M\u00e1s de una pareja o grupo se fue saliendo durante la proyecci\u00f3n. Y aparecieron los primeros versos de un poema todav\u00eda sin t\u00edtulo: \u201cComo en el cine se levanta sombras \/ antes de que termine la pel\u00edcula\u201d&#8230;<\/p>\n\n\n\n<p>Record\u00e9 que en el cine de Estepa cuando alguien sal\u00eda con la sala a oscuras se ve\u00eda el corredor que llevaba a los retretes y a la barra del bar; record\u00e9 inmediatamente la leyenda de que quienes han regresado de un estado muy pr\u00f3ximo a la muerte definitiva dicen venir de un corredor con una fuerte luz al fondo; record\u00e9 inmediatamente otro corredor luminoso, el que forman las glicinias en el cementerio de San Jos\u00e9, en Granada: si el poema estaba dirigido a Claudio, tan granadino, el poema ten\u00eda que contener alguna luz de Granada: \u201cy al mover las cortinas entrevemos \/ el largo corredor de las glicinias\u201d&#8230;<\/p>\n\n\n\n<p>A estas alturas, puedo hacer una lista de personas cercanas que han muerto con la que se llenar\u00eda una sala de cine grande. \u00bfQu\u00e9 hago yo sentado en la oscuridad, record\u00e1ndolos, pero aguantando la pel\u00edcula simplemente por mi ansia de ver cualquier pel\u00edcula? No lo s\u00e9, pero, claro, lo que nos quedamos estamos cada vez m\u00e1s solos y la oscuridad de la sala es la misma o mayor: \u201cy tocamos a m\u00e1s oscuridad \/ los que estamos qued\u00e1ndonos de islas\u201d&#8230; Ya en mi casa, anot\u00e9 los versos y record\u00e9: \u201cla muerte blanca\u201d; me sonaba esa expresi\u00f3n, as\u00ed que entr\u00e9 en google y la busqu\u00e9. Muerte blanca se llama a la de los alpinistas que se pierden en la nevada y se duermen para siempre convertidos en hielo; me sonar\u00eda de alg\u00fan noticiero. Pero hab\u00eda otros resultados en la pantalla, en los que se contaba la historia de un granjero fin\u00e9s, Simo Hayha. Si la escribo, la empobrezco, l\u00e9ela: result\u00f3 ser la pel\u00edcula que estamos viendo mientras no nos elija como blanco, all\u00ed en las sombras, sin saber de cada uno de nosotros m\u00e1s que no debemos pisar vivos su patria.<\/p>\n\n\n<!--nextpage-->\n\n\n\n<figure class=\"wp-block-image size-large is-resized\"><img loading=\"lazy\" decoding=\"async\" width=\"455\" height=\"698\" src=\"https:\/\/olvidosdegranada.es\/wp-content\/uploads\/2020\/11\/quevedo_portada.jpg\" alt=\"\" class=\"wp-image-1119\" style=\"width:622px;height:954px\" srcset=\"https:\/\/olvidosdegranada.es\/wp-content\/uploads\/2020\/11\/quevedo_portada.jpg 455w, https:\/\/olvidosdegranada.es\/wp-content\/uploads\/2020\/11\/quevedo_portada-196x300.jpg 196w\" sizes=\"auto, (max-width: 455px) 100vw, 455px\" \/><\/figure>\n\n\n\n<figure class=\"wp-block-image size-large is-resized\"><img loading=\"lazy\" decoding=\"async\" width=\"477\" height=\"671\" src=\"https:\/\/olvidosdegranada.es\/wp-content\/uploads\/2020\/11\/quevedo_amorconstante.jpg\" alt=\"\" class=\"wp-image-1120\" style=\"width:650px;height:914px\" srcset=\"https:\/\/olvidosdegranada.es\/wp-content\/uploads\/2020\/11\/quevedo_amorconstante.jpg 477w, https:\/\/olvidosdegranada.es\/wp-content\/uploads\/2020\/11\/quevedo_amorconstante-213x300.jpg 213w\" sizes=\"auto, (max-width: 477px) 100vw, 477px\" \/><\/figure>\n\n\n<!--nextpage-->\n\n\n\n<figure class=\"wp-block-image size-large is-resized\"><img loading=\"lazy\" decoding=\"async\" width=\"755\" height=\"1024\" src=\"https:\/\/olvidosdegranada.es\/wp-content\/uploads\/2020\/11\/cuaderno-Claudio-1-755x1024.jpg\" alt=\"\" class=\"wp-image-1121\" style=\"width:668px;height:905px\" srcset=\"https:\/\/olvidosdegranada.es\/wp-content\/uploads\/2020\/11\/cuaderno-Claudio-1-755x1024.jpg 755w, https:\/\/olvidosdegranada.es\/wp-content\/uploads\/2020\/11\/cuaderno-Claudio-1-221x300.jpg 221w, https:\/\/olvidosdegranada.es\/wp-content\/uploads\/2020\/11\/cuaderno-Claudio-1-768x1041.jpg 768w, https:\/\/olvidosdegranada.es\/wp-content\/uploads\/2020\/11\/cuaderno-Claudio-1-1133x1536.jpg 1133w, https:\/\/olvidosdegranada.es\/wp-content\/uploads\/2020\/11\/cuaderno-Claudio-1-1510x2048.jpg 1510w, https:\/\/olvidosdegranada.es\/wp-content\/uploads\/2020\/11\/cuaderno-Claudio-1-scaled.jpg 1475w\" sizes=\"auto, (max-width: 755px) 100vw, 755px\" \/><\/figure>\n\n\n\n<figure class=\"wp-block-image size-large is-resized\"><img loading=\"lazy\" decoding=\"async\" width=\"734\" height=\"1024\" src=\"https:\/\/olvidosdegranada.es\/wp-content\/uploads\/2020\/11\/cuaderno-Claudio-2-734x1024.jpg\" alt=\"\" class=\"wp-image-1122\" style=\"width:660px;height:920px\" srcset=\"https:\/\/olvidosdegranada.es\/wp-content\/uploads\/2020\/11\/cuaderno-Claudio-2-734x1024.jpg 734w, https:\/\/olvidosdegranada.es\/wp-content\/uploads\/2020\/11\/cuaderno-Claudio-2-215x300.jpg 215w, https:\/\/olvidosdegranada.es\/wp-content\/uploads\/2020\/11\/cuaderno-Claudio-2-768x1071.jpg 768w, https:\/\/olvidosdegranada.es\/wp-content\/uploads\/2020\/11\/cuaderno-Claudio-2-1101x1536.jpg 1101w, https:\/\/olvidosdegranada.es\/wp-content\/uploads\/2020\/11\/cuaderno-Claudio-2-1468x2048.jpg 1468w, https:\/\/olvidosdegranada.es\/wp-content\/uploads\/2020\/11\/cuaderno-Claudio-2-scaled.jpg 1434w\" sizes=\"auto, (max-width: 734px) 100vw, 734px\" \/><\/figure>\n\n\n\n<figure class=\"wp-block-image size-large is-resized\"><img loading=\"lazy\" decoding=\"async\" width=\"739\" height=\"1024\" src=\"https:\/\/olvidosdegranada.es\/wp-content\/uploads\/2020\/11\/POEMA-RAFA-739x1024.jpg\" alt=\"\" class=\"wp-image-1123\" style=\"width:646px;height:894px\" srcset=\"https:\/\/olvidosdegranada.es\/wp-content\/uploads\/2020\/11\/POEMA-RAFA-739x1024.jpg 739w, https:\/\/olvidosdegranada.es\/wp-content\/uploads\/2020\/11\/POEMA-RAFA-217x300.jpg 217w, https:\/\/olvidosdegranada.es\/wp-content\/uploads\/2020\/11\/POEMA-RAFA-768x1064.jpg 768w, https:\/\/olvidosdegranada.es\/wp-content\/uploads\/2020\/11\/POEMA-RAFA-1109x1536.jpg 1109w, https:\/\/olvidosdegranada.es\/wp-content\/uploads\/2020\/11\/POEMA-RAFA.jpg 1269w\" sizes=\"auto, (max-width: 739px) 100vw, 739px\" \/><\/figure>\n\n\n<!--nextpage-->\n\n\n\n<pre class=\"wp-block-verse has-text-align-right\"><em>Claudio S\u00e1nchez Muros, in memoriam<\/em><\/pre>\n\n\n\n<pre class=\"wp-block-verse\">Como en el cine, se levantan sombras\nantes de que termine la pel\u00edcula\ny al mover las cortinas entrevemos\nel largo corredor de la glicinias\ny tocamos a m\u00e1s oscuridad\nlos que estamos qued\u00e1ndonos de islas\ny en la pantalla el francotirador\nvuelve a limpiarle el hielo a la mirilla.<\/pre>\n","protected":false},"excerpt":{"rendered":"<p>La muerte del artista granadino Claudio S\u00e1nchez Muros (1936-2010) puso en marcha en el poeta &#8230; <\/p>\n<p class=\"read-more-container\"><a title=\"La muerte blanca\" class=\"read-more button\" href=\"https:\/\/olvidosdegranada.es\/index.php\/2011\/11\/10\/la-muerte-blanca\/#more-1116\" aria-label=\"Leer m\u00e1s sobre La muerte blanca\">Leer m\u00e1s<\/a><\/p>\n","protected":false},"author":4,"featured_media":1119,"comment_status":"open","ping_status":"closed","sticky":false,"template":"","format":"standard","meta":{"_acf_changed":false,"_jetpack_newsletter_access":"","_jetpack_dont_email_post_to_subs":false,"_jetpack_newsletter_tier_id":0,"_jetpack_memberships_contains_paywalled_content":false,"_jetpack_feature_clip_id":0,"_jetpack_memberships_contains_paid_content":false,"footnotes":"","jetpack_post_was_ever_published":false},"categories":[5],"tags":[83],"class_list":["post-1116","post","type-post","status-publish","format-standard","has-post-thumbnail","hentry","category-piezas-procesos","tag-literatura","infinite-scroll-item","generate-columns","tablet-grid-50","mobile-grid-100","grid-parent","grid-33","no-featured-image-padding"],"acf":[],"yoast_head":"<!-- This site is optimized with the Yoast SEO plugin v28.3 - https:\/\/yoast.com\/product\/yoast-seo-wordpress\/ -->\n<title>La muerte blanca - Olvidos de Granada<\/title>\n<meta name=\"description\" content=\"Rafael Ju\u00e1rez La muerte del artista granadino Claudio S\u00e1nchez Muros (1936-2010) puso en marcha en el poeta Rafael Ju\u00e1rez (Estepa, 1956) un proceso que acab\u00f3\" \/>\n<meta name=\"robots\" content=\"index, follow, max-snippet:-1, max-image-preview:large, max-video-preview:-1\" \/>\n<link rel=\"canonical\" href=\"https:\/\/olvidosdegranada.es\/index.php\/2011\/11\/10\/la-muerte-blanca\/\" \/>\n<meta property=\"og:locale\" content=\"es_ES\" \/>\n<meta property=\"og:type\" content=\"article\" \/>\n<meta property=\"og:title\" content=\"La muerte blanca - Olvidos de Granada\" \/>\n<meta property=\"og:description\" content=\"Rafael Ju\u00e1rez La muerte del artista granadino Claudio S\u00e1nchez Muros (1936-2010) puso en marcha en el poeta Rafael Ju\u00e1rez (Estepa, 1956) un proceso que acab\u00f3\" \/>\n<meta property=\"og:url\" content=\"https:\/\/olvidosdegranada.es\/index.php\/2011\/11\/10\/la-muerte-blanca\/\" \/>\n<meta property=\"og:site_name\" content=\"Olvidos de Granada\" \/>\n<meta property=\"article:publisher\" content=\"https:\/\/www.facebook.com\/OLVIDOSDIGITAL\" \/>\n<meta property=\"article:published_time\" content=\"2011-11-10T21:16:28+00:00\" \/>\n<meta property=\"article:modified_time\" content=\"2026-03-01T12:55:22+00:00\" \/>\n<meta property=\"og:image\" content=\"https:\/\/olvidosdegranada.es\/wp-content\/uploads\/2020\/11\/quevedo_portada.jpg\" \/>\n\t<meta property=\"og:image:width\" content=\"455\" \/>\n\t<meta property=\"og:image:height\" content=\"698\" \/>\n\t<meta property=\"og:image:type\" content=\"image\/jpeg\" \/>\n<meta name=\"author\" content=\"Alfonso Salazar\" \/>\n<meta name=\"twitter:card\" content=\"summary_large_image\" \/>\n<meta name=\"twitter:creator\" content=\"@olvidospuntoes\" \/>\n<meta name=\"twitter:site\" content=\"@olvidospuntoes\" \/>\n<meta name=\"twitter:label1\" content=\"Escrito por\" \/>\n\t<meta name=\"twitter:data1\" content=\"Alfonso Salazar\" \/>\n\t<meta name=\"twitter:label2\" content=\"Tiempo de lectura\" \/>\n\t<meta name=\"twitter:data2\" content=\"4 minutos\" \/>\n<script type=\"application\/ld+json\" class=\"yoast-schema-graph\">{\"@context\":\"https:\\\/\\\/schema.org\",\"@graph\":[{\"@type\":\"Article\",\"@id\":\"https:\\\/\\\/olvidosdegranada.es\\\/index.php\\\/2011\\\/11\\\/10\\\/la-muerte-blanca\\\/#article\",\"isPartOf\":{\"@id\":\"https:\\\/\\\/olvidosdegranada.es\\\/index.php\\\/2011\\\/11\\\/10\\\/la-muerte-blanca\\\/\"},\"author\":{\"name\":\"Alfonso Salazar\",\"@id\":\"https:\\\/\\\/olvidosdegranada.es\\\/#\\\/schema\\\/person\\\/2e10b199a19cf21e8fd2391979d33083\"},\"headline\":\"La muerte blanca\",\"datePublished\":\"2011-11-10T21:16:28+00:00\",\"dateModified\":\"2026-03-01T12:55:22+00:00\",\"mainEntityOfPage\":{\"@id\":\"https:\\\/\\\/olvidosdegranada.es\\\/index.php\\\/2011\\\/11\\\/10\\\/la-muerte-blanca\\\/\"},\"wordCount\":678,\"commentCount\":0,\"publisher\":{\"@id\":\"https:\\\/\\\/olvidosdegranada.es\\\/#organization\"},\"image\":{\"@id\":\"https:\\\/\\\/olvidosdegranada.es\\\/index.php\\\/2011\\\/11\\\/10\\\/la-muerte-blanca\\\/#primaryimage\"},\"thumbnailUrl\":\"https:\\\/\\\/olvidosdegranada.es\\\/wp-content\\\/uploads\\\/2020\\\/11\\\/quevedo_portada.jpg\",\"keywords\":[\"Literatura\"],\"articleSection\":[\"Piezas y Procesos\"],\"inLanguage\":\"es\",\"potentialAction\":[{\"@type\":\"CommentAction\",\"name\":\"Comment\",\"target\":[\"https:\\\/\\\/olvidosdegranada.es\\\/index.php\\\/2011\\\/11\\\/10\\\/la-muerte-blanca\\\/#respond\"]}]},{\"@type\":\"WebPage\",\"@id\":\"https:\\\/\\\/olvidosdegranada.es\\\/index.php\\\/2011\\\/11\\\/10\\\/la-muerte-blanca\\\/\",\"url\":\"https:\\\/\\\/olvidosdegranada.es\\\/index.php\\\/2011\\\/11\\\/10\\\/la-muerte-blanca\\\/\",\"name\":\"La muerte blanca - Olvidos de Granada\",\"isPartOf\":{\"@id\":\"https:\\\/\\\/olvidosdegranada.es\\\/#website\"},\"primaryImageOfPage\":{\"@id\":\"https:\\\/\\\/olvidosdegranada.es\\\/index.php\\\/2011\\\/11\\\/10\\\/la-muerte-blanca\\\/#primaryimage\"},\"image\":{\"@id\":\"https:\\\/\\\/olvidosdegranada.es\\\/index.php\\\/2011\\\/11\\\/10\\\/la-muerte-blanca\\\/#primaryimage\"},\"thumbnailUrl\":\"https:\\\/\\\/olvidosdegranada.es\\\/wp-content\\\/uploads\\\/2020\\\/11\\\/quevedo_portada.jpg\",\"datePublished\":\"2011-11-10T21:16:28+00:00\",\"dateModified\":\"2026-03-01T12:55:22+00:00\",\"description\":\"Rafael Ju\u00e1rez La muerte del artista granadino Claudio S\u00e1nchez Muros (1936-2010) puso en marcha en el poeta Rafael Ju\u00e1rez (Estepa, 1956) un proceso que acab\u00f3\",\"breadcrumb\":{\"@id\":\"https:\\\/\\\/olvidosdegranada.es\\\/index.php\\\/2011\\\/11\\\/10\\\/la-muerte-blanca\\\/#breadcrumb\"},\"inLanguage\":\"es\",\"potentialAction\":[{\"@type\":\"ReadAction\",\"target\":[\"https:\\\/\\\/olvidosdegranada.es\\\/index.php\\\/2011\\\/11\\\/10\\\/la-muerte-blanca\\\/\"]}]},{\"@type\":\"ImageObject\",\"inLanguage\":\"es\",\"@id\":\"https:\\\/\\\/olvidosdegranada.es\\\/index.php\\\/2011\\\/11\\\/10\\\/la-muerte-blanca\\\/#primaryimage\",\"url\":\"https:\\\/\\\/olvidosdegranada.es\\\/wp-content\\\/uploads\\\/2020\\\/11\\\/quevedo_portada.jpg\",\"contentUrl\":\"https:\\\/\\\/olvidosdegranada.es\\\/wp-content\\\/uploads\\\/2020\\\/11\\\/quevedo_portada.jpg\",\"width\":455,\"height\":698},{\"@type\":\"BreadcrumbList\",\"@id\":\"https:\\\/\\\/olvidosdegranada.es\\\/index.php\\\/2011\\\/11\\\/10\\\/la-muerte-blanca\\\/#breadcrumb\",\"itemListElement\":[{\"@type\":\"ListItem\",\"position\":1,\"name\":\"Portada\",\"item\":\"https:\\\/\\\/olvidosdegranada.es\\\/\"},{\"@type\":\"ListItem\",\"position\":2,\"name\":\"La muerte blanca\"}]},{\"@type\":\"WebSite\",\"@id\":\"https:\\\/\\\/olvidosdegranada.es\\\/#website\",\"url\":\"https:\\\/\\\/olvidosdegranada.es\\\/\",\"name\":\"Olvidos de Granada\",\"description\":\"Revista de acciones culturales\",\"publisher\":{\"@id\":\"https:\\\/\\\/olvidosdegranada.es\\\/#organization\"},\"potentialAction\":[{\"@type\":\"SearchAction\",\"target\":{\"@type\":\"EntryPoint\",\"urlTemplate\":\"https:\\\/\\\/olvidosdegranada.es\\\/?s={search_term_string}\"},\"query-input\":{\"@type\":\"PropertyValueSpecification\",\"valueRequired\":true,\"valueName\":\"search_term_string\"}}],\"inLanguage\":\"es\"},{\"@type\":\"Organization\",\"@id\":\"https:\\\/\\\/olvidosdegranada.es\\\/#organization\",\"name\":\"Olvidos de Granada\",\"url\":\"https:\\\/\\\/olvidosdegranada.es\\\/\",\"logo\":{\"@type\":\"ImageObject\",\"inLanguage\":\"es\",\"@id\":\"https:\\\/\\\/olvidosdegranada.es\\\/#\\\/schema\\\/logo\\\/image\\\/\",\"url\":\"https:\\\/\\\/olvidosdegranada.es\\\/wp-content\\\/uploads\\\/2020\\\/12\\\/Recurso-9.png\",\"contentUrl\":\"https:\\\/\\\/olvidosdegranada.es\\\/wp-content\\\/uploads\\\/2020\\\/12\\\/Recurso-9.png\",\"width\":700,\"height\":227,\"caption\":\"Olvidos de Granada\"},\"image\":{\"@id\":\"https:\\\/\\\/olvidosdegranada.es\\\/#\\\/schema\\\/logo\\\/image\\\/\"},\"sameAs\":[\"https:\\\/\\\/www.facebook.com\\\/OLVIDOSDIGITAL\",\"https:\\\/\\\/x.com\\\/olvidospuntoes\"]},{\"@type\":\"Person\",\"@id\":\"https:\\\/\\\/olvidosdegranada.es\\\/#\\\/schema\\\/person\\\/2e10b199a19cf21e8fd2391979d33083\",\"name\":\"Alfonso Salazar\",\"image\":{\"@type\":\"ImageObject\",\"inLanguage\":\"es\",\"@id\":\"https:\\\/\\\/secure.gravatar.com\\\/avatar\\\/8768a2dca789940dbdaf5fdd283c795998719eb61dc0c2c16eb3decaaf6b3304?s=96&d=mm&r=g\",\"url\":\"https:\\\/\\\/secure.gravatar.com\\\/avatar\\\/8768a2dca789940dbdaf5fdd283c795998719eb61dc0c2c16eb3decaaf6b3304?s=96&d=mm&r=g\",\"contentUrl\":\"https:\\\/\\\/secure.gravatar.com\\\/avatar\\\/8768a2dca789940dbdaf5fdd283c795998719eb61dc0c2c16eb3decaaf6b3304?s=96&d=mm&r=g\",\"caption\":\"Alfonso Salazar\"},\"url\":\"https:\\\/\\\/olvidosdegranada.es\\\/index.php\\\/author\\\/alfonso-salazar\\\/\"}]}<\/script>\n<!-- \/ Yoast SEO plugin. -->","yoast_head_json":{"title":"La muerte blanca - Olvidos de Granada","description":"Rafael Ju\u00e1rez La muerte del artista granadino Claudio S\u00e1nchez Muros (1936-2010) puso en marcha en el poeta Rafael Ju\u00e1rez (Estepa, 1956) un proceso que acab\u00f3","robots":{"index":"index","follow":"follow","max-snippet":"max-snippet:-1","max-image-preview":"max-image-preview:large","max-video-preview":"max-video-preview:-1"},"canonical":"https:\/\/olvidosdegranada.es\/index.php\/2011\/11\/10\/la-muerte-blanca\/","og_locale":"es_ES","og_type":"article","og_title":"La muerte blanca - Olvidos de Granada","og_description":"Rafael Ju\u00e1rez La muerte del artista granadino Claudio S\u00e1nchez Muros (1936-2010) puso en marcha en el poeta Rafael Ju\u00e1rez (Estepa, 1956) un proceso que acab\u00f3","og_url":"https:\/\/olvidosdegranada.es\/index.php\/2011\/11\/10\/la-muerte-blanca\/","og_site_name":"Olvidos de Granada","article_publisher":"https:\/\/www.facebook.com\/OLVIDOSDIGITAL","article_published_time":"2011-11-10T21:16:28+00:00","article_modified_time":"2026-03-01T12:55:22+00:00","og_image":[{"width":455,"height":698,"url":"https:\/\/olvidosdegranada.es\/wp-content\/uploads\/2020\/11\/quevedo_portada.jpg","type":"image\/jpeg"}],"author":"Alfonso Salazar","twitter_card":"summary_large_image","twitter_creator":"@olvidospuntoes","twitter_site":"@olvidospuntoes","twitter_misc":{"Escrito por":"Alfonso Salazar","Tiempo de lectura":"4 minutos"},"schema":{"@context":"https:\/\/schema.org","@graph":[{"@type":"Article","@id":"https:\/\/olvidosdegranada.es\/index.php\/2011\/11\/10\/la-muerte-blanca\/#article","isPartOf":{"@id":"https:\/\/olvidosdegranada.es\/index.php\/2011\/11\/10\/la-muerte-blanca\/"},"author":{"name":"Alfonso Salazar","@id":"https:\/\/olvidosdegranada.es\/#\/schema\/person\/2e10b199a19cf21e8fd2391979d33083"},"headline":"La muerte blanca","datePublished":"2011-11-10T21:16:28+00:00","dateModified":"2026-03-01T12:55:22+00:00","mainEntityOfPage":{"@id":"https:\/\/olvidosdegranada.es\/index.php\/2011\/11\/10\/la-muerte-blanca\/"},"wordCount":678,"commentCount":0,"publisher":{"@id":"https:\/\/olvidosdegranada.es\/#organization"},"image":{"@id":"https:\/\/olvidosdegranada.es\/index.php\/2011\/11\/10\/la-muerte-blanca\/#primaryimage"},"thumbnailUrl":"https:\/\/olvidosdegranada.es\/wp-content\/uploads\/2020\/11\/quevedo_portada.jpg","keywords":["Literatura"],"articleSection":["Piezas y Procesos"],"inLanguage":"es","potentialAction":[{"@type":"CommentAction","name":"Comment","target":["https:\/\/olvidosdegranada.es\/index.php\/2011\/11\/10\/la-muerte-blanca\/#respond"]}]},{"@type":"WebPage","@id":"https:\/\/olvidosdegranada.es\/index.php\/2011\/11\/10\/la-muerte-blanca\/","url":"https:\/\/olvidosdegranada.es\/index.php\/2011\/11\/10\/la-muerte-blanca\/","name":"La muerte blanca - Olvidos de Granada","isPartOf":{"@id":"https:\/\/olvidosdegranada.es\/#website"},"primaryImageOfPage":{"@id":"https:\/\/olvidosdegranada.es\/index.php\/2011\/11\/10\/la-muerte-blanca\/#primaryimage"},"image":{"@id":"https:\/\/olvidosdegranada.es\/index.php\/2011\/11\/10\/la-muerte-blanca\/#primaryimage"},"thumbnailUrl":"https:\/\/olvidosdegranada.es\/wp-content\/uploads\/2020\/11\/quevedo_portada.jpg","datePublished":"2011-11-10T21:16:28+00:00","dateModified":"2026-03-01T12:55:22+00:00","description":"Rafael Ju\u00e1rez La muerte del artista granadino Claudio S\u00e1nchez Muros (1936-2010) puso en marcha en el poeta Rafael Ju\u00e1rez (Estepa, 1956) un proceso que acab\u00f3","breadcrumb":{"@id":"https:\/\/olvidosdegranada.es\/index.php\/2011\/11\/10\/la-muerte-blanca\/#breadcrumb"},"inLanguage":"es","potentialAction":[{"@type":"ReadAction","target":["https:\/\/olvidosdegranada.es\/index.php\/2011\/11\/10\/la-muerte-blanca\/"]}]},{"@type":"ImageObject","inLanguage":"es","@id":"https:\/\/olvidosdegranada.es\/index.php\/2011\/11\/10\/la-muerte-blanca\/#primaryimage","url":"https:\/\/olvidosdegranada.es\/wp-content\/uploads\/2020\/11\/quevedo_portada.jpg","contentUrl":"https:\/\/olvidosdegranada.es\/wp-content\/uploads\/2020\/11\/quevedo_portada.jpg","width":455,"height":698},{"@type":"BreadcrumbList","@id":"https:\/\/olvidosdegranada.es\/index.php\/2011\/11\/10\/la-muerte-blanca\/#breadcrumb","itemListElement":[{"@type":"ListItem","position":1,"name":"Portada","item":"https:\/\/olvidosdegranada.es\/"},{"@type":"ListItem","position":2,"name":"La muerte blanca"}]},{"@type":"WebSite","@id":"https:\/\/olvidosdegranada.es\/#website","url":"https:\/\/olvidosdegranada.es\/","name":"Olvidos de Granada","description":"Revista de acciones culturales","publisher":{"@id":"https:\/\/olvidosdegranada.es\/#organization"},"potentialAction":[{"@type":"SearchAction","target":{"@type":"EntryPoint","urlTemplate":"https:\/\/olvidosdegranada.es\/?s={search_term_string}"},"query-input":{"@type":"PropertyValueSpecification","valueRequired":true,"valueName":"search_term_string"}}],"inLanguage":"es"},{"@type":"Organization","@id":"https:\/\/olvidosdegranada.es\/#organization","name":"Olvidos de Granada","url":"https:\/\/olvidosdegranada.es\/","logo":{"@type":"ImageObject","inLanguage":"es","@id":"https:\/\/olvidosdegranada.es\/#\/schema\/logo\/image\/","url":"https:\/\/olvidosdegranada.es\/wp-content\/uploads\/2020\/12\/Recurso-9.png","contentUrl":"https:\/\/olvidosdegranada.es\/wp-content\/uploads\/2020\/12\/Recurso-9.png","width":700,"height":227,"caption":"Olvidos de Granada"},"image":{"@id":"https:\/\/olvidosdegranada.es\/#\/schema\/logo\/image\/"},"sameAs":["https:\/\/www.facebook.com\/OLVIDOSDIGITAL","https:\/\/x.com\/olvidospuntoes"]},{"@type":"Person","@id":"https:\/\/olvidosdegranada.es\/#\/schema\/person\/2e10b199a19cf21e8fd2391979d33083","name":"Alfonso Salazar","image":{"@type":"ImageObject","inLanguage":"es","@id":"https:\/\/secure.gravatar.com\/avatar\/8768a2dca789940dbdaf5fdd283c795998719eb61dc0c2c16eb3decaaf6b3304?s=96&d=mm&r=g","url":"https:\/\/secure.gravatar.com\/avatar\/8768a2dca789940dbdaf5fdd283c795998719eb61dc0c2c16eb3decaaf6b3304?s=96&d=mm&r=g","contentUrl":"https:\/\/secure.gravatar.com\/avatar\/8768a2dca789940dbdaf5fdd283c795998719eb61dc0c2c16eb3decaaf6b3304?s=96&d=mm&r=g","caption":"Alfonso Salazar"},"url":"https:\/\/olvidosdegranada.es\/index.php\/author\/alfonso-salazar\/"}]}},"jetpack_sharing_enabled":true,"jetpack_featured_media_url":"https:\/\/olvidosdegranada.es\/wp-content\/uploads\/2020\/11\/quevedo_portada.jpg","_links":{"self":[{"href":"https:\/\/olvidosdegranada.es\/index.php\/wp-json\/wp\/v2\/posts\/1116","targetHints":{"allow":["GET"]}}],"collection":[{"href":"https:\/\/olvidosdegranada.es\/index.php\/wp-json\/wp\/v2\/posts"}],"about":[{"href":"https:\/\/olvidosdegranada.es\/index.php\/wp-json\/wp\/v2\/types\/post"}],"author":[{"embeddable":true,"href":"https:\/\/olvidosdegranada.es\/index.php\/wp-json\/wp\/v2\/users\/4"}],"replies":[{"embeddable":true,"href":"https:\/\/olvidosdegranada.es\/index.php\/wp-json\/wp\/v2\/comments?post=1116"}],"version-history":[{"count":5,"href":"https:\/\/olvidosdegranada.es\/index.php\/wp-json\/wp\/v2\/posts\/1116\/revisions"}],"predecessor-version":[{"id":6511,"href":"https:\/\/olvidosdegranada.es\/index.php\/wp-json\/wp\/v2\/posts\/1116\/revisions\/6511"}],"wp:featuredmedia":[{"embeddable":true,"href":"https:\/\/olvidosdegranada.es\/index.php\/wp-json\/wp\/v2\/media\/1119"}],"wp:attachment":[{"href":"https:\/\/olvidosdegranada.es\/index.php\/wp-json\/wp\/v2\/media?parent=1116"}],"wp:term":[{"taxonomy":"category","embeddable":true,"href":"https:\/\/olvidosdegranada.es\/index.php\/wp-json\/wp\/v2\/categories?post=1116"},{"taxonomy":"post_tag","embeddable":true,"href":"https:\/\/olvidosdegranada.es\/index.php\/wp-json\/wp\/v2\/tags?post=1116"}],"curies":[{"name":"wp","href":"https:\/\/api.w.org\/{rel}","templated":true}]}}